{"id":4754,"date":"2026-09-02T08:10:07","date_gmt":"2026-09-02T06:10:07","guid":{"rendered":"https:\/\/antipropaganda.hu\/?p=4754"},"modified":"2026-09-02T08:10:07","modified_gmt":"2026-09-02T06:10:07","slug":"a-humanitarius-vaksag-es-a-propaganda-fogsaga-radnoti-zoltan-forabbi-haborus-narrativaja","status":"publish","type":"post","link":"https:\/\/antipropaganda.hu\/en\/a-humanitarius-vaksag-es-a-propaganda-fogsaga-radnoti-zoltan-forabbi-haborus-narrativaja\/","title":{"rendered":"A humanit\u00e1rius vaks\u00e1g \u00e9s a propaganda fogs\u00e1ga:  Radn\u00f3ti Zolt\u00e1n f\u0151rabbi h\u00e1bor\u00fas narrat\u00edv\u00e1ja."},"content":{"rendered":"<div class=\"n6owBd awi2gc\" data-sfc-cp=\"\" data-sfc-root=\"ep\" data-hveid=\"CAAIBxAA\" data-complete=\"true\" data-processed=\"true\" data-copy-service-computed-style=\"font-family: &quot;Google Sans&quot;, Arial, sans-serif; font-size: 16px; font-weight: 400; margin: 12px 0px 16px; text-decoration: none; border-bottom: 0px rgb(10, 10, 10);\">Radn\u00f3ti Zolt\u00e1n neol\u00f3g f\u0151rabbi a 2023. okt\u00f3ber 7-i terrort\u00e1mad\u00e1st k\u00f6vet\u0151en a hazai zsid\u00f3 k\u00f6z\u00e9let egyik leghangosabb publicist\u00e1j\u00e1v\u00e1 v\u00e1lt. Az <span class=\"iNqyIf\" data-sfc-cp=\"\" data-sfc-root=\"ep\" data-complete=\"true\" data-processed=\"true\" data-copy-service-computed-style=\"font-family: &quot;Google Sans&quot;, Arial, sans-serif; font-size: 16px; font-weight: 400; margin: 0px; text-decoration: none; border-bottom: 0px rgb(10, 10, 10);\">\u00d6t.hu<!--TgQPHd|||[]--><\/span> fel\u00fclet\u00e9n \u00e9s saj\u00e1t k\u00f6z\u00f6ss\u00e9gi platformjain megjelen\u0151 \u00edr\u00e1sai azonban nem teol\u00f3giai vagy univerz\u00e1lis erk\u00f6lcsi ir\u00e1nymutat\u00e1sok, hanem egy idegen \u00e1llam katonai g\u00e9pezet\u00e9nek \u00e9s politikai vezet\u00e9s\u00e9nek felt\u00e9tlen, kritika n\u00e9lk\u00fcli v\u00e9d\u0151besz\u00e9dei.<!--TgQPHd|||[]--><\/div>\n<div class=\"n6owBd awi2gc\" data-sfc-cp=\"\" data-sfc-root=\"ep\" data-hveid=\"CAAICRAA\" data-complete=\"true\" data-processed=\"true\" data-copy-service-computed-style=\"font-family: &quot;Google Sans&quot;, Arial, sans-serif; font-size: 16px; font-weight: 400; margin: 12px 0px 16px; text-decoration: none; border-bottom: 0px rgb(10, 10, 10);\">A nemzetk\u00f6zi humanit\u00e1rius jog alapelvei, az ENSZ jelent\u00e9sei, a <span class=\"\" data-sfc-cp=\"\" data-sfc-root=\"ep\" data-complete=\"true\" data-processed=\"true\" data-copy-service-computed-style=\"font-family: &quot;Google Sans&quot;, Arial, sans-serif; font-size: 16px; font-weight: 400; margin: 0px; text-decoration: none; border-bottom: 0px rgb(10, 10, 10);\"><a class=\"H23r4e\" href=\"http:\/\/opiniojuris.org\/2020\/02\/04\/icc-and-palestine-symposium-mind-the-gap-the-palestine-situation-before-the-icc\/\" target=\"_blank\" rel=\"noopener\" data-ved=\"2ahUKEwiqstWvmc-WAxV7_AIHHVuvCVIQy_kOegYIAAgJEAE\" data-hveid=\"CAAICRAB\" data-processed=\"true\" data-copy-service-computed-style=\"font-family: &quot;Google Sans&quot;, Arial, sans-serif; font-size: 16px; font-weight: 500; margin: 0px; text-decoration: underline 1px rgb(21, 88, 214); border-bottom: 0px rgb(21, 88, 214);\">H\u00e1gai Nemzetk\u00f6zi B\u00edr\u00f3s\u00e1g (ICJ)<\/a><!--TgQPHd|||[[&quot;http:\/\/opiniojuris.org\/2020\/02\/04\/icc-and-palestine-symposium-mind-the-gap-the-palestine-situation-before-the-icc\/&quot;,null,null,[null,null,null,null,null,null,null,null,null,null,null,null,null,null,null,[{&quot;1218&quot;:[16]}]],16,null,&quot;ICC and Palestine Symposium: Mind the Gap - Opinio Juris&quot;,&quot;So given the Court&#39;s special purpose, it would be paradoxical if Pre-Trial Chamber I did not recognise territorial jurisdiction in the West Bank, including East Jerusalem, and Gaza, as that would trump the Court&#39;s core mandate to hold individuals to account for international crimes. Indeed, while uncontested Palestinian statehood would alleviate many of the Court&#39;s concerns, \u201cstatehood, as a remedy, does not correspond to the reality and scope of Palestinian grievances today\u201d. Accountability for grave violations of international law, such as those considered in the OTP&#39;s preliminary examination activities, cannot be dependent on the formalities of statehood for assessing territorial jurisdiction. So if, by avoiding recognising its territorial jurisdiction, even the ICC is unable and unwilling to pursue accountability for international criminal law violations in Palestine, the prospects of a just solution for Palestinians and Israelis are slim. For a body already struggling with its image and reputation, a more decisive ICC intervention on alleged crimes committed on Palestinian territory provides the perfect opportunity to prove critics wrong.&quot;,&quot;https:\/\/encrypted-tbn1.gstatic.com\/images?q\\u003dtbn:ANd9GcQKD1feaRilP78ikPjceCwOd8cbyK-q2QjiEHczOnu9ncnNrUJ2dH-G794Lg0F-iXr3r-QD79EnI02lxng&quot;,&quot;Opinio Juris&quot;,&quot;https:\/\/encrypted-tbn3.gstatic.com\/faviconV2?url\\u003dhttp:\/\/opiniojuris.org\\u0026client\\u003dAIM\\u0026size\\u003d128\\u0026type\\u003dFAVICON\\u0026fallback_opts\\u003dTYPE,SIZE,URL&quot;,[[1788328113690922,117636219,1376366427],null,null,null,null,[[0,8]]],null,&quot;303dabb3-bad5-4792-9c08-c3ad5771fd2b&quot;]]--><\/span> k\u00f6ztes v\u00e9gz\u00e9sei, valamint a g\u00e1zai puszt\u00edt\u00e1s rideg statisztik\u00e1i mellett a f\u0151rabbi \u00e9rvel\u00e9sei nemcsak t\u00e9nyszer\u0171en tarthatatlanok, de mor\u00e1lisan is m\u00e9lyen agg\u00e1lyosak.<!--TgQPHd|||[]--><\/div>\n<div class=\"n6owBd awi2gc\" data-sfc-cp=\"\" data-sfc-root=\"ep\" data-hveid=\"CAAIChAA\" data-complete=\"true\" data-processed=\"true\" data-copy-service-computed-style=\"font-family: &quot;Google Sans&quot;, Arial, sans-serif; font-size: 16px; font-weight: 400; margin: 12px 0px 16px; text-decoration: none; border-bottom: 0px rgb(10, 10, 10);\">A k\u00f6vetkez\u0151kben t\u00e9telesen c\u00e1foljuk Radn\u00f3ti Zolt\u00e1n publicisztik\u00e1j\u00e1nak legf\u0151bb, torz\u00edt\u00f3 alappill\u00e9reit.<!--TgQPHd|||[]--><\/div>\n<div class=\"yhAwj\" data-sfc-cp=\"\" data-sfc-root=\"ep\" data-complete=\"true\" data-processed=\"true\" data-sfc-inited=\"2\" data-copy-service-computed-style=\"font-family: &quot;Google Sans&quot;, Arial, sans-serif; font-size: 14px; font-weight: 400; margin: 0px; text-decoration: none; border-bottom: 0px rgb(10, 10, 10);\"><!--TgQPHd|||[]--><\/div>\n<hr class=\"s6NV4e\" data-sfc-root=\"ep\" data-sfc-pl=\"|||[]\" data-complete=\"true\" data-processed=\"true\" data-sae=\"\" data-copy-service-computed-style=\"font-family: &quot;Google Sans&quot;, Arial, sans-serif; font-size: 14px; font-weight: 400; margin: 32px 0px; text-decoration: none; border-bottom: 0px rgb(128, 128, 128);\" \/>\n<div class=\"yhAwj\" data-sfc-cp=\"\" data-sfc-root=\"ep\" data-complete=\"true\" data-processed=\"true\" data-sfc-inited=\"2\" data-copy-service-computed-style=\"font-family: &quot;Google Sans&quot;, Arial, sans-serif; font-size: 14px; font-weight: 400; margin: 0px; text-decoration: none; border-bottom: 0px rgb(10, 10, 10);\"><!--TgQPHd|||[]--><\/div>\n<div class=\"otQkpb\" role=\"heading\" aria-level=\"3\" data-animation-nesting=\"\" data-sfc-cp=\"\" data-wiz-attrbind=\"aria-level=oggVF_10\/fLk2Md\" data-sfc-root=\"ep\" data-complete=\"true\" data-processed=\"true\" data-sae=\"\" data-copy-service-computed-style=\"font-family: &quot;Google Sans&quot;, Arial, sans-serif; font-size: 24px; font-weight: 500; margin: 24px 0px 12px; text-decoration: none; border-bottom: 0px rgb(10, 10, 10);\">1. A \u201eseb\u00e9szeti pontoss\u00e1g\u201d m\u00edtosza a tot\u00e1lis puszt\u00edt\u00e1ssal szemben<!--TgQPHd|||[]--><\/div>\n<div class=\"n6owBd awi2gc\" data-sfc-cp=\"\" data-sfc-root=\"ep\" data-hveid=\"CAAIDBAA\" data-complete=\"true\" data-processed=\"true\" data-copy-service-computed-style=\"font-family: &quot;Google Sans&quot;, Arial, sans-serif; font-size: 16px; font-weight: 400; margin: 12px 0px 16px; text-decoration: none; border-bottom: 0px rgb(10, 10, 10);\"><strong class=\"rQesXe MPyX\" data-sfc-cp=\"\" data-sfc-root=\"ep\" data-complete=\"true\" data-processed=\"true\" data-copy-service-computed-style=\"font-family: &quot;Google Sans&quot;, Arial, sans-serif; font-size: 16px; font-weight: 700; margin: 0px; text-decoration: none; border-bottom: 0px rgb(10, 10, 10);\">A f\u0151rabbi \u00e1ll\u00edt\u00e1sa:<!--TgQPHd|||[]--><\/strong> Radn\u00f3ti visszat\u00e9r\u0151en hangoztatja azt az izraeli katonai (IDF) narrat\u00edv\u00e1t, miszerint a hadsereg kiz\u00e1r\u00f3lag a Ham\u00e1sz infrastrukt\u00far\u00e1j\u00e1t veszi c\u00e9lba, \u00f3vja a civil lakoss\u00e1got, \u00e9s a h\u00e1bor\u00fat \u201eseb\u00e9szeti pontoss\u00e1ggal\u201d, a nemzetk\u00f6zi jogot betartva v\u00edvja.<!--TgQPHd|||[]--><\/div>\n<div class=\"n6owBd awi2gc\" data-sfc-cp=\"\" data-sfc-root=\"ep\" data-hveid=\"CAAIDRAA\" data-complete=\"true\" data-processed=\"true\" data-copy-service-computed-style=\"font-family: &quot;Google Sans&quot;, Arial, sans-serif; font-size: 16px; font-weight: 400; margin: 12px 0px 16px; text-decoration: none; border-bottom: 0px rgb(10, 10, 10);\"><strong class=\"rQesXe MPyX\" data-sfc-cp=\"\" data-sfc-root=\"ep\" data-complete=\"true\" data-processed=\"true\" data-copy-service-computed-style=\"font-family: &quot;Google Sans&quot;, Arial, sans-serif; font-size: 16px; font-weight: 700; margin: 0px; text-decoration: none; border-bottom: 0px rgb(10, 10, 10);\">A c\u00e1folat \u00e9s a t\u00e9nyek:<!--TgQPHd|||[]--><\/strong><br data-sfc-root=\"ep\" data-sfc-pl=\"|||[]\" data-complete=\"true\" data-processed=\"true\" data-copy-service-computed-style=\"font-family: &quot;Google Sans&quot;, Arial, sans-serif; font-size: 16px; font-weight: 400; margin: 0px; text-decoration: none; border-bottom: 0px rgb(10, 10, 10);\" \/>Ez az \u00e9rvel\u00e9s teljes m\u00e9rt\u00e9kben figyelmen k\u00edv\u00fcl hagyja a modern hadt\u00f6rt\u00e9net egyik legar\u00e1nytalanabb \u00e9s legpuszt\u00edt\u00f3bb katonai kamp\u00e1ny\u00e1nak sz\u00e1mszer\u0171s\u00edthet\u0151 val\u00f3s\u00e1g\u00e1t:<!--TgQPHd|||[]--><\/div>\n<ul class=\"KsbFXc U6u95\" data-sfc-cp=\"\" data-sfc-root=\"ep\" data-ved=\"2ahUKEwiqstWvmc-WAxV7_AIHHVuvCVIQ-7AUegYIAAgOEAA\" data-hveid=\"CAAIDhAA\" data-complete=\"true\" data-processed=\"true\" data-copy-service-computed-style=\"font-family: &quot;Google Sans&quot;, Arial, sans-serif; font-size: 16px; font-weight: 400; margin: 12px 0px 16px; text-decoration: none; border-bottom: 0px rgb(10, 10, 10);\">\n<li class=\"Z1qcYe\" data-sfc-cp=\"\" data-sfc-root=\"ep\" data-hveid=\"CAAIDhAB\" data-complete=\"true\" data-sae=\"\" data-copy-service-computed-style=\"font-family: &quot;Google Sans&quot;, Arial, sans-serif; font-size: 16px; font-weight: 400; margin: 0px 0px 12px; text-decoration: none; border-bottom: 0px rgb(10, 10, 10);\"><span class=\"iNqyIf\" data-sfc-cp=\"\" data-sfc-root=\"ep\" data-complete=\"true\" data-copy-service-computed-style=\"font-family: &quot;Google Sans&quot;, Arial, sans-serif; font-size: 16px; font-weight: 400; margin: 0px; text-decoration: none; border-bottom: 0px rgb(10, 10, 10);\"><strong class=\"rQesXe MPyX\" data-sfc-cp=\"\" data-sfc-root=\"ep\" data-complete=\"true\" data-copy-service-computed-style=\"font-family: &quot;Google Sans&quot;, Arial, sans-serif; font-size: 16px; font-weight: 700; margin: 0px; text-decoration: none; border-bottom: 0px rgb(10, 10, 10);\">Emberi vesztes\u00e9gek<!--TgQPHd|||[]--><\/strong>: A g\u00e1zai eg\u00e9szs\u00e9g\u00fcgyi hat\u00f3s\u00e1gok \u00e9s az ENSZ \u00e1ltal hiteles\u00edtett adatok szerint a fegyveres konfliktus \u00e1ldozatainak sz\u00e1ma m\u00e1r r\u00e9gen <strong class=\"rQesXe MPyX\" data-sfc-cp=\"\" data-sfc-root=\"ep\" data-complete=\"true\" data-copy-service-computed-style=\"font-family: &quot;Google Sans&quot;, Arial, sans-serif; font-size: 16px; font-weight: 700; margin: 0px; text-decoration: none; border-bottom: 0px rgb(10, 10, 10);\">meghaladta a 40 000 f\u0151t<!--TgQPHd|||[]--><\/strong>, amib\u0151l a meger\u0151s\u00edtett adatok alapj\u00e1n <strong class=\"rQesXe MPyX\" data-sfc-cp=\"\" data-sfc-root=\"ep\" data-complete=\"true\" data-copy-service-computed-style=\"font-family: &quot;Google Sans&quot;, Arial, sans-serif; font-size: 16px; font-weight: 700; margin: 0px; text-decoration: none; border-bottom: 0px rgb(10, 10, 10);\">t\u00f6bb mint 15 000 gyermek<!--TgQPHd|||[]--><\/strong> \u00e9s t\u00f6bb mint 10 000 n\u0151.<!--TgQPHd|||[]--><\/span><!--TgQPHd|||[]--><\/li>\n<li class=\"Z1qcYe\" data-sfc-cp=\"\" data-sfc-root=\"ep\" data-hveid=\"CAAIDhAC\" data-complete=\"true\" data-sae=\"\" data-copy-service-computed-style=\"font-family: &quot;Google Sans&quot;, Arial, sans-serif; font-size: 16px; font-weight: 400; margin: 0px 0px 12px; text-decoration: none; border-bottom: 0px rgb(10, 10, 10);\"><span class=\"iNqyIf\" data-sfc-cp=\"\" data-sfc-root=\"ep\" data-complete=\"true\" data-copy-service-computed-style=\"font-family: &quot;Google Sans&quot;, Arial, sans-serif; font-size: 16px; font-weight: 400; margin: 0px; text-decoration: none; border-bottom: 0px rgb(10, 10, 10);\"><strong class=\"rQesXe MPyX\" data-sfc-cp=\"\" data-sfc-root=\"ep\" data-complete=\"true\" data-copy-service-computed-style=\"font-family: &quot;Google Sans&quot;, Arial, sans-serif; font-size: 16px; font-weight: 700; margin: 0px; text-decoration: none; border-bottom: 0px rgb(10, 10, 10);\">Az infrastrukt\u00fara megsemmis\u00edt\u00e9se<!--TgQPHd|||[]--><\/strong>: G\u00e1za lak\u00f3\u00e9p\u00fcleteinek, infrastruktur\u00e1lis elemeinek t\u00f6bb mint <strong class=\"rQesXe MPyX\" data-sfc-cp=\"\" data-sfc-root=\"ep\" data-complete=\"true\" data-copy-service-computed-style=\"font-family: &quot;Google Sans&quot;, Arial, sans-serif; font-size: 16px; font-weight: 700; margin: 0px; text-decoration: none; border-bottom: 0px rgb(10, 10, 10);\">70%-a teljesen megsemmis\u00fclt vagy lakhatatlann\u00e1 v\u00e1lt<!--TgQPHd|||[]--><\/strong>. Az IDF szisztematikusan rombolt le egyetemeket, b\u00edr\u00f3s\u00e1gokat, arch\u00edvumokat \u00e9s komplett lak\u00f3negyedeket olyan \u00f6vezetekben is, ahol m\u00e1r nem folytak akt\u00edv harcok.<!--TgQPHd|||[]--><\/span><!--TgQPHd|||[]--><\/li>\n<li class=\"Z1qcYe\" data-sfc-cp=\"\" data-sfc-root=\"ep\" data-hveid=\"CAAIDhAD\" data-complete=\"true\" data-sae=\"\" data-copy-service-computed-style=\"font-family: &quot;Google Sans&quot;, Arial, sans-serif; font-size: 16px; font-weight: 400; margin: 0px 0px 12px; text-decoration: none; border-bottom: 0px rgb(10, 10, 10);\"><span class=\"iNqyIf\" data-sfc-cp=\"\" data-sfc-root=\"ep\" data-complete=\"true\" data-copy-service-computed-style=\"font-family: &quot;Google Sans&quot;, Arial, sans-serif; font-size: 16px; font-weight: 400; margin: 0px; text-decoration: none; border-bottom: 0px rgb(10, 10, 10);\"><strong class=\"rQesXe MPyX\" data-sfc-cp=\"\" data-sfc-root=\"ep\" data-complete=\"true\" data-copy-service-computed-style=\"font-family: &quot;Google Sans&quot;, Arial, sans-serif; font-size: 16px; font-weight: 700; margin: 0px; text-decoration: none; border-bottom: 0px rgb(10, 10, 10);\">Eg\u00e9szs\u00e9g\u00fcgyi katasztr\u00f3fa<!--TgQPHd|||[]--><\/strong>: A <span class=\"\" data-sfc-cp=\"\" data-sfc-root=\"ep\" data-complete=\"true\" data-copy-service-computed-style=\"font-family: &quot;Google Sans&quot;, Arial, sans-serif; font-size: 16px; font-weight: 400; margin: 0px; text-decoration: none; border-bottom: 0px rgb(10, 10, 10);\"><a class=\"H23r4e\" href=\"https:\/\/www.worldpoliticsreview.com\/gaza-israel-genocide-convention\/\" target=\"_blank\" rel=\"noopener\" data-ved=\"2ahUKEwiqstWvmc-WAxV7_AIHHVuvCVIQy_kOegYIAAgOEAQ\" data-hveid=\"CAAIDhAE\" data-copy-service-computed-style=\"font-family: &quot;Google Sans&quot;, Arial, sans-serif; font-size: 16px; font-weight: 500; margin: 0px; text-decoration: underline 1px rgb(21, 88, 214); border-bottom: 0px rgb(21, 88, 214);\">G\u00e1zai \u00f6vezet 36 k\u00f3rh\u00e1z\u00e1b\u00f3l<\/a><!--TgQPHd|||[[&quot;https:\/\/www.worldpoliticsreview.com\/gaza-israel-genocide-convention\/&quot;,null,null,[null,null,null,null,null,null,null,null,null,null,null,null,null,null,null,[{&quot;1218&quot;:[16]}]],16,null,&quot;Gaza, Genocide and the Limitations of International Law | WPR&quot;,&quot;This is not only because they disagree with the charge of genocide. They can also justify their inaction because of the ambiguities and limitations of international law, including the 1948 Genocide Convention itself that, according to the U.N. commission as well as a growing consensus of scholars and experts, Israel is violating. This is not to dismiss the 72-page report by the team of independent experts commissioned by the U.N. Human Rights Council, which is meticulous and unequivocal. The commission&#39;s chair, South African jurist Navi Pillay, was a judge on the International Criminal Tribunal for Rwanda in the 1990s, serving on a panel of the tribunal that convicted three Rwandans of genocide. As she wrote in a New York Times op-ed on the commission&#39;s conclusions, \u201cI understand the word &#39;genocide,&#39; and it is not one I use lightly.\u201d \u201cChildren have been starved, shot and buried under rubble,\u201d Pillay went on. \u201cAccording to UNICEF, one child has died every hour in Gaza. These are not the accidents of war. They are acts calculated to bring about the destruction of a people.\u201d&quot;,&quot;https:\/\/encrypted-tbn0.gstatic.com\/images?q\\u003dtbn:ANd9GcQ2HMUvxL31eNLpUeZvvMO4QtPAPXjsMfCs_rSBoLuJTSI6l01t3q749BzgbSzr4He_SPM6EdoyVHrxg6I&quot;,&quot;World Politics Review&quot;,&quot;https:\/\/encrypted-tbn0.gstatic.com\/faviconV2?url\\u003dhttps:\/\/www.worldpoliticsreview.com\\u0026client\\u003dAIM\\u0026size\\u003d128\\u0026type\\u003dFAVICON\\u0026fallback_opts\\u003dTYPE,SIZE,URL&quot;,[[1788328113690922,117636219,1376366427],null,null,null,null,[[0,16]]],null,&quot;a31c7d60-06d6-4963-b203-d11ba59ac2ae&quot;]]--><\/span> a katonai ostromok, k\u00f6zvetlen t\u00fcz\u00e9rs\u00e9gi tal\u00e1latok \u00e9s az \u00fczemanyag-blok\u00e1d k\u00f6vetkezt\u00e9ben a legt\u00f6bb teljesen m\u0171k\u00f6d\u00e9sk\u00e9ptelenn\u00e9 v\u00e1lt, mik\u00f6zben az <span class=\"\" data-sfc-cp=\"\" data-sfc-root=\"ep\" data-complete=\"true\" data-copy-service-computed-style=\"font-family: &quot;Google Sans&quot;, Arial, sans-serif; font-size: 16px; font-weight: 400; margin: 0px; text-decoration: none; border-bottom: 0px rgb(10, 10, 10);\"><a class=\"H23r4e\" href=\"https:\/\/en.idi.org.il\/articles\/57478\" target=\"_blank\" rel=\"noopener\" data-ved=\"2ahUKEwiqstWvmc-WAxV7_AIHHVuvCVIQy_kOegYIAAgOEAU\" data-hveid=\"CAAIDhAF\" data-copy-service-computed-style=\"font-family: &quot;Google Sans&quot;, Arial, sans-serif; font-size: 16px; font-weight: 500; margin: 0px; text-decoration: underline 1px rgb(21, 88, 214); border-bottom: 0px rgb(21, 88, 214);\">Orvosok Hat\u00e1rok N\u00e9lk\u00fcl<\/a><!--TgQPHd|||[[&quot;https:\/\/en.idi.org.il\/articles\/57478&quot;,null,null,[null,null,null,null,null,null,null,null,null,null,null,null,null,null,null,[{&quot;1218&quot;:[16]}]],16,null,&quot;A \u201cCramped Interpretation of International Jurisprudence\u201d? Some ...&quot;,&quot;It also allegedly diverts humanitarian supplies from civilian to military uses. Third, contrary to many other armed conflicts around the world, Palestinians cannot leave en masse the fighting area to neighboring States given the reluctance of both Egypt and Israel to open their borders to them (Egypt did eventually allow some 100,000 Palestinians to cross the border, which is a small fraction of the number of those who sought to do so). This left many Palestinians with no safe place to go inside the Gaza Strip \u2013 an area becoming gradually less habitable and more dangerous. Fourth, many observers claim that Israel&#39;s use of force in the Gaza Strip has violated international law and resulted in excessive harm to Palestinian civilians and to the physical infrastructure that supports their lives there. According to such claims \u2013 elaborated, inter alia, in Amnesty International&#39;s recent report \u2013 Israel also failed to meet its constant care obligations when using military force, in general, and its obligations to ensure the provision of adequate humanitarian supplies. Some of these alleged legal breaches are being investigated in Israel; others are investigated by the International Criminal Court (ICC).&quot;,&quot;https:\/\/encrypted-tbn3.gstatic.com\/images?q\\u003dtbn:ANd9GcQHsWRVvNSJ49FnxJupRb94ZN_jeSTX2TGihxnVZRYEW36-yrdIb3v9RD9StDn96tsD8F0xdP9ixp8s95Q&quot;,&quot;The Israel Democracy Institute&quot;,&quot;https:\/\/encrypted-tbn3.gstatic.com\/faviconV2?url\\u003dhttps:\/\/en.idi.org.il\\u0026client\\u003dAIM\\u0026size\\u003d128\\u0026type\\u003dFAVICON\\u0026fallback_opts\\u003dTYPE,SIZE,URL&quot;,[[1788328113690922,117636219,1376366427],null,null,null,null,[[0,15]]],null,&quot;0752785f-0662-459d-ba75-200f8d488ed4&quot;]]--><\/span> adatai szerint eg\u00e9szs\u00e9g\u00fcgyi dolgoz\u00f3k sz\u00e1zai vesztett\u00e9k \u00e9let\u00fcket szolg\u00e1latteljes\u00edt\u00e9s k\u00f6zben.<!--TgQPHd|||[]--><\/span><!--TgQPHd|||[]--><\/li>\n<p><!--TgQPHd|||[]--><\/ul>\n<div class=\"n6owBd awi2gc\" data-sfc-cp=\"\" data-sfc-root=\"ep\" data-hveid=\"CAAIERAA\" data-complete=\"true\" data-processed=\"true\" data-copy-service-computed-style=\"font-family: &quot;Google Sans&quot;, Arial, sans-serif; font-size: 16px; font-weight: 400; margin: 12px 0px 16px; text-decoration: none; border-bottom: 0px rgb(10, 10, 10);\"><strong class=\"rQesXe MPyX\" data-sfc-cp=\"\" data-sfc-root=\"ep\" data-complete=\"true\" data-processed=\"true\" data-copy-service-computed-style=\"font-family: &quot;Google Sans&quot;, Arial, sans-serif; font-size: 16px; font-weight: 700; margin: 0px; text-decoration: none; border-bottom: 0px rgb(10, 10, 10);\">Nemzetk\u00f6zi jogi passzus:<!--TgQPHd|||[]--><\/strong><br data-sfc-root=\"ep\" data-sfc-pl=\"|||[]\" data-complete=\"true\" data-processed=\"true\" data-copy-service-computed-style=\"font-family: &quot;Google Sans&quot;, Arial, sans-serif; font-size: 16px; font-weight: 400; margin: 0px; text-decoration: none; border-bottom: 0px rgb(10, 10, 10);\" \/>Az IDF g\u00e1zai hadvisel\u00e9se s\u00falyosan s\u00e9rti az <strong class=\"rQesXe MPyX\" data-sfc-cp=\"\" data-sfc-root=\"ep\" data-complete=\"true\" data-processed=\"true\" data-copy-service-computed-style=\"font-family: &quot;Google Sans&quot;, Arial, sans-serif; font-size: 16px; font-weight: 700; margin: 0px; text-decoration: none; border-bottom: 0px rgb(10, 10, 10);\">1949-es IV. Genfi Egyezm\u00e9ny<!--TgQPHd|||[]--><\/strong> \u00e9s annak <strong class=\"rQesXe MPyX\" data-sfc-cp=\"\" data-sfc-root=\"ep\" data-complete=\"true\" data-processed=\"true\" data-copy-service-computed-style=\"font-family: &quot;Google Sans&quot;, Arial, sans-serif; font-size: 16px; font-weight: 700; margin: 0px; text-decoration: none; border-bottom: 0px rgb(10, 10, 10);\">I. Kieg\u00e9sz\u00edt\u0151 Jegyz\u0151k\u00f6nyv\u00e9nek<!--TgQPHd|||[]--><\/strong> alapelveit:<!--TgQPHd|||[]--><\/div>\n<div class=\"yhAwj\" data-sfc-cp=\"\" data-sfc-root=\"ep\" data-complete=\"true\" data-processed=\"true\" data-sfc-inited=\"2\" data-copy-service-computed-style=\"font-family: &quot;Google Sans&quot;, Arial, sans-serif; font-size: 14px; font-weight: 400; margin: 0px; text-decoration: none; border-bottom: 0px rgb(10, 10, 10);\"><!--TgQPHd|||[]--><\/div>\n<blockquote class=\"lQkWXb\" data-animation-nesting=\"\" data-sfc-root=\"ep\" data-complete=\"true\" data-processed=\"true\" data-sae=\"\" data-copy-service-computed-style=\"font-family: &quot;Google Sans&quot;, Arial, sans-serif; font-size: 14px; font-weight: 400; margin: 4px 40px 0px; text-decoration: none; border-bottom: 0px rgb(10, 10, 10);\">\n<ul class=\"KsbFXc U6u95\" data-sfc-cp=\"\" data-sfc-root=\"ep\" data-ved=\"2ahUKEwiqstWvmc-WAxV7_AIHHVuvCVIQ-7AUegYIAAgSEAE\" data-hveid=\"CAAIEhAB\" data-complete=\"true\" data-copy-service-computed-style=\"font-family: &quot;Google Sans&quot;, Arial, sans-serif; font-size: 16px; font-weight: 400; margin: 0px; text-decoration: none; border-bottom: 0px rgb(10, 10, 10);\">\n<li class=\"Z1qcYe\" data-sfc-cp=\"\" data-sfc-root=\"ep\" data-hveid=\"CAAIEhAC\" data-complete=\"true\" data-sae=\"\" data-copy-service-computed-style=\"font-family: &quot;Google Sans&quot;, Arial, sans-serif; font-size: 16px; font-weight: 400; margin: 0px 0px 12px; text-decoration: none; border-bottom: 0px rgb(10, 10, 10);\"><span class=\"iNqyIf\" data-sfc-cp=\"\" data-sfc-root=\"ep\" data-complete=\"true\" data-copy-service-computed-style=\"font-family: &quot;Google Sans&quot;, Arial, sans-serif; font-size: 16px; font-weight: 400; margin: 0px; text-decoration: none; border-bottom: 0px rgb(10, 10, 10);\"><strong class=\"rQesXe MPyX\" data-sfc-cp=\"\" data-sfc-root=\"ep\" data-complete=\"true\" data-copy-service-computed-style=\"font-family: &quot;Google Sans&quot;, Arial, sans-serif; font-size: 16px; font-weight: 700; margin: 0px; text-decoration: none; border-bottom: 0px rgb(10, 10, 10);\">A megk\u00fcl\u00f6nb\u00f6ztet\u00e9s elve (48. cikk)<!--TgQPHd|||[]--><\/strong>: A harcol\u00f3 felek k\u00f6telesek \u00e1lland\u00f3an k\u00fcl\u00f6nbs\u00e9get tenni a polg\u00e1ri lakoss\u00e1g \u00e9s a fegyveresek, valamint a polg\u00e1ri javak \u00e9s a katonai c\u00e9lpontok k\u00f6z\u00f6tt.<!--TgQPHd|||[]--><\/span><!--TgQPHd|||[]--><\/li>\n<li class=\"Z1qcYe\" data-sfc-cp=\"\" data-sfc-root=\"ep\" data-hveid=\"CAAIEhAD\" data-complete=\"true\" data-sae=\"\" data-copy-service-computed-style=\"font-family: &quot;Google Sans&quot;, Arial, sans-serif; font-size: 16px; font-weight: 400; margin: 0px 0px 12px; text-decoration: none; border-bottom: 0px rgb(10, 10, 10);\"><span class=\"iNqyIf\" data-sfc-cp=\"\" data-sfc-root=\"ep\" data-complete=\"true\" data-copy-service-computed-style=\"font-family: &quot;Google Sans&quot;, Arial, sans-serif; font-size: 16px; font-weight: 400; margin: 0px; text-decoration: none; border-bottom: 0px rgb(10, 10, 10);\"><strong class=\"rQesXe MPyX\" data-sfc-cp=\"\" data-sfc-root=\"ep\" data-complete=\"true\" data-copy-service-computed-style=\"font-family: &quot;Google Sans&quot;, Arial, sans-serif; font-size: 16px; font-weight: 700; margin: 0px; text-decoration: none; border-bottom: 0px rgb(10, 10, 10);\">Az ar\u00e1nyoss\u00e1g elve (51. cikk 5\/b)<!--TgQPHd|||[]--><\/strong>: Tilos olyan t\u00e1mad\u00e1s ind\u00edt\u00e1sa, amelyt\u0151l a katonai el\u0151nyh\u00f6z k\u00e9pest t\u00falzott m\u00e9rt\u00e9k\u0171 civil \u00e1ldozat vagy a polg\u00e1ri javak s\u00e9r\u00fcl\u00e9se v\u00e1rhat\u00f3.<br data-sfc-root=\"ep\" data-sfc-pl=\"|||[]\" data-complete=\"true\" data-copy-service-computed-style=\"font-family: &quot;Google Sans&quot;, Arial, sans-serif; font-size: 16px; font-weight: 400; margin: 0px; text-decoration: none; border-bottom: 0px rgb(10, 10, 10);\" \/>Komplett menek\u00fcltt\u00e1borok (pl. Dzsabalija) sz\u0151nyegbomb\u00e1z\u00e1sa n\u00e9h\u00e1ny Ham\u00e1sz-vezet\u0151 likvid\u00e1l\u00e1s\u00e1nak \u00fcr\u00fcgy\u00e9n az ar\u00e1nyoss\u00e1g elv\u00e9nek ny\u00edlt, tank\u00f6nyvi megs\u00e9rt\u00e9se.<!--TgQPHd|||[]--><\/span><!--TgQPHd|||[]--><\/li>\n<p><!--TgQPHd|||[]--><\/ul>\n<p><!--TgQPHd|||[]--><\/p><\/blockquote>\n<div class=\"yhAwj\" data-sfc-cp=\"\" data-sfc-root=\"ep\" data-complete=\"true\" data-processed=\"true\" data-sfc-inited=\"2\" data-copy-service-computed-style=\"font-family: &quot;Google Sans&quot;, Arial, sans-serif; font-size: 14px; font-weight: 400; margin: 0px; text-decoration: none; border-bottom: 0px rgb(10, 10, 10);\"><!--TgQPHd|||[]--><\/div>\n<hr class=\"s6NV4e\" data-sfc-root=\"ep\" data-sfc-pl=\"|||[]\" data-complete=\"true\" data-processed=\"true\" data-sae=\"\" data-copy-service-computed-style=\"font-family: &quot;Google Sans&quot;, Arial, sans-serif; font-size: 14px; font-weight: 400; margin: 32px 0px; text-decoration: none; border-bottom: 0px rgb(128, 128, 128);\" \/>\n<div class=\"yhAwj\" data-sfc-cp=\"\" data-sfc-root=\"ep\" data-complete=\"true\" data-processed=\"true\" data-sfc-inited=\"2\" data-copy-service-computed-style=\"font-family: &quot;Google Sans&quot;, Arial, sans-serif; font-size: 14px; font-weight: 400; margin: 0px; text-decoration: none; border-bottom: 0px rgb(10, 10, 10);\"><!--TgQPHd|||[]--><\/div>\n<div class=\"otQkpb\" role=\"heading\" aria-level=\"3\" data-animation-nesting=\"\" data-sfc-cp=\"\" data-wiz-attrbind=\"aria-level=oggVF_23\/fLk2Md\" data-sfc-root=\"ep\" data-complete=\"true\" data-processed=\"true\" data-sae=\"\" data-copy-service-computed-style=\"font-family: &quot;Google Sans&quot;, Arial, sans-serif; font-size: 24px; font-weight: 500; margin: 24px 0px 12px; text-decoration: none; border-bottom: 0px rgb(10, 10, 10);\">2. A n\u00e9pirt\u00e1s v\u00e1dj\u00e1nak demogr\u00e1fiai alap\u00fa cs\u00fasztat\u00e1sa<!--TgQPHd|||[]--><\/div>\n<div class=\"n6owBd awi2gc\" data-sfc-cp=\"\" data-sfc-root=\"ep\" data-hveid=\"CAAIFBAA\" data-complete=\"true\" data-processed=\"true\" data-copy-service-computed-style=\"font-family: &quot;Google Sans&quot;, Arial, sans-serif; font-size: 16px; font-weight: 400; margin: 12px 0px 16px; text-decoration: none; border-bottom: 0px rgb(10, 10, 10);\"><strong class=\"rQesXe MPyX\" data-sfc-cp=\"\" data-sfc-root=\"ep\" data-complete=\"true\" data-processed=\"true\" data-copy-service-computed-style=\"font-family: &quot;Google Sans&quot;, Arial, sans-serif; font-size: 16px; font-weight: 700; margin: 0px; text-decoration: none; border-bottom: 0px rgb(10, 10, 10);\">A f\u0151rabbi \u00e1ll\u00edt\u00e1sa:<!--TgQPHd|||[]--><\/strong> Radn\u00f3ti cikk\u00e9ben (pl. <em class=\"zhvwWe\" data-sfc-cp=\"\" data-sfc-root=\"ep\" data-complete=\"true\" data-processed=\"true\" data-copy-service-computed-style=\"font-family: &quot;Google Sans&quot;, Arial, sans-serif; font-size: 16px; font-weight: 400; margin: 0px; text-decoration: none; border-bottom: 0px rgb(10, 10, 10);\">T\u00f6bb ez, mint h\u00e1bor\u00fa<!--TgQPHd|||[]--><\/em>) azzal igyekszik nevets\u00e9gess\u00e9 tenni a n\u00e9pirt\u00e1s v\u00e1dj\u00e1t, hogy a palesztin lakoss\u00e1g l\u00e9leksz\u00e1ma az elm\u00falt \u00e9vtizedekben folyamatosan n\u0151tt, \u00edgy fogalmilag kiz\u00e1rt a genoc\u00eddium.<!--TgQPHd|||[]--><\/div>\n<div class=\"n6owBd awi2gc\" data-sfc-cp=\"\" data-sfc-root=\"ep\" data-hveid=\"CAAIFRAA\" data-complete=\"true\" data-processed=\"true\" data-copy-service-computed-style=\"font-family: &quot;Google Sans&quot;, Arial, sans-serif; font-size: 16px; font-weight: 400; margin: 12px 0px 16px; text-decoration: none; border-bottom: 0px rgb(10, 10, 10);\"><strong class=\"rQesXe MPyX\" data-sfc-cp=\"\" data-sfc-root=\"ep\" data-complete=\"true\" data-processed=\"true\" data-copy-service-computed-style=\"font-family: &quot;Google Sans&quot;, Arial, sans-serif; font-size: 16px; font-weight: 700; margin: 0px; text-decoration: none; border-bottom: 0px rgb(10, 10, 10);\">A c\u00e1folat \u00e9s a t\u00e9nyek:<!--TgQPHd|||[]--><\/strong><br data-sfc-root=\"ep\" data-sfc-pl=\"|||[]\" data-complete=\"true\" data-processed=\"true\" data-copy-service-computed-style=\"font-family: &quot;Google Sans&quot;, Arial, sans-serif; font-size: 16px; font-weight: 400; margin: 0px; text-decoration: none; border-bottom: 0px rgb(10, 10, 10);\" \/>Ez a demogr\u00e1fiai \u00e9rvel\u00e9s durva jogi analfabetizmusra vall, \u00e9s sz\u00e1nd\u00e9kos intellektu\u00e1lis k\u00f6d\u00f6s\u00edt\u00e9s.<!--TgQPHd|||[]--><\/div>\n<ul class=\"KsbFXc U6u95\" data-sfc-cp=\"\" data-sfc-root=\"ep\" data-ved=\"2ahUKEwiqstWvmc-WAxV7_AIHHVuvCVIQ-7AUegYIAAgWEAA\" data-hveid=\"CAAIFhAA\" data-complete=\"true\" data-processed=\"true\" data-copy-service-computed-style=\"font-family: &quot;Google Sans&quot;, Arial, sans-serif; font-size: 16px; font-weight: 400; margin: 12px 0px 16px; text-decoration: none; border-bottom: 0px rgb(10, 10, 10);\">\n<li class=\"Z1qcYe\" data-sfc-cp=\"\" data-sfc-root=\"ep\" data-hveid=\"CAAIFhAB\" data-complete=\"true\" data-sae=\"\" data-copy-service-computed-style=\"font-family: &quot;Google Sans&quot;, Arial, sans-serif; font-size: 16px; font-weight: 400; margin: 0px 0px 12px; text-decoration: none; border-bottom: 0px rgb(10, 10, 10);\"><span class=\"iNqyIf\" data-sfc-cp=\"\" data-sfc-root=\"ep\" data-complete=\"true\" data-copy-service-computed-style=\"font-family: &quot;Google Sans&quot;, Arial, sans-serif; font-size: 16px; font-weight: 400; margin: 0px; text-decoration: none; border-bottom: 0px rgb(10, 10, 10);\">A <strong class=\"rQesXe MPyX\" data-sfc-cp=\"\" data-sfc-root=\"ep\" data-complete=\"true\" data-copy-service-computed-style=\"font-family: &quot;Google Sans&quot;, Arial, sans-serif; font-size: 16px; font-weight: 700; margin: 0px; text-decoration: none; border-bottom: 0px rgb(10, 10, 10);\">H\u00e1gai Nemzetk\u00f6zi B\u00edr\u00f3s\u00e1g (ICJ)<!--TgQPHd|||[]--><\/strong> D\u00e9l-Afrika keresete nyom\u00e1n ind\u00edtott elj\u00e1r\u00e1s\u00e1ban hivatalosan is meg\u00e1llap\u00edtotta, hogy <strong class=\"rQesXe MPyX\" data-sfc-cp=\"\" data-sfc-root=\"ep\" data-complete=\"true\" data-copy-service-computed-style=\"font-family: &quot;Google Sans&quot;, Arial, sans-serif; font-size: 16px; font-weight: 700; margin: 0px; text-decoration: none; border-bottom: 0px rgb(10, 10, 10);\">\u201efenn\u00e1ll a n\u00e9pirt\u00e1s plauzibilis (val\u00f3sz\u00edn\u0171s\u00edthet\u0151) vesz\u00e9lye\u201d<!--TgQPHd|||[]--><\/strong> G\u00e1z\u00e1ban.<!--TgQPHd|||[]--><\/span><!--TgQPHd|||[]--><\/li>\n<li class=\"Z1qcYe\" data-sfc-cp=\"\" data-sfc-root=\"ep\" data-hveid=\"CAAIFhAC\" data-complete=\"true\" data-sae=\"\" data-copy-service-computed-style=\"font-family: &quot;Google Sans&quot;, Arial, sans-serif; font-size: 16px; font-weight: 400; margin: 0px 0px 12px; text-decoration: none; border-bottom: 0px rgb(10, 10, 10);\"><span class=\"iNqyIf\" data-sfc-cp=\"\" data-sfc-root=\"ep\" data-complete=\"true\" data-copy-service-computed-style=\"font-family: &quot;Google Sans&quot;, Arial, sans-serif; font-size: 16px; font-weight: 400; margin: 0px; text-decoration: none; border-bottom: 0px rgb(10, 10, 10);\">Az ICJ nem a harminc \u00e9vvel ezel\u0151tti n\u00e9pess\u00e9gn\u00f6veked\u00e9st vizsg\u00e1lta, hanem a jelenlegi izraeli politikai \u00e9s katonai vezet\u00e9s nyilatkozatait (\u201eemberi \u00e1llatokk\u00e9nt\u201d hivatkoz\u00e1s a lakoss\u00e1gra, Amalek-id\u00e9zetek), valamint az ezeket k\u00f6vet\u0151 tetteket: a teljes lakoss\u00e1g sz\u00e1nd\u00e9kos elv\u00e1g\u00e1s\u00e1t az \u00e9lelemt\u0151l, v\u00edzt\u0151l \u00e9s gy\u00f3gyszerekt\u0151l.<!--TgQPHd|||[]--><\/span><!--TgQPHd|||[]--><\/li>\n<p><!--TgQPHd|||[]--><\/ul>\n<div class=\"n6owBd awi2gc\" data-sfc-cp=\"\" data-sfc-root=\"ep\" data-hveid=\"CAAIGBAA\" data-complete=\"true\" data-processed=\"true\" data-copy-service-computed-style=\"font-family: &quot;Google Sans&quot;, Arial, sans-serif; font-size: 16px; font-weight: 400; margin: 12px 0px 16px; text-decoration: none; border-bottom: 0px rgb(10, 10, 10);\"><strong class=\"rQesXe MPyX\" data-sfc-cp=\"\" data-sfc-root=\"ep\" data-complete=\"true\" data-processed=\"true\" data-copy-service-computed-style=\"font-family: &quot;Google Sans&quot;, Arial, sans-serif; font-size: 16px; font-weight: 700; margin: 0px; text-decoration: none; border-bottom: 0px rgb(10, 10, 10);\">Nemzetk\u00f6zi jogi passzus:<!--TgQPHd|||[]--><\/strong><br data-sfc-root=\"ep\" data-sfc-pl=\"|||[]\" data-complete=\"true\" data-processed=\"true\" data-copy-service-computed-style=\"font-family: &quot;Google Sans&quot;, Arial, sans-serif; font-size: 16px; font-weight: 400; margin: 0px; text-decoration: none; border-bottom: 0px rgb(10, 10, 10);\" \/>Az <strong class=\"rQesXe MPyX\" data-sfc-cp=\"\" data-sfc-root=\"ep\" data-complete=\"true\" data-processed=\"true\" data-copy-service-computed-style=\"font-family: &quot;Google Sans&quot;, Arial, sans-serif; font-size: 16px; font-weight: 700; margin: 0px; text-decoration: none; border-bottom: 0px rgb(10, 10, 10);\">1948-as N\u00e9pirt\u00e1si Egyezm\u00e9ny (Genocide Convention) II. cikkelye<!--TgQPHd|||[]--><\/strong> szerint a n\u00e9pirt\u00e1s megval\u00f3sul, ha egy nemzeti, etnikai, faji vagy vall\u00e1si csoport teljes vagy r\u00e9szleges megsemmis\u00edt\u00e9s\u00e9nek sz\u00e1nd\u00e9k\u00e1val az al\u00e1bbi tetteket k\u00f6vetik el:<!--TgQPHd|||[]--><\/div>\n<div class=\"yhAwj\" data-sfc-cp=\"\" data-sfc-root=\"ep\" data-complete=\"true\" data-processed=\"true\" data-sfc-inited=\"2\" data-copy-service-computed-style=\"font-family: &quot;Google Sans&quot;, Arial, sans-serif; font-size: 14px; font-weight: 400; margin: 0px; text-decoration: none; border-bottom: 0px rgb(10, 10, 10);\"><!--TgQPHd|||[]--><\/div>\n<blockquote class=\"lQkWXb\" data-animation-nesting=\"\" data-sfc-root=\"ep\" data-complete=\"true\" data-processed=\"true\" data-sae=\"\" data-copy-service-computed-style=\"font-family: &quot;Google Sans&quot;, Arial, sans-serif; font-size: 14px; font-weight: 400; margin: 4px 40px 0px; text-decoration: none; border-bottom: 0px rgb(10, 10, 10);\">\n<ul class=\"KsbFXc U6u95\" data-sfc-cp=\"\" data-sfc-root=\"ep\" data-ved=\"2ahUKEwiqstWvmc-WAxV7_AIHHVuvCVIQ-7AUegYIAAgZEAE\" data-hveid=\"CAAIGRAB\" data-complete=\"true\" data-copy-service-computed-style=\"font-family: &quot;Google Sans&quot;, Arial, sans-serif; font-size: 16px; font-weight: 400; margin: 0px; text-decoration: none; border-bottom: 0px rgb(10, 10, 10);\">\n<li class=\"Z1qcYe\" data-sfc-cp=\"\" data-sfc-root=\"ep\" data-hveid=\"CAAIGRAC\" data-complete=\"true\" data-sae=\"\" data-copy-service-computed-style=\"font-family: &quot;Google Sans&quot;, Arial, sans-serif; font-size: 16px; font-weight: 400; margin: 0px 0px 12px; text-decoration: none; border-bottom: 0px rgb(10, 10, 10);\"><span class=\"iNqyIf\" data-sfc-cp=\"\" data-sfc-root=\"ep\" data-complete=\"true\" data-copy-service-computed-style=\"font-family: &quot;Google Sans&quot;, Arial, sans-serif; font-size: 16px; font-weight: 400; margin: 0px; text-decoration: none; border-bottom: 0px rgb(10, 10, 10);\"><em class=\"zhvwWe\" data-sfc-cp=\"\" data-sfc-root=\"ep\" data-complete=\"true\" data-copy-service-computed-style=\"font-family: &quot;Google Sans&quot;, Arial, sans-serif; font-size: 16px; font-weight: 400; margin: 0px; text-decoration: none; border-bottom: 0px rgb(10, 10, 10);\">a) A csoport tagjainak meg\u00f6l\u00e9se;<!--TgQPHd|||[]--><\/em><!--TgQPHd|||[]--><\/span><!--TgQPHd|||[]--><\/li>\n<li class=\"Z1qcYe\" data-sfc-cp=\"\" data-sfc-root=\"ep\" data-hveid=\"CAAIGRAD\" data-complete=\"true\" data-sae=\"\" data-copy-service-computed-style=\"font-family: &quot;Google Sans&quot;, Arial, sans-serif; font-size: 16px; font-weight: 400; margin: 0px 0px 12px; text-decoration: none; border-bottom: 0px rgb(10, 10, 10);\"><span class=\"iNqyIf\" data-sfc-cp=\"\" data-sfc-root=\"ep\" data-complete=\"true\" data-copy-service-computed-style=\"font-family: &quot;Google Sans&quot;, Arial, sans-serif; font-size: 16px; font-weight: 400; margin: 0px; text-decoration: none; border-bottom: 0px rgb(10, 10, 10);\"><em class=\"zhvwWe\" data-sfc-cp=\"\" data-sfc-root=\"ep\" data-complete=\"true\" data-copy-service-computed-style=\"font-family: &quot;Google Sans&quot;, Arial, sans-serif; font-size: 16px; font-weight: 400; margin: 0px; text-decoration: none; border-bottom: 0px rgb(10, 10, 10);\">c) A csoportra sz\u00e1nd\u00e9kosan olyan \u00e9letfelt\u00e9telek r\u00e1k\u00e9nyszer\u00edt\u00e9se, amelyek azt r\u00e9szben vagy eg\u00e9szben fizikai megsemmis\u00fcl\u00e9ssel fenyegetik.<!--TgQPHd|||[]--><\/em><br data-sfc-root=\"ep\" data-sfc-pl=\"|||[]\" data-complete=\"true\" data-copy-service-computed-style=\"font-family: &quot;Google Sans&quot;, Arial, sans-serif; font-size: 16px; font-weight: 400; margin: 0px; text-decoration: none; border-bottom: 0px rgb(10, 10, 10);\" \/>A blok\u00e1d, a humanit\u00e1rius seg\u00e9lyek szisztematikus visszatart\u00e1sa, valamint a gyermekek t\u00f6meges \u00e9hhal\u00e1la<!--TgQPHd|||[]--> pontosan kimer\u00edti a \u201ec\u201d pont szerinti t\u00e9ny\u00e1ll\u00e1st, f\u00fcggetlen\u00fcl att\u00f3l, hogy Radn\u00f3ti ezt milyen t\u00f6rt\u00e9nelmi statisztik\u00e1kkal pr\u00f3b\u00e1lja elfedni.<!--TgQPHd|||[]--><\/span><!--TgQPHd|||[]--><\/li>\n<p><!--TgQPHd|||[]--><\/ul>\n<p><!--TgQPHd|||[]--><\/p><\/blockquote>\n<div class=\"yhAwj\" data-sfc-cp=\"\" data-sfc-root=\"ep\" data-complete=\"true\" data-processed=\"true\" data-sfc-inited=\"2\" data-copy-service-computed-style=\"font-family: &quot;Google Sans&quot;, Arial, sans-serif; font-size: 14px; font-weight: 400; margin: 0px; text-decoration: none; border-bottom: 0px rgb(10, 10, 10);\"><!--TgQPHd|||[]--><\/div>\n<hr class=\"s6NV4e\" data-sfc-root=\"ep\" data-sfc-pl=\"|||[]\" data-complete=\"true\" data-processed=\"true\" data-sae=\"\" data-copy-service-computed-style=\"font-family: &quot;Google Sans&quot;, Arial, sans-serif; font-size: 14px; font-weight: 400; margin: 32px 0px; text-decoration: none; border-bottom: 0px rgb(128, 128, 128);\" \/>\n<div class=\"yhAwj\" data-sfc-cp=\"\" data-sfc-root=\"ep\" data-complete=\"true\" data-processed=\"true\" data-sfc-inited=\"2\" data-copy-service-computed-style=\"font-family: &quot;Google Sans&quot;, Arial, sans-serif; font-size: 14px; font-weight: 400; margin: 0px; text-decoration: none; border-bottom: 0px rgb(10, 10, 10);\"><!--TgQPHd|||[]--><\/div>\n<div class=\"otQkpb\" role=\"heading\" aria-level=\"3\" data-animation-nesting=\"\" data-sfc-cp=\"\" data-wiz-attrbind=\"aria-level=oggVF_30\/fLk2Md\" data-sfc-root=\"ep\" data-complete=\"true\" data-processed=\"true\" data-sae=\"\" data-copy-service-computed-style=\"font-family: &quot;Google Sans&quot;, Arial, sans-serif; font-size: 24px; font-weight: 500; margin: 24px 0px 12px; text-decoration: none; border-bottom: 0px rgb(10, 10, 10);\">3. A kollekt\u00edv b\u00fcntet\u00e9s \u00e9s a ki\u00e9heztet\u00e9s mint fegyver legitim\u00e1l\u00e1sa<!--TgQPHd|||[]--><\/div>\n<div class=\"n6owBd awi2gc\" data-sfc-cp=\"\" data-sfc-root=\"ep\" data-hveid=\"CAAIHBAA\" data-complete=\"true\" data-processed=\"true\" data-copy-service-computed-style=\"font-family: &quot;Google Sans&quot;, Arial, sans-serif; font-size: 16px; font-weight: 400; margin: 12px 0px 16px; text-decoration: none; border-bottom: 0px rgb(10, 10, 10);\"><strong class=\"rQesXe MPyX\" data-sfc-cp=\"\" data-sfc-root=\"ep\" data-complete=\"true\" data-processed=\"true\" data-copy-service-computed-style=\"font-family: &quot;Google Sans&quot;, Arial, sans-serif; font-size: 16px; font-weight: 700; margin: 0px; text-decoration: none; border-bottom: 0px rgb(10, 10, 10);\">A f\u0151rabbi \u00e1ll\u00edt\u00e1sa:<!--TgQPHd|||[]--><\/strong> Radn\u00f3ti \u00edr\u00e1saiban \u00e9s a <span class=\"\" data-sfc-cp=\"\" data-sfc-root=\"ep\" data-complete=\"true\" data-processed=\"true\" data-copy-service-computed-style=\"font-family: &quot;Google Sans&quot;, Arial, sans-serif; font-size: 16px; font-weight: 400; margin: 0px; text-decoration: none; border-bottom: 0px rgb(10, 10, 10);\"><a class=\"H23r4e\" href=\"https:\/\/mazsihisz.hu\/radnoti-rabbi-ez-a-video-is-cafolja-hogy-izrael-civileket-vesz-celba-gazaban\/\" target=\"_blank\" rel=\"noopener\" data-ved=\"2ahUKEwiqstWvmc-WAxV7_AIHHVuvCVIQy_kOegYIAAgcEAE\" data-hveid=\"CAAIHBAB\" data-processed=\"true\" data-copy-service-computed-style=\"font-family: &quot;Google Sans&quot;, Arial, sans-serif; font-size: 16px; font-weight: 500; margin: 0px; text-decoration: underline 1px rgb(21, 88, 214); border-bottom: 0px rgb(21, 88, 214);\">MAZSIHISZ<\/a><!--TgQPHd|||[[&quot;https:\/\/mazsihisz.hu\/radnoti-rabbi-ez-a-video-is-cafolja-hogy-izrael-civileket-vesz-celba-gazaban\/&quot;,null,null,[null,null,null,null,null,null,null,null,null,null,null,null,null,null,null,[{&quot;1218&quot;:[16]}]],16,null,null,null,null,null,null,[[1788328113690922,117636219,1376366427],null,null,null,null,[[0,27]]],null,&quot;fa98cf48-661e-40cc-a05b-3f527a601bae&quot;]]--><\/span> fel\u00fclet\u00e9n k\u00f6zz\u00e9tett elemz\u00e9seiben rendre a Ham\u00e1szt teszi felel\u0151ss\u00e9 a humanit\u00e1rius katasztr\u00f3f\u00e1\u00e9rt, azt \u00e1ll\u00edtva, hogy Izrael beengedi a seg\u00e9lyeket, de a terrorist\u00e1k ellopj\u00e1k azokat a civilek el\u0151l.<!--TgQPHd|||[]--><\/div>\n<div class=\"n6owBd awi2gc\" data-sfc-cp=\"\" data-sfc-root=\"ep\" data-hveid=\"CAAIHRAA\" data-complete=\"true\" data-processed=\"true\" data-copy-service-computed-style=\"font-family: &quot;Google Sans&quot;, Arial, sans-serif; font-size: 16px; font-weight: 400; margin: 12px 0px 16px; text-decoration: none; border-bottom: 0px rgb(10, 10, 10);\"><strong class=\"rQesXe MPyX\" data-sfc-cp=\"\" data-sfc-root=\"ep\" data-complete=\"true\" data-processed=\"true\" data-copy-service-computed-style=\"font-family: &quot;Google Sans&quot;, Arial, sans-serif; font-size: 16px; font-weight: 700; margin: 0px; text-decoration: none; border-bottom: 0px rgb(10, 10, 10);\">A c\u00e1folat \u00e9s a t\u00e9nyek:<!--TgQPHd|||[]--><\/strong><br data-sfc-root=\"ep\" data-sfc-pl=\"|||[]\" data-complete=\"true\" data-processed=\"true\" data-copy-service-computed-style=\"font-family: &quot;Google Sans&quot;, Arial, sans-serif; font-size: 16px; font-weight: 400; margin: 0px; text-decoration: none; border-bottom: 0px rgb(10, 10, 10);\" \/>Ez az \u00e1ll\u00edt\u00e1s ny\u00edltan szembemegy a <span class=\"iNqyIf\" data-sfc-cp=\"\" data-sfc-root=\"ep\" data-complete=\"true\" data-processed=\"true\" data-copy-service-computed-style=\"font-family: &quot;Google Sans&quot;, Arial, sans-serif; font-size: 16px; font-weight: 400; margin: 0px; text-decoration: none; border-bottom: 0px rgb(10, 10, 10);\">Nemzetk\u00f6zi B\u00fcntet\u0151b\u00edr\u00f3s\u00e1g (ICC)<!--TgQPHd|||[]--><\/span> f\u0151\u00fcgy\u00e9sz\u00e9nek meg\u00e1llap\u00edt\u00e1saival, aki elfogat\u00f3parancsot k\u00e9rt Benj\u00e1min Netanjahu minisztereln\u00f6k \u00e9s Jo\u00e1v Galant v\u00e9delmi miniszter ellen. Az ICC v\u00e1dirat\u00e1nak k\u00f6zponti eleme <strong class=\"rQesXe MPyX\" data-sfc-cp=\"\" data-sfc-root=\"ep\" data-complete=\"true\" data-processed=\"true\" data-copy-service-computed-style=\"font-family: &quot;Google Sans&quot;, Arial, sans-serif; font-size: 16px; font-weight: 700; margin: 0px; text-decoration: none; border-bottom: 0px rgb(10, 10, 10);\">a ki\u00e9heztet\u00e9s mint hadvisel\u00e9si m\u00f3dszer sz\u00e1nd\u00e9kos alkalmaz\u00e1sa<!--TgQPHd|||[]--><\/strong>.<!--TgQPHd|||[]--><\/div>\n<ul class=\"KsbFXc U6u95\" data-sfc-cp=\"\" data-sfc-root=\"ep\" data-ved=\"2ahUKEwiqstWvmc-WAxV7_AIHHVuvCVIQ-7AUegYIAAgeEAA\" data-hveid=\"CAAIHhAA\" data-complete=\"true\" data-processed=\"true\" data-copy-service-computed-style=\"font-family: &quot;Google Sans&quot;, Arial, sans-serif; font-size: 16px; font-weight: 400; margin: 12px 0px 16px; text-decoration: none; border-bottom: 0px rgb(10, 10, 10);\">\n<li class=\"Z1qcYe\" data-sfc-cp=\"\" data-sfc-root=\"ep\" data-hveid=\"CAAIHhAB\" data-complete=\"true\" data-sae=\"\" data-copy-service-computed-style=\"font-family: &quot;Google Sans&quot;, Arial, sans-serif; font-size: 16px; font-weight: 400; margin: 0px 0px 12px; text-decoration: none; border-bottom: 0px rgb(10, 10, 10);\"><span class=\"iNqyIf\" data-sfc-cp=\"\" data-sfc-root=\"ep\" data-complete=\"true\" data-copy-service-computed-style=\"font-family: &quot;Google Sans&quot;, Arial, sans-serif; font-size: 16px; font-weight: 400; margin: 0px; text-decoration: none; border-bottom: 0px rgb(10, 10, 10);\">Az Amnesty International<!--TgQPHd|||[]--> \u00e9s a Human Rights Watch m\u0171holdas \u00e9s helysz\u00edni adatai bizony\u00edtj\u00e1k, hogy Izrael h\u00f3napokon \u00e1t z\u00e1ratta le a g\u00e1zai hat\u00e1r\u00e1tkel\u0151ket, korl\u00e1tozta a teheraut\u00f3k bel\u00e9p\u00e9s\u00e9t a h\u00e1bor\u00fa el\u0151tti szint t\u00f6red\u00e9k\u00e9re, \u00e9s b\u00fcrokratikus akad\u00e1lyokkal (pl. az aneszt\u00e9zia, a v\u00edztiszt\u00edt\u00f3 tablett\u00e1k vagy az oxig\u00e9npalackok \u201ekett\u0151s felhaszn\u00e1l\u00e1s\u00fa eszk\u00f6znek\u201d min\u0151s\u00edt\u00e9s\u00e9vel) szabot\u00e1lta a seg\u00e9lyez\u00e9st.<!--TgQPHd|||[]--><\/span><!--TgQPHd|||[]--><\/li>\n<p><!--TgQPHd|||[]--><\/ul>\n<div class=\"n6owBd awi2gc\" data-sfc-cp=\"\" data-sfc-root=\"ep\" data-hveid=\"CAAIHxAA\" data-complete=\"true\" data-processed=\"true\" data-copy-service-computed-style=\"font-family: &quot;Google Sans&quot;, Arial, sans-serif; font-size: 16px; font-weight: 400; margin: 12px 0px 16px; text-decoration: none; border-bottom: 0px rgb(10, 10, 10);\"><strong class=\"rQesXe MPyX\" data-sfc-cp=\"\" data-sfc-root=\"ep\" data-complete=\"true\" data-processed=\"true\" data-copy-service-computed-style=\"font-family: &quot;Google Sans&quot;, Arial, sans-serif; font-size: 16px; font-weight: 700; margin: 0px; text-decoration: none; border-bottom: 0px rgb(10, 10, 10);\">Nemzetk\u00f6zi jogi passzus:<!--TgQPHd|||[]--><\/strong><br data-sfc-root=\"ep\" data-sfc-pl=\"|||[]\" data-complete=\"true\" data-processed=\"true\" data-copy-service-computed-style=\"font-family: &quot;Google Sans&quot;, Arial, sans-serif; font-size: 16px; font-weight: 400; margin: 0px; text-decoration: none; border-bottom: 0px rgb(10, 10, 10);\" \/>Az <strong class=\"rQesXe MPyX\" data-sfc-cp=\"\" data-sfc-root=\"ep\" data-complete=\"true\" data-processed=\"true\" data-copy-service-computed-style=\"font-family: &quot;Google Sans&quot;, Arial, sans-serif; font-size: 16px; font-weight: 700; margin: 0px; text-decoration: none; border-bottom: 0px rgb(10, 10, 10);\">R\u00f3mai Stat\u00fatum 8. cikk (2)(b)(xxv)<!--TgQPHd|||[]--><\/strong> alapj\u00e1n h\u00e1bor\u00fas b\u0171ncselekm\u00e9nynek min\u0151s\u00fcl:<!--TgQPHd|||[]--><\/div>\n<div class=\"yhAwj\" data-sfc-cp=\"\" data-sfc-root=\"ep\" data-complete=\"true\" data-processed=\"true\" data-sfc-inited=\"2\" data-copy-service-computed-style=\"font-family: &quot;Google Sans&quot;, Arial, sans-serif; font-size: 14px; font-weight: 400; margin: 0px; text-decoration: none; border-bottom: 0px rgb(10, 10, 10);\"><!--TgQPHd|||[]--><\/div>\n<blockquote class=\"lQkWXb\" data-animation-nesting=\"\" data-sfc-root=\"ep\" data-complete=\"true\" data-processed=\"true\" data-sae=\"\" data-copy-service-computed-style=\"font-family: &quot;Google Sans&quot;, Arial, sans-serif; font-size: 14px; font-weight: 400; margin: 4px 40px 0px; text-decoration: none; border-bottom: 0px rgb(10, 10, 10);\">\n<ul class=\"KsbFXc U6u95\" data-sfc-cp=\"\" data-sfc-root=\"ep\" data-ved=\"2ahUKEwiqstWvmc-WAxV7_AIHHVuvCVIQ-7AUegYIAAggEAE\" data-hveid=\"CAAIIBAB\" data-complete=\"true\" data-copy-service-computed-style=\"font-family: &quot;Google Sans&quot;, Arial, sans-serif; font-size: 16px; font-weight: 400; margin: 0px; text-decoration: none; border-bottom: 0px rgb(10, 10, 10);\">\n<li class=\"Z1qcYe\" data-sfc-cp=\"\" data-sfc-root=\"ep\" data-hveid=\"CAAIIBAC\" data-complete=\"true\" data-sae=\"\" data-copy-service-computed-style=\"font-family: &quot;Google Sans&quot;, Arial, sans-serif; font-size: 16px; font-weight: 400; margin: 0px 0px 12px; text-decoration: none; border-bottom: 0px rgb(10, 10, 10);\"><span class=\"iNqyIf\" data-sfc-cp=\"\" data-sfc-root=\"ep\" data-complete=\"true\" data-copy-service-computed-style=\"font-family: &quot;Google Sans&quot;, Arial, sans-serif; font-size: 16px; font-weight: 400; margin: 0px; text-decoration: none; border-bottom: 0px rgb(10, 10, 10);\">\u201eA civilek ki\u00e9heztet\u00e9s\u00e9nek mint hadvisel\u00e9si m\u00f3dszernek a sz\u00e1nd\u00e9kos alkalmaz\u00e1sa, az\u00e1ltal, hogy megfosztj\u00e1k \u0151ket a t\u00fal\u00e9l\u00e9s\u00fckh\u00f6z n\u00e9lk\u00fcl\u00f6zhetetlen javakt\u00f3l, ide\u00e9rtve a seg\u00e9lysz\u00e1ll\u00edtm\u00e1nyok sz\u00e1nd\u00e9kos akad\u00e1lyoz\u00e1s\u00e1t is.\u201d<br data-sfc-root=\"ep\" data-sfc-pl=\"|||[]\" data-complete=\"true\" data-copy-service-computed-style=\"font-family: &quot;Google Sans&quot;, Arial, sans-serif; font-size: 16px; font-weight: 400; margin: 0px; text-decoration: none; border-bottom: 0px rgb(10, 10, 10);\" \/>Radn\u00f3ti azzal, hogy az izraeli hadsereg saj\u00e1t propaganda-vide\u00f3it v\u00e1ltoztat\u00e1s n\u00e9lk\u00fcl terjeszti a hazai k\u00f6z\u00f6ns\u00e9g el\u0151tt, assziszt\u00e1l egy olyan \u00e9heztet\u00e9si politika tiszt\u00e1ra mos\u00e1s\u00e1hoz, amelyet az ENSZ szak\u00e9rt\u0151i csoportjai kollekt\u00edv b\u00fcntet\u00e9sk\u00e9nt b\u00e9lyegeztek meg.<!--TgQPHd|||[]--><\/span><!--TgQPHd|||[]--><\/li>\n<p><!--TgQPHd|||[]--><\/ul>\n<p><!--TgQPHd|||[]--><\/p><\/blockquote>\n<div class=\"yhAwj\" data-sfc-cp=\"\" data-sfc-root=\"ep\" data-complete=\"true\" data-processed=\"true\" data-sfc-inited=\"2\" data-copy-service-computed-style=\"font-family: &quot;Google Sans&quot;, Arial, sans-serif; font-size: 14px; font-weight: 400; margin: 0px; text-decoration: none; border-bottom: 0px rgb(10, 10, 10);\"><!--TgQPHd|||[]--><\/div>\n<hr class=\"s6NV4e\" data-sfc-root=\"ep\" data-sfc-pl=\"|||[]\" data-complete=\"true\" data-processed=\"true\" data-sae=\"\" data-copy-service-computed-style=\"font-family: &quot;Google Sans&quot;, Arial, sans-serif; font-size: 14px; font-weight: 400; margin: 32px 0px; text-decoration: none; border-bottom: 0px rgb(128, 128, 128);\" \/>\n<div class=\"yhAwj\" data-sfc-cp=\"\" data-sfc-root=\"ep\" data-complete=\"true\" data-processed=\"true\" data-sfc-inited=\"2\" data-copy-service-computed-style=\"font-family: &quot;Google Sans&quot;, Arial, sans-serif; font-size: 14px; font-weight: 400; margin: 0px; text-decoration: none; border-bottom: 0px rgb(10, 10, 10);\"><!--TgQPHd|||[]--><\/div>\n<div class=\"otQkpb\" role=\"heading\" aria-level=\"3\" data-animation-nesting=\"\" data-sfc-cp=\"\" data-wiz-attrbind=\"aria-level=oggVF_3q\/fLk2Md\" data-sfc-root=\"ep\" data-complete=\"true\" data-processed=\"true\" data-sae=\"\" data-copy-service-computed-style=\"font-family: &quot;Google Sans&quot;, Arial, sans-serif; font-size: 24px; font-weight: 500; margin: 24px 0px 12px; text-decoration: none; border-bottom: 0px rgb(10, 10, 10);\">4. A kritikus hangok eln\u00e9m\u00edt\u00e1sa \u00e9s az autoriter m\u00f3dszerek \u00fcnnepl\u00e9se<!--TgQPHd|||[]--><\/div>\n<div class=\"n6owBd awi2gc\" data-sfc-cp=\"\" data-sfc-root=\"ep\" data-hveid=\"CAAIIhAA\" data-complete=\"true\" data-processed=\"true\" data-copy-service-computed-style=\"font-family: &quot;Google Sans&quot;, Arial, sans-serif; font-size: 16px; font-weight: 400; margin: 12px 0px 16px; text-decoration: none; border-bottom: 0px rgb(10, 10, 10);\"><strong class=\"rQesXe MPyX\" data-sfc-cp=\"\" data-sfc-root=\"ep\" data-complete=\"true\" data-processed=\"true\" data-copy-service-computed-style=\"font-family: &quot;Google Sans&quot;, Arial, sans-serif; font-size: 16px; font-weight: 700; margin: 0px; text-decoration: none; border-bottom: 0px rgb(10, 10, 10);\">A f\u0151rabbi \u00e1ll\u00edt\u00e1sa:<!--TgQPHd|||[]--><\/strong> Radn\u00f3ti m\u00e9ly megel\u00e9ged\u00e9ssel \u00fcdv\u00f6z\u00f6lte, hogy a magyar korm\u00e1ny betiltotta a palesztin-p\u00e1rti t\u00fcntet\u00e9seket, Budapestet a b\u00e9ke \u00e9s biztons\u00e1g szigetek\u00e9nt be\u00e1ll\u00edtva a \u201ezsid\u00f3- \u00e9s Izrael-ellenes\u201d Nyugattal szemben.<!--TgQPHd|||[]--><\/div>\n<div class=\"n6owBd awi2gc\" data-sfc-cp=\"\" data-sfc-root=\"ep\" data-hveid=\"CAAIIxAA\" data-complete=\"true\" data-processed=\"true\" data-copy-service-computed-style=\"font-family: &quot;Google Sans&quot;, Arial, sans-serif; font-size: 16px; font-weight: 400; margin: 12px 0px 16px; text-decoration: none; border-bottom: 0px rgb(10, 10, 10);\"><strong class=\"rQesXe MPyX\" data-sfc-cp=\"\" data-sfc-root=\"ep\" data-complete=\"true\" data-processed=\"true\" data-copy-service-computed-style=\"font-family: &quot;Google Sans&quot;, Arial, sans-serif; font-size: 16px; font-weight: 700; margin: 0px; text-decoration: none; border-bottom: 0px rgb(10, 10, 10);\">A c\u00e1folat \u00e9s a t\u00e9nyek:<!--TgQPHd|||[]--><\/strong><br data-sfc-root=\"ep\" data-sfc-pl=\"|||[]\" data-complete=\"true\" data-processed=\"true\" data-copy-service-computed-style=\"font-family: &quot;Google Sans&quot;, Arial, sans-serif; font-size: 16px; font-weight: 400; margin: 0px; text-decoration: none; border-bottom: 0px rgb(10, 10, 10);\" \/>Ez a megk\u00f6zel\u00edt\u00e9s s\u00falyosan antidemokratikus, \u00e9s sz\u00e1nd\u00e9kosan mossa \u00f6ssze a terrorizmust a legitim politikai v\u00e9lem\u00e9nynyilv\u00e1n\u00edt\u00e1ssal.<!--TgQPHd|||[]--><\/div>\n<ul class=\"KsbFXc U6u95\" data-sfc-cp=\"\" data-sfc-root=\"ep\" data-ved=\"2ahUKEwiqstWvmc-WAxV7_AIHHVuvCVIQ-7AUegYIAAgkEAA\" data-hveid=\"CAAIJBAA\" data-complete=\"true\" data-processed=\"true\" data-copy-service-computed-style=\"font-family: &quot;Google Sans&quot;, Arial, sans-serif; font-size: 16px; font-weight: 400; margin: 12px 0px 16px; text-decoration: none; border-bottom: 0px rgb(10, 10, 10);\">\n<li class=\"Z1qcYe\" data-sfc-cp=\"\" data-sfc-root=\"ep\" data-hveid=\"CAAIJBAB\" data-complete=\"true\" data-sae=\"\" data-copy-service-computed-style=\"font-family: &quot;Google Sans&quot;, Arial, sans-serif; font-size: 16px; font-weight: 400; margin: 0px 0px 12px; text-decoration: none; border-bottom: 0px rgb(10, 10, 10);\"><span class=\"iNqyIf\" data-sfc-cp=\"\" data-sfc-root=\"ep\" data-complete=\"true\" data-copy-service-computed-style=\"font-family: &quot;Google Sans&quot;, Arial, sans-serif; font-size: 16px; font-weight: 400; margin: 0px; text-decoration: none; border-bottom: 0px rgb(10, 10, 10);\">A Nyugaton zajl\u00f3, h\u00e1bor\u00faellenes t\u00fcntet\u00e9sek jelent\u0151s r\u00e9sz\u00e9ben \u2013 az egyetemi campusokt\u00f3l a washingtoni Kongresszus \u00e9p\u00fclet\u00e9ig \u2013 kulcsszerepet j\u00e1tszanak olyan progressz\u00edv zsid\u00f3 szervezetek, mint a <em class=\"zhvwWe\" data-sfc-cp=\"\" data-sfc-root=\"ep\" data-complete=\"true\" data-copy-service-computed-style=\"font-family: &quot;Google Sans&quot;, Arial, sans-serif; font-size: 16px; font-weight: 400; margin: 0px; text-decoration: none; border-bottom: 0px rgb(10, 10, 10);\">Jewish Voice for Peace<!--TgQPHd|||[]--><\/em> vagy az <em class=\"zhvwWe\" data-sfc-cp=\"\" data-sfc-root=\"ep\" data-complete=\"true\" data-copy-service-computed-style=\"font-family: &quot;Google Sans&quot;, Arial, sans-serif; font-size: 16px; font-weight: 400; margin: 0px; text-decoration: none; border-bottom: 0px rgb(10, 10, 10);\">IfNotNow<!--TgQPHd|||[]--><\/em>. Ezek a csoportok \u00e9ppen a zsid\u00f3 etika nev\u00e9ben k\u00f6vetelnek azonnali t\u0171zsz\u00fcnetet \u00e9s a palesztinok emberi jogainak elismer\u00e9s\u00e9t.<!--TgQPHd|||[]--><\/span><!--TgQPHd|||[]--><\/li>\n<li class=\"Z1qcYe\" data-sfc-cp=\"\" data-sfc-root=\"ep\" data-hveid=\"CAAIJBAC\" data-complete=\"true\" data-sae=\"\" data-copy-service-computed-style=\"font-family: &quot;Google Sans&quot;, Arial, sans-serif; font-size: 16px; font-weight: 400; margin: 0px 0px 12px; text-decoration: none; border-bottom: 0px rgb(10, 10, 10);\"><span class=\"iNqyIf\" data-sfc-cp=\"\" data-sfc-root=\"ep\" data-complete=\"true\" data-copy-service-computed-style=\"font-family: &quot;Google Sans&quot;, Arial, sans-serif; font-size: 16px; font-weight: 400; margin: 0px; text-decoration: none; border-bottom: 0px rgb(10, 10, 10);\">Radn\u00f3ti az\u00e1ltal, hogy a gy\u00fclekez\u00e9si jog adminisztrat\u00edv, autoriter betilt\u00e1s\u00e1t \u00fcnnepli, szentes\u00edti a politikai v\u00e9lem\u00e9nynyilv\u00e1n\u00edt\u00e1s korl\u00e1toz\u00e1s\u00e1t. Egy vall\u00e1si vezet\u0151t\u0151l elv\u00e1rhat\u00f3 lenne, hogy k\u00fcl\u00f6nbs\u00e9get tudjon tenni a gy\u0171l\u00f6letbesz\u00e9d \u00e9s a humanit\u00e1rius alap\u00fa, b\u00e9kep\u00e1rti szolidarit\u00e1s k\u00f6z\u00f6tt.<!--TgQPHd|||[]--><\/span><!--TgQPHd|||[]--><\/li>\n<p><!--TgQPHd|||[]--><\/ul>\n<div class=\"yhAwj\" data-sfc-cp=\"\" data-sfc-root=\"ep\" data-complete=\"true\" data-processed=\"true\" data-sfc-inited=\"2\" data-copy-service-computed-style=\"font-family: &quot;Google Sans&quot;, Arial, sans-serif; font-size: 14px; font-weight: 400; margin: 0px; text-decoration: none; border-bottom: 0px rgb(10, 10, 10);\"><!--TgQPHd|||[]--><\/div>\n<hr class=\"s6NV4e\" data-sfc-root=\"ep\" data-sfc-pl=\"|||[]\" data-complete=\"true\" data-processed=\"true\" data-sae=\"\" data-copy-service-computed-style=\"font-family: &quot;Google Sans&quot;, Arial, sans-serif; font-size: 14px; font-weight: 400; margin: 32px 0px; text-decoration: none; border-bottom: 0px rgb(128, 128, 128);\" \/>\n<div class=\"yhAwj\" data-sfc-cp=\"\" data-sfc-root=\"ep\" data-complete=\"true\" data-processed=\"true\" data-sfc-inited=\"2\" data-copy-service-computed-style=\"font-family: &quot;Google Sans&quot;, Arial, sans-serif; font-size: 14px; font-weight: 400; margin: 0px; text-decoration: none; border-bottom: 0px rgb(10, 10, 10);\"><!--TgQPHd|||[]--><\/div>\n<div class=\"otQkpb\" role=\"heading\" aria-level=\"3\" data-animation-nesting=\"\" data-sfc-cp=\"\" data-wiz-attrbind=\"aria-level=oggVF_46\/fLk2Md\" data-sfc-root=\"ep\" data-complete=\"true\" data-processed=\"true\" data-sae=\"\" data-copy-service-computed-style=\"font-family: &quot;Google Sans&quot;, Arial, sans-serif; font-size: 24px; font-weight: 500; margin: 24px 0px 12px; text-decoration: none; border-bottom: 0px rgb(10, 10, 10);\">\u00d6sszegz\u00e9s<!--TgQPHd|||[]--><\/div>\n<div class=\"n6owBd awi2gc\" data-sfc-cp=\"\" data-sfc-root=\"ep\" data-hveid=\"CAAIJhAA\" data-complete=\"true\" data-processed=\"true\" aria-owns=\"action-menu-parent-container\" data-copy-service-computed-style=\"font-family: &quot;Google Sans&quot;, Arial, sans-serif; font-size: 16px; font-weight: 400; margin: 12px 0px 16px; text-decoration: none; border-bottom: 0px rgb(10, 10, 10);\">Radn\u00f3ti Zolt\u00e1n f\u0151rabbi publicisztikai tev\u00e9kenys\u00e9ge ebben a k\u00e9rd\u00e9sben nem a b\u00e9ke, az igazs\u00e1goss\u00e1g vagy a zsid\u00f3 vall\u00e1s univerz\u00e1lis humanizmus\u00e1nak (pl. <em class=\"zhvwWe\" data-sfc-cp=\"\" data-sfc-root=\"ep\" data-complete=\"true\" data-processed=\"true\" data-copy-service-computed-style=\"font-family: &quot;Google Sans&quot;, Arial, sans-serif; font-size: 16px; font-weight: 400; margin: 0px; text-decoration: none; border-bottom: 0px rgb(10, 10, 10);\">Tikun Olam<!--TgQPHd|||[]--><\/em> \u2013 a vil\u00e1g megjav\u00edt\u00e1sa) hangja. \u00cdr\u00e1sai a politikai realizmus legnyersebb, cinikus form\u00e1j\u00e1t \u00f6ltik magukra, ahol a nemzetk\u00f6zi jog csak akkor \u00e9rv\u00e9nyes, ha azt az ellenf\u00e9llel szemben lehet sz\u00e1monk\u00e9rni, de azonnal \u00e9rv\u00e9ny\u00e9t veszti, ha a saj\u00e1t sz\u00f6vets\u00e9ges \u00e1llamunk k\u00f6vet el h\u00e1bor\u00fas b\u0171n\u00f6ket. Azzal, hogy a f\u0151rabbi t\u00f6bb t\u00edzezer palesztin civil \u2013 k\u00f6zt\u00fck csecsem\u0151k \u00e9s gyermekek ezreinek \u2013 hal\u00e1l\u00e1t \u00e9s rendszerszint\u0171 ki\u00e9heztet\u00e9s\u00e9t a \u201eterror elleni harc\u201d elker\u00fclhetetlen velej\u00e1r\u00f3jak\u00e9nt, vagy egyenesen hamis propagandak\u00e9nt mutatja be, feladja azt a mor\u00e1lis ir\u00e1nyt\u0171t, amely hivat\u00e1s\u00e1b\u00f3l fakad\u00f3an a legf\u0151bb k\u00f6telezetts\u00e9ge lenne.<\/div>\n","protected":false},"excerpt":{"rendered":"<p>Radn\u00f3ti Zolt\u00e1n neol\u00f3g f\u0151rabbi a 2023. okt\u00f3ber 7-i terrort\u00e1mad\u00e1st k\u00f6vet\u0151en a hazai zsid\u00f3 k\u00f6z\u00e9let egyik leghangosabb publicist\u00e1j\u00e1v\u00e1 v\u00e1lt. Az \u00d6t.hu fel\u00fclet\u00e9n \u00e9s saj\u00e1t k\u00f6z\u00f6ss\u00e9gi platformjain megjelen\u0151 \u00edr\u00e1sai azonban nem teol\u00f3giai vagy univerz\u00e1lis erk\u00f6lcsi ir\u00e1nymutat\u00e1sok, hanem egy idegen \u00e1llam katonai g\u00e9pezet\u00e9nek \u00e9s politikai vezet\u00e9s\u00e9nek felt\u00e9tlen, kritika n\u00e9lk\u00fcli v\u00e9d\u0151besz\u00e9dei. A nemzetk\u00f6zi humanit\u00e1rius jog alapelvei, az ENSZ jelent\u00e9sei, [&hellip;]<\/p>\n","protected":false},"author":1,"featured_media":4755,"comment_status":"open","ping_status":"closed","sticky":false,"template":"","format":"standard","meta":{"rs_blank_template":"","rs_page_bg_color":"","slide_template_v7":"","_monsterinsights_skip_tracking":false,"wpai_generated_summary":"","tdm_status":"","tdm_grid_status":"","footnotes":""},"categories":[17],"tags":[106,162,161,139,164,151,150,100,174,167,108,96,160,153,154,105,104,156],"class_list":["post-4754","post","type-post","status-publish","format-standard","has-post-thumbnail","category-hasbara-magyarorszagon","tag-cionizmus","tag-gaza-haboru","tag-gazai-haboru","tag-gazai-ovezet","tag-haboru","tag-hamas","tag-hamasz","tag-hasbara","tag-icc","tag-idf","tag-iszlamofobia","tag-izrael","tag-izraeli-telepesek","tag-kozel-kelet","tag-nemzetkozi-kapcsolatok","tag-palesztin","tag-palesztina","tag-vilagpolitika"],"_links":{"self":[{"href":"https:\/\/antipropaganda.hu\/en\/wp-json\/wp\/v2\/posts\/4754","targetHints":{"allow":["GET"]}}],"collection":[{"href":"https:\/\/antipropaganda.hu\/en\/wp-json\/wp\/v2\/posts"}],"about":[{"href":"https:\/\/antipropaganda.hu\/en\/wp-json\/wp\/v2\/types\/post"}],"author":[{"embeddable":true,"href":"https:\/\/antipropaganda.hu\/en\/wp-json\/wp\/v2\/users\/1"}],"replies":[{"embeddable":true,"href":"https:\/\/antipropaganda.hu\/en\/wp-json\/wp\/v2\/comments?post=4754"}],"version-history":[{"count":1,"href":"https:\/\/antipropaganda.hu\/en\/wp-json\/wp\/v2\/posts\/4754\/revisions"}],"predecessor-version":[{"id":4756,"href":"https:\/\/antipropaganda.hu\/en\/wp-json\/wp\/v2\/posts\/4754\/revisions\/4756"}],"wp:featuredmedia":[{"embeddable":true,"href":"https:\/\/antipropaganda.hu\/en\/wp-json\/wp\/v2\/media\/4755"}],"wp:attachment":[{"href":"https:\/\/antipropaganda.hu\/en\/wp-json\/wp\/v2\/media?parent=4754"}],"wp:term":[{"taxonomy":"category","embeddable":true,"href":"https:\/\/antipropaganda.hu\/en\/wp-json\/wp\/v2\/categories?post=4754"},{"taxonomy":"post_tag","embeddable":true,"href":"https:\/\/antipropaganda.hu\/en\/wp-json\/wp\/v2\/tags?post=4754"}],"curies":[{"name":"wp","href":"https:\/\/api.w.org\/{rel}","templated":true}]}}