{"id":4752,"date":"2026-09-02T07:39:02","date_gmt":"2026-09-02T05:39:02","guid":{"rendered":"https:\/\/antipropaganda.hu\/?p=4752"},"modified":"2026-09-02T07:39:02","modified_gmt":"2026-09-02T05:39:02","slug":"izrael-tantervet-ir-elo-45-000-palesztin-diaknak-kelet-jeruzsalemben","status":"publish","type":"post","link":"https:\/\/antipropaganda.hu\/en\/izrael-tantervet-ir-elo-45-000-palesztin-diaknak-kelet-jeruzsalemben\/","title":{"rendered":"Izrael tantervet \u00edr el\u0151 45 000 palesztin di\u00e1knak Kelet-Jeruzs\u00e1lemben"},"content":{"rendered":"<p><strong>Izrael megtagadja a palesztin tan\u00e1rok bel\u00e9p\u00e9s\u00e9t Jeruzs\u00e1lembe a megsz\u00e1llt Ciszjord\u00e1ni\u00e1b\u00f3l.<\/strong><\/p>\n<p>Az izraeli hat\u00f3s\u00e1gok t\u00f6bb mint 45 000 palesztin di\u00e1kra k\u00e9nyszer\u00edtik tanterv\u00fcket az \u00e1llami fenntart\u00e1s\u00fa kelet-jeruzs\u00e1lemi iskol\u00e1kban, a v\u00e1ros megsz\u00e1llt ter\u00fclet\u00e9n az oktat\u00e1s elleni sz\u00e9lesebb k\u00f6r\u0171 megtorl\u00e1s r\u00e9szek\u00e9nt.<\/p>\n<p>Az \u00faj int\u00e9zked\u00e9sek azt jelentik, hogy a palesztin di\u00e1kok mintegy 38 sz\u00e1zal\u00e9ka \u2013 ami jelent\u0151s n\u00f6veked\u00e9s az elm\u00falt \u00e9vekhez k\u00e9pest \u2013 keddt\u0151l az izraeli tanterv szerint fog tanulni a palesztin tanterv helyett. Ez mag\u00e1ban foglalja az \u00f6sszes \u00faj els\u0151 \u00e9s hetedik oszt\u00e1lyt, amelyek Kelet-Jeruzs\u00e1lem \u00e1llami oktat\u00e1si rendszer\u00e9ben ny\u00edlnak.<\/p>\n<p>A Palesztin Hat\u00f3s\u00e1g jeruzs\u00e1lemi korm\u00e1nyz\u00f3s\u00e1g\u00e1nak sz\u00f3viv\u0151je, Maarouf al-Rifai azt mondta, hogy a d\u00f6nt\u00e9s vesz\u00e9lyes eszkal\u00e1ci\u00f3t jelent, amelyre 1967 \u00f3ta, Kelet-Jeruzs\u00e1lem Izrael \u00e1ltali megsz\u00e1ll\u00e1s\u00e1nak \u00e9v\u00e9ben nem volt p\u00e9lda.<\/p>\n<p>A l\u00e9p\u00e9st Jeruzs\u00e1lem palesztin nemzeti \u00e9s kultur\u00e1lis identit\u00e1sa elleni k\u00f6zvetlen t\u00e1mad\u00e1snak nevezte, mondv\u00e1n, hogy az izraeli tanterv r\u00e1k\u00e9nyszer\u00edt\u00e9se k\u00fcl\u00f6n\u00f6sen vesz\u00e9lyes, mivel a \u201epalesztin narrat\u00edv\u00e1val \u00e9s t\u00f6rt\u00e9nelemmel kapcsolatos alapvet\u0151 t\u00e9m\u00e1k \u2013 mindenekel\u0151tt a Nakba , a foglyok \u00e9s Jeruzs\u00e1lem\u201d \u2013 marginaliz\u00e1l\u00f3dnak.<\/p>\n<p>Al-Rifai szerint ez azt jelenti, hogy \u201ea tanterv a v\u00e1rosban a tudatoss\u00e1g, az eml\u00e9kezet \u00e9s az identit\u00e1s csatater\u00e9v\u00e9 v\u00e1lik\u201d, \u00e9s hogy a d\u00f6nt\u00e9s a \u201ejeruzs\u00e1lemi palesztin oktat\u00e1si szektort c\u00e9lz\u00f3 szisztematikus politika\u201d r\u00e9sze.<\/p>\n<p>Az izraeli tanterv \u00fajabb palesztin di\u00e1kokra val\u00f3 r\u00e1k\u00e9nyszer\u00edt\u00e9s\u00e9re ir\u00e1nyul\u00f3 l\u00e9p\u00e9s akkor t\u00f6rt\u00e9nik, amikor Itamar Ben Gvir, a sz\u00e9ls\u0151jobboldali nemzetbiztons\u00e1gi miniszter azt tervezi, hogy egy gyermekk\u00f6nyvet oszt sz\u00e9t izraeli oktat\u00e1si int\u00e9zm\u00e9nyekben, amely az \u0151 \u201etev\u00e9kenys\u00e9geit \u00e9s eredm\u00e9nyeit\u201d \u00fcnnepli.<\/p>\n<p>A <a href=\"https:\/\/antipropaganda.hu\/en\/ben-gvir-gyerekkonyvet-ad-ki-amely-dicsoiti-hatalmon-elert-rasszista-eredmenyeit\/\">\u201eA miniszter, aki nem \u00e1llt meg \u201d<\/a> c\u00edm\u0171 k\u00f6nyvet kedden, az izraeli tan\u00e9v kezdet\u00e9n mutatt\u00e1k volna be Ben Gvir Jewish Power p\u00e1rtkonferenci\u00e1j\u00e1n.<\/p>\n<h3><span dir=\"auto\">Tan\u00e1roknak nem engedt\u00e9k be a bel\u00e9p\u00e9st Ciszjord\u00e1ni\u00e1b\u00f3l<\/span><\/h3>\n<p><span dir=\"auto\">Az izraeli tanterv szerint tanul\u00f3 palesztin di\u00e1kok sz\u00e1ma 10 347-r\u0151l (2020\u201321) 27 041-re (2025\u201326) emelkedett, \u00e9s jelenleg t\u00f6bb mint 45 000-en vannak, ami jelent\u0151s n\u00f6veked\u00e9s.<\/span><\/p>\n<p><span dir=\"auto\">A palesztin gyerekek \u00e1ltal\u00e1ban n\u00e9gyf\u00e9le iskola egyik\u00e9be j\u00e1rnak: az ENSZ \u00e1ltal m\u0171k\u00f6dtetett iskol\u00e1kba, mag\u00e1niskol\u00e1kba, iszl\u00e1m vakf iskol\u00e1kba, vagy izraeli fenntart\u00e1s\u00fa \u00f6nkorm\u00e1nyzati iskol\u00e1kba, ahol a tantervet mostant\u00f3l sz\u00e9les k\u00f6rben el\u0151\u00edrj\u00e1k.<\/span><\/p>\n<p><span dir=\"auto\">Kelet-Jeruzs\u00e1lem izraeli megsz\u00e1ll\u00e1sa ut\u00e1n az oktat\u00e1si rendszer ugyanaz maradt, mint Ciszjord\u00e1ni\u00e1ban, \u00e9s a\u00a0<\/span><a href=\"https:\/\/www.middleeasteye.net\/countries\/jordan\" target=\"_blank\" rel=\"noopener\"><span dir=\"auto\">jord\u00e1niai<\/span><\/a><span dir=\"auto\">\u00a0tantervet tan\u00edtott\u00e1k, amelyet k\u00e9s\u0151bb, az 1990-es \u00e9vekben a Palesztin Hat\u00f3s\u00e1g \u00e1ltal kidolgozott tanterv v\u00e1ltott fel.\u00a0<\/span><\/p>\n<div class=\"mee-readmore mee-readmore-article-story mee-readmore-type-image align-right\">\n<figure style=\"width: 400px\" class=\"wp-caption alignright\"><a class=\"mee-readmore-img-link\" href=\"https:\/\/antipropaganda.hu\/en\/ben-gvir-gyerekkonyvet-ad-ki-amely-dicsoiti-hatalmon-elert-rasszista-eredmenyeit\/\" target=\"_blank\" rel=\"noopener\"><img decoding=\"async\" class=\"mee-readmore-image lazyload\" data-src=\"https:\/\/www.middleeasteye.net\/sites\/default\/files\/styles\/read_more\/public\/images-story\/ben-gvir-children-book-israel.jpg.webp?itok=b-GRyy2j\" alt=\"\" width=\"400\" height=\"250\" title=\"\" src=\"data:image\/svg+xml;base64,PHN2ZyB3aWR0aD0iMSIgaGVpZ2h0PSIxIiB4bWxucz0iaHR0cDovL3d3dy53My5vcmcvMjAwMC9zdmciPjwvc3ZnPg==\" style=\"--smush-placeholder-width: 400px; --smush-placeholder-aspect-ratio: 400\/250;\"><\/a><figcaption class=\"wp-caption-text\">Ben Gvir gyerekk\u00f6nyvet ad ki, amely dics\u0151\u00edti hatalmon el\u00e9rt rasszista \u201eeredm\u00e9nyeit\u201d. Tov\u00e1bb olvasom \u00bb<\/figcaption><\/figure>\n<\/div>\n<div><\/div>\n<p><span dir=\"auto\">Izrael emellett megtagadta mintegy 70 ciszjord\u00e1niai tan\u00e1r bel\u00e9p\u00e9s\u00e9t Kelet-Jeruzs\u00e1lembe, ahol dolgoznak, ezzel k\u00e9sleltetve a tan\u00e9v kezdet\u00e9t a v\u00e1rosban tal\u00e1lhat\u00f3 palesztin mag\u00e1niskol\u00e1kban.<\/span><\/p>\n<p><span dir=\"auto\">Ezek az iskol\u00e1k bejelentett\u00e9k a tan\u00edt\u00e1s felf\u00fcggeszt\u00e9s\u00e9t, \u00e9s nem kezdik meg a 2026\u201327-es tan\u00e9vet, am\u00edg a megsz\u00e1llt Ciszjord\u00e1ni\u00e1b\u00f3l \u00e9rkez\u0151 tan\u00e1rok \u00e9s alkalmazottak bel\u00e9p\u00e9si enged\u00e9ly\u00e9t \u00fajra ki nem \u00e1ll\u00edtj\u00e1k vagy meg nem \u00faj\u00edtj\u00e1k.<\/span><\/p>\n<p><span dir=\"auto\">Jeruzs\u00e1lem palesztin mag\u00e1niskol\u00e1inak tan\u00e1rainak negyven sz\u00e1zal\u00e9ka \u2013 t\u00f6bbs\u00e9g\u00fck palesztin kereszt\u00e9ny \u2013 Ciszjord\u00e1ni\u00e1ban \u00e9l.\u00a0<\/span><\/p>\n<p><span dir=\"auto\">Omar Rjoob, a Jeruzs\u00e1lemi korm\u00e1nyz\u00f3s\u00e1g m\u00e9diaigazgat\u00f3ja a Middle East Eye-nak elmondta, hogy Izrael oktat\u00e1si szektor elleni t\u00e1mad\u00e1sai egy sz\u00e9lesebb k\u00f6r\u0171 politik\u00e1hoz kapcsol\u00f3dnak, amelynek c\u00e9lja \u201eJeruzs\u00e1lem annekt\u00e1l\u00e1s\u00e1nak megszil\u00e1rd\u00edt\u00e1sa \u00e9s elv\u00e1laszt\u00e1sa palesztin k\u00f6rnyezet\u00e9t\u0151l\u201d.<\/span><\/p>\n<p><span dir=\"auto\">A lakosok \u00e9s a tan\u00e1rok mozg\u00e1s\u00e1nak korl\u00e1toz\u00e1sa is r\u00e9sze ennek \u2013 mondta \u2013, ak\u00e1rcsak az ellen\u0151rz\u0151pontok \u00e9s az Izrael \u00e1ltal a 2000-es \u00e9vek elej\u00e9n \u00e9p\u00edtett elv\u00e1laszt\u00f3 fal, amely elv\u00e1lasztja Jeruzs\u00e1lemet Ciszjord\u00e1ni\u00e1t\u00f3l.<\/span><\/p>\n<p><span dir=\"auto\">T\u00f6rt\u00e9nelmileg Jeruzs\u00e1lemnek ez a sz\u00e9tv\u00e1laszt\u00e1sa a megsz\u00e1llt Palesztina t\u00f6bbi r\u00e9sz\u00e9t\u0151l arra k\u00e9nyszer\u00edtette a jeruzs\u00e1lemi palesztinokat, hogy az izraeli munkaer\u0151piacon keressenek munk\u00e1t, ami azt jelentette, hogy megn\u0151tt a h\u00e9ber nyelv\u0171 oktat\u00e1s ir\u00e1nti ig\u00e9ny Kelet-Jeruzs\u00e1lemben.<\/span><\/p>\n<h3><span dir=\"auto\">Izraeli fell\u00e9p\u00e9s az UNRWA iskol\u00e1i ellen<\/span><\/h3>\n<p>2026 janu\u00e1rj\u00e1ban az izraeli parlament betiltotta a Palesztin Hat\u00f3s\u00e1ghoz kapcsol\u00f3d\u00f3 oktat\u00e1si int\u00e9zm\u00e9nyekben szerzett tudom\u00e1nyos fokozattal rendelkez\u0151 tan\u00e1rok alkalmaz\u00e1s\u00e1t az izraeli oktat\u00e1si rendszeren bel\u00fcl.<\/p>\n<p>Ennek a l\u00e9p\u00e9snek k\u00f6zvetlen k\u00f6vetkezm\u00e9nyei vannak a kelet-jeruzs\u00e1lemi arab oktat\u00e1si szektorra, mivel a tan\u00e1ri kar jelent\u0151s r\u00e9sz\u00e9t palesztin egyetemek v\u00e9gzettjei alkotj\u00e1k.<\/p>\n<p>Izrael int\u00e9zked\u00e9seket hozott az Egyes\u00fclt Nemzetek Szervezet\u00e9nek Palesztin Menek\u00fclteket Seg\u00e9lyez\u0151 \u00e9s Munka\u00fcgyi Hivatal\u00e1hoz (UNRWA) kapcsol\u00f3d\u00f3 oktat\u00e1si int\u00e9zm\u00e9nyekkel szemben is, bele\u00e9rtve t\u00f6bb iskola bez\u00e1r\u00e1s\u00e1t \u00e9s az \u00fcgyn\u00f6ks\u00e9ghez tartoz\u00f3 oktat\u00e1si komplexumok lefoglal\u00e1s\u00e1t a Shuafat \u00e9s Kafr Aqab t\u00e1borokban.<\/p>\n<p>A Haaretz arr\u00f3l sz\u00e1molt be, hogy az Unrwa \u00e1ltal Shuafat sz\u00edv\u00e9ben \u00e9p\u00edtett nagyiskol\u00e1t a jeruzs\u00e1lemi \u00f6nkorm\u00e1nyzat vette \u00e1t, amely 14 k\u00f6z\u00e9piskolai oszt\u00e1lyt, egy fi\u00fak \u00e9s l\u00e1nyok sz\u00e1m\u00e1ra vegyes \u00e1ltal\u00e1nos iskol\u00e1t, valamint \u00f6t speci\u00e1lis nevel\u00e9si ig\u00e9ny\u0171 \u00f3vod\u00e1t tervez ott elhelyezni.<\/p>\n<p>A Middle East Eye megkereste az \u00f6nkorm\u00e1nyzat oktat\u00e1si oszt\u00e1ly\u00e1t, hogy nyilatkozzon az \u00fcgyben.<\/p>\n<p>\u201eK\u00fcl\u00f6nb\u00f6z\u0151 \u00f6sszetev\u0151ivel egy\u00fctt ez a p\u00e1lya egy k\u00eds\u00e9rlet arra, hogy a megsz\u00e1llt Jeruzs\u00e1lem oktat\u00e1si k\u00f6rnyezet\u00e9t az izraeli megsz\u00e1ll\u00e1s politik\u00e1j\u00e1nak megfelel\u0151en \u00e1talak\u00edts\u00e1k\u201d \u2013 mondta Rjoob az MEE-nek.<\/p>\n<p>A palesztin int\u00e9zm\u00e9nyek gyeng\u00fcl\u00e9se, a tan\u00e1rokra vonatkoz\u00f3 korl\u00e1toz\u00e1sok \u00e9s a tantervi v\u00e1ltoz\u00e1sok vesz\u00e9lyeztetik a jeruzs\u00e1lemi di\u00e1kok palesztin identit\u00e1s\u00e1t \u2013 mondta \u2013, az oktat\u00e1s pedig az \u201eannekt\u00e1l\u00e1s, a judaiz\u00e1ci\u00f3 \u00e9s a v\u00e1ros arab-palesztin jelleg\u00e9nek elt\u00f6rl\u00e9s\u00e9re ir\u00e1nyul\u00f3 politik\u00e1k\u201d eszk\u00f6z\u00e9v\u00e9 alakult \u00e1t \u2013 mondta.<\/p>","protected":false},"excerpt":{"rendered":"<p>Izrael megtagadja a palesztin tan\u00e1rok bel\u00e9p\u00e9s\u00e9t Jeruzs\u00e1lembe a megsz\u00e1llt Ciszjord\u00e1ni\u00e1b\u00f3l. Az izraeli hat\u00f3s\u00e1gok t\u00f6bb mint 45 000 palesztin di\u00e1kra k\u00e9nyszer\u00edtik tanterv\u00fcket az \u00e1llami fenntart\u00e1s\u00fa kelet-jeruzs\u00e1lemi iskol\u00e1kban, a v\u00e1ros megsz\u00e1llt ter\u00fclet\u00e9n az oktat\u00e1s elleni sz\u00e9lesebb k\u00f6r\u0171 megtorl\u00e1s r\u00e9szek\u00e9nt. Az \u00faj int\u00e9zked\u00e9sek azt jelentik, hogy a palesztin di\u00e1kok mintegy 38 sz\u00e1zal\u00e9ka \u2013 ami jelent\u0151s n\u00f6veked\u00e9s az elm\u00falt [&hellip;]<\/p>\n","protected":false},"author":1,"featured_media":4750,"comment_status":"open","ping_status":"closed","sticky":false,"template":"","format":"standard","meta":{"rs_blank_template":"","rs_page_bg_color":"","slide_template_v7":"","_monsterinsights_skip_tracking":false,"wpai_generated_summary":"","tdm_status":"","tdm_grid_status":"","footnotes":""},"categories":[31],"tags":[106,115,96,163,153,155,154,105,104],"class_list":["post-4752","post","type-post","status-publish","format-standard","has-post-thumbnail","category-izrael-igazi-arca","tag-cionizmus","tag-ciszjordania","tag-izrael","tag-izrael-terror","tag-kozel-kelet","tag-mediaelemzes","tag-nemzetkozi-kapcsolatok","tag-palesztin","tag-palesztina"],"_links":{"self":[{"href":"https:\/\/antipropaganda.hu\/en\/wp-json\/wp\/v2\/posts\/4752","targetHints":{"allow":["GET"]}}],"collection":[{"href":"https:\/\/antipropaganda.hu\/en\/wp-json\/wp\/v2\/posts"}],"about":[{"href":"https:\/\/antipropaganda.hu\/en\/wp-json\/wp\/v2\/types\/post"}],"author":[{"embeddable":true,"href":"https:\/\/antipropaganda.hu\/en\/wp-json\/wp\/v2\/users\/1"}],"replies":[{"embeddable":true,"href":"https:\/\/antipropaganda.hu\/en\/wp-json\/wp\/v2\/comments?post=4752"}],"version-history":[{"count":1,"href":"https:\/\/antipropaganda.hu\/en\/wp-json\/wp\/v2\/posts\/4752\/revisions"}],"predecessor-version":[{"id":4753,"href":"https:\/\/antipropaganda.hu\/en\/wp-json\/wp\/v2\/posts\/4752\/revisions\/4753"}],"wp:featuredmedia":[{"embeddable":true,"href":"https:\/\/antipropaganda.hu\/en\/wp-json\/wp\/v2\/media\/4750"}],"wp:attachment":[{"href":"https:\/\/antipropaganda.hu\/en\/wp-json\/wp\/v2\/media?parent=4752"}],"wp:term":[{"taxonomy":"category","embeddable":true,"href":"https:\/\/antipropaganda.hu\/en\/wp-json\/wp\/v2\/categories?post=4752"},{"taxonomy":"post_tag","embeddable":true,"href":"https:\/\/antipropaganda.hu\/en\/wp-json\/wp\/v2\/tags?post=4752"}],"curies":[{"name":"wp","href":"https:\/\/api.w.org\/{rel}","templated":true}]}}