{"id":4748,"date":"2026-09-02T07:31:45","date_gmt":"2026-09-02T05:31:45","guid":{"rendered":"https:\/\/antipropaganda.hu\/?p=4748"},"modified":"2026-09-02T07:31:45","modified_gmt":"2026-09-02T05:31:45","slug":"ben-gvir-gyerekkonyvet-ad-ki-amely-dicsoiti-hatalmon-elert-rasszista-eredmenyeit","status":"publish","type":"post","link":"https:\/\/antipropaganda.hu\/en\/ben-gvir-gyerekkonyvet-ad-ki-amely-dicsoiti-hatalmon-elert-rasszista-eredmenyeit\/","title":{"rendered":"Ben Gvir gyerekk\u00f6nyvet ad ki, amely dics\u0151\u00edti hatalmon el\u00e9rt rasszista \u201eeredm\u00e9nyeit\u201d."},"content":{"rendered":"<p><strong>A Jewish Power terjeszteni fogja a k\u00f6nyvet, mivel az izraeli sz\u00e9ls\u0151jobboldal t\u00e1mogatotts\u00e1ga n\u00f6vekszik a fiatalok k\u00f6r\u00e9ben.<\/strong><\/p>\n<p>Izrael sz\u00e9ls\u0151jobboldali Jewish Power p\u00e1rtja egy gyermekk\u00f6nyv kiad\u00e1s\u00e1ra k\u00e9sz\u00fcl, amely p\u00e1rtvezet\u0151je, Itamar Ben Gvir nemzetbiztons\u00e1gi miniszter \u201etev\u00e9kenys\u00e9geit \u00e9s eredm\u00e9nyeit\u201d \u00fcnnepli.<\/p>\n<p>A p\u00e1rt azt tervezi, hogy a k\u00f6nyvet oktat\u00e1si int\u00e9zm\u00e9nyeken k\u00edv\u00fcli di\u00e1koknak is terjeszti, hogy megc\u00e9lozza Ben Gvir v\u00e1laszt\u00f3i b\u00e1zis\u00e1nak egy kulcsfontoss\u00e1g\u00fa \u00e9s egyre b\u0151v\u00fcl\u0151 r\u00e9sz\u00e9t: a fiatal izraelieket.<\/p>\n<p>Az izraeli m\u00e9dia azt \u00e1ll\u00edtotta, hogy a p\u00e1rt \u201egyermekek sz\u00e1m\u00e1ra adapt\u00e1lt, k\u00f6nnyen \u00e9rthet\u0151 nyelven\u201d nyomtatta ki a k\u00f6nyvet.<\/p>\n<p>A \u201eA miniszter, aki nem \u00e1llt meg\u201d c\u00edm\u0171 k\u00f6nyvet a p\u00e1rt netanyai konferenci\u00e1j\u00e1n mutatj\u00e1k be szeptember 1-j\u00e9n, az izraeli tan\u00e9v kezdet\u00e9vel egy id\u0151ben.<\/p>\n<p>Ben Gvir irod\u00e1ja azt nyilatkozta: \u201eB\u00fcszk\u00e9n mutatjuk be a gyermekk\u00f6nyvet&#8230; \u00e9s ezen kereszt\u00fcl elmes\u00e9lj\u00fck Izrael gyermekeinek \u00e9s az eg\u00e9sz izraeli n\u00e9pnek Ben Gvir miniszter hatalmas eredm\u00e9nyeinek t\u00f6rt\u00e9net\u00e9t, amelyet nemzetbiztons\u00e1gi miniszterk\u00e9nt n\u00e9gy \u00e9ven \u00e1t \u00e9rt el.\u201d<\/p>\n<p>Az elm\u00falt \u00e9vekben a fiatal zsid\u00f3 izraeliek k\u00f6r\u00e9ben meredeken megn\u0151tt Ben Gvir \u00e9s Izrael sz\u00e9ls\u0151jobboldal\u00e1nak t\u00e1mogatotts\u00e1ga.<\/p>\n<p>Fiatalabb t\u00e1mogat\u00f3i a t\u00fcntet\u00e9seken a \u201eA faludnak \u00e9gnie kell\u201d palesztinellenes skand\u00e1l\u00e1ssal fogadt\u00e1k, amely a palesztin falvak pusztul\u00e1s\u00e1t \u00fcnnepli, \u00e9s a palesztinokat otthonaikb\u00f3l ki\u0171zni k\u00edv\u00e1nja.<\/p>\n<p>Az Izraeli Demokr\u00e1cia Int\u00e9zet \u00e1ltal k\u00f6zz\u00e9tett kutat\u00e1s szerint a 18 \u00e9s 24 \u00e9v k\u00f6z\u00f6tti zsid\u00f3 izraeliek 73 sz\u00e1zal\u00e9ka jobboldalinak vallotta mag\u00e1t, ami term\u00e9keny talajt biztos\u00edt olyan politikusoknak, mint Ben Gvir.<\/p>\n<p>Ben Gvir \u201e\u00f3ri\u00e1si eredm\u00e9nyei\u201d k\u00f6z\u00e9 tartozik azonban az is, hogy nemzetk\u00f6zi szinten sz\u00e1mkivetett\u00e9 v\u00e1lt.<\/p>\n<p>Legal\u00e1bb 10 orsz\u00e1g tiltotta meg sz\u00e1m\u00e1ra a bel\u00e9p\u00e9st miniszteri m\u00faltja miatt, a schengeni \u00f6vezetbe val\u00f3 bel\u00e9p\u00e9s pedig gyakorlatilag kiz\u00e1rta Eur\u00f3pa nagy r\u00e9sz\u00e9b\u0151l.<\/p>\n<p>Nemzetk\u00f6zi elszigetelts\u00e9ge Izrael t\u00e1gabb \u00e9rtelemben vett kirekesztett st\u00e1tusz\u00e1t is szimboliz\u00e1lja, amelyet a g\u00e1zai n\u00e9pirt\u00e1ssal \u00e9s a megsz\u00e1llt Ciszjord\u00e1ni\u00e1ban folytatott apartheid politik\u00e1j\u00e1val \u00e9rdemelt ki.<\/p>\n<p>Meir Kahane , az amerikai sz\u00fclet\u00e9s\u0171 zsid\u00f3 fels\u0151bbrend\u0171s\u00e9get hirdet\u0151 politikus k\u00f6vet\u0151j\u00e9t , Ben Gvirt izraeli b\u00edr\u00f3s\u00e1gok rasszizmusra val\u00f3 felbujt\u00e1s \u00e9s terrorszervezet t\u00e1mogat\u00e1sa miatt \u00edt\u00e9lt\u00e9k el.<\/p>\n<p>A h\u00f3nap elej\u00e9n Ben Gvir felsz\u00f3l\u00edtotta az izraeli er\u0151ket, hogy minden este \u201e30 vagy 40\u201d embert \u00f6ljenek meg G\u00e1z\u00e1ban. Azt mondta, hogy egyesek \u201enem m\u00e9lt\u00f3k az \u00e9letre\u201d, s\u0151t, \u201enem is emberek\u201d.<\/p>\n<p>Amikor kor\u00e1bban arr\u00f3l k\u00e9rdezt\u00e9k, hogy erk\u00f6lcsileg helytelen-e a \u201eHal\u00e1l az arabokra!\u201d skand\u00e1l\u00e1s, Ben Gvir \u00edgy v\u00e1laszolt: \u201eNem. Nem hiszem.\u201d<\/p>\n<p>Tov\u00e1bbi \u201eeredm\u00e9nyei\u201d k\u00f6z\u00e9 tartozik az olyan szab\u00e1lyoz\u00e1sok bevezet\u00e9se az izraeli b\u00f6rt\u00f6n\u00f6kben, amelyek emberi jogi csoportok szerint a palesztinok \u00e9heztet\u00e9s\u00e9vel \u00e9s k\u00ednz\u00e1s\u00e1val egyenl\u0151ek.<\/p>\n<p>Ben Gvir szem\u00e9lyesen rendelt el \u00e9lelmiszercs\u00f6kkent\u00e9seket a b\u00f6rt\u00f6nk\u00f6r\u00fclm\u00e9nyek roml\u00e1sa \u00e9rdek\u00e9ben. Ny\u00edltan kijelentette: \u201eAz egyik legfontosabb c\u00e9lom\u2026 a foglyok k\u00f6r\u00fclm\u00e9nyeinek roml\u00e1sa.\u201d<\/p>\n<p>&nbsp;<\/p>","protected":false},"excerpt":{"rendered":"<p>A Jewish Power terjeszteni fogja a k\u00f6nyvet, mivel az izraeli sz\u00e9ls\u0151jobboldal t\u00e1mogatotts\u00e1ga n\u00f6vekszik a fiatalok k\u00f6r\u00e9ben. Izrael sz\u00e9ls\u0151jobboldali Jewish Power p\u00e1rtja egy gyermekk\u00f6nyv kiad\u00e1s\u00e1ra k\u00e9sz\u00fcl, amely p\u00e1rtvezet\u0151je, Itamar Ben Gvir nemzetbiztons\u00e1gi miniszter \u201etev\u00e9kenys\u00e9geit \u00e9s eredm\u00e9nyeit\u201d \u00fcnnepli. A p\u00e1rt azt tervezi, hogy a k\u00f6nyvet oktat\u00e1si int\u00e9zm\u00e9nyeken k\u00edv\u00fcli di\u00e1koknak is terjeszti, hogy megc\u00e9lozza Ben Gvir v\u00e1laszt\u00f3i b\u00e1zis\u00e1nak [&hellip;]<\/p>\n","protected":false},"author":1,"featured_media":4749,"comment_status":"open","ping_status":"closed","sticky":false,"template":"","format":"standard","meta":{"rs_blank_template":"","rs_page_bg_color":"","slide_template_v7":"","_monsterinsights_skip_tracking":false,"wpai_generated_summary":"","tdm_status":"","tdm_grid_status":"","footnotes":""},"categories":[31],"tags":[106,115,162,161,139,96,163,160,153,105,104],"class_list":["post-4748","post","type-post","status-publish","format-standard","has-post-thumbnail","category-izrael-igazi-arca","tag-cionizmus","tag-ciszjordania","tag-gaza-haboru","tag-gazai-haboru","tag-gazai-ovezet","tag-izrael","tag-izrael-terror","tag-izraeli-telepesek","tag-kozel-kelet","tag-palesztin","tag-palesztina"],"_links":{"self":[{"href":"https:\/\/antipropaganda.hu\/en\/wp-json\/wp\/v2\/posts\/4748","targetHints":{"allow":["GET"]}}],"collection":[{"href":"https:\/\/antipropaganda.hu\/en\/wp-json\/wp\/v2\/posts"}],"about":[{"href":"https:\/\/antipropaganda.hu\/en\/wp-json\/wp\/v2\/types\/post"}],"author":[{"embeddable":true,"href":"https:\/\/antipropaganda.hu\/en\/wp-json\/wp\/v2\/users\/1"}],"replies":[{"embeddable":true,"href":"https:\/\/antipropaganda.hu\/en\/wp-json\/wp\/v2\/comments?post=4748"}],"version-history":[{"count":1,"href":"https:\/\/antipropaganda.hu\/en\/wp-json\/wp\/v2\/posts\/4748\/revisions"}],"predecessor-version":[{"id":4751,"href":"https:\/\/antipropaganda.hu\/en\/wp-json\/wp\/v2\/posts\/4748\/revisions\/4751"}],"wp:featuredmedia":[{"embeddable":true,"href":"https:\/\/antipropaganda.hu\/en\/wp-json\/wp\/v2\/media\/4749"}],"wp:attachment":[{"href":"https:\/\/antipropaganda.hu\/en\/wp-json\/wp\/v2\/media?parent=4748"}],"wp:term":[{"taxonomy":"category","embeddable":true,"href":"https:\/\/antipropaganda.hu\/en\/wp-json\/wp\/v2\/categories?post=4748"},{"taxonomy":"post_tag","embeddable":true,"href":"https:\/\/antipropaganda.hu\/en\/wp-json\/wp\/v2\/tags?post=4748"}],"curies":[{"name":"wp","href":"https:\/\/api.w.org\/{rel}","templated":true}]}}