{"id":4744,"date":"2026-09-02T06:44:57","date_gmt":"2026-09-02T04:44:57","guid":{"rendered":"https:\/\/antipropaganda.hu\/?p=4744"},"modified":"2026-09-02T06:44:57","modified_gmt":"2026-09-02T04:44:57","slug":"az-ensz-csokkentette-az-megszallt-ciszjordanianak-es-gazanak-szant-elelmiszersegelyt-a-finanszirozas-hianya-miatt","status":"publish","type":"post","link":"https:\/\/antipropaganda.hu\/en\/az-ensz-csokkentette-az-megszallt-ciszjordanianak-es-gazanak-szant-elelmiszersegelyt-a-finanszirozas-hianya-miatt\/","title":{"rendered":"Az ENSZ cs\u00f6kkentette az megsz\u00e1llt Ciszjord\u00e1ni\u00e1nak \u00e9s G\u00e1z\u00e1nak sz\u00e1nt \u00e9lelmiszerseg\u00e9lyt a finansz\u00edroz\u00e1s hi\u00e1nya miatt."},"content":{"rendered":"<p><strong>A nemzetk\u00f6zi seg\u00e9lyszervezetek p\u00e9nzhi\u00e1nnyal k\u00fczdenek, mivel az Egyes\u00fclt \u00c1llamok jelent\u0151sen cs\u00f6kkentette a nyugati orsz\u00e1gok adom\u00e1nyait.<\/strong><\/p>\n<p>A Vil\u00e1g\u00e9lelmez\u00e9si Program (WFP) figyelmeztetett, hogy finansz\u00edroz\u00e1si probl\u00e9m\u00e1k miatt k\u00e9nytelen a fel\u00e9re cs\u00f6kkenteni a megsz\u00e1llt Ciszjord\u00e1ni\u00e1ban ny\u00fajtott seg\u00e9lyeinek k\u00f6r\u00e9t.<\/p>\n<p>Az ENSZ \u00fcgyn\u00f6ks\u00e9ge kedden bejelentette, hogy a kritikus finansz\u00edroz\u00e1si megszor\u00edt\u00e1sok miatt vissza kell vonnia a seg\u00e9lyeket, \u00e9s a 400 000 embernek ny\u00fajtott t\u00e1mogat\u00e1st 200 000-re kell cs\u00f6kkentenie. A nemzetk\u00f6zi seg\u00e9lyszervezetek vil\u00e1gszerte p\u00e9nzhi\u00e1nnyal k\u00fczdenek, mivel az Egyes\u00fclt \u00c1llamok a t\u00e1mogat\u00e1sok jelent\u0151s cs\u00f6kkent\u00e9s\u00e9t vezette, m\u00e1s nyugati orsz\u00e1gok pedig szint\u00e9n cs\u00f6kkentett\u00e9k az adom\u00e1nyokat.<\/p>\n<p>A WFP k\u00f6zlem\u00e9nye szerint ett\u0151l a h\u00f3napt\u00f3l kezd\u0151d\u0151en cs\u00f6kken a ciszjord\u00e1niai csal\u00e1doknak k\u00e9szp\u00e9nz, utalv\u00e1nyok, \u00e9lelmiszer, meg\u00e9lhet\u00e9si programok \u00e9s t\u00e1pl\u00e1lkoz\u00e1si szolg\u00e1ltat\u00e1sok form\u00e1j\u00e1ban ny\u00fajtott \u00e9lelmiszerseg\u00e9ly. A finansz\u00edroz\u00e1s hi\u00e1nya a WFP g\u00e1zai m\u0171veleteit is befoly\u00e1solja.<\/p>\n<p>Az ENSZ becsl\u00e9sei szerint 900 000 ember \u00e9lelmez\u00e9sbizonytalans\u00e1gban Ciszjord\u00e1ni\u00e1ban. Shaun Hughes, a szervezet palesztin orsz\u00e1gigazgat\u00f3ja elmondta, hogy a WFP \u201ea legkiszolg\u00e1ltatottabbakat helyezi el\u0151t\u00e9rbe, mik\u00f6zben m\u00e1soknak a sz\u00e9les k\u00f6r\u0171 r\u00e1szorults\u00e1g ellen\u00e9re is cs\u00f6kkenti a seg\u00e9lyeket\u201d.<\/p>\n<p>G\u00e1z\u00e1ban a WFP 1,5 milli\u00f3 embert t\u00e1mogat, \u201ek\u00f6zt\u00fck egymilli\u00f3 embert, akik havi \u00e9lelmiszerseg\u00e9lyben r\u00e9szes\u00fclnek\u201d \u2013 jegyezte meg.<\/p>\n<p>Claire Nevill, az \u00fcgyn\u00f6ks\u00e9g palesztin ter\u00fcletek\u00e9rt felel\u0151s sz\u00f3viv\u0151je az Associated Pressnek elmondta, hogy az \u00fcgyn\u00f6ks\u00e9g elkezdte cs\u00f6kkenteni a mintegy 75 000 g\u00e1zai csal\u00e1dnak ny\u00fajtott p\u00e9nz\u00fcgyi seg\u00e9lyt.<\/p>\n<p>A WFP k\u00f6z\u00f6lte, hogy a palesztin enkl\u00e1v\u00e9ban \u00e9l\u0151 375 000 embernek ny\u00fajtott seg\u00e9ly k\u00e9szp\u00e9nz\u00e9rt\u00e9ke j\u00faliusban 40 sz\u00e1zal\u00e9kkal cs\u00f6kkent.<\/p>\n<p>A vil\u00e1g vezet\u0151 \u00e9lelmiszer-bizonytalans\u00e1ggal foglalkoz\u00f3 hat\u00f3s\u00e1ga, az Integr\u00e1lt \u00c9lelmiszerbiztons\u00e1gi F\u00e1zisoszt\u00e1lyoz\u00e1s j\u00faliusban kijelentette, hogy a g\u00e1zai helyzet javult az\u00f3ta, hogy tavaly \u00e9h\u00edns\u00e9get hirdettek a palesztin ter\u00fcletek egyes r\u00e9szein, de figyelmeztetett, hogy a k\u00f6r\u00fclm\u00e9nyek tov\u00e1bbra is v\u00e1ls\u00e1gosak.<\/p>\n<p><span dir=\"auto\">A WFP k\u00f6z\u00f6lte, hogy a k\u00f6vetkez\u0151 hat h\u00f3napban tov\u00e1bbi 386 milli\u00f3 doll\u00e1ros finansz\u00edroz\u00e1sra van sz\u00fcks\u00e9ge ahhoz, hogy mintegy k\u00e9tmilli\u00f3, \u00e9lelmiszerhi\u00e1nyban szenved\u0151 embert tudjon ell\u00e1tni G\u00e1z\u00e1ban \u00e9s Ciszjord\u00e1ni\u00e1ban.<\/span><\/p>\n<p><span dir=\"auto\">\u201eFelsz\u00f3l\u00edtjuk a nemzetk\u00f6zi k\u00f6z\u00f6ss\u00e9get, hogy azonnal cselekedjen, \u00e9s fokozza a palesztinok t\u00e1mogat\u00e1s\u00e1t\u201d \u2013 mondta Hughes.<\/span><\/p>\n<p><span dir=\"auto\">Az ENSZ 2026-os seg\u00e9lyfelh\u00edv\u00e1s\u00e1t a sz\u00fcks\u00e9gesnek nevezett \u00f6sszeg fel\u00e9re k\u00e9rte, annak ellen\u00e9re, hogy a humanit\u00e1rius sz\u00fcks\u00e9gletek vil\u00e1gszerte minden id\u0151k legmagasabb szintj\u00e9n vannak.<\/span><\/p>\n<p><span dir=\"auto\">Az ENSZ adatai szerint az Egyes\u00fclt \u00c1llamok 2025-ben is a legnagyobb finansz\u00edroz\u00f3 maradt Donald Trump amerikai eln\u00f6k \u00e1ltal v\u00e9grehajtott megszor\u00edt\u00e1sok ellen\u00e9re, de r\u00e9szesed\u00e9se a teljes \u00f6sszeg t\u00f6bb mint egyharmad\u00e1r\u00f3l 15,6 sz\u00e1zal\u00e9kra cs\u00f6kkent.<\/span><\/p>","protected":false},"excerpt":{"rendered":"<p>A nemzetk\u00f6zi seg\u00e9lyszervezetek p\u00e9nzhi\u00e1nnyal k\u00fczdenek, mivel az Egyes\u00fclt \u00c1llamok jelent\u0151sen cs\u00f6kkentette a nyugati orsz\u00e1gok adom\u00e1nyait. A Vil\u00e1g\u00e9lelmez\u00e9si Program (WFP) figyelmeztetett, hogy finansz\u00edroz\u00e1si probl\u00e9m\u00e1k miatt k\u00e9nytelen a fel\u00e9re cs\u00f6kkenteni a megsz\u00e1llt Ciszjord\u00e1ni\u00e1ban ny\u00fajtott seg\u00e9lyeinek k\u00f6r\u00e9t. Az ENSZ \u00fcgyn\u00f6ks\u00e9ge kedden bejelentette, hogy a kritikus finansz\u00edroz\u00e1si megszor\u00edt\u00e1sok miatt vissza kell vonnia a seg\u00e9lyeket, \u00e9s a 400 000 embernek [&hellip;]<\/p>\n","protected":false},"author":1,"featured_media":4745,"comment_status":"open","ping_status":"closed","sticky":false,"template":"","format":"standard","meta":{"rs_blank_template":"","rs_page_bg_color":"","slide_template_v7":"","_monsterinsights_skip_tracking":false,"wpai_generated_summary":"","tdm_status":"","tdm_grid_status":"","footnotes":""},"categories":[19],"tags":[115,103,162,161,139,158,96,163,153,142,154,105,104,112,156],"class_list":["post-4744","post","type-post","status-publish","format-standard","has-post-thumbnail","category-news","tag-ciszjordania","tag-gaza","tag-gaza-haboru","tag-gazai-haboru","tag-gazai-ovezet","tag-gazdasag","tag-izrael","tag-izrael-terror","tag-kozel-kelet","tag-kozel-keleti-konfliktus","tag-nemzetkozi-kapcsolatok","tag-palesztin","tag-palesztina","tag-trump","tag-vilagpolitika"],"_links":{"self":[{"href":"https:\/\/antipropaganda.hu\/en\/wp-json\/wp\/v2\/posts\/4744","targetHints":{"allow":["GET"]}}],"collection":[{"href":"https:\/\/antipropaganda.hu\/en\/wp-json\/wp\/v2\/posts"}],"about":[{"href":"https:\/\/antipropaganda.hu\/en\/wp-json\/wp\/v2\/types\/post"}],"author":[{"embeddable":true,"href":"https:\/\/antipropaganda.hu\/en\/wp-json\/wp\/v2\/users\/1"}],"replies":[{"embeddable":true,"href":"https:\/\/antipropaganda.hu\/en\/wp-json\/wp\/v2\/comments?post=4744"}],"version-history":[{"count":1,"href":"https:\/\/antipropaganda.hu\/en\/wp-json\/wp\/v2\/posts\/4744\/revisions"}],"predecessor-version":[{"id":4746,"href":"https:\/\/antipropaganda.hu\/en\/wp-json\/wp\/v2\/posts\/4744\/revisions\/4746"}],"wp:featuredmedia":[{"embeddable":true,"href":"https:\/\/antipropaganda.hu\/en\/wp-json\/wp\/v2\/media\/4745"}],"wp:attachment":[{"href":"https:\/\/antipropaganda.hu\/en\/wp-json\/wp\/v2\/media?parent=4744"}],"wp:term":[{"taxonomy":"category","embeddable":true,"href":"https:\/\/antipropaganda.hu\/en\/wp-json\/wp\/v2\/categories?post=4744"},{"taxonomy":"post_tag","embeddable":true,"href":"https:\/\/antipropaganda.hu\/en\/wp-json\/wp\/v2\/tags?post=4744"}],"curies":[{"name":"wp","href":"https:\/\/api.w.org\/{rel}","templated":true}]}}