{"id":4731,"date":"2026-09-01T10:49:45","date_gmt":"2026-09-01T08:49:45","guid":{"rendered":"https:\/\/antipropaganda.hu\/?p=4731"},"modified":"2026-09-01T10:49:45","modified_gmt":"2026-09-01T08:49:45","slug":"palesztin-heti-szemle-az-izraeli-jobboldal-a-palesztinellenes-kilengesekkel-visszaelesekkel-kampanyol","status":"publish","type":"post","link":"https:\/\/antipropaganda.hu\/en\/palesztin-heti-szemle-az-izraeli-jobboldal-a-palesztinellenes-kilengesekkel-visszaelesekkel-kampanyol\/","title":{"rendered":"Palesztin heti szemle: Az izraeli jobboldal a palesztinellenes kileng\u00e9sekkel [vissza\u00e9l\u00e9sekkel] kamp\u00e1nyol."},"content":{"rendered":"<p><strong>Izraeli miniszterek mesters\u00e9ges intelligencia \u00e1ltal kiadott hirdet\u00e9sekkel fokozz\u00e1k kamp\u00e1nyretorik\u00e1jukat, mik\u00f6zben a G\u00e1zai \u00f6vezetben v\u00e9grehajtott t\u00e1mad\u00e1sok kisz\u00e9lesednek a szoros okt\u00f3beri v\u00e1laszt\u00e1sok el\u0151tt.<\/strong><\/p>\n<p>Az okt\u00f3beri v\u00e1laszt\u00e1sok el\u0151tt, amelyeken Benjamin Netanjahu minisztereln\u00f6k blokkja lemaradt a k\u00f6zv\u00e9lem\u00e9ny-kutat\u00e1sokban, a sz\u00e9ls\u0151jobboldali izraeli miniszterek az elm\u00falt h\u00e9ten kamp\u00e1nyanyagg\u00e1 alak\u00edtott\u00e1k a megsz\u00e1ll\u00e1s g\u00e9pezet\u00e9t \u2013 nemcsak politikak\u00e9nt, hanem maga az \u00fczenetk\u00e9nt is.<\/p>\n<p>Bezalel Smotrich p\u00e9nz\u00fcgyminiszter, akinek az arca m\u00e1r most is l\u00e1that\u00f3 a megsz\u00e1llt Ciszjord\u00e1nia kamp\u00e1nyplak\u00e1tjain, egy mesters\u00e9ges intelligencia \u00e1ltal gener\u00e1lt hirdet\u00e9st tett k\u00f6zz\u00e9 , amelyben figyelmeztet, hogy a Negevben \u00e9s Galile\u00e1ban \u2013 Izraelen bel\u00fcli, nagy palesztin lakoss\u00e1g\u00fa ter\u00fcleteken \u2013 azt fogja tenni, amit a megsz\u00e1llt Ciszjord\u00e1ni\u00e1val tett, amikor zsid\u00f3 telepeket \u00e9p\u00edtett ott az \u201eAhmednek joga van f\u00e9lni\u201d szlogennel.<\/p>\n<p>Itamar Ben-Gvir nemzetbiztons\u00e1gi miniszter saj\u00e1t mesters\u00e9ges intelligencia \u00e1ltal k\u00e9sz\u00edtett vide\u00f3val v\u00e1laszolt , amelyen t\u00fals\u00falyos palesztin foglyok vonulnak be egy fut\u00f3szalagon izraeli b\u00f6rt\u00f6n\u00f6kbe, majd lesov\u00e1nyodva \u00e9s s\u00edrva \u00e9rkeznek ki. Emellett k\u00f6zz\u00e9tett egy vide\u00f3t, amelyen palesztin n\u0151i foglyokat szid, \u00e9s k\u00fcl\u00f6nben egy izraeli z\u00e1szl\u00f3t t\u0171z\u00f6tt ki az elfoglalt kelet-jeruzs\u00e1lemi ENSZ Palesztin Menek\u00fclt\u00fcgyi \u00dcgyn\u00f6ks\u00e9g\u00e9nek (UNRWA) l\u00e9tes\u00edtm\u00e9nyeire .<\/p>\n<p>Ezek nem a politik\u00e1t\u00f3l f\u00fcggetlen retorikai t\u00falkap\u00e1sok voltak; mindegyik a k\u00f6zelm\u00faltbeli, sz\u00e9lesebb k\u00f6r\u0171 korm\u00e1nyzati int\u00e9zked\u00e9seket vagy nyom\u00e1sgyakorl\u00e1st t\u00fckr\u00f6zte ezen a h\u00e9ten \u2013 az ENSZ-l\u00e9tes\u00edtm\u00e9ny elfoglal\u00e1s\u00e1t\u00f3l kezdve a jobboldal egyre er\u0151s\u00f6d\u0151 t\u00f6rekv\u00e9s\u00e9ig egy v\u00e1laszt\u00e1sok ut\u00e1ni ter\u00fcleti m\u0171veletre, amelynek c\u00e9lja G\u00e1za v\u00e1ros\u00e1nak visszafoglal\u00e1sa volt a Ham\u00e1sz leszerel\u00e9se helyett. Ahogy a kamp\u00e1nyretorika er\u0151s\u00f6d\u00f6tt, az illeg\u00e1lis el\u0151\u0151rs\u00f6k szaporodtak, a bont\u00e1sok \u00e9s kilakoltat\u00e1sok folytat\u00f3dtak Ciszjord\u00e1ni\u00e1ban \u00e9s Kelet-Jeruzs\u00e1lemben, \u00e9s G\u00e1za hal\u00e1los \u00e1ldozatainak sz\u00e1ma ism\u00e9t kib\u0151v\u00fclt a sz\u0171kebb \u201ec\u00e9lzott mer\u00e9nylet\u201d keret\u00e9n t\u00fal, bele\u00e9rtve a gazd\u00e1lkod\u00f3kat, a k\u00e9zbes\u00edt\u0151ket, a hal\u00e1szokat \u00e9s a gyerekeket is.<\/p>\n<h2 id=\"gaza-s-killings-returns-to-its-old-shape\"><span dir=\"auto\">A g\u00e1zai gyilkoss\u00e1gok visszat\u00e9rnek r\u00e9gi form\u00e1jukba<\/span><\/h2>\n<p>A Trump \u00e1ltal kinevezett B\u00e9ketan\u00e1ccsal folytatott t\u00e1rgyal\u00e1sokat megel\u0151z\u0151 r\u00f6vid sz\u00fcnetet k\u00f6vet\u0151en Izrael a g\u00e1zai csap\u00e1sok visszat\u00e9r\u00e9s\u00e9t a Ham\u00e1sz egy\u00e9nileg megnevezett \u201eparancsnokainak\u201d c\u00e9lba v\u00e9tel\u00e9re \u00e1ll\u00edtotta be , b\u00e1r a gyakorlatban ez a g\u00e1zai rend\u0151rs\u00e9g tagjait is mag\u00e1ban foglalta.<\/p>\n<p>Ezen a h\u00e9ten f\u00e9lretett\u00e9k ezeket az \u00fcr\u00fcgyeket, mivel az \u00e1ldozatok sz\u00e1ma ism\u00e9t kiterjedt G\u00e1za lakoss\u00e1g\u00e1ra. Augusztus 28-\u00e1n egy dr\u00f3n meg\u00f6lt az Abdin csal\u00e1d h\u00e1rom tagj\u00e1t, mik\u00f6zben al-Karar\u00e1ban f\u00f6ldet m\u0171veltek. Egy m\u00e1sik f\u00e9rfi \u00e1ll\u00edt\u00f3lag m\u00e1snap, augusztus 29-\u00e9n halt meg Deir el-Balah k\u00f6zel\u00e9ben. K\u00fcl\u00f6n t\u00e1mad\u00e1sokban legal\u00e1bb n\u00e9gy k\u00e9zbes\u00edt\u0151k\u00e9nt vagy elektromos ker\u00e9kp\u00e1rral k\u00f6zleked\u0151 ember vesztette \u00e9let\u00e9t, egy quadkopter pedig bomb\u00e1t dobott gyerekekre, akik vizet gy\u0171jt\u00f6ttek egy \u00fatkeresztez\u0151d\u00e9s k\u00f6zel\u00e9ben G\u00e1za v\u00e1ros t\u00f6rt\u00e9nelmi Tuffah negyed\u00e9ben.<\/p>\n<p>Augusztus 30-\u00e1n egy Deir el-Balah-t\u00f3l nyugatra fekv\u0151 p\u00e9ks\u00e9g k\u00f6zel\u00e9ben v\u00e9grehajtott csap\u00e1sban meghalt Husz\u00e1m Oszama Nasir \u00e9s a h\u00e1rom\u00e9ves Tim Sza\u00edd Mahm\u00fad Hamdan. Augusztus 31-\u00e9n k\u00e9t palesztin vesztette \u00e9let\u00e9t \u00e9s t\u00f6bben megsebes\u00fcltek egy izraeli l\u00e9gicsap\u00e1sban, amely egy lak\u00f3\u00e9p\u00fclet bej\u00e1rat\u00e1t c\u00e9lozta meg G\u00e1za v\u00e1ros \u00d6nkorm\u00e1nyzati Parkja k\u00f6zel\u00e9ben.<\/p>\n<p><img decoding=\"async\" class=\"alignnone size-large wp-image-4733 lazyload\" data-src=\"https:\/\/antipropaganda.hu\/wp-content\/uploads\/2026\/09\/Gaza-death-count-1788179873-819x1024.webp\" alt=\"\" width=\"696\" height=\"870\" title=\"\" data-srcset=\"https:\/\/antipropaganda.hu\/wp-content\/uploads\/2026\/09\/Gaza-death-count-1788179873-819x1024.webp 819w, https:\/\/antipropaganda.hu\/wp-content\/uploads\/2026\/09\/Gaza-death-count-1788179873-240x300.webp 240w, https:\/\/antipropaganda.hu\/wp-content\/uploads\/2026\/09\/Gaza-death-count-1788179873-768x960.webp 768w, https:\/\/antipropaganda.hu\/wp-content\/uploads\/2026\/09\/Gaza-death-count-1788179873-10x12.webp 10w, https:\/\/antipropaganda.hu\/wp-content\/uploads\/2026\/09\/Gaza-death-count-1788179873-336x420.webp 336w, https:\/\/antipropaganda.hu\/wp-content\/uploads\/2026\/09\/Gaza-death-count-1788179873-150x187.webp 150w, https:\/\/antipropaganda.hu\/wp-content\/uploads\/2026\/09\/Gaza-death-count-1788179873-300x375.webp 300w, https:\/\/antipropaganda.hu\/wp-content\/uploads\/2026\/09\/Gaza-death-count-1788179873-696x870.webp 696w, https:\/\/antipropaganda.hu\/wp-content\/uploads\/2026\/09\/Gaza-death-count-1788179873-1068x1335.webp 1068w, https:\/\/antipropaganda.hu\/wp-content\/uploads\/2026\/09\/Gaza-death-count-1788179873-600x750.webp 600w, https:\/\/antipropaganda.hu\/wp-content\/uploads\/2026\/09\/Gaza-death-count-1788179873.webp 1081w\" data-sizes=\"auto\" src=\"data:image\/svg+xml;base64,PHN2ZyB3aWR0aD0iMSIgaGVpZ2h0PSIxIiB4bWxucz0iaHR0cDovL3d3dy53My5vcmcvMjAwMC9zdmciPjwvc3ZnPg==\" style=\"--smush-placeholder-width: 696px; --smush-placeholder-aspect-ratio: 696\/870;\" data-original-sizes=\"(max-width: 696px) 100vw, 696px\" \/><\/p>\n<p>K\u00f3rh\u00e1zakat is tal\u00e1lat \u00e9rt. Augusztus 29-\u00e9n egy dr\u00f3n csap\u00f3dott be egy gy\u00f3gyszerrakt\u00e1rba a Deir el-Balah-i al-Aksza M\u00e1rt\u00edrok K\u00f3rh\u00e1z\u00e1ban, h\u00e1rmat megsebes\u00edtve. A k\u00f3rh\u00e1z tisztvisel\u0151i arr\u00f3l is besz\u00e1moltak, hogy a r\u00e1kellenes gy\u00f3gyszerek teljesen kifogytak, miut\u00e1n egy becsap\u00f3d\u00e1s megrong\u00e1lta a k\u00f3rh\u00e1z v\u00edztart\u00e1lyait \u00e9s laborat\u00f3riumi berendez\u00e9seit.<\/p>\n<p>A napi csap\u00e1sokon t\u00fal Amir Bohbot izraeli \u00fajs\u00e1g\u00edr\u00f3 a Walla Newsban arr\u00f3l sz\u00e1molt be, hogy Izrael katonai vezet\u00e9se most \u201eelker\u00fclhetetlennek\u201d tartja a G\u00e1za v\u00e1ros visszafoglal\u00e1s\u00e1ra ir\u00e1nyul\u00f3 sz\u00e1razf\u00f6ldi m\u0171veletet. A terv, amelyet az izraeli hadsereg g\u00e1zai hat\u00e1ron folytatott katonai m\u0171veleteket fel\u00fcgyel\u0151 d\u00e9li parancsnoks\u00e1g\u00e1nak vezet\u0151je mutatott be, mag\u00e1ban foglaln\u00e1 a lakosok evaku\u00e1l\u00e1s\u00e1t \u00faj \u201ehumanit\u00e1rius z\u00f3n\u00e1kba\u201d, de az okt\u00f3beri v\u00e1laszt\u00e1sok ut\u00e1nra id\u0151z\u00edtett\u00e9k.<\/p>\n<p>A g\u00e1zai eg\u00e9szs\u00e9g\u00fcgyi miniszt\u00e9rium a m\u00falt h\u00e9ten tov\u00e1bbi 32 hal\u00e1lesetet jelentett, \u00edgy az okt\u00f3beri \u201et\u0171zsz\u00fcnet\u201d \u00f3ta eltelt id\u0151 \u00f3ta az \u00e1ldozatok sz\u00e1ma augusztus 31-ig legal\u00e1bb 1320-ra emelkedett, a 2023 okt\u00f3bere \u00f3ta \u00f6sszes\u00edtett hal\u00e1los \u00e1ldozatok sz\u00e1ma pedig 73 456-ra. Az ENSZ Humanit\u00e1rius \u00dcgyek Koordin\u00e1ci\u00f3s Hivatal\u00e1nak (OCHA) legfrissebb humanit\u00e1rius helyzetjelent\u00e9se szerint G\u00e1za lakoss\u00e1g\u00e1nak mintegy 58 sz\u00e1zal\u00e9ka tov\u00e1bbra is \u201ekritikus vagy katasztrof\u00e1lis\u201d mened\u00e9kk\u00f6r\u00fclm\u00e9nyekkel n\u00e9z szembe.<\/p>\n<h2 id=\"a-widening-map-of-settler-violence\"><span dir=\"auto\">A telepesek er\u0151szak\u00e1nak egyre b\u0151v\u00fcl\u0151 t\u00e9rk\u00e9pe<\/span><\/h2>\n<p>Ek\u00f6zben Ciszjord\u00e1ni\u00e1ban folytat\u00f3dtak a telepesek er\u0151fesz\u00edt\u00e9sei, hogy er\u0151szakkal elt\u00e1vol\u00edts\u00e1k a palesztinokat otthonaikb\u00f3l a folyamatban l\u00e9v\u0151 pogrom r\u00e9szek\u00e9nt , t\u00f6bbek k\u00f6z\u00f6tt al-Mughayyirben, egy Ramallaht\u00f3l \u00e9szakkeletre fekv\u0151 faluban, amelyet katon\u00e1k \u00e9s maszkos telepesek k\u00f6z\u00f6sen rajta\u00fct\u00f6ttek augusztus 30-\u00e1n este.<\/p>\n<p>A katon\u00e1k n\u00e9gy lakost lel\u0151ttek, lez\u00e1rva a falu egyetlen bej\u00e1rat\u00e1t, mik\u00f6zben a telepesek ostrom al\u00e1 vettek egy h\u00e1zat \u00e9s ellopott holmit pakoltak egy kisteheraut\u00f3ra.<\/p>\n<p>Al-Mughayyir \u00e9s Kuszra telep\u00fcl\u00e9seken t\u00fal \u2013 ahol az izraeli hat\u00f3s\u00e1gok augusztus 27-\u00e9n h\u00e1rom \u00faj f\u00e9m \u00fatz\u00e1rat emeltek a Ras al-Ain dombtet\u0151 k\u00f6r\u00fcl \u2013 a telepesek er\u0151szakos cselekm\u00e9nye ezen a h\u00e9ten t\u00f6bb tucat incidensre terjedt ki, a Wafa palesztin h\u00edr\u00fcgyn\u00f6ks\u00e9g \u00e9s az OCHA jelent\u00e9sei szerint. Hebront\u00f3l d\u00e9lre, al-Karmelben katon\u00e1k augusztus 27-\u00e9n t\u00fczet nyitottak egy esk\u00fcv\u0151r\u0151l hazafel\u00e9 tart\u00f3 j\u00e1rm\u0171re, megsebes\u00edtve Sanaa Abu Aramot, Doaa al-Hroust \u00e9s a 14 \u00e9ves Lana al-Hroust.<\/p>\n<p>A Nabluszt\u00f3l d\u00e9lre fekv\u0151 Beit\u00e1ban telepesek augusztus 30-\u00e1n h\u00e1zakat t\u00e1madtak meg \u00e9s fosztottak ki; az izraeli B&#8217;Tselem nem korm\u00e1nyzati szervezet szerint az ilyen vandalizmus \u201erutinszer\u0171\u201d \u00e9s \u201eaz izraeli hat\u00f3s\u00e1gok teljes t\u00e1mogat\u00e1s\u00e1val\u201d t\u00f6rt\u00e9nik, a katon\u00e1k n\u00e9ha r\u00e9szt vesznek, m\u00e1skor pedig egyszer\u0171en csak t\u00e9tlen\u00fcl \u00e1llnak.<\/p>\n<p>Augusztus 30-\u00e1n k\u00e9s\u0151 este k\u00e9t palesztint \u00f6ltek meg, egyet pedig \u0151rizetbe vettek egy nablusi razzi\u00e1ban. A megsz\u00e1llt Ciszjord\u00e1nia m\u00e1s r\u00e9szein t\u00f6rt\u00e9nt incidensek sora mellett a telepesek felgy\u00fajtottak egy ligetet Turmus Ayy\u00e1ban, R\u00e1mall\u00e1ht\u00f3l \u00e9szakra, megt\u00e1madtak egy volt betlehemi korm\u00e1nyz\u00f3t, megvertek k\u00e9t id\u0151s n\u0151v\u00e9rt, akik f\u00fcg\u00e9t szedtek Szilv\u00e1dban, elraboltak egy brit v\u00e9delmez\u0151 aktivist\u00e1t Masafer Yatt\u00e1ban, \u00e9s megfosztott\u00e1k a kapukat a palesztin term\u0151f\u00f6ldekt\u0151l Betlehemt\u0151l d\u00e9lkeletre \u2013 \u00edrja a Wafa \u00e9s a helyi aktivist\u00e1k jelent\u00e9sei.<\/p>\n<h2 id=\"land-seizures-outposts-and-demolitions\"><span dir=\"auto\">F\u00f6ldfoglal\u00e1sok, el\u0151\u0151rs\u00f6k \u00e9s bont\u00e1sok<\/span><\/h2>\n<p>Mindek\u00f6zben az izraeli \u00e1llam felgyors\u00edtotta a f\u00f6ldfoglal\u00e1sokat, amelyek\u00e9rt Szmotrich most kamp\u00e1nyol. Izrael katonai parancsot adott ki, amelyben elfoglalta a R\u00e1mall\u00e1h k\u00fclv\u00e1ros\u00e1ban fekv\u0151 al-Bireh k\u00f6rny\u00e9k\u00e9t, hogy egy \u201ebiztons\u00e1gi \u00fatvonallal\u201d k\u00f6r\u00fclvegye a k\u00f6zeli Psagot telep\u00fcl\u00e9st \u2013 ami a nemzetk\u00f6zi jog szerint illeg\u00e1lis. Ez egyike a 2023 okt\u00f3bere \u00f3ta kiadott 46 ilyen pufferz\u00f3na-rendeletnek, der\u00fcl ki a Gyarmatos\u00edt\u00e1si \u00e9s Fal Ellen\u00e1ll\u00e1si Bizotts\u00e1g \u00e1ltal megosztott t\u00e9rk\u00e9pek \u00e9s dokumentumok szerint.<\/p>\n<p>A Betlehemt\u0151l nyugatra fekv\u0151 Nahalinban a telepesek elegyengett\u00e9k a f\u00f6ldet, hogy kib\u0151v\u00edts\u00e9k Beitar Illit v\u00e1ros\u00e1t, egy helyi forr\u00e1s szerint a telep\u00fcl\u00e9s adminisztr\u00e1ci\u00f3j\u00e1nak k\u00f6zvetlen fel\u00fcgyelete alatt. A Wafa szerint hasonl\u00f3 munk\u00e1latok kezd\u0151dtek al-Minja k\u00f6zel\u00e9ben is, hogy egy el\u0151\u0151rs\u00f6t teljes \u00e9rt\u00e9k\u0171 telep\u00fcl\u00e9ss\u00e9 alak\u00edtsanak.<\/p>\n<p>A Peace Now izraeli megfigyel\u0151csoport k\u00fcl\u00f6n arr\u00f3l sz\u00e1molt be, hogy a telepesek legal\u00e1bb 26 \u00faj el\u0151\u0151rs\u00f6t hoztak l\u00e9tre kifejezetten a B z\u00f3n\u00e1n bel\u00fcl \u2013 n\u00e9vleg teljes vagy r\u00e9szleges palesztin polg\u00e1ri k\u00f6zigazgat\u00e1s alatt \u2013 az elm\u00falt k\u00e9t \u00e9s f\u00e9l \u00e9vben, \u00e9s az A \u00e9s B z\u00f3n\u00e1ban \u00f6sszesen t\u00f6bb mint 100 n\u00e9gyzetkilom\u00e9ter (39 n\u00e9gyzetm\u00e9rf\u00f6ld) van telepesek ellen\u0151rz\u00e9se alatt.<\/p>\n<p>Ahogy illeg\u00e1lis izraeli el\u0151\u0151rs\u00f6ket \u00e9p\u00edtettek vagy b\u0151v\u00edtettek, a palesztin h\u00e1zak lebont\u00e1sa folytat\u00f3dott. Augusztus 31-\u00e9n az izraeli er\u0151k leromboltak k\u00e9t h\u00e1zat Nablusz v\u00e1ros\u00e1ban, \u00e9s nagyszab\u00e1s\u00fa bont\u00e1sokba kezdtek Birzeit al-Saqi negyed\u00e9ben, R\u00e1mall\u00e1ht\u00f3l \u00e9szakra, a Wafa szerint. A bizotts\u00e1g csak j\u00faliusban 80 izraeli bont\u00e1si m\u0171veletr\u0151l sz\u00e1molt be.<\/p>\n<p>Kuszr\u00e1n\u00e1l augusztus 29-\u00e9n t\u00f6bb tucat telepes ism\u00e9t megrohamozta az ostromlott ter\u00fcletet , k\u00f6vekkel t\u00e1madva egy \u00e9p\u00fcl\u0151f\u00e9lben l\u00e9v\u0151 h\u00e1zat. Amikor a katon\u00e1k k\u00f6r\u00fclbel\u00fcl 40 perccel k\u00e9s\u0151bb meg\u00e9rkeztek, a telepesek helyett a palesztin lakosokat tart\u00f3ztatt\u00e1k le \u00e9s vert\u00e9k meg, akik \u00edgy letart\u00f3ztat\u00e1s n\u00e9lk\u00fcl t\u00e1voztak. Netanjahu a telepesek er\u0151szakos cselekedeteit ritk\u00e1n el\u00edt\u00e9lve \u201eegy maroknyi l\u00e1zad\u00f3nak\u201d nevezte a t\u00e1mad\u00f3kat \u2013 de nem eml\u00edtette a fosztogat\u00f3 telepesek letart\u00f3ztat\u00e1s\u00e1nak hi\u00e1ny\u00e1t a k\u00f6rny\u00e9ken.<\/p>","protected":false},"excerpt":{"rendered":"<p>Izraeli miniszterek mesters\u00e9ges intelligencia \u00e1ltal kiadott hirdet\u00e9sekkel fokozz\u00e1k kamp\u00e1nyretorik\u00e1jukat, mik\u00f6zben a G\u00e1zai \u00f6vezetben v\u00e9grehajtott t\u00e1mad\u00e1sok kisz\u00e9lesednek a szoros okt\u00f3beri v\u00e1laszt\u00e1sok el\u0151tt. Az okt\u00f3beri v\u00e1laszt\u00e1sok el\u0151tt, amelyeken Benjamin Netanjahu minisztereln\u00f6k blokkja lemaradt a k\u00f6zv\u00e9lem\u00e9ny-kutat\u00e1sokban, a sz\u00e9ls\u0151jobboldali izraeli miniszterek az elm\u00falt h\u00e9ten kamp\u00e1nyanyagg\u00e1 alak\u00edtott\u00e1k a megsz\u00e1ll\u00e1s g\u00e9pezet\u00e9t \u2013 nemcsak politikak\u00e9nt, hanem maga az \u00fczenetk\u00e9nt is. Bezalel Smotrich [&hellip;]<\/p>\n","protected":false},"author":1,"featured_media":4732,"comment_status":"open","ping_status":"closed","sticky":false,"template":"","format":"standard","meta":{"rs_blank_template":"","rs_page_bg_color":"","slide_template_v7":"","_monsterinsights_skip_tracking":false,"wpai_generated_summary":"","tdm_status":"","tdm_grid_status":"","footnotes":""},"categories":[31,13],"tags":[115,103,162,161,139,100,96,153,155,154,114,105,104,156],"class_list":["post-4731","post","type-post","status-publish","format-standard","has-post-thumbnail","category-izrael-igazi-arca","category-politics","tag-ciszjordania","tag-gaza","tag-gaza-haboru","tag-gazai-haboru","tag-gazai-ovezet","tag-hasbara","tag-izrael","tag-kozel-kelet","tag-mediaelemzes","tag-nemzetkozi-kapcsolatok","tag-netanjhau","tag-palesztin","tag-palesztina","tag-vilagpolitika"],"_links":{"self":[{"href":"https:\/\/antipropaganda.hu\/en\/wp-json\/wp\/v2\/posts\/4731","targetHints":{"allow":["GET"]}}],"collection":[{"href":"https:\/\/antipropaganda.hu\/en\/wp-json\/wp\/v2\/posts"}],"about":[{"href":"https:\/\/antipropaganda.hu\/en\/wp-json\/wp\/v2\/types\/post"}],"author":[{"embeddable":true,"href":"https:\/\/antipropaganda.hu\/en\/wp-json\/wp\/v2\/users\/1"}],"replies":[{"embeddable":true,"href":"https:\/\/antipropaganda.hu\/en\/wp-json\/wp\/v2\/comments?post=4731"}],"version-history":[{"count":0,"href":"https:\/\/antipropaganda.hu\/en\/wp-json\/wp\/v2\/posts\/4731\/revisions"}],"wp:featuredmedia":[{"embeddable":true,"href":"https:\/\/antipropaganda.hu\/en\/wp-json\/wp\/v2\/media\/4732"}],"wp:attachment":[{"href":"https:\/\/antipropaganda.hu\/en\/wp-json\/wp\/v2\/media?parent=4731"}],"wp:term":[{"taxonomy":"category","embeddable":true,"href":"https:\/\/antipropaganda.hu\/en\/wp-json\/wp\/v2\/categories?post=4731"},{"taxonomy":"post_tag","embeddable":true,"href":"https:\/\/antipropaganda.hu\/en\/wp-json\/wp\/v2\/tags?post=4731"}],"curies":[{"name":"wp","href":"https:\/\/api.w.org\/{rel}","templated":true}]}}