{"id":4726,"date":"2026-09-01T10:42:42","date_gmt":"2026-09-01T08:42:42","guid":{"rendered":"https:\/\/antipropaganda.hu\/?p=4726"},"modified":"2026-09-01T10:42:42","modified_gmt":"2026-09-01T08:42:42","slug":"izraeli-erok-leromboltak-hazakat-ciszjordaniaban-mikozben-az-eu-a-telepekrol-szarmazo-aruk-behozatalanak-tilalmat-fontolgatja","status":"publish","type":"post","link":"https:\/\/antipropaganda.hu\/en\/izraeli-erok-leromboltak-hazakat-ciszjordaniaban-mikozben-az-eu-a-telepekrol-szarmazo-aruk-behozatalanak-tilalmat-fontolgatja\/","title":{"rendered":"Izraeli er\u0151k leromboltak h\u00e1zakat Ciszjord\u00e1ni\u00e1ban, mik\u00f6zben az EU a telepekr\u0151l sz\u00e1rmaz\u00f3 \u00e1ruk behozatal\u00e1nak tilalm\u00e1t fontolgatja."},"content":{"rendered":"<p><strong>A megsz\u00e1llt Ciszjord\u00e1ni\u00e1ban folytat\u00f3dnak a pogromok, az izraeli er\u0151k Birzeitben \u00e9s Nabluszban h\u00e1zakat rombolnak le, a telepesek pedig palesztinokat t\u00e1madnak.<\/strong><\/p>\n<p>Az izraeli er\u0151k \u00fajabb palesztin h\u00e1zakat romboltak le a megsz\u00e1llt Ciszjord\u00e1ni\u00e1ban, mik\u00f6zben a telepesek megt\u00e1madt\u00e1k Burka falu lak\u00f3it az okt\u00f3beri izraeli v\u00e1laszt\u00e1sok el\u0151tti er\u0151szak fokoz\u00f3d\u00e1sa sor\u00e1n.<\/p>\n<p>A h\u00e9tf\u0151i pogromok akkor t\u00f6rt\u00e9ntek, amikor \u00cdrorsz\u00e1g az illeg\u00e1lis izraeli telepekr\u0151l sz\u00e1rmaz\u00f3 \u00e1rukra kivetett szankci\u00f3kat szorgalmaz az Eur\u00f3pai Uni\u00f3 minisztereinek ezen a h\u00e9ten tartott inform\u00e1lis tal\u00e1lkoz\u00f3j\u00e1n.<\/p>\n<p>A Wafa palesztin h\u00edr\u00fcgyn\u00f6ks\u00e9g jelent\u00e9se szerint Ramallaht\u00f3l \u00e9szakra fekv\u0151 Birzet v\u00e1ros\u00e1ban izraeli katon\u00e1k leromboltak k\u00e9t lak\u00f3\u00e9p\u00fcletet, mondv\u00e1n, hogy hi\u00e1nyoztak a sz\u00fcks\u00e9ges \u00e9p\u00edt\u00e9si enged\u00e9lyek.<\/p>\n<p>Nabluszban az izraeli er\u0151k buld\u00f3zerrel romboltak le egy k\u00e9tszintes h\u00e1zat \u00e9s egy \u00e9p\u00fcl\u0151f\u00e9lben l\u00e9v\u0151 h\u00e1romszintes \u00e9p\u00fcletet.<\/p>\n<p>R\u00e1mall\u00e1ht\u00f3l keletre, Burk\u00e1ban az Al Jazeera \u00e1ltal ellen\u0151rz\u00f6tt vide\u00f3n l\u00e1that\u00f3, ahogy egy nagy csoport telepes fosztogatja a falut \u00e9s palesztinokat t\u00e1mad. Az egyik felv\u00e9telen a telepesek \u00e9s a palesztinok k\u00f6veket dob\u00e1lnak egym\u00e1sra.<\/p>\n<p>Szemtan\u00fak szerint a telepesek h\u00e9tf\u0151 este t\u00f6bb ir\u00e1nyb\u00f3l is behatoltak a faluba, miel\u0151tt megt\u00e1madt\u00e1k a lakosokat, megpr\u00f3b\u00e1ltak aut\u00f3kat felgy\u00fajtani \u00e9s \u00e1llat\u00e1llom\u00e1nyt lopni.<\/p>\n<p><figure id=\"attachment_4727\" aria-describedby=\"caption-attachment-4727\" style=\"width: 770px\" class=\"wp-caption alignnone\"><img decoding=\"async\" class=\"wp-image-4727 size-full\" src=\"https:\/\/antipropaganda.hu\/wp-content\/uploads\/2026\/09\/57ab852fac8a4b3dbc851dfe89553c7e_18.webp\" alt=\"\" width=\"770\" height=\"433\" title=\"\" srcset=\"https:\/\/antipropaganda.hu\/wp-content\/uploads\/2026\/09\/57ab852fac8a4b3dbc851dfe89553c7e_18.webp 770w, https:\/\/antipropaganda.hu\/wp-content\/uploads\/2026\/09\/57ab852fac8a4b3dbc851dfe89553c7e_18-300x169.webp 300w, https:\/\/antipropaganda.hu\/wp-content\/uploads\/2026\/09\/57ab852fac8a4b3dbc851dfe89553c7e_18-768x432.webp 768w, https:\/\/antipropaganda.hu\/wp-content\/uploads\/2026\/09\/57ab852fac8a4b3dbc851dfe89553c7e_18-18x10.webp 18w, https:\/\/antipropaganda.hu\/wp-content\/uploads\/2026\/09\/57ab852fac8a4b3dbc851dfe89553c7e_18-747x420.webp 747w, https:\/\/antipropaganda.hu\/wp-content\/uploads\/2026\/09\/57ab852fac8a4b3dbc851dfe89553c7e_18-150x84.webp 150w, https:\/\/antipropaganda.hu\/wp-content\/uploads\/2026\/09\/57ab852fac8a4b3dbc851dfe89553c7e_18-696x391.webp 696w, https:\/\/antipropaganda.hu\/wp-content\/uploads\/2026\/09\/57ab852fac8a4b3dbc851dfe89553c7e_18-600x337.webp 600w\" sizes=\"(max-width: 770px) 100vw, 770px\" \/><figcaption id=\"caption-attachment-4727\" class=\"wp-caption-text\">Egy falra festett t\u00e1bla a megsz\u00e1llt ciszjord\u00e1niai Betlehem v\u00e1ros\u00e1ban, amely az megsz\u00e1llt ter\u00fcleten k\u00e9sz\u00fclt izraeli term\u00e9kek betilt\u00e1s\u00e1t k\u00f6veteli [Thomas Coex\/AFP]<\/figcaption><\/figure>Az ENSZ emberi jogi hivatala a m\u00falt h\u00f3napban kijelentette, hogy a telepesek er\u0151szakos elnyom\u00e1sa \u201eminden id\u0151k legmagasabb szintj\u00e9n\u201d van, \u00faj telepeket hagynak j\u00f3v\u00e1, \u00e9s a telepesek az izraeli hadsereggel gyakran egy\u00fctt l\u00e9pnek fel a palesztin k\u00f6z\u00f6ss\u00e9gek ellen.<\/p>\n<p>A telepesek er\u0151szakos cselekm\u00e9nye \u00e9s a telepek b\u0151v\u00edt\u00e9se szerepel az EU k\u00fcl\u00fcgyminisztereinek kedden kezd\u0151d\u0151 k\u00e9tnapos \u00edrorsz\u00e1gi tal\u00e1lkoz\u00f3j\u00e1nak napirendj\u00e9n.<\/p>\n<p>\u00cdrorsz\u00e1g, amely az EU Tan\u00e1cs\u00e1nak soros eln\u00f6ks\u00e9g\u00e9t t\u00f6lti be, \u00e9s maga is kezdem\u00e9nyezte a telepekr\u0151l sz\u00e1rmaz\u00f3 \u00e1ruk betilt\u00e1s\u00e1t, azt szeretn\u00e9, ha a tag\u00e1llamok egy\u00fcttm\u0171k\u00f6dn\u00e9nek.<\/p>\n<p>A Reuters h\u00edr\u00fcgyn\u00f6ks\u00e9g jelent\u00e9se szerint a t\u00e1rgyal\u00e1sok v\u00e1rhat\u00f3an a j\u00faliusi br\u00fcsszeli megbesz\u00e9l\u00e9sekre \u00e9p\u00fclnek majd, amelyek az Eur\u00f3pai Bizotts\u00e1g bizalmas dokumentum\u00e1n alapulnak, amely h\u00e1rom lehet\u0151s\u00e9get v\u00e1zol fel, k\u00f6zt\u00fck egy importenged\u00e9lyez\u00e9si rendszert, tilt\u00f3 v\u00e1mokat vagy egy teljes tilalmat.<\/p>\n<p>Az EU szab\u00e1lyai el\u0151\u00edrj\u00e1k, hogy az illeg\u00e1lis ciszjord\u00e1niai telepekr\u0151l sz\u00e1rmaz\u00f3 \u00e1rukat a megsz\u00e1llt ter\u00fcletr\u0151l sz\u00e1rmaz\u00f3k\u00e9nt, ne pedig Izraelb\u0151l sz\u00e1rmaz\u00f3k\u00e9nt kell c\u00edmk\u00e9zni. A blokk azonban nem tiltotta be a telepekkel folytatott kereskedelmet, ezt az egyes \u00e1llamokra b\u00edzza.<\/p>\n<p>A politik\u00e1r\u00f3l sz\u00f3l\u00f3 d\u00f6nt\u00e9sek r\u00e9g\u00f3ta nehezek a 27 tag\u00e1llam sz\u00e1m\u00e1ra, amelyek m\u00e9lyen megosztotts\u00e1gban vannak Izrael \u00e9s Palesztina k\u00e9rd\u00e9s\u00e9ben.<\/p>\n<p>Neale Richmond \u00edr k\u00fcl\u00fcgyminiszter szerint Izrael palesztin ter\u00fcletek megsz\u00e1ll\u00e1sa \u00e9s a telepesek er\u0151szak\u00e1nak meg\u00e1ll\u00edt\u00e1s\u00e1ra tett mulaszt\u00e1sa s\u00e9rti a nemzetk\u00f6zi jogot.<\/p>\n<p>\u201eL\u00e1tjuk, hogy bizonyos EU-s vagy eur\u00f3pai politikusok nemcsak a telepesek cselekedeteit \u00e9s a telepesek er\u0151szak\u00e1t t\u00e1mogatj\u00e1k, hanem az izraeli korm\u00e1nyt is, amely t\u00e1mogatja \u0151ket\u201d \u2013 mondta. \u201e\u00c9s mi nem lehet\u00fcnk b\u0171nr\u00e9szesek az izraeli korm\u00e1ny cselekedeteiben, amely t\u00e1gabb \u00e9rtelemben v\u00e9ve n\u00e9pirt\u00f3.\u201d<\/p>\n<p>&nbsp;<\/p>\n","protected":false},"excerpt":{"rendered":"<p>A megsz\u00e1llt Ciszjord\u00e1ni\u00e1ban folytat\u00f3dnak a pogromok, az izraeli er\u0151k Birzeitben \u00e9s Nabluszban h\u00e1zakat rombolnak le, a telepesek pedig palesztinokat t\u00e1madnak. Az izraeli er\u0151k \u00fajabb palesztin h\u00e1zakat romboltak le a megsz\u00e1llt Ciszjord\u00e1ni\u00e1ban, mik\u00f6zben a telepesek megt\u00e1madt\u00e1k Burka falu lak\u00f3it az okt\u00f3beri izraeli v\u00e1laszt\u00e1sok el\u0151tti er\u0151szak fokoz\u00f3d\u00e1sa sor\u00e1n. A h\u00e9tf\u0151i pogromok akkor t\u00f6rt\u00e9ntek, amikor \u00cdrorsz\u00e1g az illeg\u00e1lis [&hellip;]<\/p>\n","protected":false},"author":1,"featured_media":4728,"comment_status":"open","ping_status":"closed","sticky":false,"template":"","format":"standard","meta":{"rs_blank_template":"","rs_page_bg_color":"","slide_template_v7":"","_monsterinsights_skip_tracking":false,"wpai_generated_summary":"","tdm_status":"","tdm_grid_status":"","footnotes":""},"categories":[31],"tags":[106,115,140,158,138,96,153,155,154,105,104],"class_list":["post-4726","post","type-post","status-publish","format-standard","has-post-thumbnail","category-izrael-igazi-arca","tag-cionizmus","tag-ciszjordania","tag-europai-unio","tag-gazdasag","tag-gazdasagi-egyuttmukodes","tag-izrael","tag-kozel-kelet","tag-mediaelemzes","tag-nemzetkozi-kapcsolatok","tag-palesztin","tag-palesztina"],"_links":{"self":[{"href":"https:\/\/antipropaganda.hu\/en\/wp-json\/wp\/v2\/posts\/4726","targetHints":{"allow":["GET"]}}],"collection":[{"href":"https:\/\/antipropaganda.hu\/en\/wp-json\/wp\/v2\/posts"}],"about":[{"href":"https:\/\/antipropaganda.hu\/en\/wp-json\/wp\/v2\/types\/post"}],"author":[{"embeddable":true,"href":"https:\/\/antipropaganda.hu\/en\/wp-json\/wp\/v2\/users\/1"}],"replies":[{"embeddable":true,"href":"https:\/\/antipropaganda.hu\/en\/wp-json\/wp\/v2\/comments?post=4726"}],"version-history":[{"count":0,"href":"https:\/\/antipropaganda.hu\/en\/wp-json\/wp\/v2\/posts\/4726\/revisions"}],"wp:featuredmedia":[{"embeddable":true,"href":"https:\/\/antipropaganda.hu\/en\/wp-json\/wp\/v2\/media\/4728"}],"wp:attachment":[{"href":"https:\/\/antipropaganda.hu\/en\/wp-json\/wp\/v2\/media?parent=4726"}],"wp:term":[{"taxonomy":"category","embeddable":true,"href":"https:\/\/antipropaganda.hu\/en\/wp-json\/wp\/v2\/categories?post=4726"},{"taxonomy":"post_tag","embeddable":true,"href":"https:\/\/antipropaganda.hu\/en\/wp-json\/wp\/v2\/tags?post=4726"}],"curies":[{"name":"wp","href":"https:\/\/api.w.org\/{rel}","templated":true}]}}