{"id":4723,"date":"2026-09-01T10:35:32","date_gmt":"2026-09-01T08:35:32","guid":{"rendered":"https:\/\/antipropaganda.hu\/?p=4723"},"modified":"2026-09-01T10:35:32","modified_gmt":"2026-09-01T08:35:32","slug":"luxemburg-visszavonta-az-izraeli-kotvenykibocsatas-jovahagyasat-mit-jelent-ez","status":"publish","type":"post","link":"https:\/\/antipropaganda.hu\/en\/luxemburg-visszavonta-az-izraeli-kotvenykibocsatas-jovahagyasat-mit-jelent-ez\/","title":{"rendered":"Luxemburg visszavonta az izraeli k\u00f6tv\u00e9nykibocs\u00e1t\u00e1s j\u00f3v\u00e1hagy\u00e1s\u00e1t: Mit jelent ez?"},"content":{"rendered":"<p><strong>Izrael j\u00f6v\u0151beli hitelfelv\u00e9tele az EU piacain tov\u00e1bbra is bizonytalan, mivel Luxemburg enged\u00e9lyezte a k\u00f6tv\u00e9nykibocs\u00e1t\u00e1si t\u00e1j\u00e9koztat\u00f3k lej\u00e1rat\u00e1t.<\/strong><\/p>\n<p>Luxemburg nem hosszabb\u00edtja meg az izraeli k\u00f6tv\u00e9nykibocs\u00e1t\u00e1sra vonatkoz\u00f3 enged\u00e9ly\u00e9t, mivel az h\u00e9tf\u0151n lej\u00e1rt, \u00edgy Izrael j\u00f6v\u0151je bizonytalan az eur\u00f3pai piacokon befektet\u0151k\u00f6n kereszt\u00fcl t\u00f6rt\u00e9n\u0151 hitelfelv\u00e9tel tekintet\u00e9ben.<\/p>\n<p>A m\u00falt h\u00f3napban Gilles Roth luxemburgi p\u00e9nz\u00fcgyminiszter az RTL telev\u00edzi\u00f3nak elmondta, hogy a p\u00e9nz\u00fcgyi szab\u00e1lyoz\u00f3, a Commission de Surveillance du Secteur Financier (CSSF) m\u00e1jusban \u00fagy d\u00f6nt\u00f6tt, hogy nem hosszabb\u00edtja meg a k\u00f6tv\u00e9nykibocs\u00e1t\u00e1si t\u00e1j\u00e9koztat\u00f3 j\u00f3v\u00e1hagy\u00e1s\u00e1t az augusztus 31-i lej\u00e1rati d\u00e1tum ut\u00e1n.<\/p>\n<p>A k\u00f6tv\u00e9nykibocs\u00e1t\u00e1si t\u00e1j\u00e9koztat\u00f3 egy jogi dokumentum, amely r\u00e9szletes inform\u00e1ci\u00f3kat ny\u00fajt a befektet\u0151knek a k\u00f6tv\u00e9nyr\u0151l \u00e9s kibocs\u00e1t\u00f3j\u00e1r\u00f3l, miel\u0151tt azt piacra dobn\u00e1k. A t\u00e1j\u00e9koztat\u00f3t annak a p\u00e9nz\u00fcgyi piacnak a fel\u00fcgyelete alatt k\u00e9sz\u00edtik, amelyben a k\u00f6tv\u00e9nyeket kibocs\u00e1tott\u00e1k \u2013 jelen esetben Luxemburgban.<\/p>\n<p>\u00cdme, amit tudunk.<\/p>\n<h2 id=\"what-are-israel-bonds\"><span dir=\"auto\">Mik azok az izraeli k\u00f6tv\u00e9nyek?<\/span><\/h2>\n<p>Az Izraeli Fejleszt\u00e9si T\u00e1rsas\u00e1g (DCI) \u00e1ltal kibocs\u00e1tott izraeli k\u00f6tv\u00e9nyek az Izraeli \u00c1llam \u00e1ltal kibocs\u00e1tott ad\u00f3ss\u00e1gpap\u00edrok, amelyek egy befektet\u0151 \u00e1ltal az izraeli korm\u00e1nynak ny\u00fajtott k\u00f6lcs\u00f6nt k\u00e9pviselnek. A befektet\u0151k kamatot kapnak a megv\u00e1s\u00e1rolt k\u00f6tv\u00e9nyek ut\u00e1n.<\/p>\n<p>Az izraeli k\u00f6tv\u00e9nyeken kereszt\u00fcl bevont t\u0151ke nem meghat\u00e1rozott c\u00e9lokra van elk\u00fcl\u00f6n\u00edtve, hanem az izraeli korm\u00e1ny teljes finansz\u00edroz\u00e1s\u00e1nak r\u00e9sz\u00e9t k\u00e9pezi, ami azt jelenti, hogy v\u00e9delmi \u00e9s katonai kiad\u00e1sok finansz\u00edroz\u00e1s\u00e1ra haszn\u00e1lhat\u00f3 fel.<\/p>\n<p>A Ham\u00e1sz vezette 2023. okt\u00f3ber 7-i d\u00e9l-izraeli t\u00e1mad\u00e1st \u00e9s az azt k\u00f6vet\u0151 g\u00e1zai n\u00e9pirt\u00f3 h\u00e1bor\u00fa megind\u00edt\u00e1s\u00e1t k\u00f6vet\u0151en az izraeli korm\u00e1ny n\u00f6velte katonai finansz\u00edroz\u00e1s\u00e1t, \u00e9s az izraeli k\u00f6tv\u00e9nyeket vil\u00e1gszerte forgalmazt\u00e1k, mint a \u201eh\u00e1bor\u00faban l\u00e9v\u0151 Izrael t\u00e1mogat\u00e1s\u00e1nak\u201d lehet\u0151s\u00e9g\u00e9t ugyanebben az \u00e9vben. Az Amnesty International szerint az orsz\u00e1g 4,5 milli\u00e1rd doll\u00e1rt gy\u0171jt\u00f6tt a nemzetk\u00f6zi piacokon ezen k\u00f6tv\u00e9nyek elad\u00e1s\u00e1val 2023 okt\u00f3bere \u00e9s 2025 janu\u00e1rja k\u00f6z\u00f6tt.<\/p>\n<p>Az izraeli p\u00e9nz\u00fcgyminiszt\u00e9rium adatai szerint az Eur\u00f3pai Uni\u00f3ban kibocs\u00e1tott izraeli k\u00f6tv\u00e9nyek \u00e9vente k\u00f6r\u00fclbel\u00fcl 2,5 milli\u00e1rd doll\u00e1rt hoznak.<\/p>\n<p>Az EU-orsz\u00e1gok \u00e1ltal birtokolt izraeli k\u00f6tv\u00e9nyek sz\u00e1m\u00e1ra ir\u00e1nyul\u00f3 figyelem fokoz\u00f3dott, mivel az izraeli t\u00e1mad\u00e1sok Libanonban, G\u00e1z\u00e1ban \u00e9s a megsz\u00e1llt Ciszjord\u00e1ni\u00e1ban folytat\u00f3dnak, \u00e9s a kritikusok szerint k\u00f6vetkezetlens\u00e9geket eredm\u00e9nyezett az orsz\u00e1gok Palesztina neh\u00e9z helyzet\u00e9hez val\u00f3 hozz\u00e1\u00e1ll\u00e1s\u00e1ban.<\/p>\n<p>Ugyanabban a h\u00f3napban, amikor Luxemburg \u00e1tvette p\u00e9ld\u00e1ul az izraeli k\u00f6tv\u00e9nyek kibocs\u00e1t\u00e1si t\u00e1j\u00e9koztat\u00f3j\u00e1t, elismerte Palesztina \u00e1llam\u00e1t is.<\/p>\n<h2 id=\"why-is-luxembourg-involved-in-this\"><span dir=\"auto\">Mi\u00e9rt van ehhez k\u00f6ze Luxemburgnak ?<\/span><\/h2>\n<p>Mivel Izrael nem uni\u00f3s orsz\u00e1g, a luxemburgi p\u00e9nz\u00fcgyi szab\u00e1lyoz\u00f3 hat\u00f3s\u00e1g garanciav\u00e1llal\u00f3k\u00e9nt j\u00e1r el az uni\u00f3s befektet\u0151k sz\u00e1m\u00e1ra a t\u00e1j\u00e9koztat\u00f3 j\u00f3v\u00e1hagy\u00e1s\u00e1val \u2013 ez a jogi k\u00f6zz\u00e9t\u00e9teli dokumentum t\u00e1j\u00e9koztatja a potenci\u00e1lis befektet\u0151ket a k\u00f6tv\u00e9nyek kibocs\u00e1t\u00e1s\u00e1r\u00f3l \u00e9s kibocs\u00e1t\u00f3j\u00e1r\u00f3l, miel\u0151tt azokat \u00e9rt\u00e9kes\u00edten\u00e9k.<\/p>\n<p>\u00cdrorsz\u00e1g kor\u00e1bban az izraeli k\u00f6tv\u00e9nyek szab\u00e1lyoz\u00f3 hat\u00f3s\u00e1gak\u00e9nt szolg\u00e1lt, miut\u00e1n az Egyes\u00fclt Kir\u00e1lys\u00e1g, amely kor\u00e1bban bet\u00f6lt\u00f6tte ezt a poz\u00edci\u00f3t, 2020-ban kil\u00e9pett az EU-b\u00f3l.<\/p>\n<p>Miut\u00e1n parlamenti \u00e9s civil csoportok folyamatosan nyom\u00e1st gyakoroltak Izrael g\u00e1zai n\u00e9pirt\u00f3 h\u00e1bor\u00faja miatt, Gabriel Makhlouf, az \u00edr jegybank eln\u00f6ke tavaly szeptemberben meger\u0151s\u00edtette, hogy orsz\u00e1ga nem hosszabb\u00edtja meg a j\u00f3v\u00e1hagy\u00e1st.<\/p>\n<p>Luxemburg ezut\u00e1n \u00e1tvette a t\u00e1j\u00e9koztat\u00f3 j\u00f3v\u00e1hagy\u00e1s\u00e1t.<\/p>\n<p>Claude Marx, a CSSF vez\u00e9rigazgat\u00f3ja azonban a m\u00falt h\u00f3napban azt nyilatkozta az RTL-nek, hogy a t\u00e1j\u00e9koztat\u00f3t tov\u00e1bbi egy \u00e9vig nem hagyj\u00e1k j\u00f3v\u00e1, mondv\u00e1n, hogy a t\u00e1j\u00e9koztat\u00f3 egym\u00e1st k\u00f6vet\u0151 \u00e9vekre t\u00f6rt\u00e9n\u0151 \u00e1truh\u00e1z\u00e1s\u00e1nak elfogad\u00e1sa \u201emegker\u00fcln\u00e9 az eur\u00f3pai szab\u00e1lyokat\u201d.<\/p>\n<p>Az Eur\u00f3pai \u00c9rt\u00e9kpap\u00edr-piaci Hat\u00f3s\u00e1g (ESMA) azonban a h\u00f3nap elej\u00e9n azt nyilatkozta a Luxembourg Timesnak, hogy enged\u00e9lyezi az egym\u00e1st k\u00f6vet\u0151 enged\u00e9ly\u00e1tutal\u00e1sokat.<\/p>\n<p>\u201eIgen, egy nemzeti illet\u00e9kes hat\u00f3s\u00e1g k\u00e9t egym\u00e1st k\u00f6vet\u0151 \u00e9vben is elfogadhatja a j\u00f3v\u00e1hagy\u00e1s \u00e1truh\u00e1z\u00e1s\u00e1t\u201d \u2013 mondta egy sz\u00f3viv\u0151, hangs\u00falyozva, hogy a rendelet \u00e1ltal\u00e1nos alkalmaz\u00e1s\u00e1val kapcsolatban nyilatkoztak.<\/p>\n<h2 id=\"what-does-this-mean-for-israel\"><span dir=\"auto\">Mit jelent ez Izrael sz\u00e1m\u00e1ra?<\/span><\/h2>\n<p>Mivel Luxemburg m\u00e1r nem hagyja j\u00f3v\u00e1 a t\u00e1j\u00e9koztat\u00f3t, Izraelnek most egy m\u00e1sik EU-s orsz\u00e1got kell meggy\u0151znie az \u00e1tv\u00e9telr\u0151l, ha tov\u00e1bbra is k\u00f6tv\u00e9nykibocs\u00e1t\u00e1st akar folytatni az EU piac\u00e1n.<\/p>\n<p>Egyel\u0151re nem vil\u00e1gos, hogy melyik orsz\u00e1g lenne hajland\u00f3 erre.<\/p>\n<p>Ek\u00f6zben Izrael tov\u00e1bbra is hozz\u00e1f\u00e9rhet a vil\u00e1g m\u00e1s piacaihoz k\u00f6tv\u00e9nyek kibocs\u00e1t\u00e1s\u00e1ra \u2013 nevezetesen f\u0151 sz\u00f6vets\u00e9ges\u00e9hez, az Egyes\u00fclt \u00c1llamokhoz. 1951 \u00f3ta a DCI doll\u00e1rmilli\u00e1rdokat gy\u0171jt\u00f6tt \u00f6ssze k\u00f6tv\u00e9nyeken kereszt\u00fcl az amerikai p\u00e9nz\u00fcgyi piacon \u2013 k\u00f6r\u00fclbel\u00fcl \u00e9vi 2,5 milli\u00e1rd doll\u00e1rt.<\/p>\n<h2 id=\"what-pressure-has-there-been-on-countries-issuing-israeli-bonds\"><span dir=\"auto\">Milyen nyom\u00e1s nehezedik az izraeli k\u00f6tv\u00e9nyeket kibocs\u00e1t\u00f3 orsz\u00e1gokra?<\/span><\/h2>\n<p>J\u00faliusban az Amnesty International felsz\u00f3l\u00edtotta Luxemburgot, \u00cdrorsz\u00e1got \u00e9s az \u00f6sszes EU-tag\u00e1llamot, hogy \u00e1ll\u00edts\u00e1k le az izraeli k\u00f6tv\u00e9nyek \u00e9rt\u00e9kes\u00edt\u00e9s\u00e9t, k\u00fcl\u00f6nben \u201ekock\u00e1ztatj\u00e1k a b\u0171nr\u00e9szess\u00e9get Izrael folyamatos n\u00e9pirt\u00e1s\u00e1ban a palesztinok ellen a G\u00e1zai \u00f6vezetben\u201d.<\/p>\n<p>Steve Cockburn, az Amnesty International eur\u00f3pai region\u00e1lis igazgat\u00f3ja egy nyilv\u00e1nos nyilatkozatban kijelentette, hogy Izrael \u201eegyre ink\u00e1bb k\u00fclf\u00f6ldi befektet\u00e9sekre t\u00e1maszkodik n\u00e9pirt\u00e1sa, apartheidje \u00e9s jogellenes megsz\u00e1ll\u00e1sa finansz\u00edroz\u00e1s\u00e1ban, valamint a palesztinok elleni b\u0171ncselekm\u00e9nyeinek finansz\u00edroz\u00e1s\u00e1ban\u201d.<\/p>\n<p>\u201eAz izraeli k\u00f6tv\u00e9nyek n\u00f6velik a korm\u00e1ny rendelkez\u00e9s\u00e9re \u00e1ll\u00f3 forr\u00e1sokat, \u00e9s ez\u00e1ltal seg\u00edtenek finansz\u00edrozni Izrael n\u00e9pirt\u00e1s\u00e1t a palesztinok ellen a megsz\u00e1llt G\u00e1zai \u00f6vezetben, amely eg\u00e9sz csal\u00e1dokat irtott ki, a polg\u00e1ri infrastrukt\u00far\u00e1t, bele\u00e9rtve a k\u00f3rh\u00e1zakat \u00e9s az iskol\u00e1kat, lerombolta, \u00e9s a lakoss\u00e1g 90 sz\u00e1zal\u00e9k\u00e1t er\u0151szakkal kitelep\u00edtett\u00e9k, otthonaik romokban hevernek\u201d \u2013 mondta.<\/p>\n<p>\u201eEzeknek a k\u00f6tv\u00e9nyeknek az EU piacain t\u00f6rt\u00e9n\u0151 \u00e9rt\u00e9kes\u00edt\u00e9s\u00e9nek enged\u00e9lyez\u00e9se hatalmas etikai \u00e9s jogi k\u00f6lts\u00e9gekkel j\u00e1r. A nemzetk\u00f6zi jog egy\u00e9rtelm\u0171: minden \u00e1llamnak k\u00f6teless\u00e9ge nem seg\u00edteni a n\u00e9pirt\u00e1st, \u00e9s k\u00f6teless\u00e9ge megakad\u00e1lyozni azt\u201d \u2013 tette hozz\u00e1 Cockburn.<\/p>\n<p>Az Amnesty International hozz\u00e1tette, hogy 2022 \u00e9s 2024 k\u00f6z\u00f6tt az izraeli hadsereg k\u00f6lts\u00e9gvet\u00e9se Izrael brutt\u00f3 hazai term\u00e9k\u00e9nek (GDP) 4,2 sz\u00e1zal\u00e9k\u00e1r\u00f3l 8,3 sz\u00e1zal\u00e9k\u00e1ra n\u0151tt.<\/p>\n<p>&nbsp;<\/p>","protected":false},"excerpt":{"rendered":"<p>Izrael j\u00f6v\u0151beli hitelfelv\u00e9tele az EU piacain tov\u00e1bbra is bizonytalan, mivel Luxemburg enged\u00e9lyezte a k\u00f6tv\u00e9nykibocs\u00e1t\u00e1si t\u00e1j\u00e9koztat\u00f3k lej\u00e1rat\u00e1t. Luxemburg nem hosszabb\u00edtja meg az izraeli k\u00f6tv\u00e9nykibocs\u00e1t\u00e1sra vonatkoz\u00f3 enged\u00e9ly\u00e9t, mivel az h\u00e9tf\u0151n lej\u00e1rt, \u00edgy Izrael j\u00f6v\u0151je bizonytalan az eur\u00f3pai piacokon befektet\u0151k\u00f6n kereszt\u00fcl t\u00f6rt\u00e9n\u0151 hitelfelv\u00e9tel tekintet\u00e9ben. A m\u00falt h\u00f3napban Gilles Roth luxemburgi p\u00e9nz\u00fcgyminiszter az RTL telev\u00edzi\u00f3nak elmondta, hogy a p\u00e9nz\u00fcgyi [&hellip;]<\/p>\n","protected":false},"author":1,"featured_media":4724,"comment_status":"open","ping_status":"closed","sticky":false,"template":"","format":"standard","meta":{"rs_blank_template":"","rs_page_bg_color":"","slide_template_v7":"","_monsterinsights_skip_tracking":false,"wpai_generated_summary":"","tdm_status":"","tdm_grid_status":"","footnotes":""},"categories":[19,13],"tags":[140,161,158,138,96,141,153,154,105,104],"class_list":["post-4723","post","type-post","status-publish","format-standard","has-post-thumbnail","category-news","category-politics","tag-europai-unio","tag-gazai-haboru","tag-gazdasag","tag-gazdasagi-egyuttmukodes","tag-izrael","tag-kereskedelmi-kapcsolatok","tag-kozel-kelet","tag-nemzetkozi-kapcsolatok","tag-palesztin","tag-palesztina"],"_links":{"self":[{"href":"https:\/\/antipropaganda.hu\/en\/wp-json\/wp\/v2\/posts\/4723","targetHints":{"allow":["GET"]}}],"collection":[{"href":"https:\/\/antipropaganda.hu\/en\/wp-json\/wp\/v2\/posts"}],"about":[{"href":"https:\/\/antipropaganda.hu\/en\/wp-json\/wp\/v2\/types\/post"}],"author":[{"embeddable":true,"href":"https:\/\/antipropaganda.hu\/en\/wp-json\/wp\/v2\/users\/1"}],"replies":[{"embeddable":true,"href":"https:\/\/antipropaganda.hu\/en\/wp-json\/wp\/v2\/comments?post=4723"}],"version-history":[{"count":0,"href":"https:\/\/antipropaganda.hu\/en\/wp-json\/wp\/v2\/posts\/4723\/revisions"}],"wp:featuredmedia":[{"embeddable":true,"href":"https:\/\/antipropaganda.hu\/en\/wp-json\/wp\/v2\/media\/4724"}],"wp:attachment":[{"href":"https:\/\/antipropaganda.hu\/en\/wp-json\/wp\/v2\/media?parent=4723"}],"wp:term":[{"taxonomy":"category","embeddable":true,"href":"https:\/\/antipropaganda.hu\/en\/wp-json\/wp\/v2\/categories?post=4723"},{"taxonomy":"post_tag","embeddable":true,"href":"https:\/\/antipropaganda.hu\/en\/wp-json\/wp\/v2\/tags?post=4723"}],"curies":[{"name":"wp","href":"https:\/\/api.w.org\/{rel}","templated":true}]}}