{"id":4720,"date":"2026-09-01T07:24:37","date_gmt":"2026-09-01T05:24:37","guid":{"rendered":"https:\/\/antipropaganda.hu\/?p=4720"},"modified":"2026-09-01T07:24:37","modified_gmt":"2026-09-01T05:24:37","slug":"izrael-1967-ota-a-legmagasabb-aranyban-ol-palesztin-gyerekeket-ciszjordaniaban-allitja-btselem","status":"publish","type":"post","link":"https:\/\/antipropaganda.hu\/en\/izrael-1967-ota-a-legmagasabb-aranyban-ol-palesztin-gyerekeket-ciszjordaniaban-allitja-btselem\/","title":{"rendered":"Izrael 1967 \u00f3ta a legmagasabb ar\u00e1nyban \u00f6l palesztin gyerekeket Ciszjord\u00e1ni\u00e1ban, \u00e1ll\u00edtja B&#8217;Tselem."},"content":{"rendered":"<p><strong>Emberjogi csoport szerint a magas hal\u00e1los \u00e1ldozatok sz\u00e1ma ellen\u00e9re senkit sem vontak felel\u0151ss\u00e9gre a palesztin gyermekek meggyilkol\u00e1s\u00e1\u00e9rt a megsz\u00e1llt Ciszjord\u00e1ni\u00e1ban 2023 okt\u00f3bere \u00f3ta.<\/strong><\/p>\n<p>Az izraeli er\u0151k 1967 \u00f3ta a legmagasabb ar\u00e1nyban \u00f6lnek palesztin gyerekeket a megsz\u00e1llt Ciszjord\u00e1ni\u00e1ban, 2025-ben 54-en haltak meg \u2013 k\u00f6z\u00f6lte h\u00e9tf\u0151n a B&#8217;Tselem.<\/p>\n<p>Az izraeli emberi jogi csoport szerint a 2023 okt\u00f3bere \u00f3ta a megsz\u00e1llt ter\u00fcleten az izraeli er\u0151k \u00e1ltal meg\u00f6lt palesztinok k\u00f6zel negyede kiskor\u00fa volt, ami a megsz\u00e1ll\u00e1s kezdete \u00f3ta a legmagasabb ar\u00e1nyt jelenti.<\/p>\n<p>A magas gyermekhal\u00e1loz\u00e1si sz\u00e1m ellen\u00e9re senkit sem vontak felel\u0151ss\u00e9gre, \u00e9s 2023 okt\u00f3bere \u00f3ta nem sz\u00fcletett v\u00e1demel\u00e9s a gyilkoss\u00e1gokkal kapcsolatban.<\/p>\n<p>B&#8217;Tselem azt mondta, hogy a hal\u00e1lesetek nem \u201eelszigetelt hib\u00e1k vagy a katonai parancsok megs\u00e9rt\u00e9se\u201d voltak.<\/p>\n<p>Ehelyett azt \u00e1ll\u00edtotta, hogy ezek egy olyan izraeli politika eredm\u00e9nyei, amely megengedi a laza harci szab\u00e1lyokat, rutinszer\u0171en &#8222;terrorist\u00e1knak&#8221; b\u00e9lyegzi a palesztinokat, \u00e9s v\u00e9delmet ny\u00fajt a hal\u00e1los er\u0151t alkalmaz\u00f3 katon\u00e1knak.<\/p>\n<div  id=\"jtg-4709\" class=\"modula modula-gallery modula-columns\" data-config=\"{&quot;tabletHeight&quot;:800,&quot;mobileHeight&quot;:800,&quot;desktopHeight&quot;:800,&quot;enableTwitter&quot;:false,&quot;enableWhatsapp&quot;:false,&quot;enableFacebook&quot;:false,&quot;enablePinterest&quot;:false,&quot;enableLinkedin&quot;:false,&quot;enableEmail&quot;:false,&quot;randomFactor&quot;:0.5,&quot;type&quot;:&quot;grid&quot;,&quot;columns&quot;:12,&quot;gutter&quot;:10,&quot;mobileGutter&quot;:10,&quot;tabletGutter&quot;:10,&quot;desktopGutter&quot;:10,&quot;enableResponsive&quot;:true,&quot;tabletColumns&quot;:2,&quot;mobileColumns&quot;:1,&quot;lazyLoad&quot;:0,&quot;lightboxOpts&quot;:{&quot;animated&quot;:true,&quot;Thumbs&quot;:{&quot;type&quot;:&quot;modern&quot;,&quot;showOnStart&quot;:false,&quot;position&quot;:&quot;bottom&quot;},&quot;Toolbar&quot;:{&quot;display&quot;:{&quot;right&quot;:[&quot;toggleComments&quot;,&quot;close&quot;],&quot;left&quot;:[&quot;infobar&quot;]},&quot;enabled&quot;:true,&quot;items&quot;:{&quot;toggleComments&quot;:{&quot;tpl&quot;:&quot;&lt;button class=\\&quot;modula-fancybox-button f-button\\&quot; id=\\&quot;modula-comments-toggle\\&quot; title=\\&quot;Toggle Comments\\&quot;&gt;&lt;span class=\\&quot;dashicons dashicons-admin-comments\\&quot;&gt;&lt;\\\/span&gt;&lt;\\\/button&gt;&quot;}}},&quot;Carousel&quot;:{&quot;Panzoom&quot;:{&quot;touch&quot;:true},&quot;infinite&quot;:false,&quot;transition&quot;:&quot;fade&quot;},&quot;keyboard&quot;:{&quot;Escape&quot;:&quot;close&quot;,&quot;Delete&quot;:&quot;close&quot;,&quot;Backspace&quot;:&quot;close&quot;,&quot;PageUp&quot;:&quot;next&quot;,&quot;PageDown&quot;:&quot;prev&quot;,&quot;ArrowUp&quot;:&quot;prev&quot;,&quot;ArrowDown&quot;:&quot;next&quot;,&quot;ArrowRight&quot;:&quot;next&quot;,&quot;ArrowLeft&quot;:&quot;prev&quot;},&quot;wheel&quot;:&quot;slide&quot;,&quot;touch&quot;:true,&quot;backdropClick&quot;:&quot;close&quot;,&quot;l10n&quot;:{&quot;CLOSE&quot;:&quot;Close&quot;,&quot;NEXT&quot;:&quot;Next&quot;,&quot;PREV&quot;:&quot;Previous&quot;,&quot;Error&quot;:&quot;The requested content cannot be loaded. Please try again later.&quot;,&quot;PLAY_START&quot;:&quot;Start slideshow&quot;,&quot;PLAY_STOP&quot;:&quot;Pause slideshow&quot;,&quot;FULL_SCREEN&quot;:&quot;Full screen&quot;,&quot;THUMBS&quot;:&quot;Thumbnails&quot;,&quot;DOWNLOAD&quot;:&quot;Download&quot;,&quot;SHARE&quot;:&quot;Share&quot;,&quot;ZOOM&quot;:&quot;Zoom&quot;,&quot;EMAIL&quot;:&quot;Here is the link to the image : %%image_link%% and this is the link to the gallery : %%gallery_link%%&quot;,&quot;MODAL&quot;:&quot;You can close this modal content with the ESC key&quot;,&quot;ERROR&quot;:&quot;Something Went Wrong, Please Try Again Later&quot;,&quot;IMAGE_ERROR&quot;:&quot;Image Not Found&quot;,&quot;ELEMENT_NOT_FOUND&quot;:&quot;HTML Element Not Found&quot;,&quot;AJAX_NOT_FOUND&quot;:&quot;Error Loading AJAX : Not Found&quot;,&quot;AJAX_FORBIDDEN&quot;:&quot;Error Loading AJAX : Forbidden&quot;,&quot;IFRAME_ERROR&quot;:&quot;Error Loading Page&quot;,&quot;TOGGLE_ZOOM&quot;:&quot;Toggle zoom level&quot;,&quot;TOGGLE_THUMBS&quot;:&quot;Toggle thumbnails&quot;,&quot;TOGGLE_SLIDESHOW&quot;:&quot;Toggle slideshow&quot;,&quot;TOGGLE_FULLSCREEN&quot;:&quot;Toggle full-screen mode&quot;},&quot;Images&quot;:{&quot;Panzoom&quot;:{&quot;maxScale&quot;:2},&quot;protected&quot;:true},&quot;toolbar&quot;:true,&quot;animationEffect&quot;:&quot;false&quot;,&quot;transitionEffect&quot;:&quot;fade&quot;,&quot;Html&quot;:{&quot;videoAutoplay&quot;:0,&quot;videoTpl&quot;:&quot;&lt;video class=\\&quot;fancybox__html5video modula_html5_video\\&quot; controls playsinline controlsList=\\&quot;nodownload\\&quot; poster=\\&quot;{{poster}}\\&quot; src=\\&quot;{{src}}\\&quot; type=\\&quot;{{format}}\\&quot; &gt;  Sorry, your browser doesn&#039;t support embedded videos, &lt;a href=\\&quot;{{src}}\\&quot;&gt; download &lt;\\\/a&gt; and watch with your favorite video player! &lt;\\\/video&gt;&quot;,&quot;vimeo&quot;:{&quot;autopause&quot;:0}},&quot;tpl&quot;:{&quot;main&quot;:&quot;&lt;div class=\\&quot;fancybox__container has-sidebar\\&quot; role=\\&quot;dialog\\&quot; aria-modal=\\&quot;true\\&quot; aria-label=\\&quot;{{MODAL}}\\&quot; tabindex=\\&quot;-1\\&quot;&gt;\\n                &lt;div class=\\&quot;fancybox__backdrop\\&quot;&gt;&lt;\\\/div&gt;\\n                &lt;div class=\\&quot;fancybox__cols  \\&quot;&gt;\\n                &lt;div class=\\&quot;fancybox__col fancybox__image_holder\\&quot;&gt;\\n                    &lt;div class=\\&quot;fancybox__carousel\\&quot;&gt;&lt;\\\/div&gt;\\n                    &lt;div class=\\&quot;fancybox__footer\\&quot;&gt;&lt;\\\/div&gt;\\n                &lt;\\\/div&gt;\\n                &lt;div id=\\&quot;modula-comments-wrapper\\&quot; class=\\&quot;fancybox__col\\&quot;&gt;\\n                &lt;\\\/div&gt;\\n                &lt;\\\/div&gt;\\n            &lt;\\\/div&gt;&quot;},&quot;galleryComments&quot;:{&quot;galleryId&quot;:4709,&quot;requireNameEmail&quot;:&quot;1&quot;,&quot;commentRegistration&quot;:&quot;0&quot;,&quot;threadedComments&quot;:&quot;1&quot;,&quot;commentsPerPage&quot;:100,&quot;showAvatars&quot;:&quot;1&quot;,&quot;loginUrl&quot;:&quot;https:\\\/\\\/antipropaganda.hu\\\/wp-login.php&quot;,&quot;user&quot;:{},&quot;userAvatar&quot;:&quot;https:\\\/\\\/secure.gravatar.com\\\/avatar\\\/?s=96&amp;d=mm&amp;r=g&quot;},&quot;mainClass&quot;:&quot;modula-fancybox-container modula-lightbox-jtg-4709&quot;},&quot;inView&quot;:false,&quot;email_subject&quot;:&quot;Check out this awesome image !!&quot;,&quot;email_message&quot;:&quot;Here is the link to the image : %%image_link%% and this is the link to the gallery : %%gallery_link%%&quot;,&quot;grid_type&quot;:&quot;automatic&quot;,&quot;rowHeight&quot;:250,&quot;lastRow&quot;:&quot;justify&quot;,&quot;lightbox&quot;:&quot;fancybox&quot;,&quot;filterClick&quot;:&quot;0&quot;,&quot;dropdownFilters&quot;:&quot;0&quot;,&quot;defaultActiveFilter&quot;:&quot;all&quot;,&quot;initLightbox&quot;:&quot;modula_pro_init_lightbox&quot;,&quot;haveFilters&quot;:0,&quot;modula_deeplink&quot;:0,&quot;options&quot;:{&quot;lightbox&quot;:&quot;fancybox&quot;},&quot;enableSlideshow&quot;:&quot;0&quot;,&quot;enableAutoplay&quot;:&quot;0&quot;,&quot;slideshowSpeed&quot;:5000,&quot;pauseOnHover&quot;:&quot;0&quot;,&quot;pagination&quot;:false,&quot;images_per_page&quot;:&quot;10&quot;,&quot;images_count&quot;:9,&quot;lightbox_devices&quot;:&quot;both&quot;}\">\n\n\t\n\t<div  class=\"modula-items grid-gallery\">\n\t\t<div class=\"modula-item effect-pufrobo jtg-filter-all jtg-filter-\" >\n\t<div class=\"modula-item-overlay\"><\/div>\n\n\t<div class=\"modula-item-content\">\n\n\t\t<a data-image-id=\"4710\" role=\"button\" tabindex=\"0\" rel=\"jtg-4709\" data-caption=\"&lt;span class=&quot;modula-caption-description&quot;&gt;&lt;\/span&gt;\" aria-label=\"Open image in lightbox\" data-thumb=\"https:\/\/antipropaganda.hu\/wp-content\/uploads\/2026\/09\/723F67D8-D6DD-4C78-ACCE-BFF4E04B58D1-300x169.jpg\" class=\"tile-inner modula-item-link\"><\/a><img decoding=\"async\" class=\"pic wp-image-4710\" data-valign=\"middle\" data-halign=\"center\" alt=\"\" data-full=\"https:\/\/antipropaganda.hu\/wp-content\/uploads\/2026\/09\/723F67D8-D6DD-4C78-ACCE-BFF4E04B58D1.jpg\" title=\"723F67D8-D6DD-4C78-ACCE-BFF4E04B58D1\" crop=\"\" width=\"300\" height=\"169\" src=\"https:\/\/antipropaganda.hu\/wp-content\/uploads\/2026\/09\/723F67D8-D6DD-4C78-ACCE-BFF4E04B58D1-300x169.jpg\" data-src=\"https:\/\/antipropaganda.hu\/wp-content\/uploads\/2026\/09\/723F67D8-D6DD-4C78-ACCE-BFF4E04B58D1-300x169.jpg\" data-caption=\"\" srcset=\"https:\/\/antipropaganda.hu\/wp-content\/uploads\/2026\/09\/723F67D8-D6DD-4C78-ACCE-BFF4E04B58D1.jpg 1920w, https:\/\/antipropaganda.hu\/wp-content\/uploads\/2026\/09\/723F67D8-D6DD-4C78-ACCE-BFF4E04B58D1-300x169.jpg 300w, https:\/\/antipropaganda.hu\/wp-content\/uploads\/2026\/09\/723F67D8-D6DD-4C78-ACCE-BFF4E04B58D1-1024x576.jpg 1024w, https:\/\/antipropaganda.hu\/wp-content\/uploads\/2026\/09\/723F67D8-D6DD-4C78-ACCE-BFF4E04B58D1-768x432.jpg 768w, https:\/\/antipropaganda.hu\/wp-content\/uploads\/2026\/09\/723F67D8-D6DD-4C78-ACCE-BFF4E04B58D1-1536x864.jpg 1536w, https:\/\/antipropaganda.hu\/wp-content\/uploads\/2026\/09\/723F67D8-D6DD-4C78-ACCE-BFF4E04B58D1-18x10.jpg 18w, https:\/\/antipropaganda.hu\/wp-content\/uploads\/2026\/09\/723F67D8-D6DD-4C78-ACCE-BFF4E04B58D1-747x420.jpg 747w, https:\/\/antipropaganda.hu\/wp-content\/uploads\/2026\/09\/723F67D8-D6DD-4C78-ACCE-BFF4E04B58D1-150x84.jpg 150w, https:\/\/antipropaganda.hu\/wp-content\/uploads\/2026\/09\/723F67D8-D6DD-4C78-ACCE-BFF4E04B58D1-696x392.jpg 696w, https:\/\/antipropaganda.hu\/wp-content\/uploads\/2026\/09\/723F67D8-D6DD-4C78-ACCE-BFF4E04B58D1-1068x601.jpg 1068w, https:\/\/antipropaganda.hu\/wp-content\/uploads\/2026\/09\/723F67D8-D6DD-4C78-ACCE-BFF4E04B58D1-1320x743.jpg 1320w, https:\/\/antipropaganda.hu\/wp-content\/uploads\/2026\/09\/723F67D8-D6DD-4C78-ACCE-BFF4E04B58D1-600x338.jpg 600w\" sizes=\"(max-width: 300px) 100vw, 300px\" data->\n\t\t<div class=\"figc no-description\">\n\t\t\t<div class=\"figc-inner\">\n\t\t\t\t\t\t\t\t\t\t\t\t\t\t\t<\/div>\n\t\t<\/div>\n\n\t<\/div>\n\n<\/div><div class=\"modula-item effect-pufrobo jtg-filter-all jtg-filter-\" >\n\t<div class=\"modula-item-overlay\"><\/div>\n\n\t<div class=\"modula-item-content\">\n\n\t\t<a data-image-id=\"4711\" role=\"button\" tabindex=\"0\" rel=\"jtg-4709\" data-caption=\"&lt;span class=&quot;modula-caption-description&quot;&gt;&lt;\/span&gt;\" aria-label=\"Open image in lightbox\" data-thumb=\"https:\/\/antipropaganda.hu\/wp-content\/uploads\/2026\/09\/AA-20240425-34376029-34376017-FANATICAL_JEWISH_SETTLERS_RAID_ON_HEBRON_IN_WEST_BANK-1714292930-300x225.webp\" class=\"tile-inner modula-item-link\"><\/a><img decoding=\"async\" class=\"pic wp-image-4711\" data-valign=\"middle\" data-halign=\"center\" alt=\"\" data-full=\"https:\/\/antipropaganda.hu\/wp-content\/uploads\/2026\/09\/AA-20240425-34376029-34376017-FANATICAL_JEWISH_SETTLERS_RAID_ON_HEBRON_IN_WEST_BANK-1714292930.webp\" title=\"AA-20240425-34376029-34376017-FANATICAL_JEWISH_SETTLERS_RAID_ON_HEBRON_IN_WEST_BANK-1714292930\" crop=\"\" width=\"300\" height=\"225\" src=\"https:\/\/antipropaganda.hu\/wp-content\/uploads\/2026\/09\/AA-20240425-34376029-34376017-FANATICAL_JEWISH_SETTLERS_RAID_ON_HEBRON_IN_WEST_BANK-1714292930-300x225.webp\" data-src=\"https:\/\/antipropaganda.hu\/wp-content\/uploads\/2026\/09\/AA-20240425-34376029-34376017-FANATICAL_JEWISH_SETTLERS_RAID_ON_HEBRON_IN_WEST_BANK-1714292930-300x225.webp\" data-caption=\"\" srcset=\"https:\/\/antipropaganda.hu\/wp-content\/uploads\/2026\/09\/AA-20240425-34376029-34376017-FANATICAL_JEWISH_SETTLERS_RAID_ON_HEBRON_IN_WEST_BANK-1714292930.webp 1920w, https:\/\/antipropaganda.hu\/wp-content\/uploads\/2026\/09\/AA-20240425-34376029-34376017-FANATICAL_JEWISH_SETTLERS_RAID_ON_HEBRON_IN_WEST_BANK-1714292930-300x225.webp 300w, https:\/\/antipropaganda.hu\/wp-content\/uploads\/2026\/09\/AA-20240425-34376029-34376017-FANATICAL_JEWISH_SETTLERS_RAID_ON_HEBRON_IN_WEST_BANK-1714292930-1024x768.webp 1024w, https:\/\/antipropaganda.hu\/wp-content\/uploads\/2026\/09\/AA-20240425-34376029-34376017-FANATICAL_JEWISH_SETTLERS_RAID_ON_HEBRON_IN_WEST_BANK-1714292930-768x576.webp 768w, https:\/\/antipropaganda.hu\/wp-content\/uploads\/2026\/09\/AA-20240425-34376029-34376017-FANATICAL_JEWISH_SETTLERS_RAID_ON_HEBRON_IN_WEST_BANK-1714292930-1536x1152.webp 1536w, https:\/\/antipropaganda.hu\/wp-content\/uploads\/2026\/09\/AA-20240425-34376029-34376017-FANATICAL_JEWISH_SETTLERS_RAID_ON_HEBRON_IN_WEST_BANK-1714292930-16x12.webp 16w, https:\/\/antipropaganda.hu\/wp-content\/uploads\/2026\/09\/AA-20240425-34376029-34376017-FANATICAL_JEWISH_SETTLERS_RAID_ON_HEBRON_IN_WEST_BANK-1714292930-560x420.webp 560w, https:\/\/antipropaganda.hu\/wp-content\/uploads\/2026\/09\/AA-20240425-34376029-34376017-FANATICAL_JEWISH_SETTLERS_RAID_ON_HEBRON_IN_WEST_BANK-1714292930-80x60.webp 80w, https:\/\/antipropaganda.hu\/wp-content\/uploads\/2026\/09\/AA-20240425-34376029-34376017-FANATICAL_JEWISH_SETTLERS_RAID_ON_HEBRON_IN_WEST_BANK-1714292930-150x113.webp 150w, https:\/\/antipropaganda.hu\/wp-content\/uploads\/2026\/09\/AA-20240425-34376029-34376017-FANATICAL_JEWISH_SETTLERS_RAID_ON_HEBRON_IN_WEST_BANK-1714292930-696x522.webp 696w, https:\/\/antipropaganda.hu\/wp-content\/uploads\/2026\/09\/AA-20240425-34376029-34376017-FANATICAL_JEWISH_SETTLERS_RAID_ON_HEBRON_IN_WEST_BANK-1714292930-1068x801.webp 1068w, https:\/\/antipropaganda.hu\/wp-content\/uploads\/2026\/09\/AA-20240425-34376029-34376017-FANATICAL_JEWISH_SETTLERS_RAID_ON_HEBRON_IN_WEST_BANK-1714292930-265x198.webp 265w, https:\/\/antipropaganda.hu\/wp-content\/uploads\/2026\/09\/AA-20240425-34376029-34376017-FANATICAL_JEWISH_SETTLERS_RAID_ON_HEBRON_IN_WEST_BANK-1714292930-600x450.webp 600w, https:\/\/antipropaganda.hu\/wp-content\/uploads\/2026\/09\/AA-20240425-34376029-34376017-FANATICAL_JEWISH_SETTLERS_RAID_ON_HEBRON_IN_WEST_BANK-1714292930-1320x990.webp 1320w\" sizes=\"(max-width: 300px) 100vw, 300px\" data->\n\t\t<div class=\"figc no-description\">\n\t\t\t<div class=\"figc-inner\">\n\t\t\t\t\t\t\t\t\t\t\t\t\t\t\t<\/div>\n\t\t<\/div>\n\n\t<\/div>\n\n<\/div><div class=\"modula-item effect-pufrobo jtg-filter-all jtg-filter-\" >\n\t<div class=\"modula-item-overlay\"><\/div>\n\n\t<div class=\"modula-item-content\">\n\n\t\t<a data-image-id=\"4712\" role=\"button\" tabindex=\"0\" rel=\"jtg-4709\" data-caption=\"&lt;span class=&quot;modula-caption-description&quot;&gt;&lt;\/span&gt;\" aria-label=\"Open image in lightbox\" data-thumb=\"https:\/\/antipropaganda.hu\/wp-content\/uploads\/2026\/09\/AA-20250416-37651213-37651191-ISRAELI_ARMY_CLOSES_HEBRON_CITY_CENTER_DURING_RAID-1-1-300x200.webp\" class=\"tile-inner modula-item-link\"><\/a><img decoding=\"async\" class=\"pic wp-image-4712\" data-valign=\"middle\" data-halign=\"center\" alt=\"\" data-full=\"https:\/\/antipropaganda.hu\/wp-content\/uploads\/2026\/09\/AA-20250416-37651213-37651191-ISRAELI_ARMY_CLOSES_HEBRON_CITY_CENTER_DURING_RAID-1-1.webp\" title=\"AA-20250416-37651213-37651191-ISRAELI_ARMY_CLOSES_HEBRON_CITY_CENTER_DURING_RAID-1-1\" crop=\"\" width=\"300\" height=\"200\" src=\"https:\/\/antipropaganda.hu\/wp-content\/uploads\/2026\/09\/AA-20250416-37651213-37651191-ISRAELI_ARMY_CLOSES_HEBRON_CITY_CENTER_DURING_RAID-1-1-300x200.webp\" data-src=\"https:\/\/antipropaganda.hu\/wp-content\/uploads\/2026\/09\/AA-20250416-37651213-37651191-ISRAELI_ARMY_CLOSES_HEBRON_CITY_CENTER_DURING_RAID-1-1-300x200.webp\" data-caption=\"\" srcset=\"https:\/\/antipropaganda.hu\/wp-content\/uploads\/2026\/09\/AA-20250416-37651213-37651191-ISRAELI_ARMY_CLOSES_HEBRON_CITY_CENTER_DURING_RAID-1-1.webp 920w, https:\/\/antipropaganda.hu\/wp-content\/uploads\/2026\/09\/AA-20250416-37651213-37651191-ISRAELI_ARMY_CLOSES_HEBRON_CITY_CENTER_DURING_RAID-1-1-300x200.webp 300w, https:\/\/antipropaganda.hu\/wp-content\/uploads\/2026\/09\/AA-20250416-37651213-37651191-ISRAELI_ARMY_CLOSES_HEBRON_CITY_CENTER_DURING_RAID-1-1-768x512.webp 768w, https:\/\/antipropaganda.hu\/wp-content\/uploads\/2026\/09\/AA-20250416-37651213-37651191-ISRAELI_ARMY_CLOSES_HEBRON_CITY_CENTER_DURING_RAID-1-1-18x12.webp 18w, https:\/\/antipropaganda.hu\/wp-content\/uploads\/2026\/09\/AA-20250416-37651213-37651191-ISRAELI_ARMY_CLOSES_HEBRON_CITY_CENTER_DURING_RAID-1-1-630x420.webp 630w, https:\/\/antipropaganda.hu\/wp-content\/uploads\/2026\/09\/AA-20250416-37651213-37651191-ISRAELI_ARMY_CLOSES_HEBRON_CITY_CENTER_DURING_RAID-1-1-150x100.webp 150w, https:\/\/antipropaganda.hu\/wp-content\/uploads\/2026\/09\/AA-20250416-37651213-37651191-ISRAELI_ARMY_CLOSES_HEBRON_CITY_CENTER_DURING_RAID-1-1-696x464.webp 696w, https:\/\/antipropaganda.hu\/wp-content\/uploads\/2026\/09\/AA-20250416-37651213-37651191-ISRAELI_ARMY_CLOSES_HEBRON_CITY_CENTER_DURING_RAID-1-1-600x400.webp 600w\" sizes=\"(max-width: 300px) 100vw, 300px\" data->\n\t\t<div class=\"figc no-description\">\n\t\t\t<div class=\"figc-inner\">\n\t\t\t\t\t\t\t\t\t\t\t\t\t\t\t<\/div>\n\t\t<\/div>\n\n\t<\/div>\n\n<\/div><div class=\"modula-item effect-pufrobo jtg-filter-all jtg-filter-\" >\n\t<div class=\"modula-item-overlay\"><\/div>\n\n\t<div class=\"modula-item-content\">\n\n\t\t<a data-image-id=\"4713\" role=\"button\" tabindex=\"0\" rel=\"jtg-4709\" data-caption=\"&lt;span class=&quot;modula-caption-description&quot;&gt;&lt;\/span&gt;\" aria-label=\"Open image in lightbox\" data-thumb=\"https:\/\/antipropaganda.hu\/wp-content\/uploads\/2026\/09\/csm_000_99N4AQ_f95f2727c5-300x210.jpg\" class=\"tile-inner modula-item-link\"><\/a><img decoding=\"async\" class=\"pic wp-image-4713\" data-valign=\"middle\" data-halign=\"center\" alt=\"\" data-full=\"https:\/\/antipropaganda.hu\/wp-content\/uploads\/2026\/09\/csm_000_99N4AQ_f95f2727c5.jpg\" title=\"csm_000_99N4AQ_f95f2727c5\" crop=\"\" width=\"300\" height=\"210\" src=\"https:\/\/antipropaganda.hu\/wp-content\/uploads\/2026\/09\/csm_000_99N4AQ_f95f2727c5-300x210.jpg\" data-src=\"https:\/\/antipropaganda.hu\/wp-content\/uploads\/2026\/09\/csm_000_99N4AQ_f95f2727c5-300x210.jpg\" data-caption=\"\" srcset=\"https:\/\/antipropaganda.hu\/wp-content\/uploads\/2026\/09\/csm_000_99N4AQ_f95f2727c5.jpg 500w, https:\/\/antipropaganda.hu\/wp-content\/uploads\/2026\/09\/csm_000_99N4AQ_f95f2727c5-300x210.jpg 300w, https:\/\/antipropaganda.hu\/wp-content\/uploads\/2026\/09\/csm_000_99N4AQ_f95f2727c5-18x12.jpg 18w, https:\/\/antipropaganda.hu\/wp-content\/uploads\/2026\/09\/csm_000_99N4AQ_f95f2727c5-150x105.jpg 150w\" sizes=\"(max-width: 300px) 100vw, 300px\" data->\n\t\t<div class=\"figc no-description\">\n\t\t\t<div class=\"figc-inner\">\n\t\t\t\t\t\t\t\t\t\t\t\t\t\t\t<\/div>\n\t\t<\/div>\n\n\t<\/div>\n\n<\/div><div class=\"modula-item effect-pufrobo jtg-filter-all jtg-filter-\" >\n\t<div class=\"modula-item-overlay\"><\/div>\n\n\t<div class=\"modula-item-content\">\n\n\t\t<a data-image-id=\"4715\" role=\"button\" tabindex=\"0\" rel=\"jtg-4709\" data-caption=\"&lt;span class=&quot;modula-caption-description&quot;&gt;&lt;\/span&gt;\" aria-label=\"Open image in lightbox\" data-thumb=\"https:\/\/antipropaganda.hu\/wp-content\/uploads\/2026\/09\/icc-gaza-300x177.jpg\" class=\"tile-inner modula-item-link\"><\/a><img decoding=\"async\" class=\"pic wp-image-4715\" data-valign=\"middle\" data-halign=\"center\" alt=\"\" data-full=\"https:\/\/antipropaganda.hu\/wp-content\/uploads\/2026\/09\/icc-gaza.jpg\" title=\"icc-gaza\" crop=\"\" width=\"300\" height=\"177\" src=\"https:\/\/antipropaganda.hu\/wp-content\/uploads\/2026\/09\/icc-gaza-300x177.jpg\" data-src=\"https:\/\/antipropaganda.hu\/wp-content\/uploads\/2026\/09\/icc-gaza-300x177.jpg\" data-caption=\"\" srcset=\"https:\/\/antipropaganda.hu\/wp-content\/uploads\/2026\/09\/icc-gaza.jpg 670w, https:\/\/antipropaganda.hu\/wp-content\/uploads\/2026\/09\/icc-gaza-300x177.jpg 300w, https:\/\/antipropaganda.hu\/wp-content\/uploads\/2026\/09\/icc-gaza-18x12.jpg 18w, https:\/\/antipropaganda.hu\/wp-content\/uploads\/2026\/09\/icc-gaza-150x88.jpg 150w, https:\/\/antipropaganda.hu\/wp-content\/uploads\/2026\/09\/icc-gaza-600x354.jpg 600w\" sizes=\"(max-width: 300px) 100vw, 300px\" data->\n\t\t<div class=\"figc no-description\">\n\t\t\t<div class=\"figc-inner\">\n\t\t\t\t\t\t\t\t\t\t\t\t\t\t\t<\/div>\n\t\t<\/div>\n\n\t<\/div>\n\n<\/div><div class=\"modula-item effect-pufrobo jtg-filter-all jtg-filter-\" >\n\t<div class=\"modula-item-overlay\"><\/div>\n\n\t<div class=\"modula-item-content\">\n\n\t\t<a data-image-id=\"4716\" role=\"button\" tabindex=\"0\" rel=\"jtg-4709\" data-caption=\"&lt;span class=&quot;modula-caption-description&quot;&gt;&lt;\/span&gt;\" aria-label=\"Open image in lightbox\" data-thumb=\"https:\/\/antipropaganda.hu\/wp-content\/uploads\/2026\/09\/images-1-300x225.jpg\" class=\"tile-inner modula-item-link\"><\/a><img decoding=\"async\" class=\"pic wp-image-4716\" data-valign=\"middle\" data-halign=\"center\" alt=\"\" data-full=\"https:\/\/antipropaganda.hu\/wp-content\/uploads\/2026\/09\/images-1.jpg\" title=\"images (1)\" crop=\"\" width=\"300\" height=\"225\" src=\"https:\/\/antipropaganda.hu\/wp-content\/uploads\/2026\/09\/images-1-300x225.jpg\" data-src=\"https:\/\/antipropaganda.hu\/wp-content\/uploads\/2026\/09\/images-1-300x225.jpg\" data-caption=\"\" srcset=\"https:\/\/antipropaganda.hu\/wp-content\/uploads\/2026\/09\/images-1.jpg 640w, https:\/\/antipropaganda.hu\/wp-content\/uploads\/2026\/09\/images-1-300x225.jpg 300w, https:\/\/antipropaganda.hu\/wp-content\/uploads\/2026\/09\/images-1-16x12.jpg 16w, https:\/\/antipropaganda.hu\/wp-content\/uploads\/2026\/09\/images-1-560x420.jpg 560w, https:\/\/antipropaganda.hu\/wp-content\/uploads\/2026\/09\/images-1-80x60.jpg 80w, https:\/\/antipropaganda.hu\/wp-content\/uploads\/2026\/09\/images-1-150x113.jpg 150w, https:\/\/antipropaganda.hu\/wp-content\/uploads\/2026\/09\/images-1-265x198.jpg 265w, https:\/\/antipropaganda.hu\/wp-content\/uploads\/2026\/09\/images-1-600x450.jpg 600w\" sizes=\"(max-width: 300px) 100vw, 300px\" data->\n\t\t<div class=\"figc no-description\">\n\t\t\t<div class=\"figc-inner\">\n\t\t\t\t\t\t\t\t\t\t\t\t\t\t\t<\/div>\n\t\t<\/div>\n\n\t<\/div>\n\n<\/div><div class=\"modula-item effect-pufrobo jtg-filter-all jtg-filter-\" >\n\t<div class=\"modula-item-overlay\"><\/div>\n\n\t<div class=\"modula-item-content\">\n\n\t\t<a data-image-id=\"4717\" role=\"button\" tabindex=\"0\" rel=\"jtg-4709\" data-caption=\"&lt;span class=&quot;modula-caption-description&quot;&gt;&lt;\/span&gt;\" aria-label=\"Open image in lightbox\" data-thumb=\"https:\/\/antipropaganda.hu\/wp-content\/uploads\/2026\/09\/images-2-300x200.jpg\" class=\"tile-inner modula-item-link\"><\/a><img decoding=\"async\" class=\"pic wp-image-4717\" data-valign=\"middle\" data-halign=\"center\" alt=\"\" data-full=\"https:\/\/antipropaganda.hu\/wp-content\/uploads\/2026\/09\/images-2.jpg\" title=\"images (2)\" crop=\"\" width=\"300\" height=\"200\" src=\"https:\/\/antipropaganda.hu\/wp-content\/uploads\/2026\/09\/images-2-300x200.jpg\" data-src=\"https:\/\/antipropaganda.hu\/wp-content\/uploads\/2026\/09\/images-2-300x200.jpg\" data-caption=\"\" srcset=\"https:\/\/antipropaganda.hu\/wp-content\/uploads\/2026\/09\/images-2.jpg 678w, https:\/\/antipropaganda.hu\/wp-content\/uploads\/2026\/09\/images-2-300x200.jpg 300w, https:\/\/antipropaganda.hu\/wp-content\/uploads\/2026\/09\/images-2-18x12.jpg 18w, https:\/\/antipropaganda.hu\/wp-content\/uploads\/2026\/09\/images-2-630x420.jpg 630w, https:\/\/antipropaganda.hu\/wp-content\/uploads\/2026\/09\/images-2-150x100.jpg 150w, https:\/\/antipropaganda.hu\/wp-content\/uploads\/2026\/09\/images-2-600x400.jpg 600w\" sizes=\"(max-width: 300px) 100vw, 300px\" data->\n\t\t<div class=\"figc no-description\">\n\t\t\t<div class=\"figc-inner\">\n\t\t\t\t\t\t\t\t\t\t\t\t\t\t\t<\/div>\n\t\t<\/div>\n\n\t<\/div>\n\n<\/div><div class=\"modula-item effect-pufrobo jtg-filter-all jtg-filter-\" >\n\t<div class=\"modula-item-overlay\"><\/div>\n\n\t<div class=\"modula-item-content\">\n\n\t\t<a data-image-id=\"4718\" role=\"button\" tabindex=\"0\" rel=\"jtg-4709\" data-caption=\"&lt;span class=&quot;modula-caption-description&quot;&gt;&lt;\/span&gt;\" aria-label=\"Open image in lightbox\" data-thumb=\"https:\/\/antipropaganda.hu\/wp-content\/uploads\/2026\/09\/images-3-300x187.jpg\" class=\"tile-inner modula-item-link\"><\/a><img decoding=\"async\" class=\"pic wp-image-4718\" data-valign=\"middle\" data-halign=\"center\" alt=\"\" data-full=\"https:\/\/antipropaganda.hu\/wp-content\/uploads\/2026\/09\/images-3.jpg\" title=\"images (3)\" crop=\"\" width=\"300\" height=\"187\" src=\"https:\/\/antipropaganda.hu\/wp-content\/uploads\/2026\/09\/images-3-300x187.jpg\" data-src=\"https:\/\/antipropaganda.hu\/wp-content\/uploads\/2026\/09\/images-3-300x187.jpg\" data-caption=\"\" srcset=\"https:\/\/antipropaganda.hu\/wp-content\/uploads\/2026\/09\/images-3.jpg 565w, https:\/\/antipropaganda.hu\/wp-content\/uploads\/2026\/09\/images-3-300x187.jpg 300w, https:\/\/antipropaganda.hu\/wp-content\/uploads\/2026\/09\/images-3-18x12.jpg 18w, https:\/\/antipropaganda.hu\/wp-content\/uploads\/2026\/09\/images-3-150x94.jpg 150w\" sizes=\"(max-width: 300px) 100vw, 300px\" data->\n\t\t<div class=\"figc no-description\">\n\t\t\t<div class=\"figc-inner\">\n\t\t\t\t\t\t\t\t\t\t\t\t\t\t\t<\/div>\n\t\t<\/div>\n\n\t<\/div>\n\n<\/div><div class=\"modula-item effect-pufrobo jtg-filter-all jtg-filter-\" >\n\t<div class=\"modula-item-overlay\"><\/div>\n\n\t<div class=\"modula-item-content\">\n\n\t\t<a data-image-id=\"4719\" role=\"button\" tabindex=\"0\" rel=\"jtg-4709\" data-caption=\"&lt;span class=&quot;modula-caption-description&quot;&gt;&lt;\/span&gt;\" aria-label=\"Open image in lightbox\" data-thumb=\"https:\/\/antipropaganda.hu\/wp-content\/uploads\/2026\/09\/images-4-300x200.jpg\" class=\"tile-inner modula-item-link\"><\/a><img decoding=\"async\" class=\"pic wp-image-4719\" data-valign=\"middle\" data-halign=\"center\" alt=\"\" data-full=\"https:\/\/antipropaganda.hu\/wp-content\/uploads\/2026\/09\/images-4.jpg\" title=\"images (4)\" crop=\"\" width=\"300\" height=\"200\" src=\"https:\/\/antipropaganda.hu\/wp-content\/uploads\/2026\/09\/images-4-300x200.jpg\" data-src=\"https:\/\/antipropaganda.hu\/wp-content\/uploads\/2026\/09\/images-4-300x200.jpg\" data-caption=\"\" srcset=\"https:\/\/antipropaganda.hu\/wp-content\/uploads\/2026\/09\/images-4.jpg 678w, https:\/\/antipropaganda.hu\/wp-content\/uploads\/2026\/09\/images-4-300x200.jpg 300w, https:\/\/antipropaganda.hu\/wp-content\/uploads\/2026\/09\/images-4-18x12.jpg 18w, https:\/\/antipropaganda.hu\/wp-content\/uploads\/2026\/09\/images-4-630x420.jpg 630w, https:\/\/antipropaganda.hu\/wp-content\/uploads\/2026\/09\/images-4-150x100.jpg 150w, https:\/\/antipropaganda.hu\/wp-content\/uploads\/2026\/09\/images-4-600x400.jpg 600w\" sizes=\"(max-width: 300px) 100vw, 300px\" data->\n\t\t<div class=\"figc no-description\">\n\t\t\t<div class=\"figc-inner\">\n\t\t\t\t\t\t\t\t\t\t\t\t\t\t\t<\/div>\n\t\t<\/div>\n\n\t<\/div>\n\n<\/div>\t\t\n\t<\/div>\n\n\t\n\t\n\t<script type=\"application\/ld+json\">\n\t{\n\t\t\"@context\": \"https:\/\/schema.org\",\n\t\t\"@type\"   : \"ImageGallery\",\n\t\t\"id\"      : \"https:\/\/antipropaganda.hu\/en\/izrael-1967-ota-a-legmagasabb-aranyban-ol-palesztin-gyerekeket-ciszjordaniaban-allitja-btselem\/#modula-gallery-4709\",\n\t\t\"url\"     : \"https:\/\/antipropaganda.hu\/en\/izrael-1967-ota-a-legmagasabb-aranyban-ol-palesztin-gyerekeket-ciszjordaniaban-allitja-btselem\/\"\n\t}\n\n\t<\/script>\n\n\t\n<\/div>\n\n<p>\u201eA palesztin gyermekek \u00e9s tin\u00e9dzserek sz\u00e9les k\u00f6r\u0171, p\u00e9lda n\u00e9lk\u00fcli meggyilkol\u00e1sa Ciszjord\u00e1ni\u00e1ban egy sz\u00e9lesebb k\u00f6r\u0171 izraeli politika eredm\u00e9nye, amely lehet\u0151v\u00e9 teszi a palesztinok meggyilkol\u00e1s\u00e1t gyakorlatilag mindenf\u00e9le elsz\u00e1moltathat\u00f3s\u00e1g n\u00e9lk\u00fcl\u201d \u2013 mondta Juli Novak, a B&#8217;Tselem \u00fcgyvezet\u0151 igazgat\u00f3ja.<\/p>\n<p>\u201eAmikor a ter\u00fclet katonai parancsnoka azzal dicsekszik, hogy Izrael \u00fagy \u00f6l palesztinokat, \u201eahogy 1967 \u00f3ta nem\u201d, pontosan ezt er\u0151s\u00edti meg: a rendszer nem csup\u00e1n azokat t\u00e1mogatja, akik megh\u00fazz\u00e1k a ravaszt \u2013 gyakorlatilag felhatalmaz\u00e1st ad nekik az \u00f6l\u00e9sre.\u201d<\/p>\n<h3><span dir=\"auto\">Z\u00f6ld utat adtak a gyerekek meg\u00f6l\u00e9s\u00e9nek<\/span><\/h3>\n<p>Id\u00e9n \u00e9v elej\u00e9n Izrael megsz\u00e1llt Ciszjord\u00e1nia legf\u0151bb katonai parancsnoka, Avi Bluth azt nyilatkozta , hogy a hadsereg olyan m\u00e9rt\u00e9kben \u00f6l palesztinokat, amire \u201e1967 \u00f3ta nem volt p\u00e9lda\u201d.<\/p>\n<p>A megjegyz\u00e9seket egy z\u00e1rt f\u00f3rumon tette, ahol a laz\u00e1bb harci szab\u00e1lyokat is v\u00e9dte, amelyek lehet\u0151v\u00e9 teszik a csapatok sz\u00e1m\u00e1ra, hogy t\u00fczet nyissanak a fegyvertelen palesztinokra.<\/p>\n<p>Bluth elismerte a diszkriminat\u00edv megk\u00f6zel\u00edt\u00e9st, amely szerint a zsid\u00f3 izraeli k\u0151dob\u00e1l\u00f3kat nem veszik c\u00e9lba, m\u00edg a hasonl\u00f3 cselekm\u00e9nyeket elk\u00f6vet\u0151 palesztinokra l\u0151nek.<\/p>\n<p>\u201eH\u00e1rom \u00e9v alatt 1500 terrorist\u00e1t \u00f6lt\u00fcnk meg\u201d \u2013 mondta, palesztinokra utalva.<\/p>\n<p>\u201eAkkor hogyhogy nincs intif\u00e1da? Mi\u00e9rt nem vonulnak utc\u00e1ra? Mi\u00e9rt k\u00f6z\u00f6mb\u00f6s a palesztin k\u00f6zv\u00e9lem\u00e9ny? Mi\u00e9rt nincsenek zavarg\u00e1sok?\u201d<\/p>\n<p>Bluth, egy telepes, aki 2024 \u00f3ta vezeti az izraeli er\u0151ket Ciszjord\u00e1ni\u00e1ban, hozz\u00e1tette: \u201eAz arabok meg\u00e9rtik, hogy a \u00bbha valaki fell\u00e1zad, hogy meg\u00f6lj\u00f6n t\u00e9ged, \u00f6ld meg el\u0151sz\u00f6r\u00ab a K\u00f6zel-Kelet szab\u00e1lyainak r\u00e9sze, \u00e9s ez\u00e9rt \u00fagy \u00f6l\u00fcnk, ahogy 1967 \u00f3ta nem tett\u00fck.\u201d<\/p>\n<p>\u201eAm\u00edg Izrael szinte teljes b\u00fcntetlens\u00e9get \u00e9lvez a vil\u00e1gban, a palesztinok \u2013 bele\u00e9rtve a gyermekeket is \u2013 \u00e9lete v\u00e9dtelen \u00e9s kiszolg\u00e1ltatott marad.\u201d<\/p>\n<p>&#8211; B&#8217;Tselem<\/p>\n<p>Az ENSZ Humanit\u00e1rius \u00dcgyek Koordin\u00e1ci\u00f3s Hivatala (Ocha) szerint az izraeli er\u0151k 2023. okt\u00f3ber 7. \u00f3ta 1105 palesztint \u00f6ltek meg Ciszjord\u00e1ni\u00e1ban \u00e9s Kelet-Jeruzs\u00e1lemet tartott\u00e1k megsz\u00e1llva, k\u00f6zt\u00fck legal\u00e1bb 242 gyermeket.<\/p>\n<p>A B&#8217;Tselem szerint a dokument\u00e1lt esetek k\u00f6zel negyed\u00e9ben az izraeli er\u0151k &#8222;k\u00e9sleltett\u00e9k vagy megakad\u00e1lyozt\u00e1k az orvosi csapatokat&#8221; abban, hogy el\u00e9rj\u00e9k a sebes\u00fclt gyermekeket, hozz\u00e1j\u00e1rulva ezzel a hal\u00e1lukhoz.<\/p>\n<p>Azt is k\u00f6z\u00f6lte, hogy Izrael lefoglalt t\u00f6bb tucatnyi \u00e1ltala meg\u00f6lt palesztin holttest\u00e9t. Legal\u00e1bb 18, 2025-ben meg\u00f6lt gyermeket tov\u00e1bbra is fogva tartanak az izraeli hat\u00f3s\u00e1gok.<\/p>\n<p>M\u00edg a B&#8217;Tselem nyilatkozata els\u0151sorban a megsz\u00e1llt Ciszjord\u00e1ni\u00e1ra \u00f6sszpontos\u00edtott, a szervezet azt \u00e1ll\u00edtotta, hogy a gyilkoss\u00e1gok \u00f6sszef\u00fcgg\u00e9sben \u00e1llnak a G\u00e1z\u00e1ban elk\u00f6vetettekkel. Izrael g\u00e1zai n\u00e9pirt\u00e1s\u00e1nak egyik saj\u00e1toss\u00e1ga a gyermekekre val\u00f3 \u00f6sszpontos\u00edt\u00e1s.<\/p>\n<p>\u201eA ciszjord\u00e1niai gyilkoss\u00e1gok nem v\u00e1laszthat\u00f3k el Izrael \u00e1ltal a G\u00e1zai \u00f6vezetben elk\u00f6vetett t\u00f6bb mint 21 000 palesztin gyermek meggyilkol\u00e1s\u00e1t\u00f3l\u201d \u2013 mondta B&#8217;Teslem.<\/p>\n<p>\u201eAzzal, hogy hagyta, hogy Izrael ilyen m\u00e9rt\u00e9k\u0171 \u00f6l\u00e9st k\u00f6vessen el G\u00e1z\u00e1ban k\u00f6vetkezm\u00e9nyek n\u00e9lk\u00fcl, a nemzetk\u00f6zi k\u00f6z\u00f6ss\u00e9g gyakorlatilag z\u00f6ld utat adott neki, hogy ugyanezt a hal\u00e1los politik\u00e1t folytassa Ciszjord\u00e1ni\u00e1ban.\u201d<\/p>\n<p>\u201eAm\u00edg Izrael szinte teljes b\u00fcntetlens\u00e9get \u00e9lvez a vil\u00e1gban, a palesztinok \u2013 bele\u00e9rtve a gyermekeket is \u2013 \u00e9lete v\u00e9dtelen \u00e9s kiszolg\u00e1ltatott marad.\u201d<\/p>\n","protected":false},"excerpt":{"rendered":"<p>Emberjogi csoport szerint a magas hal\u00e1los \u00e1ldozatok sz\u00e1ma ellen\u00e9re senkit sem vontak felel\u0151ss\u00e9gre a palesztin gyermekek meggyilkol\u00e1s\u00e1\u00e9rt a megsz\u00e1llt Ciszjord\u00e1ni\u00e1ban 2023 okt\u00f3bere \u00f3ta. Az izraeli er\u0151k 1967 \u00f3ta a legmagasabb ar\u00e1nyban \u00f6lnek palesztin gyerekeket a megsz\u00e1llt Ciszjord\u00e1ni\u00e1ban, 2025-ben 54-en haltak meg \u2013 k\u00f6z\u00f6lte h\u00e9tf\u0151n a B&#8217;Tselem. Az izraeli emberi jogi csoport szerint a 2023 okt\u00f3bere [&hellip;]<\/p>\n","protected":false},"author":1,"featured_media":4721,"comment_status":"open","ping_status":"closed","sticky":false,"template":"","format":"standard","meta":{"rs_blank_template":"","rs_page_bg_color":"","slide_template_v7":"","_monsterinsights_skip_tracking":false,"wpai_generated_summary":"","tdm_status":"","tdm_grid_status":"","footnotes":""},"categories":[31],"tags":[115,162,161,139,167,96,163,160,153,142,154,105,104],"class_list":["post-4720","post","type-post","status-publish","format-standard","has-post-thumbnail","category-izrael-igazi-arca","tag-ciszjordania","tag-gaza-haboru","tag-gazai-haboru","tag-gazai-ovezet","tag-idf","tag-izrael","tag-izrael-terror","tag-izraeli-telepesek","tag-kozel-kelet","tag-kozel-keleti-konfliktus","tag-nemzetkozi-kapcsolatok","tag-palesztin","tag-palesztina"],"_links":{"self":[{"href":"https:\/\/antipropaganda.hu\/en\/wp-json\/wp\/v2\/posts\/4720","targetHints":{"allow":["GET"]}}],"collection":[{"href":"https:\/\/antipropaganda.hu\/en\/wp-json\/wp\/v2\/posts"}],"about":[{"href":"https:\/\/antipropaganda.hu\/en\/wp-json\/wp\/v2\/types\/post"}],"author":[{"embeddable":true,"href":"https:\/\/antipropaganda.hu\/en\/wp-json\/wp\/v2\/users\/1"}],"replies":[{"embeddable":true,"href":"https:\/\/antipropaganda.hu\/en\/wp-json\/wp\/v2\/comments?post=4720"}],"version-history":[{"count":1,"href":"https:\/\/antipropaganda.hu\/en\/wp-json\/wp\/v2\/posts\/4720\/revisions"}],"predecessor-version":[{"id":4722,"href":"https:\/\/antipropaganda.hu\/en\/wp-json\/wp\/v2\/posts\/4720\/revisions\/4722"}],"wp:featuredmedia":[{"embeddable":true,"href":"https:\/\/antipropaganda.hu\/en\/wp-json\/wp\/v2\/media\/4721"}],"wp:attachment":[{"href":"https:\/\/antipropaganda.hu\/en\/wp-json\/wp\/v2\/media?parent=4720"}],"wp:term":[{"taxonomy":"category","embeddable":true,"href":"https:\/\/antipropaganda.hu\/en\/wp-json\/wp\/v2\/categories?post=4720"},{"taxonomy":"post_tag","embeddable":true,"href":"https:\/\/antipropaganda.hu\/en\/wp-json\/wp\/v2\/tags?post=4720"}],"curies":[{"name":"wp","href":"https:\/\/api.w.org\/{rel}","templated":true}]}}