{"id":4704,"date":"2026-09-01T06:42:47","date_gmt":"2026-09-01T04:42:47","guid":{"rendered":"https:\/\/antipropaganda.hu\/?p=4704"},"modified":"2026-09-01T06:44:50","modified_gmt":"2026-09-01T04:44:50","slug":"az-izraeli-hadsereg-eloszor-lo-majd-csak-kesobb-talal-indokokat-a-tomeges-gyilkossagokra-allitja-a-veterancsoport","status":"publish","type":"post","link":"https:\/\/antipropaganda.hu\/en\/az-izraeli-hadsereg-eloszor-lo-majd-csak-kesobb-talal-indokokat-a-tomeges-gyilkossagokra-allitja-a-veterancsoport\/","title":{"rendered":"Az izraeli hadsereg el\u0151sz\u00f6r l\u0151, majd csak k\u00e9s\u0151bb tal\u00e1l indokokat a t\u00f6meges gyilkoss\u00e1gokra \u2013 \u00e1ll\u00edtja a veter\u00e1ncsoport."},"content":{"rendered":"<p><strong>A Breaking the Silence szerint az izraeli katonai t\u00e1mad\u00e1sok ut\u00e1n bizony\u00edt\u00e9kokat keresnek arra vonatkoz\u00f3an, hogy a meg\u00f6lteket fegyveres csoportokhoz k\u00f6ss\u00e9k.<\/strong><\/p>\n<p>Az izraeli veter\u00e1nok szervezete, a Breaking the Silence (Megt\u00f6rj\u00fck a csendet) azzal v\u00e1dolta az izraeli hadsereget, hogy palesztinokat \u00f6ltek meg G\u00e1z\u00e1ban, \u00e9s k\u00e9s\u0151bb bizony\u00edt\u00e9kokat is kerestek a gyilkoss\u00e1gok igazol\u00e1s\u00e1ra.<\/p>\n<p>Nadav Weiman, a csoport \u00fcgyvezet\u0151 igazgat\u00f3ja a France 24-nek adott interj\u00faj\u00e1ban tette k\u00f6zz\u00e9 a v\u00e1dakat , ahol a \u201evisszamen\u0151leges v\u00e1demel\u00e9st\u201d olyan folyamatk\u00e9nt \u00edrta le, amelynek sor\u00e1n az izraeli katonai m\u0171veletek sor\u00e1n meg\u00f6lt palesztinokat ut\u00f3lag Hamasz-tagokk\u00e9nt azonos\u00edtj\u00e1k, hogy igazolj\u00e1k a t\u00e1mad\u00e1sokat.<\/p>\n<p>Amikor Weimant a folyamat magyar\u00e1zat\u00e1ra k\u00e9rt\u00e9k, elmondta, hogy az izraeli hadsereg \u00e9s sz\u00f3viv\u0151i megpr\u00f3b\u00e1lj\u00e1k meg\u00e1llap\u00edtani a l\u00e9gicsap\u00e1sokban, k\u00f6zt\u00fck a nagysz\u00e1m\u00fa civil \u00e1ldozatot k\u00f6vetel\u0151 t\u00e1mad\u00e1sokban elesett emberek kil\u00e9t\u00e9t \u00e9s \u00e1ll\u00edt\u00f3lagos hovatartoz\u00e1s\u00e1t.<\/p>\n<p>\u201eEl\u0151sz\u00f6r l\u00f6v\u00fcnk, \u00f6l\u00fcnk, azt\u00e1n gondolkodunk, \u00e9s v\u00e9g\u00fcl megpr\u00f3b\u00e1ljuk megtal\u00e1lni az ok\u00e1t, hogy mi\u00e9rt t\u00f6rt\u00e9nt\u201d \u2013 mondta Weiman.<\/p>\n<p>Megeml\u00edtette az izraeli hadsereg Nasszer K\u00f3rh\u00e1z k\u00f6r\u00fcli m\u0171veleteit, 15 ment\u0151s meggyilkol\u00e1s\u00e1t Rafahban \u00e9s a G\u00e1z\u00e1ban v\u00e9grehajtott l\u00e9gicsap\u00e1sokat, amelyek \u00e1ll\u00edt\u00e1sa szerint nagysz\u00e1m\u00fa civil hal\u00e1l\u00e1t okozt\u00e1k.<\/p>\n<p>A Breaking the Silence egy izraeli nem korm\u00e1nyzati szervezet, amelyet kor\u00e1bbi \u00e9s szolg\u00e1latot teljes\u00edt\u0151 izraeli katonai szem\u00e9lyzet alap\u00edtott.<\/p>\n<p>Weiman szerint a gyilkoss\u00e1gok ut\u00e1n az izraeli h\u00edrszerz\u00e9s megszerzi a meggyilkoltak kil\u00e9t\u00e9t, majd megvizsg\u00e1lja \u0151ket a Ham\u00e1szhoz vagy m\u00e1s fegyveres csoportokhoz f\u0171z\u0151d\u0151 esetleges kapcsolatok szempontj\u00e1b\u00f3l, hogy igazolja az incidenst.<\/p>\n<p>\u201e\u00c9s akkor az Izraeli V\u00e9delmi Er\u0151k bizony\u00edt\u00e9kokat kezdenek keresni\u201d \u2013 mondta, a lehets\u00e9ges indokokat ismertetve, bele\u00e9rtve azt, hogy egy szem\u00e9ly \u201eegy \u00e9p\u00fclet k\u00f6zel\u00e9ben\u201d tart\u00f3zkodik, akit a Ham\u00e1szhoz tartoz\u00f3k\u00e9nt azonos\u00edtottak, van egy csal\u00e1dtagja, aki kapcsolatban \u00e1ll a Ham\u00e1szszal, vagy kor\u00e1bban fizet\u00e9sben volt.<\/p>\n<p>\u201e\u00c9s akkor az Izraeli V\u00e9delmi Er\u0151k megpr\u00f3b\u00e1lnak bizonyos szem\u00e9lyek k\u00f6r\u00e9 \u00e1ll\u00edtani egy v\u00e1dat, miszerint \u00bbAz\u00e9rt t\u00e1madtunk, mert ott voltak a Ham\u00e1sz tagjai\u00ab\u201d \u2013 mondta Weiman.<\/p>\n<p>Azt mondta, hogy a t\u00e1mad\u00e1sokat v\u00e9grehajt\u00f3 katon\u00e1k nem rendelkeznek azokkal az inform\u00e1ci\u00f3kkal, amelyeket k\u00e9s\u0151bb a gyilkoss\u00e1gok igazol\u00e1s\u00e1ra haszn\u00e1lnak fel.<\/p>\n<p>\u201eNos, nem hiszem, hogy a k\u00f3rh\u00e1zra t\u00fczet l\u00f6v\u00f6ld\u00f6z\u0151 tanknak volt egy f\u00fczete 25 000 Hamasz-taggal, \u00e9s azok egym\u00e1s ut\u00e1n n\u00e9zt\u00e9k a fot\u00f3kat, \u00e9s azt mondt\u00e1k: \u00bb\u00d3, ott vannak a Hamasz-tagok\u00ab\u201d \u2013 mondta Weiman.<\/p>\n<p>\u201eEzt a l\u00f6v\u00e9s ut\u00e1n csin\u00e1ljuk.\u201d<\/p>\n<p>Weiman azt mondta, hogy ezek a \u201emegenged\u0151 harci szab\u00e1lyok\u201d lehet\u0151v\u00e9 tett\u00e9k az emberi jogok sz\u00e9les k\u00f6r\u0171 megs\u00e9rt\u00e9s\u00e9t a h\u00e1bor\u00fa alatt.<\/p>\n<p>\u201eHirtelen az izraeli v\u00e9delmi er\u0151k sz\u00f3viv\u0151j\u00e9nek el kellett magyar\u00e1znia a nemzetk\u00f6zi k\u00f6z\u00f6ss\u00e9gnek, hogy mit tett\u00fcnk ott, kik a t\u00e1mad\u00e1s c\u00e9lpontjai\u201d \u2013 mondta Weiman. \u201e\u00c9s ez\u00e9rt mondtam kor\u00e1bban a legitim\u00e1ci\u00f3t, mert az izraeli v\u00e9delmi er\u0151k nemzetk\u00f6zi legitim\u00e1ci\u00f3t akarnak ahhoz, amit G\u00e1z\u00e1ban tesz\u00fcnk.\u201d<\/p>\n<p>A szervezet szerint a csoport \u00e1ltal gy\u0171jt\u00f6tt katonavallom\u00e1sok arra utalnak, hogy amit a hadsereg elszigetelt incidensk\u00e9nt \u00e1br\u00e1zol, az ink\u00e1bb egy szisztematikus politik\u00e1t \u00e9s a helysz\u00ednen alkalmazott sz\u00e9lesebb k\u00f6r\u0171 gyakorlatot t\u00fckr\u00f6zhet.<\/p>\n<p>A Breaking the Silence szerint a szervezet \u00e1ltal \u00f6sszegy\u0171jt\u00f6tt katonaval kapcsolatos besz\u00e1mol\u00f3kban is megjelent a \u201evisszamen\u0151leges v\u00e1demel\u00e9sek\u201d mint\u00e1zata, \u00e1ll\u00edt\u00f3lag a palesztinokat terrorist\u00e1nak min\u0151s\u00edtett\u00e9k a meggyilkol\u00e1suk ut\u00e1n, m\u00e9g akkor is, ha fegyvertelenek vagy 18 \u00e9v alattiak voltak.<\/p>\n<p>A szervezet azt is k\u00f6z\u00f6lte, hogy 2023. okt\u00f3ber 7. \u00f3ta az izraeli hadsereg a g\u00e1zai kamer\u00e1kat potenci\u00e1lis fenyeget\u00e9sk\u00e9nt kezeli a helysz\u00ednen m\u0171k\u00f6d\u0151 katon\u00e1ira n\u00e9zve, \u00e9s a \u201emegenged\u0151 harci szab\u00e1lyok\u201d \u00e9rtelm\u00e9ben legitim katonai c\u00e9lpontk\u00e9nt kezelik \u0151ket.<\/p>\n<p>Azt \u00e1ll\u00edtott\u00e1k, hogy az izraeli hadsereg \u00e1ltal meg\u00f6lt \u00fajs\u00e1g\u00edr\u00f3k nagy sz\u00e1ma k\u00f6zvetlen k\u00f6vetkezm\u00e9nye ezeknek a szab\u00e1lyoknak, \u00e9s a hadsereg k\u00e9s\u0151bbi magyar\u00e1zatait felhaszn\u00e1lt\u00e1k a tettek nemzetk\u00f6zi v\u00e9delm\u00e9re.<\/p>\n<p>A Breaking the Silence-t 2004-ben alap\u00edtott\u00e1k izraeli katonai veter\u00e1nok, hogy bizalmas platformot biztos\u00edtsanak a szolg\u00e1latot teljes\u00edt\u0151 \u00e9s kor\u00e1bbi katon\u00e1knak, valamint tartal\u00e9kosoknak, hogy elmes\u00e9lhess\u00e9k a megsz\u00e1llt palesztin ter\u00fcleteken szerzett tapasztalataikat.<\/p>","protected":false},"excerpt":{"rendered":"<p>A Breaking the Silence szerint az izraeli katonai t\u00e1mad\u00e1sok ut\u00e1n bizony\u00edt\u00e9kokat keresnek arra vonatkoz\u00f3an, hogy a meg\u00f6lteket fegyveres csoportokhoz k\u00f6ss\u00e9k. Az izraeli veter\u00e1nok szervezete, a Breaking the Silence (Megt\u00f6rj\u00fck a csendet) azzal v\u00e1dolta az izraeli hadsereget, hogy palesztinokat \u00f6ltek meg G\u00e1z\u00e1ban, \u00e9s k\u00e9s\u0151bb bizony\u00edt\u00e9kokat is kerestek a gyilkoss\u00e1gok igazol\u00e1s\u00e1ra. Nadav Weiman, a csoport \u00fcgyvezet\u0151 igazgat\u00f3ja [&hellip;]<\/p>\n","protected":false},"author":1,"featured_media":4705,"comment_status":"open","ping_status":"closed","sticky":false,"template":"","format":"standard","meta":{"rs_blank_template":"","rs_page_bg_color":"","slide_template_v7":"","_monsterinsights_skip_tracking":false,"wpai_generated_summary":"","tdm_status":"","tdm_grid_status":"","footnotes":""},"categories":[31,176],"tags":[106,167,96,163,153,154,105,104],"class_list":["post-4704","post","type-post","status-publish","format-standard","has-post-thumbnail","category-izrael-igazi-arca","category-breaking-the-silence-megtorjuk-a-csendet","tag-cionizmus","tag-idf","tag-izrael","tag-izrael-terror","tag-kozel-kelet","tag-nemzetkozi-kapcsolatok","tag-palesztin","tag-palesztina"],"_links":{"self":[{"href":"https:\/\/antipropaganda.hu\/en\/wp-json\/wp\/v2\/posts\/4704","targetHints":{"allow":["GET"]}}],"collection":[{"href":"https:\/\/antipropaganda.hu\/en\/wp-json\/wp\/v2\/posts"}],"about":[{"href":"https:\/\/antipropaganda.hu\/en\/wp-json\/wp\/v2\/types\/post"}],"author":[{"embeddable":true,"href":"https:\/\/antipropaganda.hu\/en\/wp-json\/wp\/v2\/users\/1"}],"replies":[{"embeddable":true,"href":"https:\/\/antipropaganda.hu\/en\/wp-json\/wp\/v2\/comments?post=4704"}],"version-history":[{"count":1,"href":"https:\/\/antipropaganda.hu\/en\/wp-json\/wp\/v2\/posts\/4704\/revisions"}],"predecessor-version":[{"id":4706,"href":"https:\/\/antipropaganda.hu\/en\/wp-json\/wp\/v2\/posts\/4704\/revisions\/4706"}],"wp:featuredmedia":[{"embeddable":true,"href":"https:\/\/antipropaganda.hu\/en\/wp-json\/wp\/v2\/media\/4705"}],"wp:attachment":[{"href":"https:\/\/antipropaganda.hu\/en\/wp-json\/wp\/v2\/media?parent=4704"}],"wp:term":[{"taxonomy":"category","embeddable":true,"href":"https:\/\/antipropaganda.hu\/en\/wp-json\/wp\/v2\/categories?post=4704"},{"taxonomy":"post_tag","embeddable":true,"href":"https:\/\/antipropaganda.hu\/en\/wp-json\/wp\/v2\/tags?post=4704"}],"curies":[{"name":"wp","href":"https:\/\/api.w.org\/{rel}","templated":true}]}}