{"id":4694,"date":"2026-09-01T06:34:23","date_gmt":"2026-09-01T04:34:23","guid":{"rendered":"https:\/\/antipropaganda.hu\/?p=4694"},"modified":"2026-09-01T06:34:23","modified_gmt":"2026-09-01T04:34:23","slug":"izrael-arab-orvosainak-mitosza","status":"publish","type":"post","link":"https:\/\/antipropaganda.hu\/en\/izrael-arab-orvosainak-mitosza\/","title":{"rendered":"Izrael arab orvosainak m\u00edtosza."},"content":{"rendered":"<p><strong>Az izraeli liberalizmus bizony\u00edt\u00e9kak\u00e9nt \u00fcnnepelt \u00e9s a jobboldal \u00e1ltal becsm\u00e9relt palesztin orvosokat val\u00f3j\u00e1ban csendben kiz\u00e1rj\u00e1k a szakm\u00e1b\u00f3l.<\/strong><\/p>\n<p>Az elm\u00falt hetekben a Haif\u00e1ban tal\u00e1lhat\u00f3 Rambam K\u00f3rh\u00e1z intenz\u00edv oszt\u00e1ly\u00e1n dolgoz\u00f3 arab szem\u00e9lyzet tagjai nyilv\u00e1nos t\u00e1mad\u00e1s c\u00e9lpontj\u00e1ba ker\u00fcltek. A Libanonban megsebes\u00fclt izraeli katon\u00e1k rokonai, akiket a k\u00f3rh\u00e1zban kezeltek, azzal v\u00e1dolt\u00e1k az \u201e arabul besz\u00e9l\u0151\u201d szem\u00e9lyzetet, hogy helytelen\u00fcl b\u00e1ntak szeretteikkel, azt \u00e1ll\u00edtva, hogy a szem\u00e9lyzet megfosztotta szeretteiket a v\u00edzt\u0151l \u00e9s durv\u00e1n b\u00e1nt vel\u00fck. Izrael legn\u00e9zettebb telev\u00edzi\u00f3ad\u00f3ja, a 12-es csatorna feler\u0151s\u00edtette a v\u00e1dakat, ami gyorsan felh\u00e1borod\u00e1st v\u00e1ltott ki.<\/p>\n<p>Rambam korm\u00e1nya kivizsg\u00e1lta a panaszt, \u00e9s alaptalannak tal\u00e1lta. A t\u00e9nyek azonban nem sokat sz\u00e1m\u00edtottak az izraeli jobboldalnak, amely az incidenst arra haszn\u00e1lta fel, hogy kamp\u00e1nyt ind\u00edtson az arab eg\u00e9szs\u00e9g\u00fcgyi szakemberek izraeli eg\u00e9szs\u00e9g\u00fcgyi rendszerben bet\u00f6lt\u00f6tt kiemelked\u0151 jelenl\u00e9te ellen.<\/p>\n<p>Osnat Mark, a Likud kor\u00e1bbi t\u00f6rv\u00e9nyhoz\u00f3ja a Netanjahu-p\u00e1rti 14-es csatorn\u00e1n adott interj\u00faj\u00e1ban azt mondta , hogy Izraelnek \u201ezsid\u00f3s\u00edtania\u201d kellene az orvosi szakm\u00e1t. \u201eBel\u00e9psz a k\u00f3rh\u00e1zakba, \u00e9s \u00fagy \u00e9rzed magad, mintha R\u00e1mall\u00e1hban lenn\u00e9l\u201d \u2013 ki\u00e1ltotta.<\/p>\n<p>A Likud k\u00e9pvisel\u0151je, M\u00f3se Szaada hasonl\u00f3k\u00e9ppen kamp\u00e1nyol az arab orvosok ir\u00e1nti \u201epozit\u00edv diszkrimin\u00e1ci\u00f3\u201d ellen, azt \u00e1ll\u00edtva, hogy ha l\u00e1nya orvostudom\u00e1nyt szeretne tanulni, akkor \u201eUmm al-Fahmb\u00f3l\u201d (egy Haifa k\u00f6zel\u00e9ben l\u00e9v\u0151 arab v\u00e1rosb\u00f3l) sz\u00e1rmaz\u00f3 Fatm\u00e1t r\u00e9szes\u00edten\u00e9k el\u0151nyben vele szemben. A Rambamr\u00f3l sz\u00f3l\u00f3 jelent\u00e9sek ut\u00e1n ez a retorika csak feler\u0151s\u00f6d\u00f6tt.<\/p>\n<p>A l\u00e1z\u00edt\u00e1ssal szemben jelent\u0151s felh\u00e1borod\u00e1s alakult ki. Az incidens ut\u00e1n baloldali zsid\u00f3 \u00e9s palesztin aktivist\u00e1k vir\u00e1got osztogattak a Rambam munkat\u00e1rsainak, mik\u00f6zben t\u00f6bb mint 32 000 ember \u00edrta al\u00e1 a t\u00e1mogat\u00e1sukat szolg\u00e1l\u00f3 kamp\u00e1nyt . Az orvosi szakszervezetek \u00e9s szakmai szervezetek el\u00edt\u00e9lt\u00e9k a t\u00e1mad\u00e1sokat.<\/p>\n<p>M\u00f3se Bar Sziman-Tov, az Eg\u00e9szs\u00e9g\u00fcgyi Miniszt\u00e9rium f\u0151igazgat\u00f3ja megl\u00e1togatta a k\u00f3rh\u00e1zat, \u00e9s teljes t\u00e1mogat\u00e1s\u00e1r\u00f3l biztos\u00edtotta a szem\u00e9lyzetet. Az arab alkalmazottakra ir\u00e1nyul\u00f3 \u201erasszista diskurzus\u201d \u201eelfogadhatatlan\u201d \u2013 mondta , hozz\u00e1t\u00e9ve, hogy \u201eaz eg\u00e9szs\u00e9g\u00fcgyi rendszerben val\u00f3 egy\u00fcttm\u0171k\u00f6d\u00e9s nem r\u00e1nk k\u00e9nyszer\u00edtett sz\u00fcks\u00e9gszer\u0171s\u00e9g, hanem \u00e9rt\u00e9k, valamint a rugalmass\u00e1g \u00e9s a professzionalizmus forr\u00e1sa\u201d.<\/p>\n<p>Az ilyen szolidarit\u00e1si kifejez\u00e9sek fontosak. De csak a probl\u00e9ma legl\u00e1that\u00f3bb r\u00e9sz\u00e9t kezelik.<\/p>\n<p>Mik\u00f6zben a politikusok az arab eg\u00e9szs\u00e9g\u00fcgyi dolgoz\u00f3kat szidj\u00e1k, akik \u00e1ll\u00edt\u00f3lag zsid\u00f3 diplom\u00e1sok \u00e1ll\u00e1sait foglalj\u00e1k el izraeli k\u00f3rh\u00e1zakban, az adatok eg\u00e9szen m\u00e1s k\u00e9pet mutatnak: T\u00f6bb ezer arab orvos, aki elv\u00e9gezte az orvosi egyetemet, letette az enged\u00e9lyvizsg\u00e1t \u00e9s befejezte a gyakornoki idej\u00e9t, nem tal\u00e1l munk\u00e1t izraeli k\u00f3rh\u00e1zakban \u00e9s eg\u00e9szs\u00e9g\u00fcgyi klinik\u00e1kon. M\u00e1s sz\u00f3val, az arab orvosok jelenl\u00e9t\u00e9nek cs\u00f6kkent\u00e9s\u00e9re ir\u00e1nyul\u00f3 er\u0151fesz\u00edt\u00e9sek m\u00e1r most is sikeresek lehetnek \u2013 an\u00e9lk\u00fcl, hogy b\u00e1rmilyen hivatalos politika l\u00e9tezne erre vonatkoz\u00f3an.<\/p>\n<p>Egy 2025-\u00f6s, az Israel Journal of Health Policy Research c\u00edm\u0171 foly\u00f3iratban megjelent tanulm\u00e1ny szerint az arabok ar\u00e1nya az \u00f6sszes izraeli orvos k\u00f6z\u00f6tt 8 sz\u00e1zal\u00e9kr\u00f3l (2010) 25 sz\u00e1zal\u00e9kra (2023) emelkedett. Az arabok az \u00e1pol\u00f3k \u00e9s fogorvosok 27 sz\u00e1zal\u00e9k\u00e1t, valamint a gy\u00f3gyszer\u00e9szek 49 sz\u00e1zal\u00e9k\u00e1t teszik ki. Az izraeli orvostanhallgat\u00f3k k\u00f6r\u00e9ben azonban ar\u00e1nyuk cs\u00f6kken, a 2022-23-as tan\u00e9vben (a legut\u00f3bbi \u00e9vben, amelyr\u0151l adatok \u00e1llnak rendelkez\u00e9sre) mind\u00f6ssze 9 sz\u00e1zal\u00e9kra esett vissza. Ez azt jelenti, hogy az arab orvosok sz\u00e1m\u00e1nak n\u00f6veked\u00e9se nagyr\u00e9szt azokt\u00f3l f\u00fcgg\u00f6tt, akiket k\u00fclf\u00f6ld\u00f6n k\u00e9nyszer\u00edtettek orvostanhallgat\u00f3kk\u00e1 v\u00e1lni.<\/p>\n<p>A Kneszet Kutat\u00f3- \u00e9s Inform\u00e1ci\u00f3s K\u00f6zpont adatai szint\u00e9n c\u00e1folj\u00e1k azokat az \u00e1ll\u00edt\u00e1sokat, miszerint az arab jelentkez\u0151k profit\u00e1lnak a pozit\u00edv diszkrimin\u00e1ci\u00f3b\u00f3l. Az arab orvostanhallgat\u00f3k \u00e1tlagosan valamivel magasabb pontsz\u00e1mot \u00e9rnek el a pszichometriai felv\u00e9teli teszten, mint a zsid\u00f3 di\u00e1kok \u2013 725 pontot a 723-mal szemben \u2013, m\u00e9gis a zsid\u00f3 jelentkez\u0151ket majdnem k\u00e9tszer annyian veszik fel az orvosi egyetemre, mint az arab jelentkez\u0151ket: 31 sz\u00e1zal\u00e9kot a 16 sz\u00e1zal\u00e9kkal szemben.<\/p>\n<p>Az arab orvosok k\u00e9pviselete az izraeli k\u00f3rh\u00e1zakban sem jelent egyenl\u0151 hozz\u00e1f\u00e9r\u00e9st a hatalomhoz. A Mossawa K\u00f6zpont \u00e1ltal a Legfels\u0151bb B\u00edr\u00f3s\u00e1ghoz beny\u00fajtott pet\u00edci\u00f3 szerint a palesztin \u00e1llampolg\u00e1rok az Eg\u00e9szs\u00e9g\u00fcgyi Miniszt\u00e9rium alkalmazottainak 22 sz\u00e1zal\u00e9k\u00e1t tett\u00e9k ki 2025 \u00e1prilis\u00e1ban \u2013 ez a legmagasabb ar\u00e1ny az \u00f6sszes korm\u00e1nyzati miniszt\u00e9rium k\u00f6z\u00f6tt, b\u00e1r nagyj\u00e1b\u00f3l megegyezik a teljes n\u00e9pess\u00e9gen bel\u00fcli ar\u00e1nyukkal \u2013, de a vezet\u0151 poz\u00edci\u00f3knak csak k\u00f6r\u00fclbel\u00fcl 3 sz\u00e1zal\u00e9k\u00e1t t\u00f6lt\u00f6tt\u00e9k be.<\/p>\n<figure id=\"attachment_4700\" aria-describedby=\"caption-attachment-4700\" style=\"width: 696px\" class=\"wp-caption alignnone\"><img decoding=\"async\" class=\"wp-image-4700 size-large lazyload\" data-src=\"https:\/\/antipropaganda.hu\/wp-content\/smush-webp\/2026\/09\/F260310YA00007-1280x853-1-1024x682.jpg.webp\" alt=\"\" width=\"696\" height=\"464\" title=\"\" data-srcset=\"https:\/\/antipropaganda.hu\/wp-content\/smush-webp\/2026\/09\/F260310YA00007-1280x853-1-1024x682.jpg.webp 1024w, https:\/\/antipropaganda.hu\/wp-content\/smush-webp\/2026\/09\/F260310YA00007-1280x853-1-300x200.jpg.webp 300w, https:\/\/antipropaganda.hu\/wp-content\/smush-webp\/2026\/09\/F260310YA00007-1280x853-1-768x512.jpg.webp 768w, https:\/\/antipropaganda.hu\/wp-content\/uploads\/2026\/09\/F260310YA00007-1280x853-1-18x12.jpg 18w, https:\/\/antipropaganda.hu\/wp-content\/smush-webp\/2026\/09\/F260310YA00007-1280x853-1-630x420.jpg.webp 630w, https:\/\/antipropaganda.hu\/wp-content\/smush-webp\/2026\/09\/F260310YA00007-1280x853-1-150x100.jpg.webp 150w, https:\/\/antipropaganda.hu\/wp-content\/smush-webp\/2026\/09\/F260310YA00007-1280x853-1-696x464.jpg.webp 696w, https:\/\/antipropaganda.hu\/wp-content\/smush-webp\/2026\/09\/F260310YA00007-1280x853-1-1068x712.jpg.webp 1068w, https:\/\/antipropaganda.hu\/wp-content\/smush-webp\/2026\/09\/F260310YA00007-1280x853-1-600x400.jpg.webp 600w, https:\/\/antipropaganda.hu\/wp-content\/smush-webp\/2026\/09\/F260310YA00007-1280x853-1.jpg.webp 1280w\" data-sizes=\"auto\" src=\"data:image\/svg+xml;base64,PHN2ZyB3aWR0aD0iMSIgaGVpZ2h0PSIxIiB4bWxucz0iaHR0cDovL3d3dy53My5vcmcvMjAwMC9zdmciPjwvc3ZnPg==\" style=\"--smush-placeholder-width: 696px; --smush-placeholder-aspect-ratio: 696\/464;\" data-original-sizes=\"(max-width: 696px) 100vw, 696px\" \/><figcaption id=\"caption-attachment-4700\" class=\"wp-caption-text\">A Rambam K\u00f3rh\u00e1z \u00e1ltal\u00e1nos k\u00e9pe Haif\u00e1ban, \u00c9szak-Izraelben, 2026. m\u00e1rcius 10. (Yossi Aloni\/Flash90)<\/figcaption><\/figure>\n<p>A k\u00e9rd\u00e9s teh\u00e1t nem egyszer\u0171en az, hogy ki vehet r\u00e9szt az eg\u00e9szs\u00e9g\u00fcgyi rendszerben, hanem az is, hogy ki ir\u00e1ny\u00edthatja azt, ki alak\u00edthatja a politik\u00e1j\u00e1t \u00e9s hozhatja meg a d\u00f6nt\u00e9seit.<\/p>\n<h3><b><span dir=\"auto\">Az ajt\u00f3 becsuk\u00e1sa<\/span><\/b><\/h3>\n<p>Egyes ter\u00fcleteken az usz\u00edt\u00e1s \u00e9s a rasszista retorika m\u00e1r elkezdte befoly\u00e1solni a politik\u00e1t.<\/p>\n<p>Janu\u00e1rban a Kneszet j\u00f3v\u00e1hagyta a ciszjord\u00e1niai palesztin akad\u00e9miai int\u00e9zm\u00e9nyek v\u00e9gz\u0151seinek izraeli oktat\u00e1si rendszerben val\u00f3 tan\u00e1rk\u00e9nt val\u00f3 alkalmaz\u00e1s\u00e1nak tilalm\u00e1t, ami gyakorlatilag t\u00f6bb ezer izraeli palesztin \u00e1llampolg\u00e1r kiz\u00e1r\u00e1s\u00e1t eredm\u00e9nyezte. K\u00f6r\u00fclbel\u00fcl ugyanebben az id\u0151ben Otzma Jehudit k\u00e9pvisel\u0151, Limor Son Har-Melech, a Kneszet Eg\u00e9szs\u00e9g\u00fcgyi Bizotts\u00e1g\u00e1nak eln\u00f6ke ugyanezt a politik\u00e1t szorgalmazta a palesztin egyetemekr\u0151l \u00e9rkez\u0151 orvostanhallgat\u00f3k izraeli k\u00f3rh\u00e1zakban t\u00f6rt\u00e9n\u0151 klinikai k\u00e9pz\u00e9s\u00e9re is. Azt \u00e1ll\u00edtotta, hogy ezek a hallgat\u00f3k elveszik a helyeket az izraeli orvosokt\u00f3l, \u00e9s a palesztin akad\u00e9miai int\u00e9zm\u00e9nyeket \u201ea terrorizmus meleg\u00e1gyainak\u201d nevezte.<\/p>\n<p>A palesztin egyetemeken v\u00e9gzett \u00e1pol\u00f3k is besz\u00e1moltak arr\u00f3l, hogy kiterjedt vizsg\u00e1kkal \u00e9s b\u00fcrokratikus akad\u00e1lyokkal kellett szemben\u00e9zni\u00fck a p\u00e1ly\u00e1ra l\u00e9p\u00e9s\u00fck sor\u00e1n. Most ugyanez a logika egyre ink\u00e1bb az orvosokra is ir\u00e1nyul: ahelyett, hogy a v\u00e9gzetteket k\u00e9pzetts\u00e9g\u00fck, eredm\u00e9nyeik \u00e9s szakmai k\u00e9pess\u00e9geik alapj\u00e1n \u00e9rt\u00e9keln\u00e9k, egy palesztin int\u00e9zm\u00e9nyben val\u00f3 tanul\u00e1s \u00f6nmag\u00e1ban is az alkalmatlans\u00e1g vagy a lojalit\u00e1s hi\u00e1ny\u00e1nak bizony\u00edt\u00e9ka.<\/p>\n<p>A szakmai gyakorlat elv\u00e9gz\u00e9se ut\u00e1n a szakosodni k\u00edv\u00e1n\u00f3 orvosoknak rezidensk\u00e9pz\u00e9st kell tal\u00e1lniuk egy elismert int\u00e9zm\u00e9nyben. A szakmai gyakorlatokkal ellent\u00e9tben, amelyeket az Eg\u00e9szs\u00e9g\u00fcgyi Miniszt\u00e9rium k\u00f6teles biztos\u00edtani a krit\u00e9riumoknak megfelel\u0151knek, a rezidensk\u00e9pz\u00e9s megtal\u00e1l\u00e1sa az egyes orvosok felel\u0151ss\u00e9ge. Itt kezd\u0151dik a sz\u0171k keresztmetszet.<\/p>\n<p>Bishara Bisharat professzor , az Izraeli Orvosi Sz\u00f6vets\u00e9gen bel\u00fcl m\u0171k\u00f6d\u0151 Izraeli Arab K\u00f6z\u00f6ss\u00e9gi Eg\u00e9szs\u00e9gfejleszt\u00e9si T\u00e1rsas\u00e1g eln\u00f6ke a +972 Magazine-nak elmondta, hogy becsl\u00e9se szerint k\u00f6r\u00fclbel\u00fcl 4000 arab orvos fejezte be tanulm\u00e1nyait, tette le az enged\u00e9lyez\u00e9si vizsg\u00e1t \u00e9s fejezte be szakmai gyakorlat\u00e1t, de jelenleg nem praktiz\u00e1lnak, mert nem tudtak rezidensk\u00e9pz\u00e9sre jelentkezni. Mindez akkor t\u00f6rt\u00e9nik, amikor Izrael eg\u00e9szs\u00e9g\u00fcgyi rendszere k\u00f6r\u00fclbel\u00fcl 3000 orvos hi\u00e1ny\u00e1val k\u00fczd .<\/p>\n<figure id=\"attachment_4697\" aria-describedby=\"caption-attachment-4697\" style=\"width: 696px\" class=\"wp-caption alignnone\"><img decoding=\"async\" class=\"wp-image-4697 size-large lazyload\" data-src=\"https:\/\/antipropaganda.hu\/wp-content\/smush-webp\/2026\/09\/F170903HP39-1280x853-1-1024x682.jpg.webp\" alt=\"\" width=\"696\" height=\"464\" title=\"\" data-srcset=\"https:\/\/antipropaganda.hu\/wp-content\/smush-webp\/2026\/09\/F170903HP39-1280x853-1-1024x682.jpg.webp 1024w, https:\/\/antipropaganda.hu\/wp-content\/smush-webp\/2026\/09\/F170903HP39-1280x853-1-300x200.jpg.webp 300w, https:\/\/antipropaganda.hu\/wp-content\/smush-webp\/2026\/09\/F170903HP39-1280x853-1-768x512.jpg.webp 768w, https:\/\/antipropaganda.hu\/wp-content\/uploads\/2026\/09\/F170903HP39-1280x853-1-18x12.jpg 18w, https:\/\/antipropaganda.hu\/wp-content\/smush-webp\/2026\/09\/F170903HP39-1280x853-1-630x420.jpg.webp 630w, https:\/\/antipropaganda.hu\/wp-content\/smush-webp\/2026\/09\/F170903HP39-1280x853-1-150x100.jpg.webp 150w, https:\/\/antipropaganda.hu\/wp-content\/smush-webp\/2026\/09\/F170903HP39-1280x853-1-696x464.jpg.webp 696w, https:\/\/antipropaganda.hu\/wp-content\/smush-webp\/2026\/09\/F170903HP39-1280x853-1-1068x712.jpg.webp 1068w, https:\/\/antipropaganda.hu\/wp-content\/smush-webp\/2026\/09\/F170903HP39-1280x853-1-600x400.jpg.webp 600w, https:\/\/antipropaganda.hu\/wp-content\/smush-webp\/2026\/09\/F170903HP39-1280x853-1.jpg.webp 1280w\" data-sizes=\"auto\" src=\"data:image\/svg+xml;base64,PHN2ZyB3aWR0aD0iMSIgaGVpZ2h0PSIxIiB4bWxucz0iaHR0cDovL3d3dy53My5vcmcvMjAwMC9zdmciPjwvc3ZnPg==\" style=\"--smush-placeholder-width: 696px; --smush-placeholder-aspect-ratio: 696\/464;\" data-original-sizes=\"(max-width: 696px) 100vw, 696px\" \/><figcaption id=\"caption-attachment-4697\" class=\"wp-caption-text\">A Hadassah Ein Karem K\u00f3rh\u00e1z egyik oszt\u00e1lya, Jeruzs\u00e1lem, 2017. szeptember 3. (Hadas Parush\/Flash90)<\/figcaption><\/figure>\n<p>Bisharat, a csal\u00e1d- \u00e9s k\u00f6zeg\u00e9szs\u00e9g\u00fcgyi orvosl\u00e1s szak\u00e9rt\u0151je szerint az arab orvosoknak azt mondhatj\u00e1k, hogy a finansz\u00edroz\u00e1s hi\u00e1nya miatt k\u00e9sik az integr\u00e1ci\u00f3juk, m\u00e9g akkor is, ha a zsid\u00f3 bev\u00e1ndorl\u00f3 orvosok gyorsan beolvadnak a rendszerbe. Att\u00f3l tart, hogy ha a meg\u00fcresedett \u00e1ll\u00e1sokat v\u00e9g\u00fcl arab orvosok t\u00f6ltik be, az ellen\u00fck ir\u00e1nyul\u00f3 usz\u00edt\u00e1s csak tov\u00e1bb fog fokoz\u00f3dni.<\/p>\n<p>A probl\u00e9ma l\u00e9nyege szerint az \u00faj orvosok felv\u00e9tel\u00e9re szolg\u00e1l\u00f3 \u00e1tl\u00e1that\u00f3 rendszer hi\u00e1nya. A rezidens poz\u00edci\u00f3kat gyakran szem\u00e9lyes kapcsolatokon kereszt\u00fcl t\u00f6ltik be, mondta Bisharat. Hozz\u00e1tette, hogy a mag\u00e1n eg\u00e9szs\u00e9g\u00fcgyi szolg\u00e1ltat\u00f3k (amelyek klinik\u00e1kat is \u00fczemeltetnek) egyes esetekben ahhoz a felt\u00e9telhez k\u00f6t\u00f6tt\u00e9k az orvosok rezidensk\u00e9pz\u00e9sre val\u00f3 felv\u00e9tel\u00e9t, hogy csal\u00e1dtagjaikat vagy ismer\u0151seiket bevonj\u00e1k az eg\u00e9szs\u00e9gbiztos\u00edt\u00e1si terv\u00fckbe.<\/p>\n<p>\u00c1prilisban maga az Eg\u00e9szs\u00e9g\u00fcgyi Miniszt\u00e9rium is elismerte , hogy nem rendelkezik pontos adatokkal a bet\u00f6lthet\u0151 rezidenshelyek sz\u00e1m\u00e1r\u00f3l. A miniszt\u00e9rium szerint a 2024-es adatok azt mutatj\u00e1k, hogy Izraelben 9558 orvos nem szakorvos \u00e9s nem rezidens, akiknek k\u00f6r\u00fclbel\u00fcl a fele arab. Nem felt\u00e9tlen\u00fcl munkan\u00e9lk\u00fcli, de az arabok ar\u00e1nytalanul nagy sz\u00e1ma ebben a kateg\u00f3ri\u00e1ban r\u00e1mutat azokra az akad\u00e1lyokra, amelyekkel a teljes szakmai karrierj\u00fck ki\u00e9p\u00edt\u00e9se sor\u00e1n szembes\u00fclnek. A miniszt\u00e9rium kijelentette, hogy az \u201eorvosi h\u00e9ber\u201d nyelv el\u00e9gtelen ismerete \u00e9s az izraeli eg\u00e9szs\u00e9g\u00fcgyi rendszerrel val\u00f3 korl\u00e1tozott ismeret akad\u00e1lyozza a foglalkoztat\u00e1st.<\/p>\n<p>A +972 Magazin friss\u00edtett adatokat k\u00e9rt az Eg\u00e9szs\u00e9g\u00fcgyi Miniszt\u00e9riumt\u00f3l az Izraelben \u00e9l\u0151 palesztin \u00e1llampolg\u00e1rok sz\u00e1m\u00e1r\u00f3l, akik rendelkeznek orvosi enged\u00e9llyel, de nem dolgoznak a szakm\u00e1ban, de v\u00e1laszt nem kapott.<\/p>\n<h3><b><span dir=\"auto\">Elismer\u00e9s visszavon\u00e1sa<\/span><\/b><\/h3>\n<p>Mivel az izraeli egyetemeken korl\u00e1tozott sz\u00e1m\u00fa orvosi hely van, az orvosjel\u00f6ltek Izraelben r\u00e9g\u00f3ta k\u00fclf\u00f6ldi int\u00e9zm\u00e9nyekben v\u00e9gzik tanulm\u00e1nyaikat. Ez az \u00fat k\u00fcl\u00f6n\u00f6sen gyakori az arab di\u00e1kok k\u00f6r\u00e9ben, akik tov\u00e1bbi felv\u00e9teli akad\u00e1lyokkal szembes\u00fclnek, bele\u00e9rtve a szigor\u00fa nyelvi \u00e9s interj\u00fak\u00f6vetelm\u00e9nyeket. A m\u00faltban a minim\u00e1lis korhat\u00e1ri k\u00f6vetelm\u00e9nyek is ar\u00e1nytalanul \u00e9rintett\u00e9k az arab jelentkez\u0151ket, akik \u00e1ltal\u00e1ban nem szolg\u00e1lnak katonai szolg\u00e1latot vagy nem teljes\u00edtenek nemzeti szolg\u00e1latot, ez\u00e9rt \u00e1ltal\u00e1ban fiatalabb korban kezdik tanulm\u00e1nyaikat. B\u00e1r ezeket a korl\u00e1toz\u00e1sokat v\u00e9g\u00fcl feloldott\u00e1k, addigra a k\u00fclf\u00f6ldi orvosi tanulm\u00e1nyok j\u00f3l bev\u00e1lt \u00fatvonall\u00e1 v\u00e1ltak az arab di\u00e1kok sz\u00e1m\u00e1ra.<\/p>\n<p>2019-ben az Eg\u00e9szs\u00e9g\u00fcgyi Miniszt\u00e9rium \u00faj szab\u00e1lyoz\u00e1st vezetett be az \u00fagynevezett \u201e Jaciv-reform \u201d keret\u00e9ben, amely cs\u00f6kkentette azon k\u00fclf\u00f6ldi orvosi egyetemek sz\u00e1m\u00e1t, amelyek v\u00e9gzettjei jogosultak letenni az izraeli orvosi enged\u00e9lyvizsg\u00e1t.<\/p>\n<figure id=\"attachment_4696\" aria-describedby=\"caption-attachment-4696\" style=\"width: 696px\" class=\"wp-caption alignnone\"><img decoding=\"async\" class=\"wp-image-4696 size-large lazyload\" data-src=\"https:\/\/antipropaganda.hu\/wp-content\/smush-webp\/2026\/09\/F160728TN58-1280x854-1-1024x683.jpg.webp\" alt=\"\" width=\"696\" height=\"464\" title=\"\" data-srcset=\"https:\/\/antipropaganda.hu\/wp-content\/smush-webp\/2026\/09\/F160728TN58-1280x854-1-1024x683.jpg.webp 1024w, https:\/\/antipropaganda.hu\/wp-content\/smush-webp\/2026\/09\/F160728TN58-1280x854-1-300x200.jpg.webp 300w, https:\/\/antipropaganda.hu\/wp-content\/smush-webp\/2026\/09\/F160728TN58-1280x854-1-768x512.jpg.webp 768w, https:\/\/antipropaganda.hu\/wp-content\/uploads\/2026\/09\/F160728TN58-1280x854-1-18x12.jpg 18w, https:\/\/antipropaganda.hu\/wp-content\/smush-webp\/2026\/09\/F160728TN58-1280x854-1-630x420.jpg.webp 630w, https:\/\/antipropaganda.hu\/wp-content\/smush-webp\/2026\/09\/F160728TN58-1280x854-1-150x100.jpg.webp 150w, https:\/\/antipropaganda.hu\/wp-content\/smush-webp\/2026\/09\/F160728TN58-1280x854-1-696x464.jpg.webp 696w, https:\/\/antipropaganda.hu\/wp-content\/smush-webp\/2026\/09\/F160728TN58-1280x854-1-1068x713.jpg.webp 1068w, https:\/\/antipropaganda.hu\/wp-content\/smush-webp\/2026\/09\/F160728TN58-1280x854-1-600x400.jpg.webp 600w, https:\/\/antipropaganda.hu\/wp-content\/smush-webp\/2026\/09\/F160728TN58-1280x854-1.jpg.webp 1280w\" data-sizes=\"auto\" src=\"data:image\/svg+xml;base64,PHN2ZyB3aWR0aD0iMSIgaGVpZ2h0PSIxIiB4bWxucz0iaHR0cDovL3d3dy53My5vcmcvMjAwMC9zdmciPjwvc3ZnPg==\" style=\"--smush-placeholder-width: 696px; --smush-placeholder-aspect-ratio: 696\/464;\" data-original-sizes=\"(max-width: 696px) 100vw, 696px\" \/><figcaption id=\"caption-attachment-4696\" class=\"wp-caption-text\">K\u00f3rh\u00e1zakban szakmai gyakorlatukat v\u00e9gz\u0151 orvostanhallgat\u00f3k tiltakoznak a hossz\u00fa m\u0171szakok ellen, Rabin t\u00e9r, Tel-Aviv, 2016. j\u00falius 27. (Tomer Neuberg\/Flash90)<\/figcaption><\/figure>\n<p><span dir=\"auto\">A reform c\u00e9lja az volt, hogy megakad\u00e1lyozza a rosszul szab\u00e1lyozott programok v\u00e9gz\u0151seinek bel\u00e9p\u00e9s\u00e9t az izraeli eg\u00e9szs\u00e9g\u00fcgyi rendszerbe; a jogosult int\u00e9zm\u00e9nyek t\u00f6bbs\u00e9ge OECD-tag\u00e1llamokban tal\u00e1lhat\u00f3, sz\u00e1mos j\u00f3v\u00e1hagyott kelet-eur\u00f3pai \u00e9s jord\u00e1niai int\u00e9zm\u00e9ny mellett. N\u00e9h\u00e1ny ciszjord\u00e1niai egyetem is tov\u00e1bbra is jogosult \u2013 egyel\u0151re.<\/span><\/p>\n<p><span dir=\"auto\">Aki 2019-ben vagy k\u00e9s\u0151bb kezdte meg tanulm\u00e1nyait egy olyan int\u00e9zm\u00e9nyben, amely nem felel meg a reform k\u00f6vetelm\u00e9nyeinek, nem teheti le az enged\u00e9lyez\u00e9si vizsg\u00e1t. Azok a hallgat\u00f3k azonban tov\u00e1bbra is jogosultak, \u00e9s diplom\u00e1jukat tov\u00e1bbra is elismerhetik, ha megfelelnek az enged\u00e9lyez\u00e9si k\u00f6vetelm\u00e9nyeknek.<\/span><\/p>\n<p><span dir=\"auto\">A reform ar\u00e1nytalanul s\u00fajtja az arab orvosokat, mivel sokkal nagyobb val\u00f3sz\u00edn\u0171s\u00e9ggel tanulnak orvostudom\u00e1nyt k\u00fclf\u00f6ld\u00f6n, mint a zsid\u00f3 izraeliek.<\/span><\/p>\n<p><span dir=\"auto\">Az Israel Journal of Health Policy Research tanulm\u00e1nya<\/span><span dir=\"auto\">\u00a0szerint\u00a0<\/span><span dir=\"auto\">a 67 \u00e9v alatti, enged\u00e9llyel rendelkez\u0151 arab orvosok k\u00f6r\u00fclbel\u00fcl 68 sz\u00e1zal\u00e9ka tanult Izraelen k\u00edv\u00fcl, szemben a zsid\u00f3 orvosok 54 sz\u00e1zal\u00e9k\u00e1val. A tanulm\u00e1ny azt is meg\u00e1llap\u00edtotta, hogy a k\u00fclf\u00f6ldi int\u00e9zm\u00e9nyek v\u00e9gz\u0151sei nagyobb neh\u00e9zs\u00e9gekkel k\u00fczdenek az elhelyezked\u00e9sben, a rangos k\u00f3rh\u00e1zakba \u00e9s versenyk\u00e9pes szakter\u00fcletekre val\u00f3 bejut\u00e1sban, valamint a vezet\u0151i poz\u00edci\u00f3kba val\u00f3 el\u0151rel\u00e9p\u00e9sben.<\/span><\/p>\n<p><span dir=\"auto\">Azok az arabok, akik 2020 \u00e9s 2022 k\u00f6z\u00f6tt izraeli orvosi enged\u00e9lyt kaptak, k\u00f6r\u00fclbel\u00fcl 60 sz\u00e1zal\u00e9kuk olyan k\u00fclf\u00f6ldi int\u00e9zm\u00e9nyekben tanult, amelyeket a Jatziv-reform m\u00e1r nem ismer el; k\u00f6r\u00fclbel\u00fcl 30 sz\u00e1zal\u00e9kuk k\u00fclf\u00f6ldi, elismert int\u00e9zm\u00e9nyekbe j\u00e1rt; \u00e9s csak k\u00f6r\u00fclbel\u00fcl 10 sz\u00e1zal\u00e9kuk tanult Izraelben.<\/span><\/p>\n<p><span dir=\"auto\">Bisharat azzal \u00e9rvelt, hogy a reform olyan stigm\u00e1t teremtett, amely m\u00e9g azokra az orvosokra is kiterjed, akik 2019 el\u0151tt iratkoztak be olyan int\u00e9zm\u00e9nyekbe, amelyeket k\u00e9s\u0151bb elt\u00e1vol\u00edtottak a j\u00f3v\u00e1hagyott list\u00e1r\u00f3l, annak ellen\u00e9re, hogy diplom\u00e1jukat tov\u00e1bbra is jogilag elismerik. B\u00e1rmi is legyen a kimondott c\u00e9lja az orvosi k\u00e9pz\u00e9s min\u0151s\u00e9g\u00e9nek biztos\u00edt\u00e1sa, elmondta, hogy a jogszab\u00e1ly lesz\u0171k\u00edtette azt a kulcsfontoss\u00e1g\u00fa utat, amelyen kereszt\u00fcl az arab orvosok bel\u00e9phettek a szakm\u00e1ba, an\u00e9lk\u00fcl, hogy az \u00e1llam megfelel\u0151 alternat\u00edv\u00e1t teremtett volna sz\u00e1mukra Izraelben, ami tov\u00e1bb hozz\u00e1j\u00e1rult kirekeszt\u00e9s\u00fckh\u00f6z.<\/span><\/p>\n<figure id=\"attachment_4699\" aria-describedby=\"caption-attachment-4699\" style=\"width: 696px\" class=\"wp-caption alignnone\"><img decoding=\"async\" class=\"wp-image-4699 size-large lazyload\" data-src=\"https:\/\/antipropaganda.hu\/wp-content\/smush-webp\/2026\/09\/F240922CG120-1280x854-1-1024x683.jpg.webp\" alt=\"\" width=\"696\" height=\"464\" title=\"\" data-srcset=\"https:\/\/antipropaganda.hu\/wp-content\/smush-webp\/2026\/09\/F240922CG120-1280x854-1-1024x683.jpg.webp 1024w, https:\/\/antipropaganda.hu\/wp-content\/smush-webp\/2026\/09\/F240922CG120-1280x854-1-300x200.jpg.webp 300w, https:\/\/antipropaganda.hu\/wp-content\/smush-webp\/2026\/09\/F240922CG120-1280x854-1-768x512.jpg.webp 768w, https:\/\/antipropaganda.hu\/wp-content\/uploads\/2026\/09\/F240922CG120-1280x854-1-18x12.jpg 18w, https:\/\/antipropaganda.hu\/wp-content\/smush-webp\/2026\/09\/F240922CG120-1280x854-1-630x420.jpg.webp 630w, https:\/\/antipropaganda.hu\/wp-content\/smush-webp\/2026\/09\/F240922CG120-1280x854-1-150x100.jpg.webp 150w, https:\/\/antipropaganda.hu\/wp-content\/smush-webp\/2026\/09\/F240922CG120-1280x854-1-696x464.jpg.webp 696w, https:\/\/antipropaganda.hu\/wp-content\/smush-webp\/2026\/09\/F240922CG120-1280x854-1-1068x713.jpg.webp 1068w, https:\/\/antipropaganda.hu\/wp-content\/smush-webp\/2026\/09\/F240922CG120-1280x854-1-600x400.jpg.webp 600w, https:\/\/antipropaganda.hu\/wp-content\/smush-webp\/2026\/09\/F240922CG120-1280x854-1.jpg.webp 1280w\" data-sizes=\"auto\" src=\"data:image\/svg+xml;base64,PHN2ZyB3aWR0aD0iMSIgaGVpZ2h0PSIxIiB4bWxucz0iaHR0cDovL3d3dy53My5vcmcvMjAwMC9zdmciPjwvc3ZnPg==\" style=\"--smush-placeholder-width: 696px; --smush-placeholder-aspect-ratio: 696\/464;\" data-original-sizes=\"(max-width: 696px) 100vw, 696px\" \/><figcaption id=\"caption-attachment-4699\" class=\"wp-caption-text\">Izraeli katon\u00e1k \u00e9s orvosi szem\u00e9lyzet a haifai Rambam K\u00f3rh\u00e1z f\u00f6ldalatti k\u00f3rh\u00e1z\u00e1ban, 2024. szeptember 2-\u00e1n. (Chaim Goldberg\/Flash90)<\/figcaption><\/figure>\n<p>M\u00e9gsem minden arab orvos, aki jelenleg nem tal\u00e1l munk\u00e1t, olyan int\u00e9zm\u00e9nyekben tanult, amelyeket a reform s\u00fajtott. Egy k\u00f6z\u00e9p-izraeli orvos, aki n\u00e9vtelens\u00e9get k\u00e9rt, egy olyan egyetemen tanult, amelyet soha nem z\u00e1rtak ki. N\u00e9gy \u00e9vvel ezel\u0151tt v\u00e9gzett, letette az enged\u00e9lyez\u00e9si vizsg\u00e1t, \u00e9s elv\u00e9gezte a szakmai gyakorlat\u00e1t. Ezut\u00e1n k\u00f3rh\u00e1zakba \u00e9s mag\u00e1nklinik\u00e1kra jelentkezett, de egyetlen interj\u00fara sem h\u00edvt\u00e1k be. \u00dagy v\u00e9li, hogy sok poz\u00edci\u00f3t gyakorlatilag a szem\u00e9lyes vagy csal\u00e1di kapcsolatokkal rendelkez\u0151 jel\u00f6ltek sz\u00e1m\u00e1ra tartanak fenn.<\/p>\n<p>Am\u00edg orvosi \u00e1ll\u00e1sra v\u00e1rt, k\u00e9zbes\u00edt\u0151i, \u00e9p\u00edt\u0151ipari \u00e9s benzink\u00fati munk\u00e1kat v\u00e1llalt. Az\u00f3ta k\u00e9t amerikai orvosi vizsg\u00e1t is letett, \u00e9s fontolgatja a kiv\u00e1ndorl\u00e1st \u2013 ezt a lehet\u0151s\u00e9get kor\u00e1bban kiz\u00e1rta.<\/p>\n<p>Bisharat most azt tan\u00e1csolja az arab di\u00e1koknak, hogy \u201ek\u00e9tszer is gondolj\u00e1k meg\u201d, miel\u0151tt k\u00fclf\u00f6ld\u00f6n folytatn\u00e1k az orvosi tanulm\u00e1nyaikat. \u00c9s arra sz\u00e1m\u00edt, hogy a probl\u00e9ma csak s\u00falyosbodni fog.<\/p>\n<p>Becsl\u00e9se szerint Izrael eg\u00e9szs\u00e9g\u00fcgyi rendszer\u00e9nek \u201e\u00e9vente 1500 \u00e9s 2000 \u00faj orvosra van sz\u00fcks\u00e9ge, a n\u00e9pess\u00e9gn\u00f6veked\u00e9st\u0151l \u00e9s az id\u0151sebb orvosok nyugd\u00edjba vonul\u00e1s\u00e1t\u00f3l f\u00fcgg\u0151en\u201d. 2020-ban \u2013 folytatta \u2013 \u201eaz izraeli egyetemek \u00e9vente k\u00f6r\u00fclbel\u00fcl 800 orvost k\u00e9pzettek ; most az \u00e1llam azon dolgozik, hogy ezt a sz\u00e1mot 1700 k\u00f6r\u00fclire emelje. De amint az izraeli egyetemek v\u00e9gzettjei kiel\u00e9g\u00edtik az eg\u00e9szs\u00e9g\u00fcgyi rendszer \u00e9ves ig\u00e9nyeinek nagy r\u00e9sz\u00e9t, a k\u00fclf\u00f6ld\u00f6n k\u00e9pzett orvosok lehet\u0151s\u00e9gei \u2013 az az \u00fat, amelyt\u0151l az arab \u00e1llampolg\u00e1rok nagyr\u00e9szt f\u00fcggtek \u2013 m\u00e9g tov\u00e1bb sz\u0171k\u00fclhetnek.\u201d<\/p>\n<h3><b><span dir=\"auto\">Egy n\u00f6vekv\u0151 alternat\u00edva<\/span><\/b><\/h3>\n<p>Ahogy az izraeli \u00e1llami eg\u00e9szs\u00e9g\u00fcgyi rendszerhez val\u00f3 hozz\u00e1f\u00e9r\u00e9s sz\u0171k\u00fcl, egy alternat\u00edv piac egyre t\u00f6bb fiatal arab orvost vonz Izraelbe: az eszt\u00e9tikai gy\u00f3gy\u00e1szat.<\/p>\n<p>Nincsenek hivatalos adatok a jelens\u00e9g m\u00e9rt\u00e9k\u00e9r\u0151l. A +972 fiatal arab orvosokkal folytatott besz\u00e9lget\u00e9sei alapj\u00e1n azonban \u00fagy t\u0171nik, hogy gyorsan n\u00f6vekv\u0151 tendencia, hogy az orvosok k\u00f6lcs\u00f6n\u00f6ket vesznek fel, vagy csal\u00e1djukt\u00f3l kapnak seg\u00edts\u00e9get, hogy szakmai tanfolyamokat v\u00e9gezzenek el, \u00e9s olyan klinik\u00e1kat nyissanak, amelyek Botox \u00e9s hialuronsav injekci\u00f3kat k\u00edn\u00e1lnak.<\/p>\n<figure id=\"attachment_4695\" aria-describedby=\"caption-attachment-4695\" style=\"width: 696px\" class=\"wp-caption alignnone\"><img decoding=\"async\" class=\"wp-image-4695 size-large lazyload\" data-src=\"https:\/\/antipropaganda.hu\/wp-content\/smush-webp\/2026\/09\/F110112UL80-1280x853-1-1024x682.jpg.webp\" alt=\"\" width=\"696\" height=\"464\" title=\"\" data-srcset=\"https:\/\/antipropaganda.hu\/wp-content\/smush-webp\/2026\/09\/F110112UL80-1280x853-1-1024x682.jpg.webp 1024w, https:\/\/antipropaganda.hu\/wp-content\/smush-webp\/2026\/09\/F110112UL80-1280x853-1-300x200.jpg.webp 300w, https:\/\/antipropaganda.hu\/wp-content\/smush-webp\/2026\/09\/F110112UL80-1280x853-1-768x512.jpg.webp 768w, https:\/\/antipropaganda.hu\/wp-content\/uploads\/2026\/09\/F110112UL80-1280x853-1-18x12.jpg 18w, https:\/\/antipropaganda.hu\/wp-content\/smush-webp\/2026\/09\/F110112UL80-1280x853-1-630x420.jpg.webp 630w, https:\/\/antipropaganda.hu\/wp-content\/smush-webp\/2026\/09\/F110112UL80-1280x853-1-150x100.jpg.webp 150w, https:\/\/antipropaganda.hu\/wp-content\/smush-webp\/2026\/09\/F110112UL80-1280x853-1-696x464.jpg.webp 696w, https:\/\/antipropaganda.hu\/wp-content\/smush-webp\/2026\/09\/F110112UL80-1280x853-1-1068x712.jpg.webp 1068w, https:\/\/antipropaganda.hu\/wp-content\/smush-webp\/2026\/09\/F110112UL80-1280x853-1-600x400.jpg.webp 600w, https:\/\/antipropaganda.hu\/wp-content\/smush-webp\/2026\/09\/F110112UL80-1280x853-1.jpg.webp 1280w\" data-sizes=\"auto\" src=\"data:image\/svg+xml;base64,PHN2ZyB3aWR0aD0iMSIgaGVpZ2h0PSIxIiB4bWxucz0iaHR0cDovL3d3dy53My5vcmcvMjAwMC9zdmciPjwvc3ZnPg==\" style=\"--smush-placeholder-width: 696px; --smush-placeholder-aspect-ratio: 696\/464;\" data-original-sizes=\"(max-width: 696px) 100vw, 696px\" \/><figcaption id=\"caption-attachment-4695\" class=\"wp-caption-text\">Egy n\u0151 botoxkezel\u00e9sen esik \u00e1t egy jeruzs\u00e1lemi sz\u00e9ps\u00e9gszalonban, 2011. december 12-\u00e9n. (Uri Lenz\/Flash90)<\/figcaption><\/figure>\n<p>Azoknak az orvosoknak, akik \u00e9vekig tanultak, de nem tal\u00e1ltak \u00e1ll\u00e1st egy izraeli k\u00f3rh\u00e1zban vagy \u00e1llami klinik\u00e1n, az eszt\u00e9tikai orvosl\u00e1s azonnali meg\u00e9lhet\u00e9si lehet\u0151s\u00e9get k\u00edn\u00e1l.<\/p>\n<p>Dr. Maya Najib Haj, az \u00e9szaki I&#8217;billin v\u00e1rosb\u00f3l, egyike nekik. 2023-ban Moldov\u00e1ban szerezte meg orvosi diplom\u00e1j\u00e1t, letette az izraeli enged\u00e9lyez\u00e9si vizsg\u00e1t, \u00e9s 2025 v\u00e9g\u00e9n befejezte szakmai gyakorlat\u00e1t a k\u00f6z\u00e9p-izraeli Beilinson K\u00f3rh\u00e1zban. Gyermekgy\u00f3gy\u00e1szatra szeretne szakosodni, de b\u00e1rhov\u00e1 is jelentkezik, azt mondja, ugyanazt a v\u00e1laszt kapja: Nincsenek nyitott poz\u00edci\u00f3k.<\/p>\n<p>\u201eEddig nem tal\u00e1ltam munk\u00e1t sem h\u00e1ziorvosk\u00e9nt, sem rezidensk\u00e9nt\u201d \u2013 mondta a +972-nek. \u201eHa az ap\u00e1m orvos lenne, k\u00f6nnyebb dolgom lenne.\u201d<\/p>\n<p>Haj az esk\u00fcv\u0151je el\u0151tt, mivel j\u00f6vedelemre volt sz\u00fcks\u00e9ge, botox- \u00e9s t\u00f6lt\u0151anyag-injekci\u00f3z\u00e1si tanfolyamokra kezdett j\u00e1rni. Elmond\u00e1sa szerint az egyik tanfolyamon r\u00e9sztvev\u0151k k\u00f6r\u00fclbel\u00fcl fele fiatal arab orvos volt, akik hasonl\u00f3 helyzetben voltak.<\/p>\n<p>Ha tov\u00e1bbra sem tud rezidensk\u00e9pz\u00e9sre jelentkezni, Haj azt mondja, komolyan fontol\u00f3ra veszi az Eur\u00f3p\u00e1ba k\u00f6lt\u00f6z\u00e9st, hogy elkezdje azt az orvosi p\u00e1ly\u00e1t, amelyre \u00e9veket k\u00e9sz\u00fclt.<\/p>\n<p>Nem csak az orvosok fizetik meg az \u00e1rat, hanem a k\u00f6z\u00f6ss\u00e9geik is. Az Izraeli Orvosok Emberi Jogok\u00e9rt szervezet jelent\u00e9s\u00e9re hivatkozva Bisharat megjegyezte, hogy az arab k\u00f6z\u00f6ss\u00e9gekben klinik\u00e1kon dolgoz\u00f3 orvosok 81 sz\u00e1zal\u00e9ka nem v\u00e9gzett csal\u00e1dorvosi rezidensk\u00e9pz\u00e9st.<\/p>\n<p>\u201eA csal\u00e1dorvosl\u00e1s a kezdeti diagn\u00f3zis kapuja\u201d \u2013 mondta. \u201eMi\u00e9rt nem nyit az \u00e1llam egy olyan utat, amely lehet\u0151v\u00e9 tenn\u00e9 ezeknek az orvosoknak a specializ\u00e1l\u00f3d\u00e1st \u2013 nemcsak saj\u00e1t maguk, hanem a t\u00e1rsadalom \u00e9rdek\u00e9ben is? Ez a megvet\u00e9s egy form\u00e1ja.\u201d<\/p>\n<h3><b><span dir=\"auto\">A kiv\u00e1lts\u00e1gosok szorong\u00e1sai<\/span><\/b><\/h3>\n<p>Nihaya Daoud, az Izraeli Arab Polg\u00e1rok F\u0151fel\u00fcgyel\u0151 Bizotts\u00e1g\u00e1n bel\u00fcli Eg\u00e9szs\u00e9g\u00fcgyi Bizotts\u00e1g eln\u00f6ke a Rambam orvosi szem\u00e9lyzete elleni t\u00e1mad\u00e1st az izraeli t\u00e1rsadalomban a hatalom \u00e9s a hovatartoz\u00e1s t\u00e1gabb k\u00e9rd\u00e9s\u00e9hez k\u00f6ti. A zsid\u00f3 t\u00f6bbs\u00e9g \u2013 mondta \u2013 hozz\u00e1szokott ahhoz, hogy a teret birtokl\u00f3 \u00e9s hatalmat gyakorl\u00f3 csoportnak tekintik, m\u00edg az arabokt\u00f3l elv\u00e1rj\u00e1k, hogy a perem\u00e9n maradjanak. \u201eDe ezek a peremek m\u00e1r nem a peremek\u201d \u2013 mondta.<\/p>\n<figure id=\"attachment_4701\" aria-describedby=\"caption-attachment-4701\" style=\"width: 696px\" class=\"wp-caption alignnone\"><img decoding=\"async\" class=\"wp-image-4701 size-large lazyload\" data-src=\"https:\/\/antipropaganda.hu\/wp-content\/smush-webp\/2026\/09\/F29042020OF09-1280x854-1-1024x683.jpg.webp\" alt=\"\" width=\"696\" height=\"464\" title=\"\" data-srcset=\"https:\/\/antipropaganda.hu\/wp-content\/smush-webp\/2026\/09\/F29042020OF09-1280x854-1-1024x683.jpg.webp 1024w, https:\/\/antipropaganda.hu\/wp-content\/smush-webp\/2026\/09\/F29042020OF09-1280x854-1-300x200.jpg.webp 300w, https:\/\/antipropaganda.hu\/wp-content\/smush-webp\/2026\/09\/F29042020OF09-1280x854-1-768x512.jpg.webp 768w, https:\/\/antipropaganda.hu\/wp-content\/uploads\/2026\/09\/F29042020OF09-1280x854-1-18x12.jpg 18w, https:\/\/antipropaganda.hu\/wp-content\/smush-webp\/2026\/09\/F29042020OF09-1280x854-1-630x420.jpg.webp 630w, https:\/\/antipropaganda.hu\/wp-content\/smush-webp\/2026\/09\/F29042020OF09-1280x854-1-150x100.jpg.webp 150w, https:\/\/antipropaganda.hu\/wp-content\/smush-webp\/2026\/09\/F29042020OF09-1280x854-1-696x464.jpg.webp 696w, https:\/\/antipropaganda.hu\/wp-content\/smush-webp\/2026\/09\/F29042020OF09-1280x854-1-1068x713.jpg.webp 1068w, https:\/\/antipropaganda.hu\/wp-content\/smush-webp\/2026\/09\/F29042020OF09-1280x854-1-600x400.jpg.webp 600w, https:\/\/antipropaganda.hu\/wp-content\/smush-webp\/2026\/09\/F29042020OF09-1280x854-1.jpg.webp 1280w\" data-sizes=\"auto\" src=\"data:image\/svg+xml;base64,PHN2ZyB3aWR0aD0iMSIgaGVpZ2h0PSIxIiB4bWxucz0iaHR0cDovL3d3dy53My5vcmcvMjAwMC9zdmciPjwvc3ZnPg==\" style=\"--smush-placeholder-width: 696px; --smush-placeholder-aspect-ratio: 696\/464;\" data-original-sizes=\"(max-width: 696px) 100vw, 696px\" \/><figcaption id=\"caption-attachment-4701\" class=\"wp-caption-text\">Izraeli orvosi szem\u00e9lyzet \u00e9lteti az izraeli l\u00e9gier\u0151 akrobatikus csapat\u00e1t, amint \u00e1trep\u00fcl a jeruzs\u00e1lemi Shaarei Tsedek k\u00f3rh\u00e1z felett Izrael 72. f\u00fcggetlens\u00e9gi napj\u00e1n. 2020. \u00e1prilis 29. (Olivier Fitoussi\/Flash90)<\/figcaption><\/figure>\n<p>Az \u00e9vtizedek sor\u00e1n az arab orvosok, \u00e1pol\u00f3k, gy\u00f3gyszer\u00e9szek \u00e9s m\u00e1s eg\u00e9szs\u00e9g\u00fcgyi szakemberek n\u00e9lk\u00fcl\u00f6zhetetlenn\u00e9 v\u00e1ltak az izraeli eg\u00e9szs\u00e9g\u00fcgyi rendszerben. A rendszerszint\u0171 diszkrimin\u00e1ci\u00f3 ellen\u00e9re sokan k\u00f6z\u00fcl\u00fck speci\u00e1lis ter\u00fcletekre, tudom\u00e1nyos \u00e9letbe, menedzsmentbe \u00e9s vezet\u00e9sbe l\u00e9ptek be, \u00e9s k\u00f6zponti szerepet j\u00e1tszanak a kezel\u00e9sben, a kutat\u00e1sban, az oktat\u00e1sban \u00e9s a k\u00f6vetkez\u0151 gener\u00e1ci\u00f3s eg\u00e9szs\u00e9g\u00fcgyi szakemberek k\u00e9pz\u00e9s\u00e9ben.<\/p>\n<p>Daoud v\u00e9lem\u00e9nye szerint ez a fejlem\u00e9ny vesz\u00e9lyezteti a megl\u00e9v\u0151 hierarchi\u00e1t. \u201eAmikor az arab orvosb\u00f3l vezet\u0151, az arab kutat\u00f3b\u00f3l pedig tudom\u00e1nyos szaktekint\u00e9ly lesz, a r\u00e9gi hat\u00e1rok elkezdenek elmozdulni\u201d \u2013 magyar\u00e1zta. \u201eValaki sz\u00e1m\u00e1ra, aki hozz\u00e1szokott a kiv\u00e1lts\u00e1gokhoz, az egyenl\u0151s\u00e9g st\u00e1tuszveszt\u00e9snek t\u0171nhet.\u201d<\/p>\n<p>A maihoz hasonl\u00f3 fokozott fesz\u00fclts\u00e9g id\u0151szakaiban \u2013 folytatta Daoud \u2013 a v\u00e1ltoz\u00f3 hierarchia miatti szorong\u00e1s rasszizmusban, kirekeszt\u00e9sben, valamint az arab eg\u00e9szs\u00e9g\u00fcgyi dolgoz\u00f3k professzionalizmusa \u00e9s hovatartoz\u00e1sa elleni t\u00e1mad\u00e1sokban nyilv\u00e1nul meg.<\/p>\n<p>\u00d6sszef\u00fcgg\u00e9st l\u00e1t az Izrael \u00fagynevezett \u201eeg\u00e9szs\u00e9g\u00fcgyi biztons\u00e1g\u00e1r\u00f3l\u201d sz\u00f3l\u00f3 politikai diskurzus, a palesztin egyetemek diplom\u00e1sainak kiz\u00e1r\u00e1s\u00e1ra ir\u00e1nyul\u00f3 er\u0151fesz\u00edt\u00e9sek, valamint a foglalkoztat\u00e1si \u00e9s leteleped\u00e9si lehet\u0151s\u00e9gek sz\u0171k\u00fcl\u00e9se k\u00f6z\u00f6tt. Elmond\u00e1sa szerint ezek az int\u00e9zked\u00e9sek az arabok sz\u00e1m\u00e1nak cs\u00f6kkent\u00e9s\u00e9t c\u00e9lozz\u00e1k az eg\u00e9szs\u00e9g\u00fcgyi rendszerben, \u00e9s gyeng\u00edtik a kapcsolatokat az izraeli palesztin \u00e1llampolg\u00e1rok \u00e9s a ciszjord\u00e1niai palesztinok k\u00f6z\u00f6tt.<\/p>\n<p>Daoud szerint a Rambamban t\u00f6rt\u00e9ntek el\u00edt\u00e9l\u00e9se vagy az \u201eegy\u00fctt\u00e9l\u00e9s\u201d kifejez\u00e9s\u00e9re val\u00f3 hivatkoz\u00e1s nem elegend\u0151. Az \u00e9rdemi v\u00e1ltoz\u00e1shoz \u2013 mondta \u2013 egyenl\u0151 hozz\u00e1f\u00e9r\u00e9sre van sz\u00fcks\u00e9g a vezet\u0151i \u00e9s d\u00f6nt\u00e9shoz\u00f3i poz\u00edci\u00f3khoz, er\u0151sebb v\u00e9delemre a diszkrimin\u00e1ci\u00f3 ellen, valamint elsz\u00e1moltathat\u00f3s\u00e1gra a rasszista magatart\u00e1s\u00e9rt. \u201eA rasszizmus kezel\u00e9se nem a rendszer k\u00fcls\u0151 megjelen\u00e9s\u00e9nek jav\u00edt\u00e1s\u00e1val kezd\u0151dik, hanem azzal, hogy bel\u00fclr\u0151l v\u00e1ltoztatjuk meg\u201d \u2013 s\u00fcrgette.<\/p>\n<p>Augusztus k\u00f6zep\u00e9n egy csoport kiemelked\u0151 polg\u00e1rjogi \u00e9s k\u00f6z\u00f6ss\u00e9gi szervezet fordult az Eg\u00e9szs\u00e9g\u00fcgyi Miniszt\u00e9riumhoz, a Rambam korm\u00e1nyzat\u00e1hoz \u00e9s orvosi sz\u00f6vets\u00e9gekhez, k\u00f6vetelve a palesztin alkalmazottak \u00e1llami t\u00e1mogat\u00e1s\u00e1t, valamint egy konkr\u00e9t tervet a rasszizmus elleni k\u00fczdelemre. Felh\u00edv\u00e1sukban olyan tanulm\u00e1nyokra hivatkoztak, amelyek azt mutatj\u00e1k, hogy 2023 okt\u00f3bere \u00f3ta az arab eg\u00e9szs\u00e9g\u00fcgyi szem\u00e9lyzet biztons\u00e1g- \u00e9s hovatartoz\u00e1s\u00e9rzet\u00e9nek cs\u00f6kken\u00e9s\u00e9t tapasztalt\u00e1k, a n\u00f6vekv\u0151 ellens\u00e9gess\u00e9g \u00e9s szakmai ki\u00e9g\u00e9s mellett.<\/p>\n<p>A Rambamban kiosztott vir\u00e1gok fontos \u00fczenetet hordoztak a szolidarit\u00e1sr\u00f3l. Az igazi pr\u00f3ba azonban csak azut\u00e1n kezd\u0151dik, hogy elhervadnak: Vajon az Eg\u00e9szs\u00e9g\u00fcgyi Miniszt\u00e9rium megv\u00e9di-e az arab orvosokat \u00e9s eg\u00e9szs\u00e9g\u00fcgyi dolgoz\u00f3kat a rasszista usz\u00edt\u00e1st\u00f3l? Vajon megnyitja-e a rendszer kapuit a k\u00edv\u00fcl maradt t\u00f6bb ezer k\u00e9pzett orvos el\u0151tt?<\/p>\n<p>Az arab orvosok m\u00e1r bebizony\u00edtott\u00e1k, hogy nemcsak beilleszkedni k\u00e9pesek az izraeli eg\u00e9szs\u00e9g\u00fcgyi rendszerbe, hanem kiemelked\u0151en teljes\u00edteni is. Az elm\u00falt \u00e9vekben sz\u00e1mos arab orvos szerepelt a Forbes Israel orsz\u00e1g vezet\u0151 orvosait felsorol\u00f3 list\u00e1j\u00e1n, koll\u00e9g\u00e1ik aj\u00e1nl\u00e1sa alapj\u00e1n. A k\u00e9rd\u00e9s az, hogy a rendszer felk\u00e9sz\u00fclt-e arra, hogy teljes \u00e9rt\u00e9k\u0171 \u00e9s egyenl\u0151 partnerk\u00e9nt kezelje \u0151ket.<\/p>","protected":false},"excerpt":{"rendered":"<p>Az izraeli liberalizmus bizony\u00edt\u00e9kak\u00e9nt \u00fcnnepelt \u00e9s a jobboldal \u00e1ltal becsm\u00e9relt palesztin orvosokat val\u00f3j\u00e1ban csendben kiz\u00e1rj\u00e1k a szakm\u00e1b\u00f3l. Az elm\u00falt hetekben a Haif\u00e1ban tal\u00e1lhat\u00f3 Rambam K\u00f3rh\u00e1z intenz\u00edv oszt\u00e1ly\u00e1n dolgoz\u00f3 arab szem\u00e9lyzet tagjai nyilv\u00e1nos t\u00e1mad\u00e1s c\u00e9lpontj\u00e1ba ker\u00fcltek. A Libanonban megsebes\u00fclt izraeli katon\u00e1k rokonai, akiket a k\u00f3rh\u00e1zban kezeltek, azzal v\u00e1dolt\u00e1k az \u201e arabul besz\u00e9l\u0151\u201d szem\u00e9lyzetet, hogy helytelen\u00fcl b\u00e1ntak [&hellip;]<\/p>\n","protected":false},"author":1,"featured_media":4698,"comment_status":"open","ping_status":"closed","sticky":false,"template":"","format":"standard","meta":{"rs_blank_template":"","rs_page_bg_color":"","slide_template_v7":"","_monsterinsights_skip_tracking":false,"wpai_generated_summary":"","tdm_status":"","tdm_grid_status":"","footnotes":""},"categories":[31],"tags":[106,100,96,163,153,155,105,104],"class_list":["post-4694","post","type-post","status-publish","format-standard","has-post-thumbnail","category-izrael-igazi-arca","tag-cionizmus","tag-hasbara","tag-izrael","tag-izrael-terror","tag-kozel-kelet","tag-mediaelemzes","tag-palesztin","tag-palesztina"],"_links":{"self":[{"href":"https:\/\/antipropaganda.hu\/en\/wp-json\/wp\/v2\/posts\/4694","targetHints":{"allow":["GET"]}}],"collection":[{"href":"https:\/\/antipropaganda.hu\/en\/wp-json\/wp\/v2\/posts"}],"about":[{"href":"https:\/\/antipropaganda.hu\/en\/wp-json\/wp\/v2\/types\/post"}],"author":[{"embeddable":true,"href":"https:\/\/antipropaganda.hu\/en\/wp-json\/wp\/v2\/users\/1"}],"replies":[{"embeddable":true,"href":"https:\/\/antipropaganda.hu\/en\/wp-json\/wp\/v2\/comments?post=4694"}],"version-history":[{"count":2,"href":"https:\/\/antipropaganda.hu\/en\/wp-json\/wp\/v2\/posts\/4694\/revisions"}],"predecessor-version":[{"id":4703,"href":"https:\/\/antipropaganda.hu\/en\/wp-json\/wp\/v2\/posts\/4694\/revisions\/4703"}],"wp:featuredmedia":[{"embeddable":true,"href":"https:\/\/antipropaganda.hu\/en\/wp-json\/wp\/v2\/media\/4698"}],"wp:attachment":[{"href":"https:\/\/antipropaganda.hu\/en\/wp-json\/wp\/v2\/media?parent=4694"}],"wp:term":[{"taxonomy":"category","embeddable":true,"href":"https:\/\/antipropaganda.hu\/en\/wp-json\/wp\/v2\/categories?post=4694"},{"taxonomy":"post_tag","embeddable":true,"href":"https:\/\/antipropaganda.hu\/en\/wp-json\/wp\/v2\/tags?post=4694"}],"curies":[{"name":"wp","href":"https:\/\/api.w.org\/{rel}","templated":true}]}}