{"id":4685,"date":"2026-08-31T07:35:13","date_gmt":"2026-08-31T05:35:13","guid":{"rendered":"https:\/\/antipropaganda.hu\/?p=4685"},"modified":"2026-08-31T07:35:13","modified_gmt":"2026-08-31T05:35:13","slug":"netanjahu-teljes-gyozelmi-fogadalma-tartotta-hatalmon-most-ez-lehet-a-veszte","status":"publish","type":"post","link":"https:\/\/antipropaganda.hu\/en\/netanjahu-teljes-gyozelmi-fogadalma-tartotta-hatalmon-most-ez-lehet-a-veszte\/","title":{"rendered":"Netanjahu \u201eteljes gy\u0151zelmi\u201d fogadalma tartotta hatalmon. Most ez lehet a veszte."},"content":{"rendered":"<p><strong>Mivel a koal\u00edci\u00f3 h\u00e1tr\u00e1nyban van a k\u00f6zv\u00e9lem\u00e9ny-kutat\u00e1sokban, \u00fagy t\u0171nik, hogy Izrael folyamatosan b\u0151v\u00fcl\u0151 h\u00e1bor\u00fainak s\u00falyos k\u00f6lts\u00e9gei \u00e9s el\u00e9rhetetlen c\u00e9ljai vissza\u00fctnek.<\/strong><\/p>\n<p>Kicsit t\u00f6bb mint egy h\u00f3nappal 2023. okt\u00f3ber 7. ut\u00e1n az izraeli 12-es csatorna k\u00f6zz\u00e9tette els\u0151 Kneszet-beli f\u00e9r\u0151hely-el\u0151rejelz\u00e9s\u00e9t a Ham\u00e1sz elleni t\u00e1mad\u00e1st k\u00f6vet\u0151en. Nem meglep\u0151 m\u00f3don az eredm\u00e9nyek katasztrof\u00e1lisak voltak Benjamin Netanjahu minisztereln\u00f6k sz\u00e1m\u00e1ra.<\/p>\n<p>Likud p\u00e1rtja, amely mind\u00f6ssze egy \u00e9vvel kor\u00e1bban a Kneszet 120 hely\u00e9b\u0151l 32-t szerzett meg a v\u00e1laszt\u00e1sokon, a k\u00f6zv\u00e9lem\u00e9ny-kutat\u00e1sokban mind\u00f6ssze 17 helyet szerzett \u2013 ami k\u00f6zel \u00e1llt minden id\u0151k legrosszabb eredm\u00e9ny\u00e9hez. A korm\u00e1nykoal\u00edci\u00f3, amely \u00f6sszesen 64 helyet foglalt el, a k\u00f6zv\u00e9lem\u00e9ny-kutat\u00e1sok szerint 45-re esett vissza. Netanjahu ki\u00fatja a hatalomb\u00f3l \u00e9s a politikai buk\u00e1s fel\u00e9 szinte teljesen kik\u00f6vezettnek t\u0171nt.<\/p>\n<p>K\u00f6zel h\u00e1rom \u00e9vvel k\u00e9s\u0151bb Netanjahu koal\u00edci\u00f3ja m\u00e9g mindig \u00fagy t\u0171nik, hogy nem rendelkezik t\u00f6bbs\u00e9ggel, a k\u00f6zv\u00e9lem\u00e9ny-kutat\u00e1sok \u00e1ltal\u00e1ban 49 \u00e9s 54 hely k\u00f6z\u00f6tt mozognak. Az okt\u00f3ber 7-i ut\u00e1ni helyzet\u00e9hez k\u00e9pest azonban nagyon is visszat\u00e9rt a j\u00e1t\u00e9kba, \u00e9s Netanjahu \u00fajabb gy\u0151zelme aligha elk\u00e9pzelhetetlen. Azt sem \u00e1ll\u00edthatja senki teljes bizonyoss\u00e1ggal, hogy a Netanjahuhoz k\u00f6zel \u00e1ll\u00f3 Shlomo Filber k\u00f6zv\u00e9lem\u00e9ny-kutat\u00f3 \u00e9s a Channel 14 \u00e1ltal v\u00e9gzett k\u00f6zv\u00e9lem\u00e9ny-kutat\u00e1sok, amelyek rendszeresen t\u00f6bbs\u00e9get biztos\u00edtanak a korm\u00e1nyz\u00f3 blokknak, teljesen t\u00e9vesek.<\/p>\n<p>Az elm\u00falt h\u00e1rom \u00e9vben a koal\u00edci\u00f3 szinte minden el\u00e9 \u00e1ll\u00edtott parlamenti kih\u00edv\u00e1st t\u00fal\u00e9lt. Elfogadott olyan k\u00f6lts\u00e9gvet\u00e9seket \u00e9s t\u00f6rv\u00e9nyeket, amelyek k\u00f6zponti szerepet j\u00e1tszottak a programj\u00e1ban, s\u0151t, b\u0151v\u00fclt is: Gideon Sa&#8217;ar \u00e9s p\u00e1rtj\u00e1nak n\u00e9gy tagja okt\u00f3ber 7-e ut\u00e1n csatlakozott a \u201ev\u00e9szhelyzeti korm\u00e1nyhoz\u201d, \u00edgy a koal\u00edci\u00f3nak most 68 mand\u00e1tuma van az eredeti 64 helyett.<\/p>\n<p>T\u00f6bb lehets\u00e9ges magyar\u00e1zat is l\u00e9tezik a korm\u00e1ny figyelemre m\u00e9lt\u00f3 stabilit\u00e1s\u00e1ra Izrael t\u00f6rt\u00e9nelm\u00e9nek k\u00e9ts\u00e9gtelen\u00fcl egyik legs\u00falyosabb kudarca ut\u00e1n . De a legmeggy\u0151z\u0151bb magyar\u00e1zat az, hogy a korm\u00e1ny a h\u00e1bor\u00fat \u00e1lland\u00f3 \u00e1llapott\u00e1 alak\u00edtotta, egy\u00e9rtelm\u0171 v\u00e9gkifejlet n\u00e9lk\u00fcl. Semmi sem ragadja meg ezt jobban, mint Netanjahu \u201e teljes gy\u0151zelem \u201d mantr\u00e1ja, egy olyan fogalom, amelynek jelent\u00e9s\u00e9t soha nem is akarta meghat\u00e1rozni.<\/p>\n<figure id=\"attachment_4690\" aria-describedby=\"caption-attachment-4690\" style=\"width: 696px\" class=\"wp-caption alignnone\"><img decoding=\"async\" class=\"wp-image-4690 size-large lazyload\" data-src=\"https:\/\/antipropaganda.hu\/wp-content\/smush-webp\/2026\/08\/F260625FFFF00002-1024x683.jpg.webp\" alt=\"\" width=\"696\" height=\"464\" title=\"\" data-srcset=\"https:\/\/antipropaganda.hu\/wp-content\/smush-webp\/2026\/08\/F260625FFFF00002-1024x683.jpg.webp 1024w, https:\/\/antipropaganda.hu\/wp-content\/smush-webp\/2026\/08\/F260625FFFF00002-300x200.jpg.webp 300w, https:\/\/antipropaganda.hu\/wp-content\/smush-webp\/2026\/08\/F260625FFFF00002-768x512.jpg.webp 768w, https:\/\/antipropaganda.hu\/wp-content\/smush-webp\/2026\/08\/F260625FFFF00002-1536x1025.jpg.webp 1536w, https:\/\/antipropaganda.hu\/wp-content\/uploads\/2026\/08\/F260625FFFF00002-18x12.jpg 18w, https:\/\/antipropaganda.hu\/wp-content\/smush-webp\/2026\/08\/F260625FFFF00002-630x420.jpg.webp 630w, https:\/\/antipropaganda.hu\/wp-content\/smush-webp\/2026\/08\/F260625FFFF00002-150x100.jpg.webp 150w, https:\/\/antipropaganda.hu\/wp-content\/smush-webp\/2026\/08\/F260625FFFF00002-696x464.jpg.webp 696w, https:\/\/antipropaganda.hu\/wp-content\/smush-webp\/2026\/08\/F260625FFFF00002-1068x712.jpg.webp 1068w, https:\/\/antipropaganda.hu\/wp-content\/smush-webp\/2026\/08\/F260625FFFF00002-scaled.jpg.webp 1920w, https:\/\/antipropaganda.hu\/wp-content\/smush-webp\/2026\/08\/F260625FFFF00002-1320x880.jpg.webp 1320w, https:\/\/antipropaganda.hu\/wp-content\/smush-webp\/2026\/08\/F260625FFFF00002-600x400.jpg.webp 600w\" data-sizes=\"auto\" src=\"data:image\/svg+xml;base64,PHN2ZyB3aWR0aD0iMSIgaGVpZ2h0PSIxIiB4bWxucz0iaHR0cDovL3d3dy53My5vcmcvMjAwMC9zdmciPjwvc3ZnPg==\" style=\"--smush-placeholder-width: 696px; --smush-placeholder-aspect-ratio: 696\/464;\" data-original-sizes=\"(max-width: 696px) 100vw, 696px\" \/><figcaption id=\"caption-attachment-4690\" class=\"wp-caption-text\">Benjamin Netanjahu izraeli minisztereln\u00f6k, Israel Katz v\u00e9delmi miniszter \u00e9s Eyal Zamir, a hadsereg vez\u00e9rkari f\u0151n\u00f6ke r\u00e9szt vesz egy Izraeli V\u00e9delmi Er\u0151k tiszti tanfolyam\u00e1nak diplomaoszt\u00f3 \u00fcnneps\u00e9g\u00e9n D\u00e9l-Izraelben, 2026. j\u00fanius 25-\u00e9n. (Flash90)<\/figcaption><\/figure>\n<p><span dir=\"auto\">A h\u00e1bor\u00fa, k\u00fcl\u00f6nf\u00e9le form\u00e1iban \u2013 megsemmis\u00edt\u00e9s \u00e9s ki\u0171z\u00e9s\u00a0<\/span><span dir=\"auto\">G\u00e1z\u00e1ban<\/span><span dir=\"auto\">\u00a0; megsz\u00e1ll\u00e1s \u00e9s puszt\u00edt\u00e1s\u00a0<\/span><span dir=\"auto\">In Lebanon<\/span><span dir=\"auto\">\u00a0; t\u00e1voli hadvisel\u00e9s\u00a0<\/span><span dir=\"auto\">Ir\u00e1nnal<\/span><span dir=\"auto\">\u00a0; telep\u00fcl\u00e9sek b\u0151v\u00edt\u00e9se, f\u00f6ldfoglal\u00e1sok \u00e9s palesztin kitelep\u00edt\u00e9s\u00a0<\/span><span dir=\"auto\">In the West Bank<\/span><span dir=\"auto\">\u00a0\u2013 egyszerre k\u00e9t politikai funkci\u00f3t t\u00f6lt\u00f6tt be. Ez volt az a ragaszt\u00f3, amely \u00f6sszetartotta a bels\u0151 ellentmond\u00e1sokkal \u00e9s fesz\u00fclts\u00e9gekkel teli koal\u00edci\u00f3t. \u00c9s nyilv\u00e1nos legitimit\u00e1st biztos\u00edtott a korm\u00e1nynak m\u00e9g az ellens\u00e9ges v\u00e1laszt\u00f3ker\u00fcletekben is, bele\u00e9rtve azokat is, akik \u00e9veket t\u00f6lt\u00f6ttek Netanjahu ellen tiltakozva Tel-Aviv utc\u00e1in.<\/span><\/p>\n<p><span dir=\"auto\">M\u00edg Netanjahu t\u00e1mogatotts\u00e1ga alacsony volt, ir\u00e1ni, libanoni \u00e9s g\u00e1zai katonai hadj\u00e1ratainak t\u00e1mogatotts\u00e1ga tov\u00e1bbra is magas maradt. Ciszjord\u00e1nia az egyetlen olyan sz\u00ednt\u00e9r, ahol a hadsereg fell\u00e9p\u00e9se \u00e9s\u00a0<\/span><span dir=\"auto\">a telepes pogromoknak<\/span><span dir=\"auto\">\u00a0ny\u00fajtott t\u00e1mogat\u00e1sa\u00a0<\/span><span dir=\"auto\">nem \u00e9lvez ugyanolyan sz\u00e9les k\u00f6r\u0171 konszenzust. M\u00e9g ott is ritk\u00e1n fordul el\u0151, hogy a n\u00e9zetelt\u00e9r\u00e9sek akt\u00edv ellen\u00e1ll\u00e1sba torkollnak a korm\u00e1ny politik\u00e1j\u00e1val vagy a meghatalmazottaik\u00e9nt m\u0171k\u00f6d\u0151 telepes mil\u00edci\u00e1kkal szemben.<\/span><\/p>\n<h3><b><span dir=\"auto\">Az \u00f6r\u00f6k h\u00e1bor\u00fa gy\u00f6kerei<\/span><\/b><\/h3>\n<p>K\u00fcl\u00f6nb\u00f6z\u0151 konkr\u00e9t politikai \u00f6szt\u00f6nz\u0151k sz\u00f3ltak a h\u00e1bor\u00fa k\u00f6zel h\u00e1rom \u00e9ve tart\u00f3 folytat\u00e1sa mellett. Netanjahu sz\u00e9ls\u0151jobboldali koal\u00edci\u00f3s partnerei \u2013 Bezalel Szmotrics Vall\u00e1sos Cionizmusa \u00e9s Itamar Ben Gvir Otzma Jehuditja \u2013 a Likudon bel\u00fcli magas rang\u00fa szem\u00e9lyis\u00e9gekkel egy\u00fctt kezdett\u0151l fogva elleneztek minden olyan meg\u00e1llapod\u00e1st , amely az izraeli foglyokat visszaadn\u00e1 t\u0171zsz\u00fcnet\u00e9rt \u00e9s Izrael G\u00e1z\u00e1b\u00f3l val\u00f3 kivonul\u00e1s\u00e1\u00e9rt cser\u00e9be. Netanjahu ez\u00e9rt meg\u00e9rtette, hogy egy ilyen meg\u00e1llapod\u00e1s elfogad\u00e1sa korm\u00e1nya \u00f6sszeoml\u00e1s\u00e1hoz vezethet.<\/p>\n<p>Amikor Szmotrich nemr\u00e9g azzal dicsekedett, hogy \u201e d\u00f6nt\u0151 befoly\u00e1sa \u201d van a h\u00e1bor\u00fa felett, \u00e9s hogy n\u00e9lk\u00fcle a hadsereg tal\u00e1n soha nem l\u00e9pett volna be Rafahba , nem besz\u00e9lt alaptalanul. Netanjahu ugyan birtokolja a \u201eteljes gy\u0151zelem\u201d kifejez\u00e9st, de ha koal\u00edci\u00f3ja nem lett volna r\u00e1k\u00e9nyszer\u00edtve, politikai \u00e9rdekei miatt k\u00f6nnyen megk\u00e9rd\u0151jelezhette volna a h\u00e1bor\u00fa miel\u0151bbi megsz\u00fcntet\u00e9s\u00e9t.<\/p>\n<figure id=\"attachment_4688\" aria-describedby=\"caption-attachment-4688\" style=\"width: 696px\" class=\"wp-caption alignnone\"><img decoding=\"async\" class=\"wp-image-4688 size-large lazyload\" data-src=\"https:\/\/antipropaganda.hu\/wp-content\/smush-webp\/2026\/08\/F260105YS324-1024x683.jpg.webp\" alt=\"\" width=\"696\" height=\"464\" title=\"\" data-srcset=\"https:\/\/antipropaganda.hu\/wp-content\/smush-webp\/2026\/08\/F260105YS324-1024x683.jpg.webp 1024w, https:\/\/antipropaganda.hu\/wp-content\/smush-webp\/2026\/08\/F260105YS324-300x200.jpg.webp 300w, https:\/\/antipropaganda.hu\/wp-content\/smush-webp\/2026\/08\/F260105YS324-768x512.jpg.webp 768w, https:\/\/antipropaganda.hu\/wp-content\/smush-webp\/2026\/08\/F260105YS324-1536x1024.jpg.webp 1536w, https:\/\/antipropaganda.hu\/wp-content\/uploads\/2026\/08\/F260105YS324-18x12.jpg 18w, https:\/\/antipropaganda.hu\/wp-content\/smush-webp\/2026\/08\/F260105YS324-630x420.jpg.webp 630w, https:\/\/antipropaganda.hu\/wp-content\/smush-webp\/2026\/08\/F260105YS324-150x100.jpg.webp 150w, https:\/\/antipropaganda.hu\/wp-content\/smush-webp\/2026\/08\/F260105YS324-696x464.jpg.webp 696w, https:\/\/antipropaganda.hu\/wp-content\/smush-webp\/2026\/08\/F260105YS324-1068x712.jpg.webp 1068w, https:\/\/antipropaganda.hu\/wp-content\/smush-webp\/2026\/08\/F260105YS324-scaled.jpg.webp 1920w, https:\/\/antipropaganda.hu\/wp-content\/smush-webp\/2026\/08\/F260105YS324-1320x880.jpg.webp 1320w, https:\/\/antipropaganda.hu\/wp-content\/smush-webp\/2026\/08\/F260105YS324-600x400.jpg.webp 600w\" data-sizes=\"auto\" src=\"data:image\/svg+xml;base64,PHN2ZyB3aWR0aD0iMSIgaGVpZ2h0PSIxIiB4bWxucz0iaHR0cDovL3d3dy53My5vcmcvMjAwMC9zdmciPjwvc3ZnPg==\" style=\"--smush-placeholder-width: 696px; --smush-placeholder-aspect-ratio: 696\/464;\" data-original-sizes=\"(max-width: 696px) 100vw, 696px\" \/><figcaption id=\"caption-attachment-4688\" class=\"wp-caption-text\">Benjamin Netanjahu besz\u00e9l Bezalel Smotrich p\u00e9nz\u00fcgyminiszterrel a Knesszet pl\u00e9num term\u00e9ben, Jeruzs\u00e1lemben, 2026. janu\u00e1r 5-\u00e9n. (Yonatan Sindel\/Flash90)<\/figcaption><\/figure>\n<p>Ezen nagyszab\u00e1s\u00fa politikai sz\u00e1m\u00edt\u00e1sok mellett apr\u00f3bbak is vannak, b\u00e1r tal\u00e1n nem kev\u00e9sb\u00e9 jelent\u0151sek. Okt\u00f3ber 7-e ut\u00e1n szinte azonnal az ellenz\u00e9k \u00e9s a civil t\u00e1rsadalom \u00e1llami vizsg\u00e1l\u00f3bizotts\u00e1g fel\u00e1ll\u00edt\u00e1s\u00e1t k\u00f6vetelte a Ham\u00e1sz vezette t\u00e1mad\u00e1ssal kapcsolatos biztons\u00e1gi hi\u00e1nyoss\u00e1gok kivizsg\u00e1l\u00e1s\u00e1ra. Tudv\u00e1n, hogy egy ilyen vizsg\u00e1lat el\u00edt\u00e9l\u0151 \u00edt\u00e9letet jelentene a mag\u00e1t Mr. Securitynek nevez\u0151 f\u00e9rfi politik\u00e1ja ellen, a korm\u00e1nytisztvisel\u0151k ragaszkodtak ahhoz, hogy a vizsg\u00e1lat csak a h\u00e1bor\u00fa befejez\u00e9se ut\u00e1n kezd\u0151dhet meg. K\u00f6zel h\u00e1rom \u00e9vvel k\u00e9s\u0151bb ilyen bizotts\u00e1got nem hoztak l\u00e9tre, \u00e9s a h\u00e1bor\u00fa tov\u00e1bbra is fenn\u00e1ll.<\/p>\n<p>A v\u00e9get nem \u00e9r\u0151 h\u00e1bor\u00fa a katonai vezet\u00e9st is szolg\u00e1lja. A hadsereg sz\u00f3viv\u0151j\u00e9nek \u00f6ndics\u00e9retes \u00e9s vadul felf\u00fajt \u00e1ll\u00edt\u00e1sai az elm\u00falt h\u00e1rom \u00e9vben meg\u00f6lt \u201eterrorist\u00e1k\u201d sz\u00e1m\u00e1r\u00f3l azt a benyom\u00e1st keltik, mintha egy int\u00e9zm\u00e9ny megpr\u00f3b\u00e1ln\u00e1 bet\u00f6lteni az okt\u00f3ber 7-i kudarca ut\u00e1ni szakad\u00e9kot palesztin, libanoni \u00e9s ir\u00e1ni holttestek hegyeivel, valamint v\u00e1rosaik \u00e9s infrastrukt\u00far\u00e1juk lerombol\u00e1s\u00e1val .<\/p>\n<p>De ami k\u00fcl\u00f6n\u00f6sen v\u00e9gzetesnek bizonyult, az a koal\u00edci\u00f3 t\u00fal\u00e9l\u00e9sre ir\u00e1nyul\u00f3 politikai ig\u00e9nye \u00e9s az okt\u00f3ber 7. ut\u00e1n a zsid\u00f3-izraeli k\u00f6zv\u00e9lem\u00e9ny nagy r\u00e9sz\u00e9ben eluralkod\u00f3 transzferista, s\u0151t n\u00e9pirt\u00f3 szeml\u00e9let k\u00f6z\u00f6tti konvergencia.<\/p>\n<p>An\u00e9lk\u00fcl, hogy megpr\u00f3b\u00e1ln\u00e1m igazolni a Ham\u00e1sz sz\u00f6rny\u0171 \u00e9s b\u0171n\u00f6s m\u00e9sz\u00e1rl\u00e1s\u00e1t, okt\u00f3ber 7-\u00e9n levonhat\u00f3 egyik lehets\u00e9ges k\u00f6vetkeztet\u00e9s az volt, hogy Izrael folyamatos kit\u00e9r\u00e9se a palesztin jogok k\u00e9rd\u00e9s\u00e9nek el\u0151l, mik\u00f6zben megsz\u00e1llta Ciszjord\u00e1ni\u00e1t \u00e9s ostromolta G\u00e1z\u00e1t, elker\u00fclhetetlenn\u00e9 tette a robban\u00e1st . A palesztinok \u00e9vek \u00f3ta figyelmeztettek erre \u2013 a legradik\u00e1lisabb frakci\u00f3kt\u00f3l kezdve a Palesztin Hat\u00f3s\u00e1g b\u00e9k\u00fcl\u00e9keny, Izraellel politikai kapcsolatban \u00e1ll\u00f3 tisztvisel\u0151iig, valamint Izrael radik\u00e1lis baloldal\u00e1nak zsid\u00f3 aktivist\u00e1iig.<\/p>\n<figure id=\"attachment_4686\" aria-describedby=\"caption-attachment-4686\" style=\"width: 696px\" class=\"wp-caption alignnone\"><img decoding=\"async\" class=\"wp-image-4686 size-large lazyload\" data-src=\"https:\/\/antipropaganda.hu\/wp-content\/smush-webp\/2026\/08\/F250213ALH007-1024x683.jpg.webp\" alt=\"\" width=\"696\" height=\"464\" title=\"\" data-srcset=\"https:\/\/antipropaganda.hu\/wp-content\/smush-webp\/2026\/08\/F250213ALH007-1024x683.jpg.webp 1024w, https:\/\/antipropaganda.hu\/wp-content\/smush-webp\/2026\/08\/F250213ALH007-300x200.jpg.webp 300w, https:\/\/antipropaganda.hu\/wp-content\/uploads\/2026\/08\/F250213ALH007-768x512.jpg 768w, https:\/\/antipropaganda.hu\/wp-content\/uploads\/2026\/08\/F250213ALH007-1536x1024.jpg 1536w, https:\/\/antipropaganda.hu\/wp-content\/uploads\/2026\/08\/F250213ALH007-18x12.jpg 18w, https:\/\/antipropaganda.hu\/wp-content\/uploads\/2026\/08\/F250213ALH007-630x420.jpg 630w, https:\/\/antipropaganda.hu\/wp-content\/uploads\/2026\/08\/F250213ALH007-150x100.jpg 150w, https:\/\/antipropaganda.hu\/wp-content\/uploads\/2026\/08\/F250213ALH007-696x464.jpg 696w, https:\/\/antipropaganda.hu\/wp-content\/uploads\/2026\/08\/F250213ALH007-1068x712.jpg 1068w, https:\/\/antipropaganda.hu\/wp-content\/smush-webp\/2026\/08\/F250213ALH007-scaled.jpg.webp 1920w, https:\/\/antipropaganda.hu\/wp-content\/uploads\/2026\/08\/F250213ALH007-1320x880.jpg 1320w, https:\/\/antipropaganda.hu\/wp-content\/uploads\/2026\/08\/F250213ALH007-600x400.jpg 600w\" data-sizes=\"auto\" src=\"data:image\/svg+xml;base64,PHN2ZyB3aWR0aD0iMSIgaGVpZ2h0PSIxIiB4bWxucz0iaHR0cDovL3d3dy53My5vcmcvMjAwMC9zdmciPjwvc3ZnPg==\" style=\"--smush-placeholder-width: 696px; --smush-placeholder-aspect-ratio: 696\/464;\" data-original-sizes=\"(max-width: 696px) 100vw, 696px\" \/><figcaption id=\"caption-attachment-4686\" class=\"wp-caption-text\">Kitelep\u00edtett palesztinok tartanak \u00e9szak fel\u00e9 az al-Rashid utc\u00e1n, a G\u00e1zai \u00f6vezet Nuseirat r\u00e9gi\u00f3j\u00e1ban, 2025. febru\u00e1r 13-\u00e1n. (Ali Hassan\/Flash90)<\/figcaption><\/figure>\n<p>A zsid\u00f3 izraeliek t\u00falnyom\u00f3 t\u00f6bbs\u00e9ge azonban az ellenkez\u0151j\u00e9t vonta le. Okt\u00f3ber 7-\u00e9t annak bizony\u00edt\u00e9k\u00e1nak tekintett\u00e9k, hogy a palesztinok mindig is \u201e a tengerbe akart\u00e1k dobni \u0151ket \u201d; hogy Izrael hib\u00e1ja a t\u00falzott \u00f6nm\u00e9rs\u00e9klet volt; \u00e9s hogy ez\u00e9rt az egyetlen lehets\u00e9ges v\u00e1lasz valami hasonl\u00f3 volt Smotrich \u201e d\u00f6nt\u0151 terv\u00e9hez \u201d \u2013 kiutas\u00edt\u00e1s, megsemmis\u00edt\u00e9s \u00e9s megsemmis\u00edt\u00e9s.<\/p>\n<p>\u00c9s a kritikus pillanatban a jobboldal egy olyan t\u00f6rt\u00e9nelmi precedensben gy\u00f6kerez\u0151 v\u00e1laszt k\u00edn\u00e1lt a zsid\u00f3-izraeli t\u00e1rsadalomnak, amelyet minden izraeli ismer, m\u00e9g ha az a tudatalattijukban is eltemetve van: Nakba , vagyis a palesztin n\u00e9p elt\u00f6rl\u00e9se. Az a k\u00f6nnyeds\u00e9g, amellyel a \u201enincsenek \u00e1rtatlanok G\u00e1z\u00e1ban\u201d kifejez\u00e9s k\u00f6z\u00e9rthet\u0151v\u00e9 v\u00e1lt az izraeli k\u00f6zv\u00e9lem\u00e9ny k\u00f6r\u00e9ben, tal\u00e1n a jobboldal legnagyobb politikai gy\u0151zelm\u00e9t jelentette.<\/p>\n<p>A zsid\u00f3 izraeliek elfogadt\u00e1k a h\u00e1bor\u00fat egyetlen lehet\u0151s\u00e9gk\u00e9nt, normaliz\u00e1lt\u00e1k, \u00e9s be\u00e9p\u00edtett\u00e9k a mindennapi \u00e9letbe. Ennek eredm\u00e9nyek\u00e9nt \u00e9sszer\u0171nek t\u0171nt, hogy az \u00e1llampolg\u00e1roknak \u00e9vente t\u00f6bb sz\u00e1z nap tartal\u00e9kos szolg\u00e1latot kell teljes\u00edteni\u00fck, vagy hogy a v\u00e9delmi k\u00f6lts\u00e9gvet\u00e9s sz\u00f6rny\u0171 ar\u00e1nyokra duzzadjon .<\/p>\n<p>Az izraeli t\u00e1rsadalom a saj\u00e1t maga \u00e1ltal kre\u00e1lt d\u00e9monokat politik\u00e1v\u00e1 alak\u00edtotta. Az izraeliek rendk\u00edv\u00fcli k\u00f6z\u00f6mb\u00f6ss\u00e9get mutattak a palesztin \u00e9let ir\u00e1nt, els\u00f6pr\u0151 t\u00f6bbs\u00e9ggel t\u00e1mogatt\u00e1k Donald Trump g\u00e1zai \u201eletelep\u00edt\u00e9si\u201d terv\u00e9t , \u00e9s nem kis m\u00e9rt\u00e9kben \u00e9lvezt\u00e9k Izrael azon k\u00e9pess\u00e9g\u00e9t, hogy gyakorlatilag f\u00e9ktelen er\u0151szakot gyakoroljon G\u00e1z\u00e1ban, Libanonban \u00e9s Ir\u00e1nban. Avraham Zarbiv rabbi , Izrael g\u00e1zai buld\u00f3zerf\u0151n\u00f6k\u00e9nek h\u00edres st\u00e1tusza \u00e9s Israel Katz v\u00e9delmi miniszter nemr\u00e9giben k\u00f6zz\u00e9tett \u201ebumm-bumm\u201d kamp\u00e1nyvide\u00f3ja ennek a folyamatnak a term\u00e9kei.<\/p>\n<figure id=\"attachment_4689\" aria-describedby=\"caption-attachment-4689\" style=\"width: 696px\" class=\"wp-caption alignnone\"><img decoding=\"async\" class=\"wp-image-4689 size-large lazyload\" data-src=\"https:\/\/antipropaganda.hu\/wp-content\/smush-webp\/2026\/08\/F260420YS219-1024x683.jpg.webp\" alt=\"\" width=\"696\" height=\"464\" title=\"\" data-srcset=\"https:\/\/antipropaganda.hu\/wp-content\/smush-webp\/2026\/08\/F260420YS219-1024x683.jpg.webp 1024w, https:\/\/antipropaganda.hu\/wp-content\/smush-webp\/2026\/08\/F260420YS219-300x200.jpg.webp 300w, https:\/\/antipropaganda.hu\/wp-content\/smush-webp\/2026\/08\/F260420YS219-768x512.jpg.webp 768w, https:\/\/antipropaganda.hu\/wp-content\/smush-webp\/2026\/08\/F260420YS219-1536x1024.jpg.webp 1536w, https:\/\/antipropaganda.hu\/wp-content\/uploads\/2026\/08\/F260420YS219-18x12.jpg 18w, https:\/\/antipropaganda.hu\/wp-content\/smush-webp\/2026\/08\/F260420YS219-630x420.jpg.webp 630w, https:\/\/antipropaganda.hu\/wp-content\/smush-webp\/2026\/08\/F260420YS219-150x100.jpg.webp 150w, https:\/\/antipropaganda.hu\/wp-content\/smush-webp\/2026\/08\/F260420YS219-696x464.jpg.webp 696w, https:\/\/antipropaganda.hu\/wp-content\/smush-webp\/2026\/08\/F260420YS219-1068x712.jpg.webp 1068w, https:\/\/antipropaganda.hu\/wp-content\/smush-webp\/2026\/08\/F260420YS219-scaled.jpg.webp 1920w, https:\/\/antipropaganda.hu\/wp-content\/smush-webp\/2026\/08\/F260420YS219-1320x880.jpg.webp 1320w, https:\/\/antipropaganda.hu\/wp-content\/smush-webp\/2026\/08\/F260420YS219-600x400.jpg.webp 600w\" data-sizes=\"auto\" src=\"data:image\/svg+xml;base64,PHN2ZyB3aWR0aD0iMSIgaGVpZ2h0PSIxIiB4bWxucz0iaHR0cDovL3d3dy53My5vcmcvMjAwMC9zdmciPjwvc3ZnPg==\" style=\"--smush-placeholder-width: 696px; --smush-placeholder-aspect-ratio: 696\/464;\" data-original-sizes=\"(max-width: 696px) 100vw, 696px\" \/><figcaption id=\"caption-attachment-4689\" class=\"wp-caption-text\">Avraham Zarbiv rabbi, aki Izrael g\u00e1zai \u201ebuld\u00f3zer-f\u0151n\u00f6kek\u00e9nt\u201d v\u00e1lt h\u00edress\u00e9, Amir Ohana kneszet-eln\u00f6kkel \u00e9s Miri Regev k\u00f6zleked\u00e9si miniszterrel a f\u00e1klyagy\u00fajt\u00f3k tisztelet\u00e9re rendezett \u00fcnneps\u00e9gen Izrael 78. f\u00fcggetlens\u00e9gi napj\u00e1n a jeruzs\u00e1lemi kneszetben, 2026. \u00e1prilis 20-\u00e1n. (Yonatan Sindel\/Flash90)<\/figcaption><\/figure>\n<p>2023 november\u00e9ben, mind\u00f6ssze 36 nappal a h\u00e1bor\u00fa kezdete ut\u00e1n, Netanjahu kijelentette, hogy Izrael c\u00e9ljai k\u00f6z\u00f6tt szerepel G\u00e1za hat\u00e1rozatlan idej\u0171 biztons\u00e1gi ellen\u0151rz\u00e9se \u00e9s a Palesztin Hat\u00f3s\u00e1g visszat\u00e9r\u00e9s\u00e9nek megakad\u00e1lyoz\u00e1sa. Egy\u00e9rtelm\u0171 volt, hogy enged a jobboldal nyom\u00e1s\u00e1nak. De az is vil\u00e1gos volt \u2013 ahogy akkoriban \u00edrtam \u2013 , hogy ezek a c\u00e9lok el\u00e9rhetetlenek. Elfogad\u00e1s\u00e1val Netanjahu gyakorlatilag \u201eegy nagyon hossz\u00fa \u2013 tal\u00e1n v\u00e9gtelen \u2013 h\u00e1bor\u00fara t\u00f6rekedett\u201d.<\/p>\n<p>K\u00f6r\u00fclbel\u00fcl ugyanebben az id\u0151ben Netanjahu egy izraeli katon\u00e1knak \u00edrt level\u00e9ben hivatkozott a bibliai parancsra, miszerint \u201eeml\u00e9kezzetek arra, mit tett veletek Am\u00e1lek\u201d. E k\u00e9t elem \u2013 az el\u00e9rhetetlen politikai c\u00e9lok \u00e9s az ellens\u00e9g \u00e1br\u00e1zol\u00e1sa olyan entit\u00e1sk\u00e9nt, amellyel szemben a kompromisszum nemcsak nemk\u00edv\u00e1natos, hanem bibliailag elk\u00e9pzelhetetlen \u2013 kombin\u00e1ci\u00f3ja rakta le egy olyan h\u00e1bor\u00fa alapjait, amelyet a gyakorlatban nem lehet megnyerni.<\/p>\n<p>Am\u00e1leket csak er\u0151szakkal lehet leig\u00e1zni \u00e9s kiirtani. \u00c9s mivel ez a kort\u00e1rs \u201eam\u00e1lek\u201d gyakorlatilag az eg\u00e9sz K\u00f6zel-Keletet mag\u00e1ba foglalja \u2013 a libanoni Hezbollah, a jemeni h\u00faszik \u00e9s term\u00e9szetesen Ir\u00e1n, az \u00e1ll\u00edt\u00f3lagos \u201ek\u00edgy\u00f3fej\u201d \u2013, a \u201etot\u00e1lis gy\u0151zelem\u201d \u00edg\u00e9rete ma m\u00e1r nemcsak Izrael, hanem a f\u00f6ldkereks\u00e9g b\u00e1rmely orsz\u00e1g\u00e1nak, bele\u00e9rtve az Egyes\u00fclt \u00c1llamokat is, k\u00e9pess\u00e9geit is meghaladja.<\/p>\n<h3><b><span dir=\"auto\">Netanjahu Achilles-sarka<\/span><\/b><\/h3>\n<p>Pontosan itt, Netanjahu grandi\u00f3zus \u00edg\u00e9retei \u2013 egy Izraellel egy\u00fcttm\u0171k\u00f6d\u0151 \u00e9s a palesztin \u00f6nrendelkez\u00e9shez ragaszkod\u00f3 ellens\u00e9gekt\u0151l megtiszt\u00edtott \u00faj K\u00f6zel-Kelet \u2013 \u00e9s ezek megval\u00f3s\u00edt\u00e1s\u00e1nak alapvet\u0151 lehetetlens\u00e9ge k\u00f6z\u00f6tti szakad\u00e9kban tal\u00e1lhat\u00f3 Netanjahu Achilles-sarka. Ugyanaz az \u201e\u00f6r\u00f6k h\u00e1bor\u00fa\u201d, amely lehet\u0151v\u00e9 tette a minisztereln\u00f6k \u00e9s koal\u00edci\u00f3ja sz\u00e1m\u00e1ra, hogy 2023 okt\u00f3bere ut\u00e1n kim\u00e1sszon a politikai szakad\u00e9kb\u00f3l, v\u00e9gs\u0151 soron megakad\u00e1lyozhatja \u0151ket a 2026 okt\u00f3beri v\u00e1laszt\u00e1sok megnyer\u00e9s\u00e9ben.<\/p>\n<figure id=\"attachment_4692\" aria-describedby=\"caption-attachment-4692\" style=\"width: 696px\" class=\"wp-caption alignnone\"><img decoding=\"async\" class=\"wp-image-4692 size-large lazyload\" data-src=\"https:\/\/antipropaganda.hu\/wp-content\/smush-webp\/2026\/08\/F260716YS35-1024x683.jpg.webp\" alt=\"\" width=\"696\" height=\"464\" title=\"\" data-srcset=\"https:\/\/antipropaganda.hu\/wp-content\/smush-webp\/2026\/08\/F260716YS35-1024x683.jpg.webp 1024w, https:\/\/antipropaganda.hu\/wp-content\/smush-webp\/2026\/08\/F260716YS35-300x200.jpg.webp 300w, https:\/\/antipropaganda.hu\/wp-content\/smush-webp\/2026\/08\/F260716YS35-768x512.jpg.webp 768w, https:\/\/antipropaganda.hu\/wp-content\/smush-webp\/2026\/08\/F260716YS35-1536x1024.jpg.webp 1536w, https:\/\/antipropaganda.hu\/wp-content\/uploads\/2026\/08\/F260716YS35-18x12.jpg 18w, https:\/\/antipropaganda.hu\/wp-content\/smush-webp\/2026\/08\/F260716YS35-630x420.jpg.webp 630w, https:\/\/antipropaganda.hu\/wp-content\/uploads\/2026\/08\/F260716YS35-150x100.jpg 150w, https:\/\/antipropaganda.hu\/wp-content\/smush-webp\/2026\/08\/F260716YS35-696x464.jpg.webp 696w, https:\/\/antipropaganda.hu\/wp-content\/smush-webp\/2026\/08\/F260716YS35-1068x712.jpg.webp 1068w, https:\/\/antipropaganda.hu\/wp-content\/smush-webp\/2026\/08\/F260716YS35-scaled.jpg.webp 1920w, https:\/\/antipropaganda.hu\/wp-content\/smush-webp\/2026\/08\/F260716YS35-1320x880.jpg.webp 1320w, https:\/\/antipropaganda.hu\/wp-content\/smush-webp\/2026\/08\/F260716YS35-600x400.jpg.webp 600w\" data-sizes=\"auto\" src=\"data:image\/svg+xml;base64,PHN2ZyB3aWR0aD0iMSIgaGVpZ2h0PSIxIiB4bWxucz0iaHR0cDovL3d3dy53My5vcmcvMjAwMC9zdmciPjwvc3ZnPg==\" style=\"--smush-placeholder-width: 696px; --smush-placeholder-aspect-ratio: 696\/464;\" data-original-sizes=\"(max-width: 696px) 100vw, 696px\" \/><figcaption id=\"caption-attachment-4692\" class=\"wp-caption-text\">Benjamin Netanjahu izraeli minisztereln\u00f6k szavaz\u00e1son vesz r\u00e9szt a jeruzs\u00e1lemi Kneszet plen\u00e1ris \u00fcl\u00e9sterm\u00e9ben, 2026. j\u00falius 16-\u00e1n. (Yonatan Sindel\/Flash90)<\/figcaption><\/figure>\n<p>A legt\u00f6bb izraeli \u2013 tudatosan vagy tudattalanul \u2013 meg\u00e9rti, hogy a \u201eteljes gy\u0151zelem\u201d el\u00e9rhetetlen. Annak ellen\u00e9re, hogy Izrael mennyi gyilkoss\u00e1got \u00e9s puszt\u00edt\u00e1st v\u00e9gzett a r\u00e9gi\u00f3ban, \u00e9s annak ellen\u00e9re, hogy az izraeliek maguk is milyen hatalmas \u00e1rat fizettek ember\u00e9letekben, gazdas\u00e1gi biztons\u00e1gban \u00e9s t\u00e1rsadalmi j\u00f3l\u00e9tben, ma nem \u00e9rzik magukat l\u00e9nyegesen biztons\u00e1gosabbnak, mint okt\u00f3ber 7-\u00e9n reggel.<\/p>\n<p>Ez az ellentmond\u00e1s a h\u00e1bor\u00fa alatt v\u00e9gig l\u00e1that\u00f3 volt. Ez t\u00e1pl\u00e1lta a t\u00faszok csal\u00e1djai \u00e1ltal vezetett tiltakoz\u00e1sokat , akik nem voltak hajland\u00f3k fel\u00e1ldozni szeretteiket olyan katonai c\u00e9lok \u00e9rdek\u00e9ben, amelyeket lehetetlennek tartottak. Ez fenntartotta a Netanjahuval szembeni m\u00e9diakritik\u00e1t is: b\u00e1r a legt\u00f6bb m\u00e9dium tart\u00f3zkodott att\u00f3l, hogy megk\u00e9rd\u0151jelezze azt a felt\u00e9telez\u00e9st, hogy Izraelnek nincs m\u00e1s v\u00e1laszt\u00e1sa, mint folytatni a harcot, ism\u00e9telten kiemelt\u00e9k a Netanjahu bombasztikus retorik\u00e1ja \u00e9s a val\u00f3s\u00e1g k\u00f6z\u00f6tti szakad\u00e9kot.<\/p>\n<p>Ez fokozta az ultraortodox sorkatonai szolg\u00e1lat k\u00f6r\u00fcli csat\u00e1t is , ami tal\u00e1n a legink\u00e1bb megal\u00e1z\u00f3 \u00e9s megoszt\u00f3 k\u00e9rd\u00e9s napjaink jobboldali koal\u00edci\u00f3j\u00e1n bel\u00fcl. Ha Izrael a v\u00e9gtelen h\u00e1bor\u00fara van \u00edt\u00e9lve t\u00f6bb fronton, akkor egyszer\u0171en nincs el\u00e9g katona a fenntart\u00e1s\u00e1hoz.<\/p>\n<p>Az izraeliek l\u00e1thatj\u00e1k, hogy h\u00e1rom \u00e9v ut\u00e1n is a Ham\u00e1sz tov\u00e1bbra is jelen van G\u00e1z\u00e1ban , \u00e9s a palesztinok sem t\u0171ntek el . A Hezbollah tov\u00e1bbra is l\u00e9tezik, a D\u00e9l-Libanont \u00e9rt puszt\u00edt\u00e1s ellen\u00e9re. De az a pillanat, amikor Izrael birodalmi amb\u00edci\u00f3i \u00e9s az anyagi val\u00f3s\u00e1g k\u00f6z\u00f6tti szakad\u00e9kot a legnehezebb elrejteni, az Ir\u00e1nnal v\u00edvott legut\u00f3bbi h\u00e1bor\u00fa ut\u00e1n volt. Izrael nemcsak hogy teljesen kudarcot vallott c\u00e9ljai el\u00e9r\u00e9s\u00e9ben , hanem gyeng\u00e9bbnek bizonyult, szinte teljes m\u00e9rt\u00e9kben Donald Trump eln\u00f6k \u00e9s bizonyos m\u00e9rt\u00e9kig Ir\u00e1n szesz\u00e9ly\u00e9nek kit\u00e9ve.<\/p>\n<figure id=\"attachment_4687\" aria-describedby=\"caption-attachment-4687\" style=\"width: 696px\" class=\"wp-caption alignnone\"><img decoding=\"async\" class=\"wp-image-4687 size-large lazyload\" data-src=\"https:\/\/antipropaganda.hu\/wp-content\/smush-webp\/2026\/08\/F250620IRPOOL03-1024x682.jpg.webp\" alt=\"\" width=\"696\" height=\"464\" title=\"\" data-srcset=\"https:\/\/antipropaganda.hu\/wp-content\/smush-webp\/2026\/08\/F250620IRPOOL03-1024x682.jpg.webp 1024w, https:\/\/antipropaganda.hu\/wp-content\/smush-webp\/2026\/08\/F250620IRPOOL03-300x200.jpg.webp 300w, https:\/\/antipropaganda.hu\/wp-content\/smush-webp\/2026\/08\/F250620IRPOOL03-768x512.jpg.webp 768w, https:\/\/antipropaganda.hu\/wp-content\/smush-webp\/2026\/08\/F250620IRPOOL03-1536x1024.jpg.webp 1536w, https:\/\/antipropaganda.hu\/wp-content\/smush-webp\/2026\/08\/F250620IRPOOL03-18x12.jpg.webp 18w, https:\/\/antipropaganda.hu\/wp-content\/smush-webp\/2026\/08\/F250620IRPOOL03-630x420.jpg.webp 630w, https:\/\/antipropaganda.hu\/wp-content\/smush-webp\/2026\/08\/F250620IRPOOL03-150x100.jpg.webp 150w, https:\/\/antipropaganda.hu\/wp-content\/smush-webp\/2026\/08\/F250620IRPOOL03-696x464.jpg.webp 696w, https:\/\/antipropaganda.hu\/wp-content\/smush-webp\/2026\/08\/F250620IRPOOL03-1068x712.jpg.webp 1068w, https:\/\/antipropaganda.hu\/wp-content\/smush-webp\/2026\/08\/F250620IRPOOL03-scaled.jpg.webp 1920w, https:\/\/antipropaganda.hu\/wp-content\/smush-webp\/2026\/08\/F250620IRPOOL03-1320x880.jpg.webp 1320w, https:\/\/antipropaganda.hu\/wp-content\/smush-webp\/2026\/08\/F250620IRPOOL03-600x400.jpg.webp 600w\" data-sizes=\"auto\" src=\"data:image\/svg+xml;base64,PHN2ZyB3aWR0aD0iMSIgaGVpZ2h0PSIxIiB4bWxucz0iaHR0cDovL3d3dy53My5vcmcvMjAwMC9zdmciPjwvc3ZnPg==\" style=\"--smush-placeholder-width: 696px; --smush-placeholder-aspect-ratio: 696\/464;\" data-original-sizes=\"(max-width: 696px) 100vw, 696px\" \/><figcaption id=\"caption-attachment-4687\" class=\"wp-caption-text\">Benjamin Netanjahu izraeli minisztereln\u00f6k ell\u00e1togat a rehovoti Weizmann Int\u00e9zet helysz\u00edn\u00e9re, ahol egy ir\u00e1ni ballisztikus rak\u00e9ta becsap\u00f3dott \u00e9s k\u00e1rt okozott, 2025. j\u00fanius 20-\u00e1n. (Itai Ron\/Pool)<\/figcaption><\/figure>\n<p>Az ir\u00e1ni h\u00e1bor\u00fa kudarca az izraelieket is jobban tudatos\u00edtotta abban a nemzetk\u00f6zi elszigetelts\u00e9gben, amelybe korm\u00e1nyuk tasz\u00edtotta \u0151ket.<\/p>\n<p>Lehet, hogy antiszemitizmusk\u00e9nt \u00e9rtelmezik az Izraellel szembeni ellens\u00e9gesked\u00e9st, de azt is l\u00e1tj\u00e1k, hogy olyan kongresszusi jel\u00f6ltek nyert\u00e9k meg az Egyes\u00fclt \u00c1llamokbeli v\u00e1laszt\u00e1sokat, akik Izrael g\u00e1zai cselekedeteit n\u00e9pirt\u00e1snak \u00edrj\u00e1k le. Hallj\u00e1k, hogy jobboldali szem\u00e9lyis\u00e9gek, mint Tucker Carlson, Izraelt Amerika \u00e9s a vil\u00e1g fenyeget\u00e9sek\u00e9nt \u00e1br\u00e1zolj\u00e1k. Egyre ink\u00e1bb agg\u00f3dnak amiatt, hogy k\u00fclf\u00f6ldi utaz\u00e1saik sor\u00e1n izraelik\u00e9nt azonos\u00edtj\u00e1k magukat , \u00e9s a palesztinbar\u00e1t hangulatuk szintje alapj\u00e1n v\u00e1lasztanak nyaral\u00f3helyeket. Azt is olvass\u00e1k, hogy region\u00e1lis hatalmak katonai sz\u00f6vets\u00e9geket k\u00f6tnek, amelyek alig leplezett c\u00e9lja az izraeli fenyeget\u00e9s elh\u00e1r\u00edt\u00e1sa.<\/p>\n<p>Ciszjord\u00e1ni\u00e1ban is a jobboldal kezd szembes\u00fclni saj\u00e1t \u201et\u00falzott siker\u00e9nek\u201d k\u00f6vetkezm\u00e9nyeivel. Szmotrich \u00e9s t\u00e1rsai sz\u00e1m\u00e1ra Libanon, Ir\u00e1n, s\u0151t m\u00e9g G\u00e1za is mindig m\u00e1sodlagos sz\u00ednt\u00e9r volt. A projekt sz\u00edve Ciszjord\u00e1nia. Ott a jobboldal hatalmas er\u0151forr\u00e1sokat fektetett be: t\u00f6bb sz\u00e1z el\u0151\u0151rs\u00f6t , mez\u0151gazdas\u00e1gi \u00fczemet \u00e9s \u00faj nagyobb telep\u00fcl\u00e9seket; menek\u00fcltt\u00e1borok lerombol\u00e1s\u00e1t \u00e9s lakosaik t\u00edzezreinek kitelep\u00edt\u00e9s\u00e9t; a palesztin gazdas\u00e1g megfojt\u00e1s\u00e1t ; \u00e9s a Palesztin Hat\u00f3s\u00e1g szisztematikus gyeng\u00edt\u00e9s\u00e9t .<\/p>\n<p>De ezen \u201esikerek\u201d ellen\u00e9re a jobboldal ciszjord\u00e1niai er\u0151szak\u00e1nak \u201eprivatiz\u00e1l\u00e1sa\u201d \u2013 gyakorlatilag kiszervezte azt a telepes mil\u00edci\u00e1knak \u2013 a hadsereget is gyeng\u00e9nek \u00e9s tehetetlennek l\u00e1ttatta. Ennek a folyamatnak a k\u00f6vetkezm\u00e9nyei most v\u00e1lnak nyilv\u00e1nval\u00f3v\u00e1 a telepesek Kuszra palesztin csal\u00e1dok elleni ostroma sor\u00e1n , ami egy olyan l\u00e1tv\u00e1nyoss\u00e1got teremt, amely az izraeliek jelent\u0151s r\u00e9sz\u00e9t kellemetlen\u00fcl \u00e9rinti.<\/p>\n<p>Vajon az okt\u00f3ber 7-i katasztr\u00f3f\u00e1t\u00f3l val\u00f3 megmenek\u00fcl\u00e9s \u00e9rdek\u00e9ben a jobboldal \u00e1ltal \u00e1polt \u201e\u00f6r\u00f6k h\u00e1bor\u00fa\u201d v\u00e9g\u00fcl a p\u00e1rt buk\u00e1s\u00e1hoz vezet? M\u00e9g t\u00fal korai lenne megmondani. A cionista-baloldali demokrat\u00e1k bizonyos hangjain k\u00edv\u00fcl Izrael zsid\u00f3 ellenz\u00e9ki p\u00e1rtjai k\u00f6z\u00fcl egyik sem k\u00e9rd\u0151jelezi meg igaz\u00e1n az \u00e1lland\u00f3 h\u00e1bor\u00fa paradigm\u00e1j\u00e1t. N\u00e9h\u00e1ny ellenz\u00e9ki vezet\u0151, k\u00f6zt\u00fck Naftali Bennett volt minisztereln\u00f6k \u00e9s Avigdor Lieberman, m\u00e9g Netanjahut is t\u00e1madja jobbr\u00f3l, azzal v\u00e1dolva, hogy \u201et\u00fal puha\u201d \u00e9s \u201enem megy v\u00e9gig az \u00faton\u201d.<\/p>","protected":false},"excerpt":{"rendered":"<p>Mivel a koal\u00edci\u00f3 h\u00e1tr\u00e1nyban van a k\u00f6zv\u00e9lem\u00e9ny-kutat\u00e1sokban, \u00fagy t\u0171nik, hogy Izrael folyamatosan b\u0151v\u00fcl\u0151 h\u00e1bor\u00fainak s\u00falyos k\u00f6lts\u00e9gei \u00e9s el\u00e9rhetetlen c\u00e9ljai vissza\u00fctnek. Kicsit t\u00f6bb mint egy h\u00f3nappal 2023. okt\u00f3ber 7. ut\u00e1n az izraeli 12-es csatorna k\u00f6zz\u00e9tette els\u0151 Kneszet-beli f\u00e9r\u0151hely-el\u0151rejelz\u00e9s\u00e9t a Ham\u00e1sz elleni t\u00e1mad\u00e1st k\u00f6vet\u0151en. Nem meglep\u0151 m\u00f3don az eredm\u00e9nyek katasztrof\u00e1lisak voltak Benjamin Netanjahu minisztereln\u00f6k sz\u00e1m\u00e1ra. Likud p\u00e1rtja, [&hellip;]<\/p>\n","protected":false},"author":1,"featured_media":4691,"comment_status":"open","ping_status":"closed","sticky":false,"template":"","format":"standard","meta":{"rs_blank_template":"","rs_page_bg_color":"","slide_template_v7":"","_monsterinsights_skip_tracking":false,"wpai_generated_summary":"","tdm_status":"","tdm_grid_status":"","footnotes":""},"categories":[13],"tags":[137,158,96,163,153,155,154,175,104,156],"class_list":["post-4685","post","type-post","status-publish","format-standard","has-post-thumbnail","category-politics","tag-eu-izrael-kapcsolatok","tag-gazdasag","tag-izrael","tag-izrael-terror","tag-kozel-kelet","tag-mediaelemzes","tag-nemzetkozi-kapcsolatok","tag-netanjahu","tag-palesztina","tag-vilagpolitika"],"_links":{"self":[{"href":"https:\/\/antipropaganda.hu\/en\/wp-json\/wp\/v2\/posts\/4685","targetHints":{"allow":["GET"]}}],"collection":[{"href":"https:\/\/antipropaganda.hu\/en\/wp-json\/wp\/v2\/posts"}],"about":[{"href":"https:\/\/antipropaganda.hu\/en\/wp-json\/wp\/v2\/types\/post"}],"author":[{"embeddable":true,"href":"https:\/\/antipropaganda.hu\/en\/wp-json\/wp\/v2\/users\/1"}],"replies":[{"embeddable":true,"href":"https:\/\/antipropaganda.hu\/en\/wp-json\/wp\/v2\/comments?post=4685"}],"version-history":[{"count":0,"href":"https:\/\/antipropaganda.hu\/en\/wp-json\/wp\/v2\/posts\/4685\/revisions"}],"wp:featuredmedia":[{"embeddable":true,"href":"https:\/\/antipropaganda.hu\/en\/wp-json\/wp\/v2\/media\/4691"}],"wp:attachment":[{"href":"https:\/\/antipropaganda.hu\/en\/wp-json\/wp\/v2\/media?parent=4685"}],"wp:term":[{"taxonomy":"category","embeddable":true,"href":"https:\/\/antipropaganda.hu\/en\/wp-json\/wp\/v2\/categories?post=4685"},{"taxonomy":"post_tag","embeddable":true,"href":"https:\/\/antipropaganda.hu\/en\/wp-json\/wp\/v2\/tags?post=4685"}],"curies":[{"name":"wp","href":"https:\/\/api.w.org\/{rel}","templated":true}]}}