{"id":4681,"date":"2026-08-31T07:11:08","date_gmt":"2026-08-31T05:11:08","guid":{"rendered":"https:\/\/antipropaganda.hu\/?p=4681"},"modified":"2026-08-31T07:11:08","modified_gmt":"2026-08-31T05:11:08","slug":"del-afrika-azzal-vadolja-izraelt-hogy-megsertette-a-nemzetkozi-birosag-jogilag-kotelezo-ervenyu-ideiglenes-intezkedeseit","status":"publish","type":"post","link":"https:\/\/antipropaganda.hu\/en\/del-afrika-azzal-vadolja-izraelt-hogy-megsertette-a-nemzetkozi-birosag-jogilag-kotelezo-ervenyu-ideiglenes-intezkedeseit\/","title":{"rendered":"D\u00e9l-Afrika azzal v\u00e1dolja Izraelt, hogy megs\u00e9rtette a Nemzetk\u00f6zi B\u00edr\u00f3s\u00e1g jogilag k\u00f6telez\u0151 \u00e9rv\u00e9ny\u0171 ideiglenes int\u00e9zked\u00e9seit."},"content":{"rendered":"<p><strong>Pretoria bizony\u00edt\u00e9kokat ny\u00fajtott be egy erre a c\u00e9lra l\u00e9trehozott igazs\u00e1g\u00fcgyi bizotts\u00e1gnak, azzal \u00e9rvelve, hogy a b\u00edr\u00f3s\u00e1g mand\u00e1tum\u00e1nak folyamatos megszeg\u00e9se al\u00e1\u00e1ssa annak legitimit\u00e1s\u00e1t.<\/strong><\/p>\n<p>D\u00e9l-Afrika azzal v\u00e1dolta Izraelt , hogy megszegte a Nemzetk\u00f6zi B\u00edr\u00f3s\u00e1g (ICJ) \u00e1ltal kiadott, a g\u00e1zai palesztinok v\u00e9delm\u00e9t c\u00e9lz\u00f3, jogilag k\u00f6telez\u0151 \u00e9rv\u00e9ny\u0171 v\u00e9gz\u00e9seket, \u00e9s felsz\u00f3l\u00edtotta a nemzetk\u00f6zi k\u00f6z\u00f6ss\u00e9get, hogy \u201etegyen meg minden sz\u00fcks\u00e9ges int\u00e9zked\u00e9st a n\u00e9pirt\u00e1s megel\u0151z\u00e9se \u00e9s megb\u00fcntet\u00e9se \u00e9rdek\u00e9ben\u201d.<\/p>\n<p>A Pretoria Nemzetk\u00f6zi Kapcsolatok \u00e9s Egy\u00fcttm\u0171k\u00f6d\u00e9si Miniszt\u00e9riuma (DIRCO) \u00e1ltal kiadott k\u00f6zlem\u00e9nyben kijelentette , hogy Izrael megtagadta a Nemzetk\u00f6zi B\u00edr\u00f3s\u00e1g \u00e1ltal kiadott h\u00e1rom k\u00fcl\u00f6n\u00e1ll\u00f3 ideiglenes int\u00e9zked\u00e9si hat\u00e1rozat eleget t\u00e9tel\u00e9t. Ez az elutas\u00edt\u00e1s \u201eal\u00e1\u00e1ssa azok v\u00e9delmi funkci\u00f3j\u00e1t, \u00e9s a palesztin csoport tov\u00e1bbi pusztul\u00e1s\u00e1t vonja maga ut\u00e1n\u201d \u2013 \u00e1ll a k\u00f6zlem\u00e9nyben.<\/p>\n<p>\u201eAz ideiglenes int\u00e9zked\u00e9seket nemcsak a palesztin n\u00e9p n\u00e9pirt\u00e1s elleni egyezm\u00e9ny szerinti jogainak v\u00e9delme \u00e9rdek\u00e9ben rendelt\u00e9k el, hanem az igazs\u00e1gszolg\u00e1ltat\u00e1st \u00e9s mag\u00e1nak a B\u00edr\u00f3s\u00e1gnak a legitimit\u00e1s\u00e1t is v\u00e9dik az\u00e1ltal, hogy biztos\u00edtj\u00e1k, hogy a B\u00edr\u00f3s\u00e1g \u00e1ltal \u00e9rv\u00e9nyes\u00edtend\u0151 jogok ne s\u00e9r\u00fcljenek meg a v\u00e9gleges hat\u00e1rozat meghozatala el\u0151tt.\u201d<\/p>\n<p>A k\u00f6zlem\u00e9ny hozz\u00e1tette: \u201eA B\u00edr\u00f3s\u00e1g hat\u00e1rozatai k\u00f6telez\u0151 \u00e9rv\u00e9ny\u0171ek Izraelre n\u00e9zve, \u00e9s a nemzetk\u00f6zi k\u00f6z\u00f6ss\u00e9gnek is k\u00f6teless\u00e9ge megv\u00e9deni a palesztin n\u00e9pet a n\u00e9pirt\u00e1st\u00f3l, bele\u00e9rtve a n\u00e9pirt\u00e1s megel\u0151z\u00e9s\u00e9hez \u00e9s megb\u00fcntet\u00e9s\u00e9hez sz\u00fcks\u00e9ges \u00f6sszes int\u00e9zked\u00e9s megt\u00e9tel\u00e9t.\u201d<\/p>\n<p>A h\u00e9t elej\u00e9n a d\u00e9l-afrikai korm\u00e1ny bizony\u00edt\u00e9kokat tartalmaz\u00f3 dosszi\u00e9t ny\u00fajtott be egy b\u00edr\u00f3kb\u00f3l \u00e1ll\u00f3 bizotts\u00e1gnak, amelynek feladata a b\u00edr\u00f3s\u00e1g ideiglenes int\u00e9zked\u00e9seinek ellen\u0151rz\u00e9se.<\/p>\n<p>A Nemzetk\u00f6zi B\u00edr\u00f3s\u00e1g \u00e1ltal 2024-ben kiadott h\u00e1rom ideiglenes hat\u00e1rozat Izrael ellen t\u00f6bbek k\u00f6z\u00f6tt a n\u00e9pirt\u00f3 cselekm\u00e9nyek \u00e9s az usz\u00edt\u00e1s megakad\u00e1lyoz\u00e1s\u00e1t, a rafahi katonai m\u0171veletek besz\u00fcntet\u00e9s\u00e9t, valamint a palesztinok humanit\u00e1rius seg\u00edts\u00e9gny\u00fajt\u00e1shoz \u00e9s alapvet\u0151 szolg\u00e1ltat\u00e1sokhoz val\u00f3 azonnali hozz\u00e1f\u00e9r\u00e9s\u00e9nek biztos\u00edt\u00e1s\u00e1t \u00edrja el\u0151 a G\u00e1zai \u00f6vezetben.<\/p>\n<p>Az ideiglenes v\u00e9gz\u00e9sek arra is k\u00f6telezt\u00e9k Izraelt, hogy ny\u00fajtson be hivatalos jelent\u00e9seket a b\u00edr\u00f3s\u00e1gnak, r\u00e9szletezve a megfelel\u00e9s \u00e9rdek\u00e9ben tett l\u00e9p\u00e9seket, amit 2024 febru\u00e1rj\u00e1ban meg is tett.<\/p>\n<p>A Nemzetk\u00f6zi B\u00edr\u00f3s\u00e1g bels\u0151 igazs\u00e1gszolg\u00e1ltat\u00e1si gyakorlat\u00e1nak 11. cikke \u00e9rtelm\u00e9ben a bizotts\u00e1g megvizsg\u00e1lja a felek \u00e1ltal szolg\u00e1ltatott inform\u00e1ci\u00f3kat, \u00e9s lehets\u00e9ges megold\u00e1sokat javasol a sz\u00e9lesebb k\u00f6r\u0171 b\u00edr\u00f3s\u00e1g sz\u00e1m\u00e1ra.<\/p>\n<p>A d\u00e9l-afrikai korm\u00e1ny hangs\u00falyozta, hogy az int\u00e9zked\u00e9sek \u201ev\u00e9delmezik az igazs\u00e1gszolg\u00e1ltat\u00e1st \u00e9s mag\u00e1t a Nemzetk\u00f6zi B\u00edr\u00f3s\u00e1g legitimit\u00e1s\u00e1t az\u00e1ltal, hogy biztos\u00edtj\u00e1k, hogy a B\u00edr\u00f3s\u00e1g \u00e1ltal \u00e9rv\u00e9nyes\u00edtend\u0151 jogok ne s\u00e9r\u00fcljenek meg a v\u00e9gleges hat\u00e1rozat meghozatala el\u0151tt\u201d.<\/p>\n<p>Pretoria dosszi\u00e9ja r\u00e1vil\u00e1g\u00edt a G\u00e1z\u00e1ban zajl\u00f3 humanit\u00e1rius katasztr\u00f3f\u00e1ra, megjegyezve, hogy 2026 augusztus\u00e1ig legal\u00e1bb 73 407 palesztin halt meg \u00e9s 174 335-en sebes\u00fcltek meg 2023. okt\u00f3ber 7. \u00f3ta, ami G\u00e1za teljes lakoss\u00e1g\u00e1nak t\u00f6bb mint 10 sz\u00e1zal\u00e9k\u00e1t jelenti.<\/p>\n<p>A t\u00fal\u00e9l\u0151k k\u00f6z\u00f6tt becsl\u00e9sek szerint 46 000 palesztin, k\u00f6zt\u00fck gyermekek, \u00e9l s\u00falyos, konfliktussal \u00f6sszef\u00fcgg\u0151 \u00e1llapotokkal, p\u00e9ld\u00e1ul amput\u00e1ci\u00f3kkal \u00e9s traum\u00e1s agy- \u00e9s gerincvel\u0151-s\u00e9r\u00fcl\u00e9sekkel.<\/p>\n<p>A beadv\u00e1ny azt is megjegyzi, hogy a t\u0171zsz\u00fcnet bejelent\u00e9se \u00f3ta az izraeli hadsereg tov\u00e1bbra is \u00e1tlagosan naponta meg\u00f6l egy palesztin gyermeket, \u00e9s hogy a G\u00e1zai \u00f6vezet egyre zsugorod\u00f3 ter\u00fcleti enkl\u00e1v\u00e9iban tapasztalhat\u00f3 trauma \u00e9s elviselhetetlen \u00e9letk\u00f6r\u00fclm\u00e9nyek miatt a palesztin vet\u00e9l\u00e9sek ar\u00e1nya 2026-ban t\u00f6bb mint h\u00e1romszoros\u00e1ra n\u0151tt.<\/p>\n<p>Az Al-Haq palesztin jogv\u00e9d\u0151 szervezet \u00fcdv\u00f6z\u00f6lte a D\u00e9l-Afrika \u00e1ltal a Nemzetk\u00f6zi B\u00edr\u00f3s\u00e1ghoz beny\u00fajtott dokument\u00e1ci\u00f3t, amelyben Izrael nem tartja be az ideiglenes hat\u00e1rozatokat.<\/p>\n<p>\u201eAhogy a n\u00e9pirt\u00e1s folytat\u00f3dik, felsz\u00f3l\u00edtjuk a B\u00edr\u00f3s\u00e1got, hogy saj\u00e1t kezdem\u00e9nyez\u00e9s\u00e9re j\u00e1rjon el, bele\u00e9rtve tov\u00e1bbi ideiglenes int\u00e9zked\u00e9sek meghozatal\u00e1t is\u201d \u2013 k\u00f6z\u00f6lte a szervezet.<\/p>\n<h3><span dir=\"auto\">A rekord t\u00f6rl\u00e9se<\/span><\/h3>\n<p>A d\u00e9l-afrikai korm\u00e1ny hangs\u00falyozta, hogy a Nemzetk\u00f6zi B\u00edr\u00f3s\u00e1g hat\u00e1rozatai szigor\u00faan k\u00f6telez\u0151 \u00e9rv\u00e9ny\u0171ek, \u00e9s hogy a nemzetk\u00f6zi k\u00f6z\u00f6ss\u00e9g kollekt\u00edv k\u00f6teless\u00e9ge megtenni minden sz\u00fcks\u00e9ges int\u00e9zked\u00e9st a n\u00e9pirt\u00e1s megel\u0151z\u00e9se \u00e9s b\u00fcntet\u00e9se \u00e9rdek\u00e9ben.<\/p>\n<p>\u201eIzrael k\u00f6zel h\u00e1rom \u00e9ve bomb\u00e1zza G\u00e1z\u00e1t, t\u00f6bb t\u00edzezer gyermeket, f\u00e9rfit \u00e9s n\u0151t \u00f6lve meg \u00e9s csonk\u00edtva meg\u201d \u2013 \u00e1ll a DIRCO k\u00f6zlem\u00e9ny\u00e9ben.<\/p>\n<p>Megjegyezte, hogy az izraeli er\u0151k \u00f6nk\u00e9nyesen fogva tartanak \u00e9s b\u00f6rt\u00f6n\u00f6kbe \u00e9s fogvatart\u00e1si k\u00f6zpontokba deport\u00e1lnak palesztinokat, ahol k\u00ednz\u00e1ssal, szexu\u00e1lis \u00e9s nemi alap\u00fa er\u0151szakkal, valamint kegyetlen, embertelen \u00e9s megal\u00e1z\u00f3 b\u00e1n\u00e1sm\u00f3ddal n\u00e9znek szembe.<\/p>\n<p>Pretoria azzal is v\u00e1dolta Izraelt, hogy akt\u00edvan megpr\u00f3b\u00e1lja elnyomni b\u0171ncselekm\u00e9nyeinek bizony\u00edt\u00e9kait azzal, hogy helyi \u00fajs\u00e1g\u00edr\u00f3kat \u00f6l, kitiltja a k\u00fclf\u00f6ldi m\u00e9di\u00e1t, \u00e9s megakad\u00e1lyozza, hogy az ENSZ \u00e1ltal megb\u00edzott nyomoz\u00f3 test\u00fcletek bel\u00e9pjenek az ostromlott ter\u00fcletre.<\/p>\n<p>D\u00e9l-Afrika t\u00f6rt\u00e9nelmet \u00edrt azzal, hogy els\u0151 orsz\u00e1gk\u00e9nt hivatalosan n\u00e9pirt\u00e1si pert ind\u00edtott Izrael ellen a Nemzetk\u00f6zi B\u00edr\u00f3s\u00e1gon 2023 december\u00e9ben.<\/p>\n<p>A 2026. augusztusi dosszi\u00e9 a leg\u00fajabb a D\u00e9l-Afrika \u00e1ltal folytatott hosszas jogi \u00e9s diplom\u00e1ciai kamp\u00e1nyban, amelynek c\u00e9lja Izrael teljes \u00e9s azonnali egy\u00fcttm\u0171k\u00f6d\u00e9s\u00e9nek el\u00e9r\u00e9se a glob\u00e1lis sz\u00ednt\u00e9ren.<\/p>\n<p>Pretoria kor\u00e1bban, 2024 m\u00e1jus\u00e1ban, 2025 febru\u00e1rj\u00e1ban \u00e9s 2025 szeptember\u00e9ben, kiterjedt nyilv\u00e1nos bizony\u00edt\u00e9kokat tartalmaz\u00f3 dosszi\u00e9t ny\u00fajtott be az ENSZ Biztons\u00e1gi Tan\u00e1cs\u00e1nak, s\u00fcrgetve a tag\u00e1llamokat, hogy s\u00fcrg\u0151sen cselekedjenek a n\u00e9pirt\u00e1s megel\u0151z\u00e9se \u00e9s b\u00fcntet\u00e9se \u00e9rdek\u00e9ben.<\/p>\n<p>Hasonl\u00f3, az \u00e9heztet\u00e9s sz\u00e1nd\u00e9kos alkalmaz\u00e1s\u00e1ra \u00f6sszpontos\u00edt\u00f3 dokument\u00e1ci\u00f3kat ny\u00fajtottak be az ENSZ K\u00f6zgy\u0171l\u00e9s\u00e9hez \u00e9s az ENSZ Gazdas\u00e1gi \u00e9s Szoci\u00e1lis Tan\u00e1cs\u00e1hoz 2025 okt\u00f3ber\u00e9ben, s\u00fcrg\u0151s beavatkoz\u00e1st k\u00e9rve a n\u00e9pirt\u00e1s elleni egyezm\u00e9ny VIII. cikke alapj\u00e1n.<\/p>","protected":false},"excerpt":{"rendered":"<p>Pretoria bizony\u00edt\u00e9kokat ny\u00fajtott be egy erre a c\u00e9lra l\u00e9trehozott igazs\u00e1g\u00fcgyi bizotts\u00e1gnak, azzal \u00e9rvelve, hogy a b\u00edr\u00f3s\u00e1g mand\u00e1tum\u00e1nak folyamatos megszeg\u00e9se al\u00e1\u00e1ssa annak legitimit\u00e1s\u00e1t. D\u00e9l-Afrika azzal v\u00e1dolta Izraelt , hogy megszegte a Nemzetk\u00f6zi B\u00edr\u00f3s\u00e1g (ICJ) \u00e1ltal kiadott, a g\u00e1zai palesztinok v\u00e9delm\u00e9t c\u00e9lz\u00f3, jogilag k\u00f6telez\u0151 \u00e9rv\u00e9ny\u0171 v\u00e9gz\u00e9seket, \u00e9s felsz\u00f3l\u00edtotta a nemzetk\u00f6zi k\u00f6z\u00f6ss\u00e9get, hogy \u201etegyen meg minden sz\u00fcks\u00e9ges int\u00e9zked\u00e9st [&hellip;]<\/p>\n","protected":false},"author":1,"featured_media":4683,"comment_status":"open","ping_status":"closed","sticky":false,"template":"","format":"standard","meta":{"rs_blank_template":"","rs_page_bg_color":"","slide_template_v7":"","_monsterinsights_skip_tracking":false,"wpai_generated_summary":"","tdm_status":"","tdm_grid_status":"","footnotes":""},"categories":[31],"tags":[162,161,139,174,167,96,153,142,154,105,104],"class_list":["post-4681","post","type-post","status-publish","format-standard","has-post-thumbnail","category-izrael-igazi-arca","tag-gaza-haboru","tag-gazai-haboru","tag-gazai-ovezet","tag-icc","tag-idf","tag-izrael","tag-kozel-kelet","tag-kozel-keleti-konfliktus","tag-nemzetkozi-kapcsolatok","tag-palesztin","tag-palesztina"],"_links":{"self":[{"href":"https:\/\/antipropaganda.hu\/en\/wp-json\/wp\/v2\/posts\/4681","targetHints":{"allow":["GET"]}}],"collection":[{"href":"https:\/\/antipropaganda.hu\/en\/wp-json\/wp\/v2\/posts"}],"about":[{"href":"https:\/\/antipropaganda.hu\/en\/wp-json\/wp\/v2\/types\/post"}],"author":[{"embeddable":true,"href":"https:\/\/antipropaganda.hu\/en\/wp-json\/wp\/v2\/users\/1"}],"replies":[{"embeddable":true,"href":"https:\/\/antipropaganda.hu\/en\/wp-json\/wp\/v2\/comments?post=4681"}],"version-history":[{"count":1,"href":"https:\/\/antipropaganda.hu\/en\/wp-json\/wp\/v2\/posts\/4681\/revisions"}],"predecessor-version":[{"id":4684,"href":"https:\/\/antipropaganda.hu\/en\/wp-json\/wp\/v2\/posts\/4681\/revisions\/4684"}],"wp:featuredmedia":[{"embeddable":true,"href":"https:\/\/antipropaganda.hu\/en\/wp-json\/wp\/v2\/media\/4683"}],"wp:attachment":[{"href":"https:\/\/antipropaganda.hu\/en\/wp-json\/wp\/v2\/media?parent=4681"}],"wp:term":[{"taxonomy":"category","embeddable":true,"href":"https:\/\/antipropaganda.hu\/en\/wp-json\/wp\/v2\/categories?post=4681"},{"taxonomy":"post_tag","embeddable":true,"href":"https:\/\/antipropaganda.hu\/en\/wp-json\/wp\/v2\/tags?post=4681"}],"curies":[{"name":"wp","href":"https:\/\/api.w.org\/{rel}","templated":true}]}}