{"id":4672,"date":"2026-08-31T06:57:05","date_gmt":"2026-08-31T04:57:05","guid":{"rendered":"https:\/\/antipropaganda.hu\/?p=4672"},"modified":"2026-08-31T07:05:32","modified_gmt":"2026-08-31T05:05:32","slug":"izraeli-elnok-ben-gvir-dicseri-a-palesztin-noi-foglyok-nehez-korulmenyeit","status":"publish","type":"post","link":"https:\/\/antipropaganda.hu\/en\/izraeli-elnok-ben-gvir-dicseri-a-palesztin-noi-foglyok-nehez-korulmenyeit\/","title":{"rendered":"Ben-Gvir dics\u00e9ri a palesztin n\u0151i foglyok neh\u00e9z k\u00f6r\u00fclm\u00e9nyeit."},"content":{"rendered":"<p><strong><em><span dir=\"auto\">Palesztin csoportok megal\u00e1z\u00f3nak \u00e9s megf\u00e9leml\u00edt\u0151nek min\u0151s\u00edtik a b\u00f6rt\u00f6nfelv\u00e9teleket.<\/span><\/em><\/strong><\/p>\n<p>Itamar Ben-Gvir izraeli nemzetbiztons\u00e1gi miniszter felt\u00f6lt\u00f6tt egy felv\u00e9telt egy palesztin n\u0151ket fogva tart\u00f3 b\u00f6rt\u00f6nr\u0151l a k\u00f6z\u00f6ss\u00e9gi m\u00e9di\u00e1ban, azzal dicsekve, hogy \u0151 a felel\u0151s a r\u00e1juk k\u00e9nyszer\u00edtett neh\u00e9z k\u00f6r\u00fclm\u00e9nyek\u00e9rt.<\/p>\n<p><img decoding=\"async\" class=\"alignnone size-large wp-image-4679 lazyload\" data-src=\"https:\/\/antipropaganda.hu\/wp-content\/uploads\/2026\/08\/789845468_1579986913531398_4940765400380016921_n-1024x901.jpg\" alt=\"\" width=\"696\" height=\"612\" title=\"\" data-srcset=\"https:\/\/antipropaganda.hu\/wp-content\/uploads\/2026\/08\/789845468_1579986913531398_4940765400380016921_n-1024x901.jpg 1024w, https:\/\/antipropaganda.hu\/wp-content\/uploads\/2026\/08\/789845468_1579986913531398_4940765400380016921_n-300x264.jpg 300w, https:\/\/antipropaganda.hu\/wp-content\/uploads\/2026\/08\/789845468_1579986913531398_4940765400380016921_n-768x676.jpg 768w, https:\/\/antipropaganda.hu\/wp-content\/uploads\/2026\/08\/789845468_1579986913531398_4940765400380016921_n-14x12.jpg 14w, https:\/\/antipropaganda.hu\/wp-content\/uploads\/2026\/08\/789845468_1579986913531398_4940765400380016921_n-477x420.jpg 477w, https:\/\/antipropaganda.hu\/wp-content\/uploads\/2026\/08\/789845468_1579986913531398_4940765400380016921_n-150x132.jpg 150w, https:\/\/antipropaganda.hu\/wp-content\/uploads\/2026\/08\/789845468_1579986913531398_4940765400380016921_n-696x612.jpg 696w, https:\/\/antipropaganda.hu\/wp-content\/uploads\/2026\/08\/789845468_1579986913531398_4940765400380016921_n-1068x939.jpg 1068w, https:\/\/antipropaganda.hu\/wp-content\/uploads\/2026\/08\/789845468_1579986913531398_4940765400380016921_n-600x528.jpg 600w, https:\/\/antipropaganda.hu\/wp-content\/smush-webp\/2026\/08\/789845468_1579986913531398_4940765400380016921_n.jpg.webp 1080w\" data-sizes=\"auto\" src=\"data:image\/svg+xml;base64,PHN2ZyB3aWR0aD0iMSIgaGVpZ2h0PSIxIiB4bWxucz0iaHR0cDovL3d3dy53My5vcmcvMjAwMC9zdmciPjwvc3ZnPg==\" style=\"--smush-placeholder-width: 696px; --smush-placeholder-aspect-ratio: 696\/612;\" data-original-sizes=\"(max-width: 696px) 100vw, 696px\" \/><\/p>\n<p>A Ben-Gvir X fi\u00f3kj\u00e1n vas\u00e1rnap k\u00f6zz\u00e9tett vide\u00f3n l\u00e1that\u00f3, ahogy bel\u00e9p egy n\u0151i foglyokat t\u00e1rol\u00f3 r\u00e9szlegbe, \u00e9s szembes\u00edti \u0151ket a fogvatart\u00e1si k\u00f6r\u00fclm\u00e9nyekkel kapcsolatos panaszaikkal.<\/p>\n<p>Az egyik rab ezt mondja neki: \u201eEz m\u00e1r a harmadik napja, hogy nem zuhanyozunk. Nem kapunk orvosi ell\u00e1t\u00e1st, \u00e9s a ruh\u00e1ink sem tiszt\u00e1k.\u201d<\/p>\n<p>Ben-Gvir \u00edgy v\u00e1laszol: \u201eA b\u00f6rt\u00f6n\u00f6kben uralkod\u00f3 j\u00f3 k\u00f6r\u00fclm\u00e9nyeknek v\u00e9ge. Ez a jelenlegi helyzet, \u00e9s \u00e9n vagyok k\u00f6zvetlen\u00fcl felel\u0151s minden\u00e9rt. El\u00e9gedett vagyok ezekkel a k\u00f6r\u00fclm\u00e9nyekkel.\u201d<\/p>\n<p>A vide\u00f3hoz tartoz\u00f3 bejegyz\u00e9sben a sz\u00e9ls\u0151jobboldali miniszter azt \u00edrta, hogy a foglyok \u201enyafog\u00e1sa\u201d a k\u00f6r\u00fclm\u00e9nyeik miatt nem fogja \u0151t befoly\u00e1solni, azzal \u00e9rvelve, hogy a G\u00e1z\u00e1ban fogva tartott izraeli foglyok nem \u00e9lveztek megfelel\u0151 k\u00f6r\u00fclm\u00e9nyeket.<\/p>\n<p>\u201eTov\u00e1bbra is a minimumra t\u00f6rekv\u0151 politik\u00e1t fogom folytatni\u201d \u2013 mondta.<\/p>\n<h2 id=\"palestinian-groups-condemn-footage\"><span dir=\"auto\">Palesztin csoportok el\u00edt\u00e9lik a felv\u00e9teleket<\/span><\/h2>\n<p>A G\u00e1zai Fogvatartottak \u00e9s Volt Fogvatartottak \u00dcgyeivel Foglalkoz\u00f3 Bizotts\u00e1g el\u00edt\u00e9lte Ben-Gvir l\u00e1togat\u00e1s\u00e1t, mondv\u00e1n, hogy a n\u0151i foglyok filmez\u00e9se megf\u00e9leml\u00edt\u00e9snek \u00e9s megal\u00e1ztat\u00e1snak min\u0151s\u00fcl.<\/p>\n<p>Azt \u00e1ll\u00edtott\u00e1k, hogy a n\u0151i r\u00e9szlegbe val\u00f3 bel\u00e9p\u00e9s \u201enem ellen\u0151rz\u0151 l\u00e1togat\u00e1s\u201d volt, hanem \u201epolitikai l\u00e1tv\u00e1nyoss\u00e1g \u00e9s nyilv\u00e1nos usz\u00edt\u00e1s a n\u0151i foglyok ellen\u201d, amelynek c\u00e9lja a megf\u00e9leml\u00edt\u00e9s\u00fck \u00e9s akaratuk megt\u00f6r\u00e9se kamer\u00e1k el\u0151tt.<\/p>\n<p>A palesztin \u00fcgyn\u00f6ks\u00e9g szerint Ben-Gvir megjegyz\u00e9sei azt mutatj\u00e1k, hogy az izraeli b\u00f6rt\u00f6n\u00f6kben uralkod\u00f3 k\u00f6r\u00fclm\u00e9nyek a \u201emegal\u00e1ztat\u00e1son, k\u00ednz\u00e1son, \u00e9heztet\u00e9sen \u00e9s n\u00e9lk\u00fcl\u00f6z\u00e9sen\u201d alapul\u00f3 szisztematikus megtorl\u00e1s politik\u00e1j\u00e1nak r\u00e9sz\u00e9t k\u00e9pezik.<\/p>\n<p><figure id=\"attachment_4673\" aria-describedby=\"caption-attachment-4673\" style=\"width: 770px\" class=\"wp-caption alignnone\"><img decoding=\"async\" class=\"wp-image-4673 size-full\" src=\"https:\/\/antipropaganda.hu\/wp-content\/uploads\/2026\/08\/ap_696f6021292d1-1768906785.webp\" alt=\"\" width=\"770\" height=\"513\" title=\"\" srcset=\"https:\/\/antipropaganda.hu\/wp-content\/uploads\/2026\/08\/ap_696f6021292d1-1768906785.webp 770w, https:\/\/antipropaganda.hu\/wp-content\/uploads\/2026\/08\/ap_696f6021292d1-1768906785-300x200.webp 300w, https:\/\/antipropaganda.hu\/wp-content\/uploads\/2026\/08\/ap_696f6021292d1-1768906785-768x512.webp 768w, https:\/\/antipropaganda.hu\/wp-content\/uploads\/2026\/08\/ap_696f6021292d1-1768906785-18x12.webp 18w, https:\/\/antipropaganda.hu\/wp-content\/uploads\/2026\/08\/ap_696f6021292d1-1768906785-630x420.webp 630w, https:\/\/antipropaganda.hu\/wp-content\/uploads\/2026\/08\/ap_696f6021292d1-1768906785-150x100.webp 150w, https:\/\/antipropaganda.hu\/wp-content\/uploads\/2026\/08\/ap_696f6021292d1-1768906785-696x464.webp 696w, https:\/\/antipropaganda.hu\/wp-content\/uploads\/2026\/08\/ap_696f6021292d1-1768906785-600x400.webp 600w\" sizes=\"(max-width: 770px) 100vw, 770px\" \/><figcaption id=\"caption-attachment-4673\" class=\"wp-caption-text\">Egy izraeli rend\u0151rtiszt a Jeruzs\u00e1lem melletti Ofer katonai b\u00f6rt\u00f6n el\u0151tt, 2025. okt\u00f3ber 13. [Mahmoud Illean\/AP Photo]<\/figcaption><\/figure>A Palesztin Foglyok T\u00e1rsas\u00e1ga szint\u00e9n el\u00edt\u00e9lte a felv\u00e9telt, \u00e9s az Al Jazeer\u00e1nak azt nyilatkozta, hogy Ben-Gvir filmre v\u00e9tele \u00e9s a n\u0151kr\u0151l sz\u00f3l\u00f3 fot\u00f3k k\u00f6zz\u00e9t\u00e9tele \u201eemberi m\u00e9lt\u00f3s\u00e1guk elleni t\u00e1mad\u00e1st\u201d jelent.<\/p>\n<p>Azt \u00e1ll\u00edtott\u00e1k, hogy szabadon bocs\u00e1tott fogvatartottak \u00e9s rabok t\u00f6bb sz\u00e1z tan\u00favallom\u00e1sa dokument\u00e1lta az izraeli b\u00f6rt\u00f6n\u00f6kben \u00e9s fogvatart\u00e1si int\u00e9zm\u00e9nyekben elk\u00f6vetett s\u00falyos vissza\u00e9l\u00e9seket.<\/p>\n<h2 id=\"push-for-harsher-conditions\"><span dir=\"auto\">Szigor\u00fabb felt\u00e9teleket kell k\u00f6vetelni<\/span><\/h2>\n<p>Ami\u00f3ta 2022 v\u00e9g\u00e9n nemzetbiztons\u00e1gi miniszter lett, Ben-Gvir a palesztin foglyok \u00e9letk\u00f6r\u00fclm\u00e9nyeinek szigor\u00edt\u00e1s\u00e1t szorgalmazta, bele\u00e9rtve az \u00e9lelmiszer- \u00e9s v\u00edzell\u00e1t\u00e1s cs\u00f6kkent\u00e9s\u00e9t, a csal\u00e1di l\u00e1togat\u00e1sok korl\u00e1toz\u00e1s\u00e1t, a zuhanyoz\u00e1si id\u0151 korl\u00e1toz\u00e1s\u00e1t \u00e9s a b\u00f6rt\u00f6nr\u00e9szlegeken bel\u00fcli kiv\u00e1lts\u00e1gok megsz\u00fcntet\u00e9s\u00e9t.<\/p>\n<p>Emellett t\u00f6bb sz\u00e1z palesztin fogoly \u00e1tsz\u00e1ll\u00edt\u00e1s\u00e1t is fel\u00fcgyelte a l\u00e9tes\u00edtm\u00e9nyek k\u00f6z\u00f6tt.<\/p>\n<p>Ben-Gvir kor\u00e1bban elutas\u00edtotta a foglyok k\u00f6r\u00fclm\u00e9nyeinek jav\u00edt\u00e1s\u00e1ra ir\u00e1nyul\u00f3 er\u0151fesz\u00edt\u00e9seket. 2025-ben nyilv\u00e1nosan ellenezte az izraeli b\u00edr\u00f3s\u00e1g azon d\u00f6nt\u00e9s\u00e9t, amely el\u0151\u00edrta a hat\u00f3s\u00e1gok sz\u00e1m\u00e1ra a palesztin foglyok megfelel\u0151 \u00e9lelmez\u00e9s\u00e9nek biztos\u00edt\u00e1s\u00e1t, \u00e9s ragaszkodott ahhoz, hogy a mostoha k\u00f6r\u00fclm\u00e9nyeket tov\u00e1bbra is fenn kell tartani.<\/p>\n<p>A Fogvatartottak \u00e9s Volt Fogvatartottak \u00dcgyeivel Foglalkoz\u00f3 Bizotts\u00e1g szerint jelenleg mintegy 9400 palesztint tartanak fogva izraeli b\u00f6rt\u00f6n\u00f6kben, k\u00f6zt\u00fck 88 n\u0151t \u00e9s t\u00f6bb mint 350 gyermeket.<\/p>\n","protected":false},"excerpt":{"rendered":"<p>Palesztin csoportok megal\u00e1z\u00f3nak \u00e9s megf\u00e9leml\u00edt\u0151nek min\u0151s\u00edtik a b\u00f6rt\u00f6nfelv\u00e9teleket. Itamar Ben-Gvir izraeli nemzetbiztons\u00e1gi miniszter felt\u00f6lt\u00f6tt egy felv\u00e9telt egy palesztin n\u0151ket fogva tart\u00f3 b\u00f6rt\u00f6nr\u0151l a k\u00f6z\u00f6ss\u00e9gi m\u00e9di\u00e1ban, azzal dicsekve, hogy \u0151 a felel\u0151s a r\u00e1juk k\u00e9nyszer\u00edtett neh\u00e9z k\u00f6r\u00fclm\u00e9nyek\u00e9rt. A Ben-Gvir X fi\u00f3kj\u00e1n vas\u00e1rnap k\u00f6zz\u00e9tett vide\u00f3n l\u00e1that\u00f3, ahogy bel\u00e9p egy n\u0151i foglyokat t\u00e1rol\u00f3 r\u00e9szlegbe, \u00e9s szembes\u00edti \u0151ket a [&hellip;]<\/p>\n","protected":false},"author":1,"featured_media":4678,"comment_status":"open","ping_status":"closed","sticky":false,"template":"","format":"standard","meta":{"rs_blank_template":"","rs_page_bg_color":"","slide_template_v7":"","_monsterinsights_skip_tracking":false,"wpai_generated_summary":"","tdm_status":"","tdm_grid_status":"","footnotes":""},"categories":[31],"tags":[96,163,153,155,105,104],"class_list":["post-4672","post","type-post","status-publish","format-standard","has-post-thumbnail","category-izrael-igazi-arca","tag-izrael","tag-izrael-terror","tag-kozel-kelet","tag-mediaelemzes","tag-palesztin","tag-palesztina"],"_links":{"self":[{"href":"https:\/\/antipropaganda.hu\/en\/wp-json\/wp\/v2\/posts\/4672","targetHints":{"allow":["GET"]}}],"collection":[{"href":"https:\/\/antipropaganda.hu\/en\/wp-json\/wp\/v2\/posts"}],"about":[{"href":"https:\/\/antipropaganda.hu\/en\/wp-json\/wp\/v2\/types\/post"}],"author":[{"embeddable":true,"href":"https:\/\/antipropaganda.hu\/en\/wp-json\/wp\/v2\/users\/1"}],"replies":[{"embeddable":true,"href":"https:\/\/antipropaganda.hu\/en\/wp-json\/wp\/v2\/comments?post=4672"}],"version-history":[{"count":4,"href":"https:\/\/antipropaganda.hu\/en\/wp-json\/wp\/v2\/posts\/4672\/revisions"}],"predecessor-version":[{"id":4680,"href":"https:\/\/antipropaganda.hu\/en\/wp-json\/wp\/v2\/posts\/4672\/revisions\/4680"}],"wp:featuredmedia":[{"embeddable":true,"href":"https:\/\/antipropaganda.hu\/en\/wp-json\/wp\/v2\/media\/4678"}],"wp:attachment":[{"href":"https:\/\/antipropaganda.hu\/en\/wp-json\/wp\/v2\/media?parent=4672"}],"wp:term":[{"taxonomy":"category","embeddable":true,"href":"https:\/\/antipropaganda.hu\/en\/wp-json\/wp\/v2\/categories?post=4672"},{"taxonomy":"post_tag","embeddable":true,"href":"https:\/\/antipropaganda.hu\/en\/wp-json\/wp\/v2\/tags?post=4672"}],"curies":[{"name":"wp","href":"https:\/\/api.w.org\/{rel}","templated":true}]}}