{"id":4666,"date":"2026-08-29T11:48:28","date_gmt":"2026-08-29T09:48:28","guid":{"rendered":"https:\/\/antipropaganda.hu\/?p=4666"},"modified":"2026-08-29T11:48:28","modified_gmt":"2026-08-29T09:48:28","slug":"a-szuverenitasi-retorika-csodje-magyar-peter-geopolitikai-kotelezo-korei-es-az-izraeli-haborus-gepezet","status":"publish","type":"post","link":"https:\/\/antipropaganda.hu\/en\/a-szuverenitasi-retorika-csodje-magyar-peter-geopolitikai-kotelezo-korei-es-az-izraeli-haborus-gepezet\/","title":{"rendered":"A szuverenit\u00e1si retorika cs\u0151dje: Magyar P\u00e9ter geopolitikai k\u00f6telez\u0151 k\u00f6rei \u00e9s az izraeli h\u00e1bor\u00fas g\u00e9pezet"},"content":{"rendered":"<p data-path-to-node=\"1\">Amikor Magyar P\u00e9ter kijelentette, hogy a Tisza P\u00e1rt \u201eki\u00e1ll Izrael \u00f6nv\u00e9delemhez val\u00f3 joga mellett\u201d, mik\u00f6zben elengedhetetlennek nevezte, hogy \u201eIr\u00e1n ne juthasson atombomb\u00e1hoz\u201d, sokan a magyar belpolitikai \u00e9letben szokatlan hat\u00e1rozotts\u00e1got l\u00e1ttak a nyilatkozat m\u00f6g\u00f6tt. K\u00f6zelebbr\u0151l megvizsg\u00e1lva azonban a kijelent\u00e9s nem egy\u00e9b, mint a nyugati atlantista diplom\u00e1cia ezerszer elism\u00e9telt, elhaszn\u00e1lt paneljeinek kritik\u00e1tlan \u00e1tv\u00e9tele \u2014 egy olyan id\u0151szakban, amikor a nemzetk\u00f6zi k\u00f6z\u00f6ss\u00e9g jelent\u0151s r\u00e9sze m\u00e1r r\u00e9g t\u00faltekint a \u201ejog az \u00f6nv\u00e9delemhez\u201d k\u00f6d\u00f6s\u00edt\u0151 form\u00e1ci\u00f3j\u00e1n.<\/p>\n<p data-path-to-node=\"2\">A Tisza P\u00e1rt vezet\u0151j\u00e9nek \u00e1ll\u00e1sfoglal\u00e1sa h\u00e1rom alapvet\u0151 ponton bicsaklik meg, \u00e9s mutat r\u00e1 arra a geopolitikai naivit\u00e1sra (vagy tudatos opportunizmusra), amely a rendszerkritikus belpolitikai szerepl\u0151kb\u0151l oly gyakran el\u0151t\u00f6r, amint k\u00fclpolitikai terepre t\u00e9vednek.<\/p>\n<h3 data-path-to-node=\"4\">1. Az \u201e\u00f6nv\u00e9delem\u201d mint a kollekt\u00edv b\u00fcntet\u00e9s \u00e9s az etnikai tisztogat\u00e1s gumifogalma<\/h3>\n<p data-path-to-node=\"5\">Azzal, hogy Magyar P\u00e9ter a klasszikus cionista \u00e9s nyugati narrat\u00edv\u00e1hoz ny\u00falva Izrael \u201e\u00f6nv\u00e9delmi jog\u00e1t\u201d hangs\u00falyozza, teljesen figyelmen k\u00edv\u00fcl hagyja a csatat\u00e9r val\u00f3s\u00e1g\u00e1t.<\/p>\n<ul data-path-to-node=\"6\">\n<li>\n<p data-path-to-node=\"6,0,0\">Hol h\u00faz\u00f3dik az \u00f6nv\u00e9delem hat\u00e1ra akkor, amikor a g\u00e1zai \u00f6vezet infrastrukt\u00far\u00e1j\u00e1t teljes eg\u00e9sz\u00e9ben f\u00f6lddel tett\u00e9k egyenl\u0151v\u00e9?<\/p>\n<\/li>\n<li>\n<p data-path-to-node=\"6,1,0\">\u00d6nv\u00e9delem-e t\u00f6bb t\u00edzezer civil, k\u00f6zt\u00fck gyermekek szisztematikus bomb\u00e1z\u00e1sa, a k\u00f3rh\u00e1zak \u00e9s \u00e9lelmiszerseg\u00e9ly-konvojok megsemmis\u00edt\u00e9se, valamint a nemzetk\u00f6zi jog\u00e1llamis\u00e1g alapvet\u0151 norm\u00e1inak l\u00e1bbal tipr\u00e1sa?<\/p>\n<\/li>\n<\/ul>\n<p data-path-to-node=\"7\">A nemzetk\u00f6zi jog nem ismer korl\u00e1tlan, csekk-k\u00f6nyv szer\u0171 \u00f6nv\u00e9delmi jogot. Az International Court of Justice (ICJ) \u00e9s az International Criminal Court (ICC) elj\u00e1r\u00e1sai kor\u00e1ntsem \u00f6nv\u00e9delemr\u0151l, hanem h\u00e1bor\u00fas b\u0171n\u00f6kr\u0151l \u00e9s a n\u00e9pirt\u00e1s kock\u00e1zat\u00e1r\u00f3l sz\u00f3lnak. Magyar P\u00e9ter kijelent\u00e9se ezzel szemben biank\u00f3 csekket ad a jelenlegi izraeli vezet\u00e9snek, \u00e1tv\u00e9ve a <i data-path-to-node=\"7\" data-index-in-node=\"345\">haszbara<\/i> legf\u0151bb toposz\u00e1t.<\/p>\n<h3 data-path-to-node=\"9\">2. Szelekt\u00edv mor\u00e1lis ir\u00e1nyt\u0171 \u00e9s a kett\u0151s m\u00e9rce<\/h3>\n<p data-path-to-node=\"10\">A Tisza P\u00e1rt eln\u00f6ke sz\u00edvesen hivatkozik a nemzetk\u00f6zi jogra, a szuverenit\u00e1sra \u00e9s az emberi jogokra, amikor az ukrajnai h\u00e1bor\u00far\u00f3l vagy a hazai jog\u00e1llamis\u00e1gr\u00f3l van sz\u00f3. Amint azonban a K\u00f6zel-Keletre ker\u00fcl a f\u00f3kusz, a mor\u00e1lis ir\u00e1nyt\u0171 \u00e9lesen kileng:<\/p>\n<ul data-path-to-node=\"11\">\n<li>\n<p data-path-to-node=\"11,0,0\"><b data-path-to-node=\"11,0,0\" data-index-in-node=\"0\">Az ir\u00e1ni fenyeget\u00e9s kiz\u00e1r\u00f3lagoss\u00e1ga:<\/b> Magyar P\u00e9ter agg\u00f3dik az ir\u00e1ni atomprogram miatt \u2013 ami geopolitikailag jogos elemz\u00e9si szempont \u2013, de teljesen m\u00e9ly hallgat\u00e1sba burkol\u00f3zik Izrael felhalmozott, illeg\u00e1lis \u00e9s be nem vallott atomfegyver-arzen\u00e1lj\u00e1r\u00f3l (Dimona), valamint arr\u00f3l a t\u00e9nyr\u0151l, hogy Izrael a mai napig nem \u00edrta al\u00e1 a Nemzetk\u00f6zi Atomenergia-\u00fcgyn\u00f6ks\u00e9g (IAEA) Atomsoromp\u00f3-egyezm\u00e9ny\u00e9t (NPT).<\/p>\n<\/li>\n<li>\n<p data-path-to-node=\"11,1,0\"><b data-path-to-node=\"11,1,0\" data-index-in-node=\"0\">A megsz\u00e1ll\u00e1s elhallgat\u00e1sa:<\/b> Az \u201e\u00f6nv\u00e9delem\u201d hangoztat\u00e1sa sor\u00e1n elmaszatol\u00f3dik a l\u00e9nyeg: a palesztin ter\u00fcletek \u00e9vtizedek \u00f3ta tart\u00f3 illeg\u00e1lis katonai megsz\u00e1ll\u00e1sa \u00e9s az apartheid-jelleg\u0171 elnyom\u00f3 appar\u00e1tus m\u0171k\u00f6dtet\u00e9se.<\/p>\n<\/li>\n<\/ul>\n<h3 data-path-to-node=\"13\">3. Igazod\u00e1si k\u00e9nyszer a nyugati elithez<\/h3>\n<p data-path-to-node=\"14\">Magyar P\u00e9ter nyilatkozata nem a f\u00fcggetlen magyar k\u00fclpolitikai \u00e9rdekekb\u0151l fakad, hanem egy\u00e9rtelm\u0171 <b data-path-to-node=\"14\" data-index-in-node=\"97\">diplom\u00e1ciai vizsgamunka<\/b>. A Tisza P\u00e1rt vezet\u00e9se \u2013 az Eur\u00f3pai N\u00e9pp\u00e1rttal (EPP) ki\u00e9p\u00edtett szoros kapcsolatai k\u00f6zepette \u2013 a br\u00fcsszeli \u00e9s washingtoni f\u0151sodor elv\u00e1r\u00e1sainak igyekszik megfelelni.<\/p>\n<p data-path-to-node=\"15\">A szomor\u00fa igazs\u00e1g az, hogy mik\u00f6zben a magyar v\u00e1laszt\u00f3knak a rendszerv\u00e1lt\u00e1s \u00e9s az \u00faj t\u00edpus\u00fa politika \u00edg\u00e9ret\u00e9t teszi, a nemzetk\u00f6zi sz\u00ednt\u00e9ren pontosan ugyanazt a g\u00e9pies, Washington-kompatibilis formanyelvet besz\u00e9li, mint a klasszikus nyugat-eur\u00f3pai establishment. Nem v\u00e1llal kock\u00e1zatot, nem nevezi nev\u00e9n a h\u00e1bor\u00fas b\u0171n\u00f6ket, \u00e9s nem mer ki\u00e1llni a nemzetk\u00f6zi jog egyetemes \u00e9rv\u00e9nyes\u00edt\u00e9se mellett.<\/p>\n<h3 data-path-to-node=\"17\">A konkl\u00fazi\u00f3: Elvh\u0171s\u00e9g helyett politikai sz\u00e1m\u00edt\u00e1s<\/h3>\n<p data-path-to-node=\"18\">A \u201eki\u00e1llunk Izrael \u00f6nv\u00e9delme mellett\u201d szlogen a 21. sz\u00e1zad k\u00f6zep\u00e9n m\u00e1r nem b\u00e9kep\u00e1rti vagy felel\u0151s \u00e1llamf\u00e9rfi\u00fai \u00e1ll\u00e1spont, hanem a val\u00f3s\u00e1g letagad\u00e1sa. Magyar P\u00e9ter nyilatkozata megmutatta, hogy a Tisza P\u00e1rt k\u00fclpolitikai v\u00edzi\u00f3ja h\u00edj\u00e1n van az elvi alapoknak: a kritikus gondolkod\u00e1s \u00e9s az elnyomottak melletti ki\u00e1ll\u00e1s helyett a k\u00e9nyelmes, atlantista konformizmust v\u00e1lasztotta.<\/p>\n<p data-path-to-node=\"19\">Ha egy politikai mozgalom a hazai jogtipr\u00e1sok ellen l\u00e9p fel, de a nemzetk\u00f6zi sz\u00ednt\u00e9ren szemet huny a h\u00e1bor\u00fas b\u0171n\u00f6k felett, akkor a saj\u00e1t hiteless\u00e9g\u00e9nek alapjait \u00e1ssa al\u00e1.<\/p>","protected":false},"excerpt":{"rendered":"<p>Amikor Magyar P\u00e9ter kijelentette, hogy a Tisza P\u00e1rt \u201eki\u00e1ll Izrael \u00f6nv\u00e9delemhez val\u00f3 joga mellett\u201d, mik\u00f6zben elengedhetetlennek nevezte, hogy \u201eIr\u00e1n ne juthasson atombomb\u00e1hoz\u201d, sokan a magyar belpolitikai \u00e9letben szokatlan hat\u00e1rozotts\u00e1got l\u00e1ttak a nyilatkozat m\u00f6g\u00f6tt. K\u00f6zelebbr\u0151l megvizsg\u00e1lva azonban a kijelent\u00e9s nem egy\u00e9b, mint a nyugati atlantista diplom\u00e1cia ezerszer elism\u00e9telt, elhaszn\u00e1lt paneljeinek kritik\u00e1tlan \u00e1tv\u00e9tele \u2014 egy olyan id\u0151szakban, [&hellip;]<\/p>\n","protected":false},"author":1,"featured_media":4667,"comment_status":"open","ping_status":"closed","sticky":false,"template":"","format":"standard","meta":{"rs_blank_template":"","rs_page_bg_color":"","slide_template_v7":"","_monsterinsights_skip_tracking":false,"wpai_generated_summary":"","tdm_status":"","tdm_grid_status":"","footnotes":""},"categories":[19,119,13,23],"tags":[137,140,162,96,153,170,109,154,104,157,156],"class_list":["post-4666","post","type-post","status-publish","format-standard","has-post-thumbnail","category-news","category-magyarorszag","category-politics","category-tisza-figyelo","tag-eu-izrael-kapcsolatok","tag-europai-unio","tag-gaza-haboru","tag-izrael","tag-kozel-kelet","tag-magyar-peter","tag-magyarorszag","tag-nemzetkozi-kapcsolatok","tag-palesztina","tag-tisza-part","tag-vilagpolitika"],"_links":{"self":[{"href":"https:\/\/antipropaganda.hu\/en\/wp-json\/wp\/v2\/posts\/4666","targetHints":{"allow":["GET"]}}],"collection":[{"href":"https:\/\/antipropaganda.hu\/en\/wp-json\/wp\/v2\/posts"}],"about":[{"href":"https:\/\/antipropaganda.hu\/en\/wp-json\/wp\/v2\/types\/post"}],"author":[{"embeddable":true,"href":"https:\/\/antipropaganda.hu\/en\/wp-json\/wp\/v2\/users\/1"}],"replies":[{"embeddable":true,"href":"https:\/\/antipropaganda.hu\/en\/wp-json\/wp\/v2\/comments?post=4666"}],"version-history":[{"count":0,"href":"https:\/\/antipropaganda.hu\/en\/wp-json\/wp\/v2\/posts\/4666\/revisions"}],"wp:featuredmedia":[{"embeddable":true,"href":"https:\/\/antipropaganda.hu\/en\/wp-json\/wp\/v2\/media\/4667"}],"wp:attachment":[{"href":"https:\/\/antipropaganda.hu\/en\/wp-json\/wp\/v2\/media?parent=4666"}],"wp:term":[{"taxonomy":"category","embeddable":true,"href":"https:\/\/antipropaganda.hu\/en\/wp-json\/wp\/v2\/categories?post=4666"},{"taxonomy":"post_tag","embeddable":true,"href":"https:\/\/antipropaganda.hu\/en\/wp-json\/wp\/v2\/tags?post=4666"}],"curies":[{"name":"wp","href":"https:\/\/api.w.org\/{rel}","templated":true}]}}