{"id":4663,"date":"2026-08-29T11:42:02","date_gmt":"2026-08-29T09:42:02","guid":{"rendered":"https:\/\/antipropaganda.hu\/?p=4663"},"modified":"2026-08-29T11:42:02","modified_gmt":"2026-08-29T09:42:02","slug":"legalabb-az-inflaciot-koveto-de-a-beremelkedesekhez-igazodo-nyugdijemeles-kell-magyar-peter-es-a-tisza-part-nyugdijkoncepcioja","status":"publish","type":"post","link":"https:\/\/antipropaganda.hu\/en\/legalabb-az-inflaciot-koveto-de-a-beremelkedesekhez-igazodo-nyugdijemeles-kell-magyar-peter-es-a-tisza-part-nyugdijkoncepcioja\/","title":{"rendered":"\u201eLegal\u00e1bb az infl\u00e1ci\u00f3t k\u00f6vet\u0151, de a b\u00e9remelked\u00e9sekhez igazod\u00f3 nyugd\u00edjemel\u00e9s kell\u201d \u2013 Magyar P\u00e9ter \u00e9s a Tisza P\u00e1rt nyugd\u00edjkoncepci\u00f3ja"},"content":{"rendered":"<p data-path-to-node=\"1\">A magyar belpolitika \u00e9s az el\u0151tt\u00fcnk \u00e1ll\u00f3 id\u0151szak egyik leg\u00e9rz\u00e9kenyebb, milli\u00f3kat \u00e9rint\u0151 k\u00e9rd\u00e9se a nyugd\u00edjrendszer j\u00f6v\u0151je. Magyar P\u00e9ter, a Tisza P\u00e1rt vezet\u0151je az elm\u00falt id\u0151szakban t\u00f6bbsz\u00f6r is \u00e9lesen b\u00edr\u00e1lta a jelenlegi korm\u00e1nyzati nyugd\u00edjpolitik\u00e1t, kiemelve, hogy a megl\u00e9v\u0151 modell szisztematikusan elszeg\u00e9ny\u00edti az id\u0151s t\u00e1rsadalmat.<\/p>\n<p data-path-to-node=\"2\">A politikus megsz\u00f3lal\u00e1sai \u00e9s a p\u00e1rt szakpolitikai jelz\u00e9sei alapj\u00e1n az al\u00e1bbiakban foglalhat\u00f3k \u00f6ssze a Magyar P\u00e9ter \u00e1ltal szorgalmazott legf\u0151bb nyugd\u00edjemel\u00e9si \u00e9s reformelk\u00e9pzel\u00e9sek.<\/p>\n<h3 data-path-to-node=\"4\">1. A sv\u00e1jci index\u00e1l\u00e1s r\u00e9szleges vagy teljes visszahozatala<\/h3>\n<p data-path-to-node=\"5\">Magyar P\u00e9ter \u00e9les kritik\u00e1val illette a jelenleg m\u0171k\u00f6d\u0151, tiszt\u00e1n infl\u00e1ci\u00f3k\u00f6vet\u0151 nyugd\u00edjemel\u00e9si rendszert. \u00c1ll\u00e1spontja szerint a jelenlegi modell megbukott, mert a re\u00e1lb\u00e9rek n\u00f6veked\u00e9se mellett a nyugd\u00edjasok v\u00e1s\u00e1rl\u00f3ereje \u00e9s t\u00e1rsadalmi st\u00e1tusza folyamatosan leszakad az akt\u00edv dolgoz\u00f3k\u00e9t\u00f3l.<\/p>\n<ul data-path-to-node=\"6\">\n<li>\n<p data-path-to-node=\"6,0,0\"><b data-path-to-node=\"6,0,0\" data-index-in-node=\"0\">B\u00e9rn\u00f6veked\u00e9shez k\u00f6t\u00f6tt emel\u00e9s:<\/b> A Tisza P\u00e1rt olyan sz\u00e1m\u00edt\u00e1si modell bevezet\u00e9s\u00e9t javasolja, amely a meg\u00e9lhet\u00e9si k\u00f6lts\u00e9gek (infl\u00e1ci\u00f3) mellett a nett\u00f3 \u00e1tlagb\u00e9rek n\u00f6veked\u00e9si \u00fctem\u00e9t is figyelembe veszi (a kor\u00e1bban haszn\u00e1lt vegyes index\u00e1l\u00e1s mint\u00e1j\u00e1ra).<\/p>\n<\/li>\n<li>\n<p data-path-to-node=\"6,1,0\"><b data-path-to-node=\"6,1,0\" data-index-in-node=\"0\">Az elszeg\u00e9nyed\u00e9si spir\u00e1l meg\u00e1ll\u00edt\u00e1sa:<\/b> Magyar hangs\u00falyozta, hogy az elm\u00falt \u00e9vek magas \u00e9lelmiszer-infl\u00e1ci\u00f3ja miatt az id\u0151s lakoss\u00e1g val\u00f3di infl\u00e1ci\u00f3ja l\u00e9nyegesen magasabb volt a hivatalos KSH-\u00e1tlagn\u00e1l, amit a jelenlegi korrekci\u00f3k nem kompenz\u00e1ltak megfelel\u0151en.<\/p>\n<\/li>\n<\/ul>\n<h3 data-path-to-node=\"8\">2. A minim\u00e1lnyugd\u00edj \u00e9s a kisnyugd\u00edjak felz\u00e1rk\u00f3ztat\u00e1sa<\/h3>\n<p data-path-to-node=\"9\">A javaslatok m\u00e1sik k\u00f6zponti eleme a rendk\u00edv\u00fcl alacsony j\u00e1rand\u00f3s\u00e1gb\u00f3l \u00e9l\u0151 nyugd\u00edjasok helyzet\u00e9nek azonnali rendez\u00e9se.<\/p>\n<ul data-path-to-node=\"10\">\n<li>\n<p data-path-to-node=\"10,0,0\"><b data-path-to-node=\"10,0,0\" data-index-in-node=\"0\">Differenci\u00e1lt emel\u00e9s lehet\u0151s\u00e9ge:<\/b> A Tisza P\u00e1rt felvet\u00e9sei k\u00f6z\u00f6tt szerepel az als\u00f3 nyugd\u00edjs\u00e1vok gyors\u00edtott, s\u00e1vos emel\u00e9se, hogy a legalacsonyabb j\u00f6vedelemmel rendelkez\u0151 id\u0151s \u00e1llampolg\u00e1rok felz\u00e1rk\u00f3zhassanak a minim\u00e1lis meg\u00e9lhet\u00e9si szinthez.<\/p>\n<\/li>\n<li>\n<p data-path-to-node=\"10,1,0\"><b data-path-to-node=\"10,1,0\" data-index-in-node=\"0\">A minim\u00e1lnyugd\u00edj reformja:<\/b> A 28 500 forintos, \u00e9vek \u00f3ta v\u00e1ltozatlan t\u00f6rv\u00e9nyi minim\u00e1lnyugd\u00edj-\u00f6sszeg helyett egy modern, a mindenkori minim\u00e1lb\u00e9rhez vagy a t\u00e9nyleges l\u00e9tminimumhoz igazod\u00f3 alapszint meghat\u00e1roz\u00e1s\u00e1t tartj\u00e1k sz\u00fcks\u00e9gesnek.<\/p>\n<\/li>\n<\/ul>\n<h3 data-path-to-node=\"12\">3. A 13. havi nyugd\u00edj \u00e9s a Pr\u00e9mium k\u00e9rd\u00e9se<\/h3>\n<p data-path-to-node=\"13\">A politikai vit\u00e1k egyik legfontosabb eleme a megl\u00e9v\u0151 juttat\u00e1sok sorsa. Magyar P\u00e9ter hat\u00e1rozottan visszautas\u00edtotta azokat a korm\u00e1nyp\u00e1rti v\u00e1dakat, amelyek szerint elt\u00f6r\u00f6ln\u00e9k a plusz juttat\u00e1sokat:<\/p>\n<ul data-path-to-node=\"14\">\n<li>\n<p data-path-to-node=\"14,0,0\"><b data-path-to-node=\"14,0,0\" data-index-in-node=\"0\">A 13. havi nyugd\u00edj megtart\u00e1sa:<\/b> Kijelentette, hogy a 13. havi nyugd\u00edj szerzett jog, annak kivezet\u00e9se nincs napirenden, s\u0151t, be\u00e9p\u00edtett juttat\u00e1sk\u00e9nt kell garant\u00e1lni a rendszer fenntarthat\u00f3s\u00e1g\u00e1t.<\/p>\n<\/li>\n<li>\n<p data-path-to-node=\"14,1,0\"><b data-path-to-node=\"14,1,0\" data-index-in-node=\"0\">Kisz\u00e1m\u00edthat\u00f3 nyugd\u00edjpr\u00e9mium:<\/b> A gazdas\u00e1gi n\u00f6veked\u00e9shez k\u00f6t\u00f6tt pr\u00e9miumok helyett transzparens, el\u0151re tervezhet\u0151 juttat\u00e1si strukt\u00far\u00e1t szorgalmaznak.<\/p>\n<\/li>\n<\/ul>\n<h3 data-path-to-node=\"16\">Kih\u00edv\u00e1sok \u00e9s fenntarthat\u00f3s\u00e1gi dilemm\u00e1k<\/h3>\n<p data-path-to-node=\"17\">Ahogyan minden nyugd\u00edjreform-javaslat eset\u00e9ben, \u00fagy a Magyar P\u00e9ter \u00e1ltal v\u00e1zolt elk\u00e9pzel\u00e9sek kapcs\u00e1n is felmer\u00fclnek komoly k\u00f6lts\u00e9gvet\u00e9si k\u00e9rd\u00e9sek:<\/p>\n<ol start=\"1\" data-path-to-node=\"18\">\n<li>\n<p data-path-to-node=\"18,0,0\"><b data-path-to-node=\"18,0,0\" data-index-in-node=\"0\">A k\u00f6lts\u00e9gvet\u00e9si fedezet:<\/b> A b\u00e9reket k\u00f6vet\u0151 nyugd\u00edjemel\u00e9s \u00e9s a kisnyugd\u00edjak felz\u00e1rk\u00f3ztat\u00e1sa \u00e9vente t\u00f6bb sz\u00e1zmilli\u00e1rd forintos pluszforr\u00e1st ig\u00e9nyel a k\u00f6zponti b\u00fcdzs\u00e9b\u0151l.<\/p>\n<\/li>\n<li>\n<p data-path-to-node=\"18,1,0\"><b data-path-to-node=\"18,1,0\" data-index-in-node=\"0\">A demogr\u00e1fiai teher:<\/b> A t\u00e1rsadalom el\u00f6reged\u00e9se miatt a j\u00e1rul\u00e9kfizet\u0151k \u00e9s a eltartottak ar\u00e1nya folyamatosan romlik, ami a tiszt\u00e1n \u00e1llami, feloszt\u00f3-kirov\u00f3 rendszerben szerkezeti reformokat is sz\u00fcks\u00e9gess\u00e9 tesz.<\/p>\n<\/li>\n<\/ol>\n<p data-path-to-node=\"19\">Magyar P\u00e9ter \u00e9s a Tisza P\u00e1rt nyugd\u00edjemel\u00e9si v\u00e1llal\u00e1sai a nyugd\u00edjas t\u00e1rsadalom anyagi biztons\u00e1g\u00e1nak vissza\u00e1ll\u00edt\u00e1s\u00e1t \u00e9s a v\u00e1s\u00e1rl\u00f3\u00e9rt\u00e9k meg\u0151rz\u00e9s\u00e9t helyezik a k\u00f6z\u00e9ppontba, a javaslatok megb\u00edzhat\u00f3 \u00e9s tart\u00f3s finansz\u00edrozhat\u00f3s\u00e1g\u00e1t azonban a leend\u0151 gazdas\u00e1gpolitika gyakorlati m\u0171k\u00f6d\u00e9se fogja \u00e9lesben tesztelni.<\/p>","protected":false},"excerpt":{"rendered":"<p>A magyar belpolitika \u00e9s az el\u0151tt\u00fcnk \u00e1ll\u00f3 id\u0151szak egyik leg\u00e9rz\u00e9kenyebb, milli\u00f3kat \u00e9rint\u0151 k\u00e9rd\u00e9se a nyugd\u00edjrendszer j\u00f6v\u0151je. Magyar P\u00e9ter, a Tisza P\u00e1rt vezet\u0151je az elm\u00falt id\u0151szakban t\u00f6bbsz\u00f6r is \u00e9lesen b\u00edr\u00e1lta a jelenlegi korm\u00e1nyzati nyugd\u00edjpolitik\u00e1t, kiemelve, hogy a megl\u00e9v\u0151 modell szisztematikusan elszeg\u00e9ny\u00edti az id\u0151s t\u00e1rsadalmat. A politikus megsz\u00f3lal\u00e1sai \u00e9s a p\u00e1rt szakpolitikai jelz\u00e9sei alapj\u00e1n az al\u00e1bbiakban foglalhat\u00f3k [&hellip;]<\/p>\n","protected":false},"author":1,"featured_media":4664,"comment_status":"open","ping_status":"closed","sticky":false,"template":"","format":"standard","meta":{"rs_blank_template":"","rs_page_bg_color":"","slide_template_v7":"","_monsterinsights_skip_tracking":false,"wpai_generated_summary":"","tdm_status":"","tdm_grid_status":"","footnotes":""},"categories":[19,119,13,23],"tags":[158,170,109,173,157],"class_list":["post-4663","post","type-post","status-publish","format-standard","has-post-thumbnail","category-news","category-magyarorszag","category-politics","category-tisza-figyelo","tag-gazdasag","tag-magyar-peter","tag-magyarorszag","tag-nyudijemeles","tag-tisza-part"],"_links":{"self":[{"href":"https:\/\/antipropaganda.hu\/en\/wp-json\/wp\/v2\/posts\/4663","targetHints":{"allow":["GET"]}}],"collection":[{"href":"https:\/\/antipropaganda.hu\/en\/wp-json\/wp\/v2\/posts"}],"about":[{"href":"https:\/\/antipropaganda.hu\/en\/wp-json\/wp\/v2\/types\/post"}],"author":[{"embeddable":true,"href":"https:\/\/antipropaganda.hu\/en\/wp-json\/wp\/v2\/users\/1"}],"replies":[{"embeddable":true,"href":"https:\/\/antipropaganda.hu\/en\/wp-json\/wp\/v2\/comments?post=4663"}],"version-history":[{"count":0,"href":"https:\/\/antipropaganda.hu\/en\/wp-json\/wp\/v2\/posts\/4663\/revisions"}],"wp:featuredmedia":[{"embeddable":true,"href":"https:\/\/antipropaganda.hu\/en\/wp-json\/wp\/v2\/media\/4664"}],"wp:attachment":[{"href":"https:\/\/antipropaganda.hu\/en\/wp-json\/wp\/v2\/media?parent=4663"}],"wp:term":[{"taxonomy":"category","embeddable":true,"href":"https:\/\/antipropaganda.hu\/en\/wp-json\/wp\/v2\/categories?post=4663"},{"taxonomy":"post_tag","embeddable":true,"href":"https:\/\/antipropaganda.hu\/en\/wp-json\/wp\/v2\/tags?post=4663"}],"curies":[{"name":"wp","href":"https:\/\/api.w.org\/{rel}","templated":true}]}}