{"id":4660,"date":"2026-08-29T11:37:45","date_gmt":"2026-08-29T09:37:45","guid":{"rendered":"https:\/\/antipropaganda.hu\/?p=4660"},"modified":"2026-08-29T11:37:45","modified_gmt":"2026-08-29T09:37:45","slug":"intezmenyi-merfoldko-vagy-politikai-erodemonstracio-a-nemzeti-vagyonvisszaszerzesi-hivatal-elere-allt-az-uj-vezetes","status":"publish","type":"post","link":"https:\/\/antipropaganda.hu\/en\/intezmenyi-merfoldko-vagy-politikai-erodemonstracio-a-nemzeti-vagyonvisszaszerzesi-hivatal-elere-allt-az-uj-vezetes\/","title":{"rendered":"Int\u00e9zm\u00e9nyi m\u00e9rf\u00f6ldk\u0151 vagy politikai er\u0151demonstr\u00e1ci\u00f3? \u2013 A Nemzeti Vagyonvisszaszerz\u00e9si Hivatal \u00e9l\u00e9re \u00e1llt az \u00faj vezet\u00e9s."},"content":{"rendered":"<p data-path-to-node=\"1\">Az Orsz\u00e1ggy\u0171l\u00e9s p\u00e9nteki titkos szavaz\u00e1s\u00e1n k\u00e9tharmados t\u00f6bbs\u00e9ggel megv\u00e1lasztotta a Nemzeti Vagyonvisszaszerz\u00e9si \u00e9s Vagyonv\u00e9delmi Hivatal (NVVH) els\u0151 eln\u00f6k\u00e9t Unger Anna politol\u00f3gus, az ELTE oktat\u00f3ja szem\u00e9ly\u00e9ben, m\u00edg a nyomozati eln\u00f6khelyettesi posztot Tasn\u00e1dy Katalin \u00fcgy\u00e9sz kapta meg. A d\u00f6nt\u00e9s nemcsak a 2026-os korm\u00e1nyv\u00e1lt\u00e1s ut\u00e1ni politikai ciklus egyik legl\u00e9nyegesebb int\u00e9zm\u00e9nyi l\u00e9p\u00e9se, hanem a magyar jog\u00e1llamis\u00e1g \u00e9s igazs\u00e1gt\u00e9teli k\u00eds\u00e9rlet lakmusztesztje is.<\/p>\n<p data-path-to-node=\"3\"><b data-path-to-node=\"3\" data-index-in-node=\"0\">A szavaz\u00e1s sz\u00e1mai \u00e9s az int\u00e9zm\u00e9nyi h\u00e1tt\u00e9r<\/b><\/p>\n<p data-path-to-node=\"4\">A d\u00f6nt\u00e9si folyamat \u00e9s a hivatal fel\u00e1ll\u00e1s\u00e1nak param\u00e9terei j\u00f3l mutatj\u00e1k a szervezet m\u00f6g\u00f6tti jogi \u00e9s politikai s\u00falyt:<\/p>\n<ul data-path-to-node=\"5\">\n<li>\n<p data-path-to-node=\"5,0,0\"><b data-path-to-node=\"5,0,0\" data-index-in-node=\"0\">A szavaz\u00e1s eredm\u00e9nye:<\/b> Unger Anna 137 igen, 7 nem szavazatot \u00e9s 1 tart\u00f3zkod\u00e1st kapott, m\u00edg Tasn\u00e1dy Katalin 139 igen \u00e9s 6 nem szavazattal nyerte el a tiszts\u00e9get. A megb\u00edzat\u00e1suk 6 \u00e9vre sz\u00f3l, 2026. szeptember 1-jei hat\u00e1llyal.<\/p>\n<\/li>\n<li>\n<p data-path-to-node=\"5,1,0\"><b data-path-to-node=\"5,1,0\" data-index-in-node=\"0\">Auton\u00f3m hat\u00e1sk\u00f6r\u00f6k:<\/b> Az NVVH nem egy puszta tan\u00e1csad\u00f3 test\u00fclet vagy szimbolikus korrupci\u00f3ellenes bizotts\u00e1g. A jogszab\u00e1ly alapj\u00e1n \u00f6n\u00e1ll\u00f3an nyomozhat, v\u00e1dat emelhet, ir\u00e1ny\u00edthatja a felder\u00edt\u00e9st \u00e9s k\u00f6zv\u00e1dl\u00f3k\u00e9nt is elj\u00e1rhat a kiemelt k\u00f6zvagyon elleni b\u0171ncselekm\u00e9nyek kapcs\u00e1n.<\/p>\n<\/li>\n<li>\n<p data-path-to-node=\"5,2,0\"><b data-path-to-node=\"5,2,0\" data-index-in-node=\"0\">Szervezeti integr\u00e1ci\u00f3:<\/b> A hat\u00e9kony vagyonfelkutat\u00e1s \u00e9rdek\u00e9ben a megl\u00e9v\u0151 igazs\u00e1g\u00fcgyi, ad\u00f3hat\u00f3s\u00e1gi (NAV) \u00e9s rendv\u00e9delmi szervek specifikus szakter\u00fcleteit integr\u00e1lj\u00e1k a hivatal al\u00e1.<\/p>\n<\/li>\n<\/ul>\n<p data-path-to-node=\"7\"><b data-path-to-node=\"7\" data-index-in-node=\"0\">Strat\u00e9giai dilemm\u00e1k \u00e9s szakmai kih\u00edv\u00e1sok<\/b><\/p>\n<p data-path-to-node=\"8\">A hivatal fel\u00e1ll\u00edt\u00e1sa \u00e9s a parlament d\u00f6nt\u00e9se h\u00e1rom alapvet\u0151 k\u00e9rd\u00e9sk\u00f6rre vil\u00e1g\u00edt r\u00e1 a politikai \u00e9s jogi elemz\u00e9s szempontj\u00e1b\u00f3l:<\/p>\n<ol start=\"1\" data-path-to-node=\"9\">\n<li>\n<p data-path-to-node=\"9,0,0\"><b data-path-to-node=\"9,0,0\" data-index-in-node=\"0\">A politol\u00f3gus vs. a nyomoz\u00f3 modellje<\/b><\/p>\n<p data-path-to-node=\"9,0,1\">Unger Anna megv\u00e1laszt\u00e1sa jelzi, hogy a korm\u00e1nyzat a strukt\u00fara \u00e9l\u00e9re nem egy tiszta b\u00fcrokrat\u00e1t vagy jog\u00e1szt, hanem egy int\u00e9zm\u00e9nyrendszereket j\u00f3l ismer\u0151 elemz\u0151t k\u00edv\u00e1nt \u00fcltetni. Ugyanakkor az operat\u00edv, b\u00fcntet\u0151jogi \u00e9l a K\u00f6zponti Nyomoz\u00f3 F\u0151\u00fcgy\u00e9szs\u00e9gt\u0151l \u00e9rkez\u0151 Tasn\u00e1dy Katalin kez\u00e9ben \u00f6sszpontosul. Ez a kett\u0151s vezet\u00e9s garant\u00e1lhatja a strat\u00e9giai l\u00e1t\u00e1sm\u00f3dot \u00e9s a v\u00e1dhat\u00f3s\u00e1gi tapasztalatot.<\/p>\n<\/li>\n<li>\n<p data-path-to-node=\"9,1,0\"><b data-path-to-node=\"9,1,0\" data-index-in-node=\"0\">Az elv\u00e1r\u00e1sok \u00e9s a val\u00f3s\u00e1g \u00fctk\u00f6z\u00e9se<\/b><\/p>\n<p data-path-to-node=\"9,1,1\">A politikai \u00edg\u00e9retek szintj\u00e9n a jogellenesen kisaj\u00e1t\u00edtott \u00e1llami \u00e9s \u00f6nkorm\u00e1nyzati vagyonok visszaszerz\u00e9se lebeg. Nemzetk\u00f6zi tapasztalatok (pl. Rom\u00e1nia vagy Olaszorsz\u00e1g hasonl\u00f3 szervei) alapj\u00e1n azonban a vagyonvisszaszerz\u00e9s rendk\u00edv\u00fcl lass\u00fa, bonyolult offshore h\u00e1l\u00f3zatokon \u00e9s nemzetk\u00f6zi jogseg\u00e9lyeken kereszt\u00fclvezet\u0151 folyamat, amely ritk\u00e1n hoz azonnali l\u00e1tv\u00e1nyos eredm\u00e9nyeket.<\/p>\n<\/li>\n<li>\n<p data-path-to-node=\"9,2,0\"><b data-path-to-node=\"9,2,0\" data-index-in-node=\"0\">Alkotm\u00e1nyoss\u00e1gi \u00e9s jog\u00e1llamis\u00e1gi agg\u00e1lyok<\/b><\/p>\n<p data-path-to-node=\"9,2,1\">B\u00e1r a parlament nagy t\u00f6bbs\u00e9ggel szavazta meg a vezet\u00e9st, jogv\u00e9d\u0151 szervezetek (k\u00f6zt\u00fck a Magyar Helsinki Bizotts\u00e1g) m\u00e1r a t\u00f6rv\u00e9nyjavaslat szakasz\u00e1ban jelezt\u00e9k: az NVVH rendk\u00edv\u00fcl sz\u00e9les hat\u00e1sk\u00f6rei \u00e9s a b\u00edr\u00f3i fel\u00fclvizsg\u00e1lat esetleges korl\u00e1tai komoly garanci\u00e1lis k\u00e9rd\u00e9seket vetnek fel. A hivatal m\u0171k\u00f6d\u00e9s\u00e9nek stabilit\u00e1sa azon m\u00falik majd, hogy a d\u00f6nt\u00e9sei ki\u00e1llj\u00e1k-e a f\u00fcggetlen b\u00edr\u00f3s\u00e1gok \u00e9s a nemzetk\u00f6zi jogf\u00f3rumok pr\u00f3b\u00e1j\u00e1t.<\/p>\n<\/li>\n<\/ol>\n<p data-path-to-node=\"10\">A titkos szavaz\u00e1s lez\u00e1rult\u00e1val az NVVH szeptember 1-j\u00e9vel megkezdi a t\u00e9nyleges m\u0171k\u00f6d\u00e9s\u00e9t. A k\u00f6vetkez\u0151 h\u00f3napok megmutatj\u00e1k, hogy az \u00faj szervezet k\u00e9pes-e f\u00fcggetlen, professzion\u00e1lis szakmai szervk\u00e9nt fell\u00e9pni, vagy a politikai csat\u00e1roz\u00e1sok kiterjesztett terep\u00e9v\u00e9 v\u00e1lik.<\/p>","protected":false},"excerpt":{"rendered":"<p>Az Orsz\u00e1ggy\u0171l\u00e9s p\u00e9nteki titkos szavaz\u00e1s\u00e1n k\u00e9tharmados t\u00f6bbs\u00e9ggel megv\u00e1lasztotta a Nemzeti Vagyonvisszaszerz\u00e9si \u00e9s Vagyonv\u00e9delmi Hivatal (NVVH) els\u0151 eln\u00f6k\u00e9t Unger Anna politol\u00f3gus, az ELTE oktat\u00f3ja szem\u00e9ly\u00e9ben, m\u00edg a nyomozati eln\u00f6khelyettesi posztot Tasn\u00e1dy Katalin \u00fcgy\u00e9sz kapta meg. A d\u00f6nt\u00e9s nemcsak a 2026-os korm\u00e1nyv\u00e1lt\u00e1s ut\u00e1ni politikai ciklus egyik legl\u00e9nyegesebb int\u00e9zm\u00e9nyi l\u00e9p\u00e9se, hanem a magyar jog\u00e1llamis\u00e1g \u00e9s igazs\u00e1gt\u00e9teli k\u00eds\u00e9rlet lakmusztesztje [&hellip;]<\/p>\n","protected":false},"author":1,"featured_media":4661,"comment_status":"open","ping_status":"closed","sticky":false,"template":"","format":"standard","meta":{"rs_blank_template":"","rs_page_bg_color":"","slide_template_v7":"","_monsterinsights_skip_tracking":false,"wpai_generated_summary":"","tdm_status":"","tdm_grid_status":"","footnotes":""},"categories":[19,119,13,23],"tags":[170,155,172,157,171],"class_list":["post-4660","post","type-post","status-publish","format-standard","has-post-thumbnail","category-news","category-magyarorszag","category-politics","category-tisza-figyelo","tag-magyar-peter","tag-mediaelemzes","tag-nemzeti-vagyonvisszaszerzesi-es-vagyonvedelmi-hivatal","tag-tisza-part","tag-unger-anna"],"_links":{"self":[{"href":"https:\/\/antipropaganda.hu\/en\/wp-json\/wp\/v2\/posts\/4660","targetHints":{"allow":["GET"]}}],"collection":[{"href":"https:\/\/antipropaganda.hu\/en\/wp-json\/wp\/v2\/posts"}],"about":[{"href":"https:\/\/antipropaganda.hu\/en\/wp-json\/wp\/v2\/types\/post"}],"author":[{"embeddable":true,"href":"https:\/\/antipropaganda.hu\/en\/wp-json\/wp\/v2\/users\/1"}],"replies":[{"embeddable":true,"href":"https:\/\/antipropaganda.hu\/en\/wp-json\/wp\/v2\/comments?post=4660"}],"version-history":[{"count":0,"href":"https:\/\/antipropaganda.hu\/en\/wp-json\/wp\/v2\/posts\/4660\/revisions"}],"wp:featuredmedia":[{"embeddable":true,"href":"https:\/\/antipropaganda.hu\/en\/wp-json\/wp\/v2\/media\/4661"}],"wp:attachment":[{"href":"https:\/\/antipropaganda.hu\/en\/wp-json\/wp\/v2\/media?parent=4660"}],"wp:term":[{"taxonomy":"category","embeddable":true,"href":"https:\/\/antipropaganda.hu\/en\/wp-json\/wp\/v2\/categories?post=4660"},{"taxonomy":"post_tag","embeddable":true,"href":"https:\/\/antipropaganda.hu\/en\/wp-json\/wp\/v2\/tags?post=4660"}],"curies":[{"name":"wp","href":"https:\/\/api.w.org\/{rel}","templated":true}]}}