{"id":4653,"date":"2026-08-29T10:54:05","date_gmt":"2026-08-29T08:54:05","guid":{"rendered":"https:\/\/antipropaganda.hu\/?p=4653"},"modified":"2026-08-29T10:54:05","modified_gmt":"2026-08-29T08:54:05","slug":"az-egyesult-kiralysag-milliardos-szerzodeseket-kotott-illegalis-izraeli-telepekhez-kotheto-cegekkel","status":"publish","type":"post","link":"https:\/\/antipropaganda.hu\/en\/az-egyesult-kiralysag-milliardos-szerzodeseket-kotott-illegalis-izraeli-telepekhez-kotheto-cegekkel\/","title":{"rendered":"Az Egyes\u00fclt Kir\u00e1lys\u00e1g milli\u00e1rdos szerz\u0151d\u00e9seket k\u00f6t\u00f6tt illeg\u00e1lis izraeli telepekhez k\u00f6thet\u0151 c\u00e9gekkel."},"content":{"rendered":"<p><strong><em><span dir=\"auto\">Az Al-Jazeera vizsg\u00e1lata szerint brit k\u00f6zp\u00e9nzek \u00e1ramlanak a megsz\u00e1llt Ciszjord\u00e1ni\u00e1ban tal\u00e1lhat\u00f3 izraeli telepekhez kapcsol\u00f3d\u00f3 v\u00e1llalatokhoz.<\/span><\/em><\/strong><\/p>\n<p>Az Al-Jazeera h\u00edr\u00fcgyn\u00f6ks\u00e9g vizsg\u00e1lata szerint legal\u00e1bb 17, a megsz\u00e1llt Ciszjord\u00e1ni\u00e1ban l\u00e9tes\u00edtett illeg\u00e1lis izraeli telepekhez k\u00f6thet\u0151 v\u00e1llalat rendelkezik t\u00f6bb mint 2,1 milli\u00e1rd font (2,85 milli\u00e1rd doll\u00e1r) \u00e9rt\u00e9k\u0171 brit k\u00f6zszf\u00e9rabeli szerz\u0151d\u00e9sekkel.<\/p>\n<p>A meg\u00e1llap\u00edt\u00e1sok akkor sz\u00fclettek, amikor t\u00f6bb mint 140 brit munk\u00e1sp\u00e1rti k\u00e9pvisel\u0151 felsz\u00f3l\u00edtotta a korm\u00e1nyt, hogy tiltsa be az illeg\u00e1lis izraeli telepekkel folytatott kereskedelmet, ezt a l\u00e9p\u00e9st Andy Burnham minisztereln\u00f6k is fontolgatja.<\/p>\n<p>A beszerz\u00e9si nyilv\u00e1ntart\u00e1sok, a c\u00e9gbejelent\u00e9sek \u00e9s a v\u00e1llalati k\u00f6zz\u00e9t\u00e9telek elemz\u00e9se sor\u00e1n meg\u00e1llap\u00edtottuk, hogy az ENSZ \u00e1ltal illeg\u00e1lis izraeli telepekben val\u00f3 r\u00e9szv\u00e9tel\u00fck miatt megnevezett v\u00e1llalkoz\u00e1sok \u2013 valamint azok a v\u00e1llalatok, amelyeket ezek a v\u00e1llalkoz\u00e1sok v\u00e9gs\u0151 soron le\u00e1nyv\u00e1llalatk\u00e9nt birtokolnak vagy ellen\u0151riznek \u2013 szerz\u0151d\u00e9seket k\u00f6t\u00f6ttek a brit k\u00f6zszf\u00e9r\u00e1ban, t\u00f6bbek k\u00f6z\u00f6tt olyan ter\u00fcleteken, mint az \u00fatkarbantart\u00e1s, a k\u00f6zleked\u00e9s, a s\u00fcrg\u0151ss\u00e9gi szolg\u00e1latok \u00e9s a jogos\u00edtv\u00e1nyok kiad\u00e1sa.<\/p>\n<p>\u201eEgyre t\u00f6bb bizony\u00edt\u00e9k van arra, hogy az Egyes\u00fclt Kir\u00e1lys\u00e1g megszegheti nemzetk\u00f6zi k\u00f6telezetts\u00e9geit\u2026 az\u00e1ltal, hogy tov\u00e1bbra is szerz\u0151d\u00e9seket k\u00f6t olyan szervezetekkel, amelyeket az ENSZ ilyen jelleg\u0171 seg\u00edts\u00e9gny\u00fajt\u00e1sk\u00e9nt azonos\u00edtott\u201d \u2013 mondta Stephen Humphreys, a London School of Economics nemzetk\u00f6zi jog professzora az Al Jazeer\u00e1nak.<\/p>\n<p>A Tussell k\u00f6zbeszerz\u00e9si elemz\u0151c\u00e9g \u00e1ltal \u00f6ssze\u00e1ll\u00edtott \u00e9s az Al Jazeer\u00e1val megosztott adatok szerint a 17 v\u00e1llalat \u00e9s szervezet 125 k\u00f6zszf\u00e9rabeli szerz\u0151d\u00e9ssel rendelkezik, amelyek \u00f6sszes\u00edtett oda\u00edt\u00e9l\u00e9si \u00e9rt\u00e9ke 2,129 milli\u00e1rd font (2,89 milli\u00e1rd doll\u00e1r).<\/p>\n<p>Az egyes\u00fclt \u00e1llamokbeli technol\u00f3giai \u00e9s kommunik\u00e1ci\u00f3s \u00f3ri\u00e1s, a Motorola Solutions tulajdon\u00e1ban l\u00e9v\u0151 v\u00e1llalatok t\u00f6bb mint 1,7 milli\u00e1rd fontot (2,3 milli\u00e1rd doll\u00e1rt) tesznek ki a teljes \u00f6sszegb\u0151l \u2013 t\u00falnyom\u00f3 t\u00f6bbs\u00e9g\u00fcket a brit le\u00e1nyv\u00e1llalatukon, az Airwave Solutions-\u00f6n kereszt\u00fcl. Az \u00e1ltalunk \u00e1ttekintett egy\u00e9b szerz\u0151d\u00e9seket n\u00e9gy m\u00e1sik v\u00e1llalatcsoporthoz tartoz\u00f3 c\u00e9gek birtokolj\u00e1k, bele\u00e9rtve a Heidelberg Materialst, egy n\u00e9met multinacion\u00e1lis \u00e9p\u00edt\u0151anyag-gy\u00e1rt\u00f3 c\u00e9get; a francia Egis m\u00e9rn\u00f6ki csoportot; a spanyol CAF vonatgy\u00e1rt\u00f3t \u00e9s a k\u00ednai Fosun konglomer\u00e1tumot.<\/p>\n<p>Az ENSZ Emberi Jogi Hivatal\u00e1nak jelent\u00e9se \u00f6t v\u00e1llalati csoportot azonos\u00edtott, amelyek illeg\u00e1lis izraeli telepekhez kapcsol\u00f3d\u00f3 \u00fczleti tev\u00e9kenys\u00e9gekben vettek r\u00e9szt.<\/p>\n<p><img decoding=\"async\" class=\"alignnone size-full wp-image-4656\" src=\"https:\/\/antipropaganda.hu\/wp-content\/smush-webp\/2026\/08\/Clipboard01-2.jpg.webp\" alt=\"\" width=\"828\" height=\"809\" title=\"\" srcset=\"https:\/\/antipropaganda.hu\/wp-content\/smush-webp\/2026\/08\/Clipboard01-2.jpg.webp 828w, https:\/\/antipropaganda.hu\/wp-content\/smush-webp\/2026\/08\/Clipboard01-2-300x293.jpg.webp 300w, https:\/\/antipropaganda.hu\/wp-content\/smush-webp\/2026\/08\/Clipboard01-2-768x750.jpg.webp 768w, https:\/\/antipropaganda.hu\/wp-content\/uploads\/2026\/08\/Clipboard01-2-12x12.jpg 12w, https:\/\/antipropaganda.hu\/wp-content\/smush-webp\/2026\/08\/Clipboard01-2-430x420.jpg.webp 430w, https:\/\/antipropaganda.hu\/wp-content\/smush-webp\/2026\/08\/Clipboard01-2-150x147.jpg.webp 150w, https:\/\/antipropaganda.hu\/wp-content\/smush-webp\/2026\/08\/Clipboard01-2-696x680.jpg.webp 696w, https:\/\/antipropaganda.hu\/wp-content\/smush-webp\/2026\/08\/Clipboard01-2-600x586.jpg.webp 600w\" sizes=\"(max-width: 828px) 100vw, 828px\" \/><\/p>\n<p><span dir=\"auto\">A Heidelberg Materials izraeli le\u00e1nyv\u00e1llalata egy k\u0151b\u00e1ny\u00e1val rendelkezik a megsz\u00e1llt Ciszjord\u00e1ni\u00e1ban, m\u00edg a Motorola az illeg\u00e1lis telepek biztons\u00e1gi infrastrukt\u00far\u00e1j\u00e1ba van be\u00e1gyazva. Az Egis \u00e9s a CAF r\u00e9szt vesz Jeruzs\u00e1lem b\u0151v\u00fcl\u0151 k\u00f6nny\u0171vas\u00fati h\u00e1l\u00f3zat\u00e1ban \u2013 a projekt aktivist\u00e1i szerint a telep\u00fcl\u00e9sek v\u00e1rosba integr\u00e1l\u00e1s\u00e1val, mik\u00f6zben tov\u00e1bb fragment\u00e1lja a palesztin negyedeket, meger\u0151s\u00edti Izrael ellen\u0151rz\u00e9s\u00e9t.<\/span><\/p>\n<p><span dir=\"auto\">A Fosun International, amelynek le\u00e1nyv\u00e1llalata, a Breas Medical brit k\u00f6zp\u00e9nzekb\u0151l r\u00e9szes\u00fcl, a vitatott izraeli kozmetikai gy\u00e1rt\u00f3 ,\u00a0<\/span><span dir=\"auto\">az Ahava<\/span><span dir=\"auto\">\u00a0tulajdonosa is , amely a megsz\u00e1llt Ciszjord\u00e1ni\u00e1ban tal\u00e1lhat\u00f3 illeg\u00e1lis Micpe Salem telep\u00fcl\u00e9sen m\u0171k\u00f6dik. Polg\u00e1rjogi csoportok, k\u00f6zt\u00fck az Egyes\u00fclt Kir\u00e1lys\u00e1gban m\u0171k\u00f6d\u0151 Palesztin Szolidarit\u00e1si Kamp\u00e1ny, az Ahav\u00e1t olyan c\u00e9gk\u00e9nt b\u00e9lyegzik meg, amely \u201eb\u0171nr\u00e9szes\u201d a palesztin f\u00f6ldek \u00e9s meg\u00e9lhet\u00e9s ellop\u00e1s\u00e1ban.<\/span><\/p>\n<p>Ek\u00f6zben fokoz\u00f3dik az er\u0151szak a megsz\u00e1llt Ciszjord\u00e1ni\u00e1ban.<\/p>\n<p>2024 j\u00falius\u00e1ban a Nemzetk\u00f6zi B\u00edr\u00f3s\u00e1g jogellenesnek nyilv\u00e1n\u00edtotta Izrael folyamatos jelenl\u00e9t\u00e9t a megsz\u00e1llt palesztin ter\u00fcleteken, \u00e9s kijelentette, hogy azt \u201ea lehet\u0151 leggyorsabban\u201d meg kell sz\u00fcntetni. A b\u00edr\u00f3s\u00e1g k\u00f6telezte a t\u00f6bbi \u00e1llamot is, hogy \u201ene ny\u00fajtsanak seg\u00edts\u00e9get vagy t\u00e1mogat\u00e1st Izrael illeg\u00e1lis jelenl\u00e9te \u00e1ltal a megsz\u00e1llt palesztin ter\u00fcleteken teremtett helyzet fenntart\u00e1s\u00e1hoz\u201d.<\/p>\n<p>Ez k\u00e9rd\u00e9seket vet fel Nagy-Britannia folyamatos kereskedelmi kapcsolataival kapcsolatban az Al Jazeera vizsg\u00e1lata sor\u00e1n azonos\u00edtott v\u00e1llalatokkal, mondt\u00e1k megfigyel\u0151k.<\/p>\n<h2 id=\"uk-government-is-propping-up-apartheid\"><span dir=\"auto\">\u201eA brit korm\u00e1ny t\u00e1mogatja az apartheid rendszert\u201d<\/span><\/h2>\n<p>Humphreys \u00fagy v\u00e9li, hogy Nagy-Britannia jogi k\u00f6telezetts\u00e9geinek sem tesz eleget azzal, hogy \u201enem ind\u00edt saj\u00e1t vizsg\u00e1latot a tev\u00e9kenys\u00e9g\u00fckkel kapcsolatban, azzal a c\u00e9llal, hogy sz\u00fcks\u00e9g eset\u00e9n megakad\u00e1lyozza azokat\u201d.<\/p>\n<p>Az Egyes\u00fclt Kir\u00e1lys\u00e1g arra is figyelmeztette a v\u00e1llalkoz\u00e1sokat, hogy ne induljanak illeg\u00e1lis telep\u00fcl\u00e9seken ki\u00edrt \u00e9p\u00edt\u00e9si p\u00e1ly\u00e1zatokon.<\/p>\n<p>\u201eA v\u00e1llalkoz\u00e1soknak nem szabad \u00e9p\u00edt\u00e9si p\u00e1ly\u00e1zatokon indulniuk\u201d \u2013 \u00e1ll a korm\u00e1ny ebben a h\u00f3napban kiadott k\u00f6zlem\u00e9ny\u00e9ben, amelyben \u201ejogi \u00e9s h\u00edrn\u00e9vvel kapcsolatos k\u00f6vetkezm\u00e9nyekre\u201d, valamint a \u201enemzetk\u00f6zi jog s\u00falyos megs\u00e9rt\u00e9s\u00e9ben\u201d val\u00f3 r\u00e9szv\u00e9tel kock\u00e1zat\u00e1ra figyelmeztettek.<\/p>\n<p>Jeremy Corbyn, a Munk\u00e1sp\u00e1rt kor\u00e1bbi vezet\u0151je szerint az Al Jazeera meg\u00e1llap\u00edt\u00e1sai ellentmond\u00e1st t\u00e1rnak fel az Egyes\u00fclt Kir\u00e1lys\u00e1g kinyilv\u00e1n\u00edtott \u00e1ll\u00e1spontja \u00e9s gazdas\u00e1gi kapcsolatai k\u00f6z\u00f6tt.<\/p>\n<p>\u201eEgyszer\u0171en fogalmazva, a brit korm\u00e1ny az apartheidet t\u00e1mogatja\u201d \u2013 mondta Corbyn az Al Jazeer\u00e1nak. \u201eAz Egyes\u00fclt Kir\u00e1lys\u00e1g napr\u00f3l napra m\u00e9ly\u00edti el r\u00e9szv\u00e9tel\u00e9t Izrael megsz\u00e1ll\u00f3 gazdas\u00e1g\u00e1ban, \u00e9s ez\u00e1ltal Izrael n\u00e9pirt\u00f3 gazdas\u00e1g\u00e1ban.\u201d<\/p>\n<p><img decoding=\"async\" class=\"alignnone size-full wp-image-4657\" src=\"https:\/\/antipropaganda.hu\/wp-content\/uploads\/2026\/08\/INTERACTIVE-West-Bank-Continued-settler-attacks-JULY-27-2026-1785159009-1786422021-1.webp\" alt=\"\" width=\"770\" height=\"962\" title=\"\" srcset=\"https:\/\/antipropaganda.hu\/wp-content\/uploads\/2026\/08\/INTERACTIVE-West-Bank-Continued-settler-attacks-JULY-27-2026-1785159009-1786422021-1.webp 770w, https:\/\/antipropaganda.hu\/wp-content\/uploads\/2026\/08\/INTERACTIVE-West-Bank-Continued-settler-attacks-JULY-27-2026-1785159009-1786422021-1-240x300.webp 240w, https:\/\/antipropaganda.hu\/wp-content\/uploads\/2026\/08\/INTERACTIVE-West-Bank-Continued-settler-attacks-JULY-27-2026-1785159009-1786422021-1-768x960.webp 768w, https:\/\/antipropaganda.hu\/wp-content\/uploads\/2026\/08\/INTERACTIVE-West-Bank-Continued-settler-attacks-JULY-27-2026-1785159009-1786422021-1-10x12.webp 10w, https:\/\/antipropaganda.hu\/wp-content\/uploads\/2026\/08\/INTERACTIVE-West-Bank-Continued-settler-attacks-JULY-27-2026-1785159009-1786422021-1-336x420.webp 336w, https:\/\/antipropaganda.hu\/wp-content\/uploads\/2026\/08\/INTERACTIVE-West-Bank-Continued-settler-attacks-JULY-27-2026-1785159009-1786422021-1-150x187.webp 150w, https:\/\/antipropaganda.hu\/wp-content\/uploads\/2026\/08\/INTERACTIVE-West-Bank-Continued-settler-attacks-JULY-27-2026-1785159009-1786422021-1-300x375.webp 300w, https:\/\/antipropaganda.hu\/wp-content\/uploads\/2026\/08\/INTERACTIVE-West-Bank-Continued-settler-attacks-JULY-27-2026-1785159009-1786422021-1-696x870.webp 696w, https:\/\/antipropaganda.hu\/wp-content\/uploads\/2026\/08\/INTERACTIVE-West-Bank-Continued-settler-attacks-JULY-27-2026-1785159009-1786422021-1-600x750.webp 600w\" sizes=\"(max-width: 770px) 100vw, 770px\" \/><\/p>\n<p>A Kabinetiroda az Al Jazeer\u00e1nak azt nyilatkozta, hogy az egyes hat\u00f3s\u00e1gok eseti alapon d\u00f6ntenek a besz\u00e1ll\u00edt\u00f3k kiz\u00e1r\u00e1s\u00e1r\u00f3l minden egyes szerz\u0151d\u00e9s eset\u00e9ben. Azt mondt\u00e1k, hogy az Egyes\u00fclt Kir\u00e1lys\u00e1gban a k\u00f6zbeszerz\u00e9si elj\u00e1r\u00e1sokat nem szabad m\u00e1s orsz\u00e1gokhoz kapcsol\u00f3d\u00f3 besz\u00e1ll\u00edt\u00f3k bojkott\u00e1l\u00e1s\u00e1ra haszn\u00e1lni, kiv\u00e9ve, ha hivatalos brit szankci\u00f3k, embarg\u00f3k vagy korl\u00e1toz\u00e1sok vannak \u00e9rv\u00e9nyben.<\/p>\n<p>\u00cdme, amit a kereskedelmi kereskedelemben r\u00e9szt vev\u0151 v\u00e1llalatokr\u00f3l tal\u00e1ltunk:<\/p>\n<h2 id=\"motorola-solutions-tech-embedded-in-illegal-settlements\"><span dir=\"auto\">Motorola Solutions: A technol\u00f3gia be\u00e1gyaz\u00f3dott az illeg\u00e1lis telep\u00fcl\u00e9sekbe<\/span><\/h2>\n<p>Az ENSZ k\u00e9t telep\u00fcl\u00e9sekkel kapcsolatos tev\u00e9kenys\u00e9ggel azonos\u00edtja a Motorol\u00e1t: a \u201etelep\u00fcl\u00e9seken m\u0171k\u00f6d\u0151 v\u00e1llalkoz\u00e1sok biztons\u00e1gi szolg\u00e1ltat\u00e1sainak, berendez\u00e9seinek \u00e9s anyagainak sz\u00e1ll\u00edt\u00e1s\u00e1val\u201d, valamint a \u201etelep\u00fcl\u00e9sek fenntart\u00e1s\u00e1t \u00e9s fennmarad\u00e1s\u00e1t t\u00e1mogat\u00f3 szolg\u00e1ltat\u00e1sok \u00e9s k\u00f6zm\u0171vek ny\u00fajt\u00e1s\u00e1val, bele\u00e9rtve a sz\u00e1ll\u00edt\u00e1st is\u201d.<\/p>\n<p>Az Al Jazeera megkereste a Motorola Solutions csoportot, hogy nyilatkozzon az \u00fcgyben, de nem kapott v\u00e1laszt.<\/p>\n<p>Ez a legnagyobb kedvezm\u00e9nyezettje az Egyes\u00fclt Kir\u00e1lys\u00e1g k\u00f6zp\u00e9nzeinek, amelyet vizsg\u00e1ltunk.<\/p>\n<p>A Motorola le\u00e1nyv\u00e1llalatai felel\u0151sek a s\u00fcrg\u0151ss\u00e9gi szolg\u00e1latok kommunik\u00e1ci\u00f3s berendez\u00e9seinek sz\u00e1ll\u00edt\u00e1s\u00e1\u00e9rt az Egyes\u00fclt Kir\u00e1lys\u00e1gban. Az Al Jazeera \u00e1ltal azonos\u00edtott legnagyobb szerz\u0151d\u00e9st az Airwave Solutions, a Motorola egyik le\u00e1nyv\u00e1llalata birtokolja. A Bel\u00fcgyminiszt\u00e9rium 1,562 milli\u00e1rd font (2,13 milli\u00e1rd doll\u00e1r) \u00e9rt\u00e9k\u0171 hosszabb\u00edt\u00e1st \u00edt\u00e9lt meg az Airwave-nek az Anglia, Sk\u00f3cia \u00e9s Wales rend\u0151rs\u00e9ge, t\u0171zolt\u00f3s\u00e1ga \u00e9s ment\u0151szolg\u00e1lata \u00e1ltal haszn\u00e1lt biztons\u00e1gos kommunik\u00e1ci\u00f3s h\u00e1l\u00f3zat biztos\u00edt\u00e1s\u00e1ra. A Motorola Solutions UK k\u00fcl\u00f6n 123,9 milli\u00f3 font (170 milli\u00f3 doll\u00e1r) \u00e9rt\u00e9k\u0171 szerz\u0151d\u00e9ssel rendelkezik, bele\u00e9rtve egy 36,5 milli\u00f3 fontos (49,8 milli\u00f3 doll\u00e1r) \u00e9rt\u00e9k\u0171 V\u00e9delmi Miniszt\u00e9riumi szerz\u0151d\u00e9st Airwave r\u00e1di\u00f3kra, tartoz\u00e9kokra \u00e9s m\u0171sorid\u0151re.<\/p>\n<p>A legfrissebb Tussell-adatok szerint \u00f6t, jelenleg v\u00e9gs\u0151 soron a Motorola Solutions Inc. \u00e1ltal ellen\u0151rz\u00f6tt v\u00e1llalat \u2013 az Airwave Solutions Ltd, a Motorola Solutions UK Ltd, a CRFS Ltd, a 3TC Software Ltd \u00e9s a Noggin IT Ltd \u2013 91 akt\u00edv brit k\u00f6zszf\u00e9rabeli szerz\u0151d\u00e9ssel rendelkezik, amelyek \u00e9rt\u00e9ke 1,726 milli\u00e1rd font (2,3 milli\u00e1rd doll\u00e1r).<\/p>\n<p>A Motorola Solutions Inc. \u00e9s izraeli le\u00e1nyv\u00e1llalata, a Motorola Solutions Israel Ltd. is szerepelt az ENSZ Emberi Jogi Hivatala 2020-as els\u0151, meghat\u00e1rozott telepekkel kapcsolatos tev\u00e9kenys\u00e9gekben r\u00e9szt vev\u0151 v\u00e1llalkoz\u00e1sok adatb\u00e1zis\u00e1ban. Mindkett\u0151 a leg\u00fajabb verzi\u00f3ban maradt fenn.<\/p>\n<p>A hivatalos feljegyz\u00e9sek betekint\u00e9st ny\u00fajtanak abba, hogyan \u00e9p\u00fclt be a v\u00e1llalat technol\u00f3gi\u00e1ja a telep\u00fcl\u00e9sekbe.<\/p>\n<p>A Mateh Binyamin Region\u00e1lis Tan\u00e1cs \u00e9s az Ariel \u00f6nkorm\u00e1nyzata \u2013 mindk\u00e9t illeg\u00e1lis telep\u00fcl\u00e9s \u2013 \u00e1ltal beny\u00fajtott p\u00e1ly\u00e1zatok azt mutatj\u00e1k, hogy a Motorola parancsnoki \u00e9s ir\u00e1ny\u00edt\u00e1si technol\u00f3gi\u00e1j\u00e1t haszn\u00e1lj\u00e1k a biztons\u00e1gi \u00e9s megfigyel\u00e9si infrastrukt\u00far\u00e1ban.<\/p>\n<p>Motorola berendez\u00e9seket v\u00e1s\u00e1rolt az Izraeli Polg\u00e1ri K\u00f6zigazgat\u00e1s is, az a katonai szerv, amelyen kereszt\u00fcl Izrael a megsz\u00e1llt Ciszjord\u00e1ni\u00e1ban int\u00e9zi a polg\u00e1ri \u00fcgyeket.<\/p>\n<p>2005-ben az ENSZ jelent\u00e9se szerint a Motorola megfigyel\u0151rendszereket sz\u00e1ll\u00edtott olyan telep\u00fcl\u00e9seknek, mint Hebron, Karmei Tzur \u00e9s Bracha.<\/p>\n<p>A Motorola kapcsolata az izraeli hat\u00f3s\u00e1gokkal a mai napig folytat\u00f3dik. Az Al Jazeera \u00e1ltal megszerzett izraeli korm\u00e1nyzati beszerz\u00e9si dokumentum szerint a Motorola Solutions Israel 2026 m\u00e1jus\u00e1ban 25,5 milli\u00f3 s\u00e9kel (8,7 milli\u00f3 doll\u00e1r) \u00e9rt\u00e9k\u0171 szerz\u0151d\u00e9st kapott k\u00f6r\u00fclbel\u00fcl 19 000 rend\u0151rs\u00e9gi r\u00e1di\u00f3 karbantart\u00e1s\u00e1ra \u00e9s titkos\u00edt\u00e1si licencek biztos\u00edt\u00e1s\u00e1ra 2028 \u00e1prilis\u00e1ig.<\/p>\n<h2 id=\"heidelberg-materials-a-controversial-quarry-on-occupied-land\"><span dir=\"auto\">Heidelberg Materials: Egy ellentmond\u00e1sos k\u0151b\u00e1nya lakott ter\u00fcleten<\/span><\/h2>\n<p>Az ENSZ a Heidelberg Materials-t a megsz\u00e1llt palesztin ter\u00fcleteken tal\u00e1lhat\u00f3 term\u00e9szeti er\u0151forr\u00e1sok kereskedelmi c\u00e9l\u00fa felhaszn\u00e1l\u00e1sa miatt sorolta fel.<\/p>\n<p>Nagy-Britanni\u00e1ban \u00f6t Heidelberg Materials v\u00e1llalat 25 k\u00f6zszf\u00e9rabeli szerz\u0151d\u00e9ssel rendelkezik, \u00f6sszesen 184,79 milli\u00f3 font (252 milli\u00f3 doll\u00e1r) \u00e9rt\u00e9kben. Ennek szinte teljes eg\u00e9sz\u00e9t \u2013 179,03 milli\u00f3 fontot (244 milli\u00f3 doll\u00e1rt) \u2013 a Hanson Quarry Products Europe Ltd. birtokolja. Szerz\u0151d\u00e9sei k\u00f6z\u00f6tt szerepel a Westmorland and Furness Councilt\u00f3l kapott 60 milli\u00f3 fontos (81,9 milli\u00f3 doll\u00e1r) \u00e9rt\u00e9k\u0171 \u00fatburkol\u00e1s \u00e9s aut\u00f3p\u00e1lya-munk\u00e1k 2024 \u00e9s 2027 k\u00f6z\u00f6tti id\u0151szakra, valamint egy 50 milli\u00f3 fontos (68,3 milli\u00f3 doll\u00e1r) \u00e9rt\u00e9k\u0171 \u00fatburkol\u00e1s-karbantart\u00e1si szerz\u0151d\u00e9s a Somerset Councilt\u00f3l.<\/p>\n<p>Izraeli le\u00e1nyv\u00e1llalata, a Hanson Israel birtokolja a Nahal Raba k\u0151b\u00e1ny\u00e1t, Kalkilj\u00e1t\u00f3l d\u00e9lre, Ciszjord\u00e1ni\u00e1ban. A k\u0151b\u00e1nya a Who Profits szerint az-Zawiya \u00e9s Rafat palesztin falvakhoz tartoz\u00f3 ter\u00fcleteken tal\u00e1lhat\u00f3.<\/p>\n<p>Az Al Jazeera \u00e1ltal \u00e1ttekintett hivatalos polg\u00e1ri k\u00f6zigazgat\u00e1si tervez\u00e9si \u00e9rtes\u00edt\u00e9s szerint j\u00f3v\u00e1hagytak egy javaslatot a telephely b\u0151v\u00edt\u00e9s\u00e9re.<\/p>\n<p>A Who Profits, egy olyan csoport, amely az izraeli megsz\u00e1llt ter\u00fcleteken a mag\u00e1nszektor \u00e9s a gazdas\u00e1g k\u00f6z\u00f6tti kapcsolatokat kutatja, k\u00f6z\u00f6lte, hogy a j\u00f3v\u00e1hagy\u00e1st 2025. m\u00e1jus 28-\u00e1n adt\u00e1k meg.<\/p>\n<p>Heidelberg az Al Jazeer\u00e1nak elmondta, hogy 2023-ban a Hanson Israel \u201ebesz\u00fcntette az \u00f6sszes tev\u00e9kenys\u00e9get a Nahal Raba k\u0151b\u00e1ny\u00e1ban, valamint a hozz\u00e1 tartoz\u00f3 aszfaltgy\u00e1rban \u00e9s k\u00e9szbetongy\u00e1rban\u201d, hozz\u00e1t\u00e9ve, hogy a helysz\u00ednen csak biztons\u00e1gi szem\u00e9lyzet tart\u00f3zkodik.<\/p>\n<h2 id=\"egis-selling-transport-infrastructure-that-supports-settlements\"><span dir=\"auto\">Egis: Telep\u00fcl\u00e9seket t\u00e1mogat\u00f3 k\u00f6zleked\u00e9si infrastrukt\u00fara \u00e9rt\u00e9kes\u00edt\u00e9se<\/span><\/h2>\n<p>A francia Egis m\u00e9rn\u00f6ki csoport egy m\u00e1sik t\u00edpus\u00fa \u00f6sszek\u00f6ttet\u00e9st biztos\u00edt k\u00f6zleked\u00e9si infrastrukt\u00far\u00e1n kereszt\u00fcl, amely \u00f6sszek\u00f6ti az elfoglalt Kelet-Jeruzs\u00e1lemben tal\u00e1lhat\u00f3 illeg\u00e1lis izraeli telepeket a v\u00e1ros t\u00f6bbi r\u00e9sz\u00e9vel.<\/p>\n<p>Az ENSZ az Egist a \u201etelep\u00fcl\u00e9sek fenntart\u00e1s\u00e1t \u00e9s fennmarad\u00e1s\u00e1t t\u00e1mogat\u00f3 szolg\u00e1ltat\u00e1sok \u00e9s k\u00f6zm\u0171vek, bele\u00e9rtve a k\u00f6zleked\u00e9st is, ny\u00fajt\u00e1s\u00e1val\u201d \u00f6sszef\u00fcgg\u00e9sben sorolja fel.<\/p>\n<p>Az Egis saj\u00e1t anyagai azt mutatj\u00e1k, hogy a jeruzs\u00e1lemi b\u0151v\u00fcl\u0151 k\u00f6nny\u0171vas\u00fati h\u00e1l\u00f3zatban val\u00f3 r\u00e9szv\u00e9tel\u00fck ma is folytat\u00f3dik, a v\u00e1llalat weboldal\u00e1n pedig \u00e1ll\u00e1st hirdetnek egy jeruzs\u00e1lemi sz\u00e9khely\u0171 m\u00e9rn\u00f6ki szak\u00e9rt\u0151 sz\u00e1m\u00e1ra, aki a k\u00f6nny\u0171vas\u00fati projektjeihez dolgozna.<\/p>\n<p><figure id=\"attachment_4654\" aria-describedby=\"caption-attachment-4654\" style=\"width: 770px\" class=\"wp-caption alignnone\"><img decoding=\"async\" class=\"wp-image-4654 size-full\" src=\"https:\/\/antipropaganda.hu\/wp-content\/uploads\/2026\/08\/2014-11-14T120000Z_698150998_LM2EABD142S01_RTRMADP_3_MIDEAST-JERUSALEM-LIGHTRAIL-1787923599.webp\" alt=\"\" width=\"770\" height=\"513\" title=\"\" srcset=\"https:\/\/antipropaganda.hu\/wp-content\/uploads\/2026\/08\/2014-11-14T120000Z_698150998_LM2EABD142S01_RTRMADP_3_MIDEAST-JERUSALEM-LIGHTRAIL-1787923599.webp 770w, https:\/\/antipropaganda.hu\/wp-content\/uploads\/2026\/08\/2014-11-14T120000Z_698150998_LM2EABD142S01_RTRMADP_3_MIDEAST-JERUSALEM-LIGHTRAIL-1787923599-300x200.webp 300w, https:\/\/antipropaganda.hu\/wp-content\/uploads\/2026\/08\/2014-11-14T120000Z_698150998_LM2EABD142S01_RTRMADP_3_MIDEAST-JERUSALEM-LIGHTRAIL-1787923599-768x512.webp 768w, https:\/\/antipropaganda.hu\/wp-content\/uploads\/2026\/08\/2014-11-14T120000Z_698150998_LM2EABD142S01_RTRMADP_3_MIDEAST-JERUSALEM-LIGHTRAIL-1787923599-18x12.webp 18w, https:\/\/antipropaganda.hu\/wp-content\/uploads\/2026\/08\/2014-11-14T120000Z_698150998_LM2EABD142S01_RTRMADP_3_MIDEAST-JERUSALEM-LIGHTRAIL-1787923599-630x420.webp 630w, https:\/\/antipropaganda.hu\/wp-content\/uploads\/2026\/08\/2014-11-14T120000Z_698150998_LM2EABD142S01_RTRMADP_3_MIDEAST-JERUSALEM-LIGHTRAIL-1787923599-150x100.webp 150w, https:\/\/antipropaganda.hu\/wp-content\/uploads\/2026\/08\/2014-11-14T120000Z_698150998_LM2EABD142S01_RTRMADP_3_MIDEAST-JERUSALEM-LIGHTRAIL-1787923599-696x464.webp 696w, https:\/\/antipropaganda.hu\/wp-content\/uploads\/2026\/08\/2014-11-14T120000Z_698150998_LM2EABD142S01_RTRMADP_3_MIDEAST-JERUSALEM-LIGHTRAIL-1787923599-600x400.webp 600w\" sizes=\"(max-width: 770px) 100vw, 770px\" \/><figcaption id=\"caption-attachment-4654\" class=\"wp-caption-text\">\u00c1ltal\u00e1nos k\u00e9p Jeruzs\u00e1lem k\u00f6nny\u0171vas\u00fatj\u00e1nak villamosa, amint elhalad a r\u00e9gi v\u00e1rosfalak mellett Jeruzs\u00e1lemben, 2014. november 13. [Ronen Zvulun\/Reuters]<\/figcaption><\/figure>A 2017-es jeruzs\u00e1lemi k\u00f6zleked\u00e9si f\u0151terv k\u00f6zbeszerz\u00e9si dokumentumai az Egis Rail-t is f\u0151tan\u00e1csad\u00f3k\u00e9nt jel\u00f6lik meg, aki a k\u00e9k \u00e9s z\u00f6ld vonalak tervez\u00e9si \u00e9s kivitelez\u00e9si munk\u00e1inak fel\u00fcgyelet\u00e9\u00e9rt \u00e9s koordin\u00e1l\u00e1s\u00e1\u00e9rt felel\u0151s.<\/p>\n<p>Jeruzs\u00e1lem k\u00f6nny\u0171vas\u00fatja \u00e1tszeli a megsz\u00e1llt Kelet-Jeruzs\u00e1lemet, \u00e9s \u00f6sszek\u00f6ti az ottani illeg\u00e1lis izraeli telepeket Nyugat-Jeruzs\u00e1lemmel. Az ENSZ jelent\u00e9sei a vasutat \u201eaz illeg\u00e1lis teleph\u00e1l\u00f3zatot kiszolg\u00e1l\u00f3 kieg\u00e9sz\u00edt\u0151 infrastrukt\u00farak\u00e9nt\u201d \u00edrt\u00e1k le, \u00e9s azt mondt\u00e1k, hogy tov\u00e1bb szigeteli el a megsz\u00e1llt Kelet-Jeruzs\u00e1lemet a megsz\u00e1llt Ciszjord\u00e1nia t\u00f6bbi r\u00e9sz\u00e9t\u0151l.<\/p>\n<p>Az Egis azt nyilatkozta az Al Jazeer\u00e1nak, hogy \u201ehivatalosan is kifejezte egyet nem \u00e9rt\u00e9s\u00e9t az ENSZ adatb\u00e1zis\u00e1ba val\u00f3 felv\u00e9tellel\u201d kapcsolatban.<\/p>\n<p>Nagy-Britanni\u00e1ban \u00f6t, az Egis \u00e1ltal ellen\u0151rz\u00f6tt v\u00e1llalat \u00e9s szervezet hat k\u00f6zszf\u00e9rabeli szerz\u0151d\u00e9ssel rendelkezik, \u00f6sszesen 133,60 milli\u00f3 font (182,4 milli\u00f3 doll\u00e1r) \u00e9rt\u00e9kben. Szinte a teljes \u00f6sszeg egyetlen szerz\u0151d\u00e9sb\u0151l sz\u00e1rmazik, a J\u00e1rm\u0171vezet\u0151i \u00e9s Enged\u00e9lyez\u00e9si \u00dcgyn\u00f6ks\u00e9g (J\u00e1rm\u0171vezet\u0151i \u00e9s J\u00e1rm\u0171enged\u00e9lyez\u00e9si \u00dcgyn\u00f6ks\u00e9g) pedig az Egis Projects UK Ltd.-nek \u00edt\u00e9lt oda egy 133,23 milli\u00f3 font (181,9 milli\u00f3 doll\u00e1r) \u00e9rt\u00e9k\u0171 szerz\u0151d\u00e9st Nagy-Britannia-szerte v\u00e9grehajt\u00e1si szolg\u00e1ltat\u00e1sokra. Az Egis v\u00e1llalatai szint\u00e9n rendelkeznek k\u00f6zbeszerz\u00e9si szerz\u0151d\u00e9sekkel az Egyes\u00fclt Kir\u00e1lys\u00e1gban, k\u00f6zt\u00fck a Galson Sciences, a Helios Technology, az Egis Transport Solutions \u00e9s a WestonWilliamson+Partners \u00e9p\u00edt\u00e9szeti iroda.<\/p>\n<h2 id=\"caf-constructing-project-to-continue-into-2027\"><span dir=\"auto\">CAF: Az \u00e9p\u00edt\u00e9si projekt 2027-ben is folytat\u00f3dik<\/span><\/h2>\n<p>A spanyol vonatgy\u00e1rt\u00f3, a CAF szint\u00e9n r\u00e9szt vesz a jeruzs\u00e1lemi k\u00f6nny\u0171vas\u00fati h\u00e1l\u00f3zatban. A v\u00e1llalat nyilv\u00e1noss\u00e1gra hozta, hogy az 1,8 milli\u00e1rd eur\u00f3s (2,10 milli\u00e1rd doll\u00e1ros) jeruzs\u00e1lemi projektet 2019-ben a TransJerusalem J-Net Ltd. nyerte el, amely c\u00e9g 50 sz\u00e1zal\u00e9kban a CAF, 50 sz\u00e1zal\u00e9kban pedig az izraeli Shapir \u00e9p\u00edt\u0151ipari v\u00e1llalat tulajdon\u00e1ban van.<\/p>\n<p>A CAF k\u00f6z\u00f6lte, hogy a projekt mag\u00e1ban foglalja a z\u00f6ld vonal meg\u00e9p\u00edt\u00e9s\u00e9t \u00e9s a megl\u00e9v\u0151 piros vonal meghosszabb\u00edt\u00e1s\u00e1t, \u201eamely r\u00e9szben Kelet-Jeruzs\u00e1lemen halad \u00e1t\u201d. Az \u00e9p\u00edt\u00e9si szakasz v\u00e1rhat\u00f3an 2027-ig tart.<\/p>\n<p>Az ENSZ a CAF-ot a \u201etelep\u00fcl\u00e9sek \u00e9p\u00edt\u00e9s\u00e9t \u00e9s b\u0151v\u00edt\u00e9s\u00e9t el\u0151seg\u00edt\u0151 berendez\u00e9sek \u00e9s anyagok sz\u00e1ll\u00edt\u00e1sa\u201d, valamint a \u201eterm\u00e9szeti er\u0151forr\u00e1sok, k\u00fcl\u00f6n\u00f6sen a v\u00edz \u00e9s a f\u00f6ld \u00fczleti c\u00e9l\u00fa felhaszn\u00e1l\u00e1sa\u201d miatt azonos\u00edtja.<\/p>\n<p>Az Al Jazeera megkereste a CAF-ot komment\u00e1r\u00e9rt, de nem kapott v\u00e1laszt.<\/p>\n<p>Ek\u00f6zben a CAF kiterjedt kapcsolatot \u00e1pol a brit k\u00f6zszf\u00e9r\u00e1val, bele\u00e9rtve a villamosok sz\u00e1ll\u00edt\u00e1s\u00e1t az orsz\u00e1g egyik f\u0151 v\u00e1rosi h\u00e1l\u00f3zata sz\u00e1m\u00e1ra. A West Midlands Egyes\u00edtett Hat\u00f3s\u00e1g 83,5 milli\u00f3 fontos (114 milli\u00f3 doll\u00e1ros) szerz\u0151d\u00e9st \u00edt\u00e9lt oda a CAF-nak a West Midlands Metro \u00faj gener\u00e1ci\u00f3s villamosaira. A Tussell adatai szerint a szerz\u0151d\u00e9s 2027 december\u00e9ig \u00e9rv\u00e9nyes.<\/p>\n<h2 id=\"fosun-owner-of-a-cosmetics-company-accused-of-excavating-dead-sea-mud-in-occupied-territory\"><span dir=\"auto\">Fosun: Egy kozmetikai c\u00e9g tulajdonosa, akit azzal v\u00e1dolnak, hogy megsz\u00e1llt ter\u00fcleten \u00e1sott ki Holt-tengeri iszapot.<\/span><\/h2>\n<p>A k\u00ednai Fosun International konglomer\u00e1tumot az ENSZ a term\u00e9szeti er\u0151forr\u00e1sok, k\u00fcl\u00f6n\u00f6sen a v\u00edz \u00e9s a f\u00f6ld kereskedelmi c\u00e9l\u00fa felhaszn\u00e1l\u00e1s\u00e1ra szakosodott kateg\u00f3ri\u00e1ba sorolja.<\/p>\n<p>A megsz\u00e1llt Ciszjord\u00e1ni\u00e1hoz f\u0171z\u0151d\u0151 kapcsolata az izraeli Ahava Dead Sea Laboratories kozmetikai gy\u00e1rt\u00f3hoz kapcsol\u00f3dik. Maga a Fosun 2016 \u00e1prilis\u00e1ban jelentette be, hogy beleegyezett az Ahava felv\u00e1s\u00e1rl\u00e1s\u00e1ba 290 milli\u00f3 s\u00e9kel\u00e9rt (76,8 milli\u00f3 doll\u00e1r).<\/p>\n<p>A Fosun k\u00e9s\u0151bbi, t\u00f6rv\u00e9nyben el\u0151\u00edrt jelent\u00e9se szerint az Ahava 99,46 sz\u00e1zal\u00e9kos tulajdonban van.<\/p>\n<p>Az Eur\u00f3pai Bizotts\u00e1g 2018-as k\u00f6zlem\u00e9nye szerint az Ahava \u201em\u0171k\u00f6dik a megsz\u00e1llt ter\u00fcleteken tal\u00e1lhat\u00f3 Micpe Salem telep\u00fcl\u00e9sen\u201d.<\/p>\n<p>A kv\u00e9kerek \u00e1ltal alap\u00edtott American Friends Service Committee (AFSC) szervezet szerint az ism\u00e9telt helysz\u00edni l\u00e1togat\u00e1sok meger\u0151s\u00edtett\u00e9k, hogy az Ahava kor\u00e1bbi gy\u00e1ra az illeg\u00e1lis Mitzpe Shalem telep\u00fcl\u00e9sen 2026-ban is m\u0171k\u00f6d\u00f6tt.<\/p>\n<p>A csoport azt \u00e1ll\u00edtotta, hogy a Holt-tengeri iszapot a megsz\u00e1llt palesztin ter\u00fcleten \u00e1st\u00e1k ki, \u00e9s kezdetben a helysz\u00ednen dolgozt\u00e1k fel, miel\u0151tt Ein Gedibe sz\u00e1ll\u00edtott\u00e1k volna tov\u00e1bbi termel\u00e9sre.<\/p>\n<p>Nagy-Britanni\u00e1ban a Breas Medical, amelyet v\u00e9gs\u0151 soron a Fosun International birtokol a Shanghai Fosun Pharmaceuticalen kereszt\u00fcl, k\u00e9t, \u00f6sszesen 1,29 milli\u00f3 font (1,76 milli\u00f3 doll\u00e1r) \u00e9rt\u00e9k\u0171 \u00e1llami szerz\u0151d\u00e9ssel rendelkezik. A Fosun International a Shanghai Fosun Pharmaceutical t\u00f6bbs\u00e9gi r\u00e9szv\u00e9nyese.<\/p>\n<p>Az Al Jazeera megkereste Fosunt komment\u00e1r\u00e9rt, de nem kapott v\u00e1laszt.<\/p>\n","protected":false},"excerpt":{"rendered":"<p>Az Al-Jazeera vizsg\u00e1lata szerint brit k\u00f6zp\u00e9nzek \u00e1ramlanak a megsz\u00e1llt Ciszjord\u00e1ni\u00e1ban tal\u00e1lhat\u00f3 izraeli telepekhez kapcsol\u00f3d\u00f3 v\u00e1llalatokhoz. Az Al-Jazeera h\u00edr\u00fcgyn\u00f6ks\u00e9g vizsg\u00e1lata szerint legal\u00e1bb 17, a megsz\u00e1llt Ciszjord\u00e1ni\u00e1ban l\u00e9tes\u00edtett illeg\u00e1lis izraeli telepekhez k\u00f6thet\u0151 v\u00e1llalat rendelkezik t\u00f6bb mint 2,1 milli\u00e1rd font (2,85 milli\u00e1rd doll\u00e1r) \u00e9rt\u00e9k\u0171 brit k\u00f6zszf\u00e9rabeli szerz\u0151d\u00e9sekkel. A meg\u00e1llap\u00edt\u00e1sok akkor sz\u00fclettek, amikor t\u00f6bb mint 140 brit munk\u00e1sp\u00e1rti k\u00e9pvisel\u0151 [&hellip;]<\/p>\n","protected":false},"author":1,"featured_media":4655,"comment_status":"open","ping_status":"closed","sticky":false,"template":"","format":"standard","meta":{"rs_blank_template":"","rs_page_bg_color":"","slide_template_v7":"","_monsterinsights_skip_tracking":false,"wpai_generated_summary":"","tdm_status":"","tdm_grid_status":"","footnotes":""},"categories":[13],"tags":[106,115,137,140,158,138,96,163,160,153,155,154,105,104,156],"class_list":["post-4653","post","type-post","status-publish","format-standard","has-post-thumbnail","category-politics","tag-cionizmus","tag-ciszjordania","tag-eu-izrael-kapcsolatok","tag-europai-unio","tag-gazdasag","tag-gazdasagi-egyuttmukodes","tag-izrael","tag-izrael-terror","tag-izraeli-telepesek","tag-kozel-kelet","tag-mediaelemzes","tag-nemzetkozi-kapcsolatok","tag-palesztin","tag-palesztina","tag-vilagpolitika"],"_links":{"self":[{"href":"https:\/\/antipropaganda.hu\/en\/wp-json\/wp\/v2\/posts\/4653","targetHints":{"allow":["GET"]}}],"collection":[{"href":"https:\/\/antipropaganda.hu\/en\/wp-json\/wp\/v2\/posts"}],"about":[{"href":"https:\/\/antipropaganda.hu\/en\/wp-json\/wp\/v2\/types\/post"}],"author":[{"embeddable":true,"href":"https:\/\/antipropaganda.hu\/en\/wp-json\/wp\/v2\/users\/1"}],"replies":[{"embeddable":true,"href":"https:\/\/antipropaganda.hu\/en\/wp-json\/wp\/v2\/comments?post=4653"}],"version-history":[{"count":0,"href":"https:\/\/antipropaganda.hu\/en\/wp-json\/wp\/v2\/posts\/4653\/revisions"}],"wp:featuredmedia":[{"embeddable":true,"href":"https:\/\/antipropaganda.hu\/en\/wp-json\/wp\/v2\/media\/4655"}],"wp:attachment":[{"href":"https:\/\/antipropaganda.hu\/en\/wp-json\/wp\/v2\/media?parent=4653"}],"wp:term":[{"taxonomy":"category","embeddable":true,"href":"https:\/\/antipropaganda.hu\/en\/wp-json\/wp\/v2\/categories?post=4653"},{"taxonomy":"post_tag","embeddable":true,"href":"https:\/\/antipropaganda.hu\/en\/wp-json\/wp\/v2\/tags?post=4653"}],"curies":[{"name":"wp","href":"https:\/\/api.w.org\/{rel}","templated":true}]}}