{"id":4650,"date":"2026-08-29T09:50:47","date_gmt":"2026-08-29T07:50:47","guid":{"rendered":"https:\/\/antipropaganda.hu\/?p=4650"},"modified":"2026-08-29T09:51:30","modified_gmt":"2026-08-29T07:51:30","slug":"izraeli-legicsapasokban-ot-ember-halt-meg-koztuk-harom-egy-csaladbol-gazaban","status":"publish","type":"post","link":"https:\/\/antipropaganda.hu\/en\/izraeli-legicsapasokban-ot-ember-halt-meg-koztuk-harom-egy-csaladbol-gazaban\/","title":{"rendered":"Izraeli l\u00e9gicsap\u00e1sokban \u00f6t ember halt meg, k\u00f6zt\u00fck h\u00e1rom egy csal\u00e1db\u00f3l G\u00e1z\u00e1ban."},"content":{"rendered":"<p><strong><em><span dir=\"auto\">A leg\u00fajabb t\u00e1mad\u00e1ssorozatra akkor ker\u00fclt sor, amikor a t\u00e9rs\u00e9g palesztinjai tov\u00e1bbra is s\u00falyos \u00e9lelmiszerhi\u00e1nnyal k\u00fczdenek.<\/span><\/em><\/strong><\/p>\n<p>Az izraeli t\u00e1mad\u00e1sok legal\u00e1bb \u00f6t palesztin hal\u00e1l\u00e1t okozt\u00e1k a G\u00e1zai \u00f6vezetben v\u00e9grehajtott t\u00f6bbsz\u00f6ri l\u00e9gicsap\u00e1sokban, k\u00f6zt\u00fck h\u00e1rom csal\u00e1dtagjukat.<\/p>\n<p>P\u00e9ntek kora reggel izraeli dr\u00f3nt\u00e1mad\u00e1s \u00e9rt egy palesztin csoportot Khan Younist\u00f3l \u00e9szakra, D\u00e9l-G\u00e1z\u00e1ban, meg\u00f6lve az Abdeen csal\u00e1d h\u00e1rom tagj\u00e1t \u2013 k\u00f6z\u00f6lt\u00e9k orvosi forr\u00e1sok az Al Jazeera \u00fajs\u00e1g\u00edr\u00f3ival. Holttesteiket a korm\u00e1nyz\u00f3s\u00e1gban tal\u00e1lhat\u00f3 Nasser Orvosi Komplexumba sz\u00e1ll\u00edtott\u00e1k.<\/p>\n<p>Egy \u00fajabb izraeli t\u00e1mad\u00e1sban meghalt egy palesztin f\u00e9rfi G\u00e1za v\u00e1ros Sabra negyed\u00e9ben, amikor egy dr\u00f3n rak\u00e9t\u00e1t l\u0151tt ki egy civil csoportra \u2013 jelentette a palesztin Wafa h\u00edr\u00fcgyn\u00f6ks\u00e9g. Hassan al-Deiri holttest\u00e9t \u00e9s sz\u00e1mos sebes\u00fcltet a v\u00e1ros al-Shifa k\u00f3rh\u00e1z\u00e1ba sz\u00e1ll\u00edtottak.<\/p>\n<p>Egy harmadik t\u00e1mad\u00e1s egy lak\u00f3hely\u00fcket elhagyni k\u00e9nyszer\u00fclt emberekb\u0151l \u00e1ll\u00f3 s\u00e1trat \u00e9rt G\u00e1za v\u00e1ros\u00e1t\u00f3l keletre, Masahra negyedben, egy ember hal\u00e1l\u00e1t \u00e9s t\u00f6bb m\u00e1s ember megsebes\u00fcl\u00e9s\u00e9t okozva.<\/p>\n<p>Az izraeli hadsereg p\u00e9nteken csap\u00e1st m\u00e9rt a megsz\u00e1llt ciszjord\u00e1niai Dzsenin v\u00e1rosra is, meg\u00f6lve h\u00e1rom palesztint. Egyik\u00fcket Qais Bitawik\u00e9nt azonos\u00edtott\u00e1k, akir\u0151l a hadsereg bizony\u00edt\u00e9kok n\u00e9lk\u00fcl azt \u00e1ll\u00edtotta, hogy a Ham\u00e1sz tagja.<\/p>\n<p>Az izraeli hadsereg bizony\u00edt\u00e9kok n\u00e9lk\u00fcl azt is \u00e1ll\u00edtotta, hogy cs\u00fct\u00f6rt\u00f6k\u00f6n G\u00e1za v\u00e1ros elleni k\u00fcl\u00f6n\u00e1ll\u00f3 t\u00e1mad\u00e1sokban meg\u00f6lt k\u00e9t palesztin parancsnokot \u2013 egyet a Ham\u00e1szn\u00e1l \u00e9s egyet a Palesztin Iszl\u00e1m Dzsih\u00e1dn\u00e1l (PIJ).<\/p>\n<p>Az izraeli er\u0151k p\u00e9nteken eg\u00e9sz nap nagyszab\u00e1s\u00fa bont\u00e1si m\u0171veletet hajtottak v\u00e9gre a G\u00e1za v\u00e1rost\u00f3l d\u00e9lkeletre fekv\u0151, az ellen\u0151rz\u00e9s\u00fck alatt \u00e1ll\u00f3 ter\u00fcleteken \u2013 jelentett\u00e9k az Al Jazeera h\u00edr\u00fcgyn\u00f6ks\u00e9g riporterei az \u00f6vezetben.<\/p>\n<h2 id=\"hunger-across-gaza\"><span dir=\"auto\">\u00c9hs\u00e9g G\u00e1z\u00e1ban<\/span><\/h2>\n<p>A leg\u00fajabb t\u00e1mad\u00e1shull\u00e1m a 2025 okt\u00f3bere \u00f3ta \u00e9rv\u00e9nyben l\u00e9v\u0151, Egyes\u00fclt \u00c1llamok k\u00f6zvet\u00edt\u00e9s\u00e9vel l\u00e9trej\u00f6tt \u201et\u0171zsz\u00fcnet\u201d ellen\u00e9re t\u00f6rt\u00e9nt, \u00e9s a G\u00e1zai \u00f6vezet tov\u00e1bbra is s\u00falyos \u00e9lelmiszer-bizonytalans\u00e1ggal k\u00fczd.<\/p>\n<p>Az ENSZ Vil\u00e1g\u00e9lelmez\u00e9si Programj\u00e1nak (WFP) cs\u00fct\u00f6rt\u00f6k\u00f6n k\u00f6zz\u00e9tett \u00faj adatai szerint a G\u00e1z\u00e1ban megk\u00e9rdezettek k\u00f6zel fele, azaz 46 sz\u00e1zal\u00e9ka sz\u00e1molt be arr\u00f3l, hogy az elm\u00falt 30 napban legal\u00e1bb egyszer \u00e9hesen fek\u00fcdt le.<\/p>\n<p>A megk\u00e9rdezettek h\u00e9t sz\u00e1zal\u00e9ka nyilatkozta, hogy ebben az id\u0151szakban t\u00f6bb mint t\u00edzszer fek\u00fcdt le \u00e9hesen, m\u00edg a h\u00e1ztart\u00e1sok fele sz\u00e1molt be arr\u00f3l, hogy legal\u00e1bb egyszer teljesen kifogyott az \u00e9lelmiszerb\u0151l.<\/p>\n<p>Az augusztusi \u00e9lelmez\u00e9sbiztons\u00e1gi elemz\u00e9s azt is meg\u00e1llap\u00edtotta, hogy a megk\u00e9rdezett h\u00e1ztart\u00e1sok 21 sz\u00e1zal\u00e9ka csak napi egyszer \u00e9tkezett. K\u00f6r\u00fclbel\u00fcl 38 sz\u00e1zal\u00e9kuk cs\u00f6kkentette a napi \u00e9tkez\u00e9sek sz\u00e1m\u00e1t, m\u00edg 17 sz\u00e1zal\u00e9kuk korl\u00e1tozta a feln\u0151ttek napi \u00e9lelmiszer-bevitel\u00e9t, hogy a gyermekeket r\u00e9szes\u00edtse el\u0151nyben.<\/p>\n<p>A megk\u00e9rdezett h\u00e1ztart\u00e1sok h\u00e1romnegyede sz\u00e1molt be arr\u00f3l, hogy neh\u00e9zs\u00e9gekbe \u00fctk\u00f6zik a piacokhoz val\u00f3 hozz\u00e1f\u00e9r\u00e9sben, a f\u0151 akad\u00e1lyok k\u00f6z\u00f6tt a k\u00e9szp\u00e9nzhi\u00e1ny \u00e9s a magas \u00e9lelmiszer\u00e1rak szerepeltek.<\/p>\n<p>Az \u00e9lelmiszerhez val\u00f3 hozz\u00e1f\u00e9r\u00e9s tov\u00e1bbra is s\u00falyosan korl\u00e1tozott az izraeli \u00e1rubehozatali korl\u00e1toz\u00e1sok miatt. A WFP adatai szerint a tavalyi t\u0171zsz\u00fcnet \u00f3ta a G\u00e1z\u00e1ba \u00e1tl\u00e9p\u0151 teheraut\u00f3k napi \u00e1tlagos sz\u00e1ma 217 \u2013 ez j\u00f3val kevesebb, mint a t\u0171zsz\u00fcneti meg\u00e1llapod\u00e1sban foglalt napi 600 teheraut\u00f3.<\/p>","protected":false},"excerpt":{"rendered":"<p>A leg\u00fajabb t\u00e1mad\u00e1ssorozatra akkor ker\u00fclt sor, amikor a t\u00e9rs\u00e9g palesztinjai tov\u00e1bbra is s\u00falyos \u00e9lelmiszerhi\u00e1nnyal k\u00fczdenek. Az izraeli t\u00e1mad\u00e1sok legal\u00e1bb \u00f6t palesztin hal\u00e1l\u00e1t okozt\u00e1k a G\u00e1zai \u00f6vezetben v\u00e9grehajtott t\u00f6bbsz\u00f6ri l\u00e9gicsap\u00e1sokban, k\u00f6zt\u00fck h\u00e1rom csal\u00e1dtagjukat. P\u00e9ntek kora reggel izraeli dr\u00f3nt\u00e1mad\u00e1s \u00e9rt egy palesztin csoportot Khan Younist\u00f3l \u00e9szakra, D\u00e9l-G\u00e1z\u00e1ban, meg\u00f6lve az Abdeen csal\u00e1d h\u00e1rom tagj\u00e1t \u2013 k\u00f6z\u00f6lt\u00e9k orvosi forr\u00e1sok [&hellip;]<\/p>\n","protected":false},"author":1,"featured_media":4652,"comment_status":"open","ping_status":"closed","sticky":false,"template":"","format":"standard","meta":{"rs_blank_template":"","rs_page_bg_color":"","slide_template_v7":"","_monsterinsights_skip_tracking":false,"wpai_generated_summary":"","tdm_status":"","tdm_grid_status":"","footnotes":""},"categories":[31],"tags":[103,162,161,139,167,96,163,153,142,155,154,105,104],"class_list":["post-4650","post","type-post","status-publish","format-standard","has-post-thumbnail","category-izrael-igazi-arca","tag-gaza","tag-gaza-haboru","tag-gazai-haboru","tag-gazai-ovezet","tag-idf","tag-izrael","tag-izrael-terror","tag-kozel-kelet","tag-kozel-keleti-konfliktus","tag-mediaelemzes","tag-nemzetkozi-kapcsolatok","tag-palesztin","tag-palesztina"],"_links":{"self":[{"href":"https:\/\/antipropaganda.hu\/en\/wp-json\/wp\/v2\/posts\/4650","targetHints":{"allow":["GET"]}}],"collection":[{"href":"https:\/\/antipropaganda.hu\/en\/wp-json\/wp\/v2\/posts"}],"about":[{"href":"https:\/\/antipropaganda.hu\/en\/wp-json\/wp\/v2\/types\/post"}],"author":[{"embeddable":true,"href":"https:\/\/antipropaganda.hu\/en\/wp-json\/wp\/v2\/users\/1"}],"replies":[{"embeddable":true,"href":"https:\/\/antipropaganda.hu\/en\/wp-json\/wp\/v2\/comments?post=4650"}],"version-history":[{"count":0,"href":"https:\/\/antipropaganda.hu\/en\/wp-json\/wp\/v2\/posts\/4650\/revisions"}],"wp:featuredmedia":[{"embeddable":true,"href":"https:\/\/antipropaganda.hu\/en\/wp-json\/wp\/v2\/media\/4652"}],"wp:attachment":[{"href":"https:\/\/antipropaganda.hu\/en\/wp-json\/wp\/v2\/media?parent=4650"}],"wp:term":[{"taxonomy":"category","embeddable":true,"href":"https:\/\/antipropaganda.hu\/en\/wp-json\/wp\/v2\/categories?post=4650"},{"taxonomy":"post_tag","embeddable":true,"href":"https:\/\/antipropaganda.hu\/en\/wp-json\/wp\/v2\/tags?post=4650"}],"curies":[{"name":"wp","href":"https:\/\/api.w.org\/{rel}","templated":true}]}}