{"id":4647,"date":"2026-08-29T07:17:24","date_gmt":"2026-08-29T05:17:24","guid":{"rendered":"https:\/\/antipropaganda.hu\/?p=4647"},"modified":"2026-08-29T07:17:24","modified_gmt":"2026-08-29T05:17:24","slug":"a-hatterbol-iranyitott-valosag-hogyan-mukodik-netanjahu-belso-propaganda-es-haszbara-gepezete","status":"publish","type":"post","link":"https:\/\/antipropaganda.hu\/en\/a-hatterbol-iranyitott-valosag-hogyan-mukodik-netanjahu-belso-propaganda-es-haszbara-gepezete\/","title":{"rendered":"A h\u00e1tt\u00e9rb\u0151l ir\u00e1ny\u00edtott val\u00f3s\u00e1g: Hogyan m\u0171k\u00f6dik Netanjahu bels\u0151 propaganda- \u00e9s haszbara-g\u00e9pezete?"},"content":{"rendered":"<p data-path-to-node=\"1\">Mik\u00f6zben a nemzetk\u00f6zi nyilv\u00e1noss\u00e1gban az izraeli korm\u00e1nyzat \u00e9s a pro-izraeli m\u00e9diah\u00e1l\u00f3zat folyamatosan az orsz\u00e1g hivatalos narrat\u00edv\u00e1j\u00e1t \u2013 a <i data-path-to-node=\"1\" data-index-in-node=\"140\">haszbara<\/i> (\u00e1llami kommunik\u00e1ci\u00f3s \u00e9s PR-hadvisel\u00e9s) \u00fczeneteit \u2013 terjeszti, a h\u00e1tt\u00e9rben zajl\u00f3 folyamatokr\u00f3l ritk\u00e1n ny\u00edlik ilyen k\u00f6zvetlen betekint\u00e9s. Az <i data-path-to-node=\"1\" data-index-in-node=\"289\">i24NEWS<\/i> \u00e1ltal nyilv\u00e1noss\u00e1gra hozott bels\u0151 levelez\u00e9sek r\u00e1vil\u00e1g\u00edtanak: Benjamin Netanjahu minisztereln\u00f6k k\u00f6zvetlen k\u00f6rnyezete nem egyszer\u0171en t\u00e1j\u00e9koztatta a sajt\u00f3t, hanem a t\u00e9nyek eltorz\u00edt\u00e1s\u00e1val, hamis h\u00edrek gy\u00e1rt\u00e1s\u00e1val \u00e9s a m\u00e9dia k\u00f6zvetlen k\u00e9zi vez\u00e9rl\u00e9s\u00e9vel hozott l\u00e9tre egy mesters\u00e9ges val\u00f3s\u00e1got.<\/p>\n<p data-path-to-node=\"2\">A felt\u00e1rt \u00fczenetek nemcsak belf\u00f6ldi hatalmi j\u00e1tszm\u00e1kr\u00f3l tan\u00faskodnak, hanem arr\u00f3l is, hogyan \u00e9p\u00fcl fel a strat\u00e9giai szintre emelt <b data-path-to-node=\"2\" data-index-in-node=\"128\">haszbara-taktika<\/b>, amelynek els\u0151dleges c\u00e9lja a politikai t\u00fal\u00e9l\u00e9s, a felel\u0151ss\u00e9g elh\u00e1r\u00edt\u00e1sa \u00e9s a nyilv\u00e1noss\u00e1g megt\u00e9veszt\u00e9se.<\/p>\n<h3 data-path-to-node=\"4\">1. A trag\u00e9dia mint PR-lehet\u0151s\u00e9g: Megrendezett egy\u00fctt\u00e9rz\u00e9s<\/h3>\n<p data-path-to-node=\"5\">A kisziv\u00e1rgott \u00fczenetek tan\u00fas\u00e1ga szerint a minisztereln\u00f6ki st\u00e1b tagjai \u2013 Jonatan Urich, Eli Feldstein \u00e9s Topaz Luk \u2013 m\u00e1r a m\u00e9sz\u00e1rl\u00e1s napj\u00e1n, 2023. okt\u00f3ber 7-\u00e9n d\u00e9lel\u0151tt nem a ment\u00e9si munk\u00e1latokkal vagy a v\u00e1ls\u00e1gkezel\u00e9ssel, hanem Netanjahu vizu\u00e1lis im\u00e1zs\u00e1val voltak elfoglalva. Feldstein azt javasolta, hogy a minisztereln\u00f6k \u00f6lt\u00f6ny n\u00e9lk\u00fcl, \u201eharci \u00fczemm\u00f3dban\u201d l\u00e9pjen a kamer\u00e1k el\u00e9, a h\u00e1tt\u00e9rben zajl\u00f3 manipul\u00e1ci\u00f3s folyamatokat pedig egym\u00e1s k\u00f6z\u00f6tt ny\u00edltan csak \u00fagy nevezt\u00e9k: <i data-path-to-node=\"5\" data-index-in-node=\"470\">\u201eval\u00f3s\u00e1got teremt\u00fcnk\u201d<\/i>.<\/p>\n<p data-path-to-node=\"6\">A haszbara egyik legfontosabb pszichol\u00f3giai eleme az emberi t\u00e9nyez\u0151 \u00e9s az \u00e9rzelmi azonosul\u00e1s fel\u00e9p\u00edt\u00e9se. Amikor Netanjahu a t\u00faszok csal\u00e1djaival tal\u00e1lkozott, a st\u00e1b el\u0151re \u00f6ssze\u00e1ll\u00edtott bizalmas \u00e9s szem\u00e9lyes adatokat adott \u00e1t neki az elhunytakr\u00f3l. A c\u00e9l az volt, hogy a minisztereln\u00f6k \u00fagy tehessen, mintha fejb\u0151l ismern\u00e9 az \u00e1ldozatokat \u00e9s szem\u00e9lyesen t\u00f6r\u0151dne vel\u00fck. Az \u0151szinte r\u00e9szv\u00e9t hely\u00e9t \u00edgy vette \u00e1t a patk\u00e1nym\u00f3dszerrel kim\u00e9rt, el\u0151re megrendezett PR-akci\u00f3.<\/p>\n<h3 data-path-to-node=\"8\">2. Bels\u0151 bomlaszt\u00e1s \u00e9s hamis h\u00edrek: A \u201esaj\u00e1t gy\u00e1rt\u00e1s\u00fa\u201d narrat\u00edv\u00e1k<\/h3>\n<p data-path-to-node=\"9\">A haszbara nemcsak kifel\u00e9, hanem a bels\u0151 int\u00e9zm\u00e9nyrendszer ellen is m\u0171k\u00f6dik, ha a politikai vezet\u00e9s \u00e9rdeke \u00fagy k\u00edv\u00e1nja. A levelez\u00e9sekb\u0151l kider\u00fclt:<\/p>\n<ul data-path-to-node=\"10\">\n<li>\n<p data-path-to-node=\"10,0,0\"><b data-path-to-node=\"10,0,0\" data-index-in-node=\"0\">\u00c9kver\u00e9s a katonai vezet\u00e9sbe:<\/b> Feldstein tudatosan sziv\u00e1rogtatott ki hamis inform\u00e1ci\u00f3kat a sajt\u00f3nak arr\u00f3l, hogy Joav Galant v\u00e9delmi miniszter m\u00e1r a vez\u00e9rkari f\u0151n\u00f6k, Herci Halevi ut\u00f3dj\u00e1t keresi. A c\u00e9l Halevi elbizonytalan\u00edt\u00e1sa \u00e9s lemondat\u00e1s\u00e1nak el\u0151k\u00e9sz\u00edt\u00e9se volt.<\/p>\n<\/li>\n<li>\n<p data-path-to-node=\"10,1,0\"><b data-path-to-node=\"10,1,0\" data-index-in-node=\"0\">Kital\u00e1lt politikai pletyk\u00e1k:<\/b> Urich saj\u00e1t maga ismerte be a levelez\u00e9sben, hogy \u0151 maga tal\u00e1lt ki egy h\u00edrt Naftali Bennett \u00e9s Avigdor Liberman v\u00e1laszt\u00e1si alkudoz\u00e1sair\u00f3l (\u201esaj\u00e1t spin\u201d), amit azt\u00e1n t\u00e9nyk\u00e9nt futtattak meg a m\u00e9di\u00e1ban.<\/p>\n<\/li>\n<li>\n<p data-path-to-node=\"10,2,0\"><b data-path-to-node=\"10,2,0\" data-index-in-node=\"0\">T\u00e1mad\u00e1s a v\u00e9dekez\u00e9s helyett:<\/b> Amikor a sz\u00e1mvev\u0151sz\u00e9k felt\u00e1rta, hogy az \u00e1llam 27 milli\u00f3 s\u00e9kelt k\u00f6lt\u00f6tt Netanjahu mag\u00e1ningatlanjaira, Urich ny\u00edltan le\u00edrta a strat\u00e9gi\u00e1t: <i data-path-to-node=\"10,2,0\" data-index-in-node=\"165\">\u201eNem tudom megmagyar\u00e1zni, ez\u00e9rt ink\u00e1bb t\u00e1madok.\u201d<\/i> A felel\u0151ss\u00e9get azonnal a politikai ellenfelekre h\u00e1r\u00edtott\u00e1k.<\/p>\n<\/li>\n<\/ul>\n<h3 data-path-to-node=\"12\">3. A f\u00fcggetlen \u00fajs\u00e1g\u00edr\u00e1s felsz\u00e1mol\u00e1sa: Dikt\u00e1l\u00e1s ad\u00e1s k\u00f6zben<\/h3>\n<p data-path-to-node=\"13\">A felt\u00e1r\u00e1s egyik legs\u00falyosabb meg\u00e1llap\u00edt\u00e1sa a m\u00e9dia k\u00f6zvetlen dr\u00f3ton r\u00e1ngat\u00e1sa. Jaakov Bardugo, a jobboldali 14-es csatorna komment\u00e1tora a levelez\u00e9sek szerint \u00e9l\u0151 ad\u00e1s k\u00f6zben kapta az utas\u00edt\u00e1sokat \u00e9s a k\u00e9sz mondatokat a minisztereln\u00f6k tan\u00e1csad\u00f3it\u00f3l.<\/p>\n<p data-path-to-node=\"14\">Ez a gyakorlat t\u00f6k\u00e9letesen szeml\u00e9lteti a haszbara m\u0171k\u00f6d\u00e9s\u00e9t a bar\u00e1ti m\u00e9di\u00e1ban: a f\u00fcggetlen elemz\u00e9s l\u00e1tszat\u00e1t kelt\u0151 komment\u00e1torok val\u00f3j\u00e1ban a hatalom k\u00f6zponti \u00fczeneteit skand\u00e1lj\u00e1k felolvas\u00f3lapb\u00f3l, mik\u00f6zben az olvas\u00f3k \u00e9s n\u00e9z\u0151k azt hiszik, t\u00e1rgyilagos t\u00e1j\u00e9koztat\u00e1st kapnak.<\/p>\n<h3 data-path-to-node=\"16\">K\u00e9sz kommunik\u00e1ci\u00f3s g\u00e9pezet a v\u00e1ls\u00e1gkezel\u00e9s helyett<\/h3>\n<p data-path-to-node=\"17\">A kisziv\u00e1rgott dokumentumok egy\u00e9rtelm\u0171v\u00e9 teszik: Eli Feldstein nem egy perif\u00e9ri\u00e1ra szorult, alacsony beoszt\u00e1s\u00fa munkat\u00e1rs volt, hanem a k\u00f6zponti propagandag\u00e9pezet egyik kulcsfigur\u00e1ja. A felt\u00e1rt \u00fcgyek megmutatj\u00e1k a hat\u00e1rvonalat a leg\u00e1lis politikai kommunik\u00e1ci\u00f3 \u00e9s a g\u00e1tl\u00e1stalan haszbara k\u00f6z\u00f6tt: ahol a strat\u00e9gia m\u00e1r nem a t\u00e9nyek magyar\u00e1zat\u00e1ra, hanem azok szisztematikus hamis\u00edt\u00e1s\u00e1ra, a t\u00e1rsadalom f\u00e9lrevezet\u00e9s\u00e9re \u00e9s a m\u00e9dia k\u00f6zvetlen ir\u00e1ny\u00edt\u00e1s\u00e1ra \u00e9p\u00fcl, ott megsz\u0171nik a demokratikus t\u00e1j\u00e9koztat\u00e1s.<\/p>","protected":false},"excerpt":{"rendered":"<p>Mik\u00f6zben a nemzetk\u00f6zi nyilv\u00e1noss\u00e1gban az izraeli korm\u00e1nyzat \u00e9s a pro-izraeli m\u00e9diah\u00e1l\u00f3zat folyamatosan az orsz\u00e1g hivatalos narrat\u00edv\u00e1j\u00e1t \u2013 a haszbara (\u00e1llami kommunik\u00e1ci\u00f3s \u00e9s PR-hadvisel\u00e9s) \u00fczeneteit \u2013 terjeszti, a h\u00e1tt\u00e9rben zajl\u00f3 folyamatokr\u00f3l ritk\u00e1n ny\u00edlik ilyen k\u00f6zvetlen betekint\u00e9s. Az i24NEWS \u00e1ltal nyilv\u00e1noss\u00e1gra hozott bels\u0151 levelez\u00e9sek r\u00e1vil\u00e1g\u00edtanak: Benjamin Netanjahu minisztereln\u00f6k k\u00f6zvetlen k\u00f6rnyezete nem egyszer\u0171en t\u00e1j\u00e9koztatta a sajt\u00f3t, hanem a [&hellip;]<\/p>\n","protected":false},"author":1,"featured_media":4648,"comment_status":"open","ping_status":"closed","sticky":false,"template":"","format":"standard","meta":{"rs_blank_template":"","rs_page_bg_color":"","slide_template_v7":"","_monsterinsights_skip_tracking":false,"wpai_generated_summary":"","tdm_status":"","tdm_grid_status":"","footnotes":""},"categories":[25,31],"tags":[113,106,103,162,161,139,100,96,153,155,114,105,104],"class_list":["post-4647","post","type-post","status-publish","format-standard","has-post-thumbnail","category-hasbara-megdonese","category-izrael-igazi-arca","tag-bibi","tag-cionizmus","tag-gaza","tag-gaza-haboru","tag-gazai-haboru","tag-gazai-ovezet","tag-hasbara","tag-izrael","tag-kozel-kelet","tag-mediaelemzes","tag-netanjhau","tag-palesztin","tag-palesztina"],"_links":{"self":[{"href":"https:\/\/antipropaganda.hu\/en\/wp-json\/wp\/v2\/posts\/4647","targetHints":{"allow":["GET"]}}],"collection":[{"href":"https:\/\/antipropaganda.hu\/en\/wp-json\/wp\/v2\/posts"}],"about":[{"href":"https:\/\/antipropaganda.hu\/en\/wp-json\/wp\/v2\/types\/post"}],"author":[{"embeddable":true,"href":"https:\/\/antipropaganda.hu\/en\/wp-json\/wp\/v2\/users\/1"}],"replies":[{"embeddable":true,"href":"https:\/\/antipropaganda.hu\/en\/wp-json\/wp\/v2\/comments?post=4647"}],"version-history":[{"count":0,"href":"https:\/\/antipropaganda.hu\/en\/wp-json\/wp\/v2\/posts\/4647\/revisions"}],"wp:featuredmedia":[{"embeddable":true,"href":"https:\/\/antipropaganda.hu\/en\/wp-json\/wp\/v2\/media\/4648"}],"wp:attachment":[{"href":"https:\/\/antipropaganda.hu\/en\/wp-json\/wp\/v2\/media?parent=4647"}],"wp:term":[{"taxonomy":"category","embeddable":true,"href":"https:\/\/antipropaganda.hu\/en\/wp-json\/wp\/v2\/categories?post=4647"},{"taxonomy":"post_tag","embeddable":true,"href":"https:\/\/antipropaganda.hu\/en\/wp-json\/wp\/v2\/tags?post=4647"}],"curies":[{"name":"wp","href":"https:\/\/api.w.org\/{rel}","templated":true}]}}