{"id":4641,"date":"2026-08-29T06:59:05","date_gmt":"2026-08-29T04:59:05","guid":{"rendered":"https:\/\/antipropaganda.hu\/?p=4641"},"modified":"2026-08-29T06:59:05","modified_gmt":"2026-08-29T04:59:05","slug":"az-amerikai-muholdfelvetelek-korlatozasa-miatt-az-ujsagirok-nem-tudnak-semmit-iranrol-es-gazarol","status":"publish","type":"post","link":"https:\/\/antipropaganda.hu\/en\/az-amerikai-muholdfelvetelek-korlatozasa-miatt-az-ujsagirok-nem-tudnak-semmit-iranrol-es-gazarol\/","title":{"rendered":"Az amerikai m\u0171holdfelv\u00e9telek korl\u00e1toz\u00e1sa miatt az \u00fajs\u00e1g\u00edr\u00f3k nem tudnak semmit Ir\u00e1nr\u00f3l \u00e9s G\u00e1z\u00e1r\u00f3l"},"content":{"rendered":"<p><strong>A K\u00f6zel-Keletr\u0151l k\u00e9sz\u00fclt m\u0171holdfelv\u00e9telekhez val\u00f3 hozz\u00e1f\u00e9r\u00e9s korl\u00e1toz\u00e1sa komoly aggodalmat kelt a konfliktuskezel\u00e9si szak\u00e9rt\u0151k k\u00f6r\u00e9ben, az \u00fajs\u00e1g\u00edr\u00f3kat pedig a k\u00ednai \u00e9s eur\u00f3pai szolg\u00e1ltat\u00f3k fel\u00e9 tereli.<\/strong><\/p>\n<p>Mik\u00f6zben az Egyes\u00fclt \u00c1llamok \u00e9s Izrael febru\u00e1r 28-\u00e1n k\u00f6z\u00f6s csap\u00e1sokat m\u00e9rt Ir\u00e1nra , Teher\u00e1n pedig v\u00e1laszcsap\u00e1sokat m\u00e9rt az \u00d6b\u00f6l-menti c\u00e9lpontokra, egy csendesebb verseny kezdett kibontakozni az\u00e9rt, hogy ki f\u00e9rhet hozz\u00e1 a h\u00e1bor\u00fa m\u0171holdk\u00e9peihez .<\/p>\n<p>Egy h\u00e9ttel a kezdeti csap\u00e1sok ut\u00e1n az amerikai Planet Labs c\u00e9g, a vezet\u0151 m\u0171holdk\u00e9p-szolg\u00e1ltat\u00f3 bejelentette, hogy n\u00e9gynapos k\u00e9s\u00e9ssel teszi k\u00f6zz\u00e9 a Mexik\u00f3i-\u00f6b\u00f6l k\u00e9peit.<\/p>\n<p>Napokon bel\u00fcl a halaszt\u00e1st 14 napra meghosszabb\u00edtott\u00e1k, \u00e9s a K\u00f6zel-Kelet nagy r\u00e9sz\u00e9re kiterjesztett\u00e9k. \u00c1prilis elej\u00e9re az amerikai korm\u00e1ny k\u00e9r\u00e9s\u00e9re a Planet Labs hat\u00e1rozatlan id\u0151re korl\u00e1tozta a r\u00e9gi\u00f3r\u00f3l k\u00e9sz\u00fclt kiv\u00e1l\u00f3 min\u0151s\u00e9g\u0171 k\u00e9pek k\u00f6zz\u00e9t\u00e9tel\u00e9t.<\/p>\n<p>A Mexik\u00f3i-\u00f6b\u00f6l legfrissebb, kereskedelmi forgalomban kaphat\u00f3 k\u00e9pei m\u00e1rcius 9-r\u0151l sz\u00e1rmaznak. A Planet Labs k\u00f6z\u00f6lte, hogy a d\u00f6nt\u00e9st a korm\u00e1nnyal \u00e9s k\u00fcls\u0151 szak\u00e9rt\u0151kkel konzult\u00e1lva hozt\u00e1k meg.<\/p>\n<p>Sok ny\u00edlt forr\u00e1sk\u00f3d\u00fa \u00fajs\u00e1g\u00edr\u00f3 \u00e9s elemz\u0151 azonban att\u00f3l tart, hogy ez kezd hasonl\u00edtani a cenz\u00far\u00e1ra.<\/p>\n<p>Bill Greer, a Common Space, egy nonprofit m\u0171holdas kezdem\u00e9nyez\u00e9s t\u00e1rsalap\u00edt\u00f3ja a k\u00f6vetkez\u0151ket nyilatkozta a Middle East Eye-nak: \u201eEgyre nyilv\u00e1nval\u00f3bb\u00e1 v\u00e1lik, hogy a m\u0171holdk\u00e9pekhez val\u00f3 hozz\u00e1f\u00e9r\u00e9s fokozatosan elt\u0171nik a nyilv\u00e1noss\u00e1g el\u0151l.\u201d<\/p>\n<p>A megfogalmazott indokl\u00e1s szerint rossz kezekben a k\u00e9peket felhaszn\u00e1lhatj\u00e1k az amerikai csapatok vagy a sz\u00f6vets\u00e9ges infrastrukt\u00fara elleni t\u00e1mad\u00e1sra az \u00d6b\u00f6l-t\u00e9rs\u00e9gben.<\/p>\n<p>Az ipar\u00e1gi szak\u00e9rt\u0151k azonban az MEE-nek elmondt\u00e1k, hogy b\u00e1r egy k\u00e9thetes halaszt\u00e1s kezelte ezt a hipotetikus kock\u00e1zatot, nem l\u00e1tnak hasonl\u00f3 indokot a hat\u00e1rozatlan idej\u0171 befagyaszt\u00e1sra.<\/p>\n<p>J\u00falius 1-j\u00e9n a Planet Labs feloldott n\u00e9h\u00e1ny korl\u00e1toz\u00e1st, k\u00fcl\u00f6n\u00f6sen Ir\u00e1nnal kapcsolatban, de a Perzsa-\u00f6b\u00f6lre vonatkoz\u00f3 felf\u00fcggeszt\u00e9sek nagy r\u00e9sze tov\u00e1bbra is \u00e9rv\u00e9nyben marad.<\/p>\n<h3><span dir=\"auto\">\u201eAz \u00e1tl\u00e1that\u00f3s\u00e1g cs\u00f6kken\u00e9se\u201d<\/span><\/h3>\n<p>Az \u00fajs\u00e1g\u00edr\u00f3k \u00e9s elemz\u0151k a korl\u00e1toz\u00e1sok m\u00f6g\u00f6tt megh\u00faz\u00f3d\u00f3 logik\u00e1t is megk\u00e9rd\u0151jelezik, mivel az Egyes\u00fclt \u00c1llamok \u00e1ltal ellens\u00e9gesnek tartott k\u00fclf\u00f6ldi hatalmak k\u00f6z\u00fcl sok m\u00e1r \u00fczemeltet saj\u00e1t m\u0171holdas h\u00e1l\u00f3zatokat.<\/p>\n<p>Tom Brown, egy ny\u00edlt forr\u00e1sk\u00f3d\u00fa oknyomoz\u00f3 riporter az MEE-nek elmondta, hogy \u201enagyon szkeptikus azzal az \u00e1ll\u00edt\u00e1ssal kapcsolatban, hogy az Egyes\u00fclt \u00c1llamok vagy Izrael a m\u0171holdas szolg\u00e1ltat\u00f3k cenz\u00far\u00e1z\u00e1s\u00e1val riasztja el az ellens\u00e9geit\u201d.<\/p>\n<p>P\u00e9ld\u00e1ul az ir\u00e1ni Forradalmi G\u00e1rd\u00e1t\u00f3l kisziv\u00e1rgott dokumentumok arra utalnak, hogy Teher\u00e1n k\u00ednai m\u0171holdk\u00e9pekre t\u00e1maszkodik katonai h\u00edrszerz\u00e9s c\u00e9lj\u00e1b\u00f3l. Ir\u00e1n saj\u00e1t F\u00f6ldmegfigyel\u0151 m\u0171holdakat \u00fczemeltet, amelyeket orosz Szojuz rak\u00e9t\u00e1kkal ind\u00edtottak \u00fatj\u00e1ra.<\/p>\n<p>\u201eAz amerikai m\u0171holdakra vonatkoz\u00f3 korl\u00e1toz\u00e1sok ink\u00e1bb a sz\u00e9gyen\u00e9rzet vagy az elsz\u00e1moltathat\u00f3s\u00e1g elker\u00fcl\u00e9s\u00e9t c\u00e9lozz\u00e1k, mint b\u00e1rmi m\u00e1st\u201d<\/p>\n<p>&#8211; Tom Brown, oknyomoz\u00f3 riporter<\/p>\n<p>A Columbia Journalism Review vizsg\u00e1lata \u201enem tal\u00e1lt bizony\u00edt\u00e9kot arra, hogy az ir\u00e1ni er\u0151k val\u00f3ban felhaszn\u00e1ltak volna b\u00e1rmilyen amerikai m\u0171holdsz\u00e1ll\u00edt\u00f3 k\u00e9peit\u201d, hozz\u00e1t\u00e9ve, hogy \u201enem vil\u00e1gos\u201d, mi\u00e9rt lenne erre sz\u00fcks\u00e9ge Ir\u00e1nnak, \u201emivel Teher\u00e1nnak saj\u00e1t m\u0171holdas adatforr\u00e1sai vannak\u201d.<\/p>\n<p>\u201eAz amerikai m\u0171holdakra vonatkoz\u00f3 korl\u00e1toz\u00e1sok ink\u00e1bb a sz\u00e9gyen\u00e9rzet vagy az elsz\u00e1moltathat\u00f3s\u00e1g elker\u00fcl\u00e9s\u00e9t c\u00e9lozz\u00e1k, mint b\u00e1rmi m\u00e1st\u201d \u2013 mondta Brown.<\/p>\n<p>Jake Godin, a Bellingcat, egy ny\u00edlt forr\u00e1sk\u00f3d\u00fa oknyomoz\u00f3 csoport vezet\u0151 kutat\u00f3ja egyet\u00e9rtett, \u00e9s az MEE-nek elmondta, hogy a korl\u00e1toz\u00e1sok \u201ecsak megnehez\u00edtik a h\u00edr\u00fcgyn\u00f6ks\u00e9gek \u00e9s a nem korm\u00e1nyzati szervezetek sz\u00e1m\u00e1ra a k\u00e1rok felm\u00e9r\u00e9s\u00e9t \u00e9s ellen\u0151rz\u00e9s\u00e9t\u201d.<\/p>\n<p>Azt mondta, ez probl\u00e9m\u00e1kat okoz \u201eaz \u00e1ltal\u00e1nos inform\u00e1ci\u00f3s k\u00f6rnyezetben\u201d, \u00e9s \u201eterm\u00e9keny talajt teremt a f\u00e9lret\u00e1j\u00e9koztat\u00e1s terjed\u00e9s\u00e9hez\u201d.<\/p>\n<p>Greer szerint a k\u00f6vetkezm\u00e9ny \u201ea nyilv\u00e1noss\u00e1got sz\u00f3 szerint glob\u00e1lis szinten \u00e9rint\u0151 esem\u00e9nyek \u00e1tl\u00e1that\u00f3s\u00e1g\u00e1nak cs\u00f6kken\u00e9se\u201d.<\/p>\n<p>\u201eAhogy a m\u0171holdk\u00e9pek korl\u00e1tozottak, egyre politiz\u00e1l\u00f3bb\u00e1 is v\u00e1lnak\u201d \u2013 tette hozz\u00e1.<\/p>\n<p>Greer k\u00fcl\u00f6n\u00f6sen a tov\u00e1bbra is hozz\u00e1f\u00e9rhet\u0151, de szelekt\u00edven k\u00f6zz\u00e9tett k\u00e9pekre figyelmeztetett: a k\u00e9pek \u201epontosak maradnak, de nem mutatj\u00e1k be a teljes t\u00f6rt\u00e9netet\u201d.<\/p>\n<p>Ez a v\u00e1ltoz\u00e1s, mondta, \u201emind p\u00e9nz\u00fcgyi, mind szab\u00e1lyoz\u00e1si eszk\u00f6z\u00f6kkel gyorsul\u201d.<\/p>\n<p>Szab\u00e1lyoz\u00e1si jelleg\u0171ek, mivel az Egyes\u00fclt \u00c1llamok korm\u00e1nya k\u00f6zvetlen\u00fcl korl\u00e1tozhatja a m\u0171holdk\u00e9p-szolg\u00e1ltat\u00f3kat, \u00e9s p\u00e9nz\u00fcgyi jelleg\u0171ek, mivel egyben a legnagyobb \u00fcgyfel\u00fck is, ami kereskedelmi \u00f6szt\u00f6nz\u0151t ad az olyan v\u00e1llalatoknak, mint a Planet Labs, hogy hivatalos nyom\u00e1s n\u00e9lk\u00fcl is megfeleljenek a k\u00f6vetelm\u00e9nyeknek.<\/p>\n<p>\u201eEzen v\u00e1llalatok k\u00f6z\u00fcl sok nyilv\u00e1nosan kereskedik, ami nyom\u00e1st gyakorol r\u00e1juk, hogy minden\u00e1ron n\u00f6vekedjenek\u201d \u2013 tette hozz\u00e1 Greer. A Planet Lab r\u00e9szv\u00e9nyei a h\u00e1bor\u00fa kezdete \u00f3ta ingadoz\u00f3ak, az elm\u00falt hat h\u00f3napban 15 sz\u00e1zal\u00e9kkal estek.<\/p>\n<p>A paradoxon az, hogy a k\u00e9pek mennyis\u00e9ge n\u00f6vekszik, mik\u00f6zben a hozz\u00e1f\u00e9r\u00e9s\u00fck cs\u00f6kken.<\/p>\n<p>Argent\u00edn\u00e1t\u00f3l Kanad\u00e1ig, T\u00f6r\u00f6korsz\u00e1gt\u00f3l Indi\u00e1ig , jelenleg ak\u00e1r 60 orsz\u00e1gnak is van m\u0171k\u00f6d\u0151 F\u00f6ld-megfigyel\u0151 m\u0171holdja vagy akt\u00edv \u00e9p\u00edt\u00e9si programja, olyan kereskedelmi \u00fczemeltet\u0151k mellett , mint K\u00edna \u00e9s az Airbus.<\/p>\n<p>\u201eA l\u00e9trehozott k\u00e9pek mennyis\u00e9ge nem jelzi az adatokhoz val\u00f3 hozz\u00e1f\u00e9r\u00e9st\u201d \u2013 jegyezte meg Greer.<\/p>\n<h3><span dir=\"auto\">Ellentmond\u00f3 hivatalos narrat\u00edv\u00e1k<\/span><\/h3>\n<p>A m\u0171holdk\u00e9pek kritikus fontoss\u00e1g\u00fa eszk\u00f6z\u00f6k az \u00fajs\u00e1g\u00edr\u00f3k, humanit\u00e1rius csoportok \u00e9s ny\u00edlt forr\u00e1sk\u00f3d\u00fa elemz\u0151k sz\u00e1m\u00e1ra, akik vil\u00e1gszerte figyelik a konfliktusokat, \u00e9s gyakran ez a legtiszt\u00e1bb m\u00f3dja annak, hogy c\u00e1folj\u00e1k a f\u00e9lrevezet\u0151 vagy hi\u00e1nyos korm\u00e1nyzati narrat\u00edv\u00e1kat.<\/p>\n<p>A legut\u00f3bbi eset az ir\u00e1ni Minabban tal\u00e1lhat\u00f3 iskola elleni amerikai katonai robbant\u00e1s, amelyben 156 civil, k\u00f6zt\u00fck 120 iskol\u00e1s gyermek halt meg, \u00e9s amelyet az UNESCO \u201ea humanit\u00e1rius jog s\u00falyos megs\u00e9rt\u00e9s\u00e9nek\u201d nevezett .<\/p>\n<p>Az Egyes\u00fclt \u00c1llamok kezdetben tagadta a felel\u0151ss\u00e9get, de a New York Times \u00fagy tal\u00e1lta, hogy val\u00f3sz\u00edn\u0171leg egy amerikai Tomahawk rak\u00e9ta okozta a robban\u00e1st, \u00e9s m\u0171holdfelv\u00e9telek seg\u00edts\u00e9g\u00e9vel meger\u0151s\u00edtette a helysz\u00ednt.<\/p>\n<p>A Pentagon a m\u00falt h\u00f3napban azt nyilatkozta, hogy a nyomoz\u00e1s m\u00e9g folyamatban van.<\/p>\n<figure id=\"attachment_4643\" aria-describedby=\"caption-attachment-4643\" style=\"width: 696px\" class=\"wp-caption alignnone\"><img decoding=\"async\" class=\"wp-image-4643 size-large lazyload\" data-src=\"https:\/\/antipropaganda.hu\/wp-content\/smush-webp\/2026\/08\/minab-school-aerial-view-iran-1024x683.jpg.webp\" alt=\"\" width=\"696\" height=\"464\" title=\"\" data-srcset=\"https:\/\/antipropaganda.hu\/wp-content\/smush-webp\/2026\/08\/minab-school-aerial-view-iran-1024x683.jpg.webp 1024w, https:\/\/antipropaganda.hu\/wp-content\/smush-webp\/2026\/08\/minab-school-aerial-view-iran-300x200.jpg.webp 300w, https:\/\/antipropaganda.hu\/wp-content\/smush-webp\/2026\/08\/minab-school-aerial-view-iran-768x512.jpg.webp 768w, https:\/\/antipropaganda.hu\/wp-content\/smush-webp\/2026\/08\/minab-school-aerial-view-iran-1536x1024.jpg.webp 1536w, https:\/\/antipropaganda.hu\/wp-content\/smush-webp\/2026\/08\/minab-school-aerial-view-iran-18x12.jpg.webp 18w, https:\/\/antipropaganda.hu\/wp-content\/smush-webp\/2026\/08\/minab-school-aerial-view-iran-630x420.jpg.webp 630w, https:\/\/antipropaganda.hu\/wp-content\/smush-webp\/2026\/08\/minab-school-aerial-view-iran-150x100.jpg.webp 150w, https:\/\/antipropaganda.hu\/wp-content\/smush-webp\/2026\/08\/minab-school-aerial-view-iran-696x464.jpg.webp 696w, https:\/\/antipropaganda.hu\/wp-content\/smush-webp\/2026\/08\/minab-school-aerial-view-iran-1068x712.jpg.webp 1068w, https:\/\/antipropaganda.hu\/wp-content\/smush-webp\/2026\/08\/minab-school-aerial-view-iran-1320x880.jpg.webp 1320w, https:\/\/antipropaganda.hu\/wp-content\/smush-webp\/2026\/08\/minab-school-aerial-view-iran-600x400.jpg.webp 600w, https:\/\/antipropaganda.hu\/wp-content\/smush-webp\/2026\/08\/minab-school-aerial-view-iran.jpg.webp 1920w\" data-sizes=\"auto\" src=\"data:image\/svg+xml;base64,PHN2ZyB3aWR0aD0iMSIgaGVpZ2h0PSIxIiB4bWxucz0iaHR0cDovL3d3dy53My5vcmcvMjAwMC9zdmciPjwvc3ZnPg==\" style=\"--smush-placeholder-width: 696px; --smush-placeholder-aspect-ratio: 696\/464;\" data-original-sizes=\"(max-width: 696px) 100vw, 696px\" \/><figcaption id=\"caption-attachment-4643\" class=\"wp-caption-text\">L\u00e9gifelv\u00e9tel, amelyen a gy\u00e1szol\u00f3k s\u00edrt \u00e1snak az ir\u00e1ni Minabban tal\u00e1lhat\u00f3 \u00e1ltal\u00e1nos iskol\u00e1ban elesett gyermekek temet\u00e9s\u00e9n (Ir\u00e1ni Sajt\u00f3k\u00f6zpont\/AFP)<\/figcaption><\/figure>\n<p>M\u0171holdfelv\u00e9teleket is haszn\u00e1ltak annak bemutat\u00e1s\u00e1ra, hogy Izrael milyen m\u00e9rt\u00e9kben puszt\u00edtott G\u00e1z\u00e1ban .<\/p>\n<p>Az Oregoni \u00c1llami Egyetem \u00e1ltal az eur\u00f3pai Sentinel-1 h\u00e1l\u00f3zat felhaszn\u00e1l\u00e1s\u00e1val v\u00e9gzett tanulm\u00e1ny meg\u00e1llap\u00edtotta, hogy a palesztin enkl\u00e1v\u00e9 \u00f6sszes \u00e9p\u00fclet\u00e9nek t\u00f6bb mint h\u00e1rom\u00f6t\u00f6de megrong\u00e1l\u00f3dott vagy megsemmis\u00fclt a h\u00e1bor\u00fa els\u0151 \u00e9v\u00e9ben, ami \u00f6sszehasonl\u00edthat\u00f3 a m\u00e1sodik vil\u00e1gh\u00e1bor\u00faban a sz\u00f6vets\u00e9ges bomb\u00e1z\u00e1sok \u00e1ltal elpuszt\u00edtott drezdai \u00e9p\u00fcletek 54 sz\u00e1zal\u00e9k\u00e1val.<\/p>\n<p>A CNN m\u0171holdk\u00e9peket haszn\u00e1lt annak meg\u00e1llap\u00edt\u00e1s\u00e1ra, hogy hol vesztette \u00e9let\u00e9t hat amerikai katona egy ir\u00e1ni kuvaiti csap\u00e1sban m\u00e1rciusban , miel\u0151tt az amerikai korm\u00e1ny b\u00e1rmilyen r\u00e9szletet nyilv\u00e1noss\u00e1gra hozott volna, m\u00edg a New York Times a k\u00e9peket az \u00f6b\u00f6l menti amerikai katonai l\u00e9tes\u00edtm\u00e9nyekben okozott k\u00e1rok felm\u00e9r\u00e9s\u00e9re haszn\u00e1lta.<\/p>\n<p>M\u0171holdfelv\u00e9teleket is felhaszn\u00e1ltak annak meger\u0151s\u00edt\u00e9s\u00e9re , hogy Izrael felel\u0151s a Reuters \u00fajs\u00e1g\u00edr\u00f3j\u00e1nak, Issam Abdallahnak a 2023-as d\u00e9l- libanoni meggyilkol\u00e1s\u00e1\u00e9rt .<\/p>\n<figure id=\"attachment_4644\" aria-describedby=\"caption-attachment-4644\" style=\"width: 696px\" class=\"wp-caption alignnone\"><img decoding=\"async\" class=\"wp-image-4644 size-large lazyload\" data-src=\"https:\/\/antipropaganda.hu\/wp-content\/smush-webp\/2026\/08\/rafah-destruction-oregon-study-2024-1024x610.jpg.webp\" alt=\"\" width=\"696\" height=\"415\" title=\"\" data-srcset=\"https:\/\/antipropaganda.hu\/wp-content\/smush-webp\/2026\/08\/rafah-destruction-oregon-study-2024-1024x610.jpg.webp 1024w, https:\/\/antipropaganda.hu\/wp-content\/smush-webp\/2026\/08\/rafah-destruction-oregon-study-2024-300x179.jpg.webp 300w, https:\/\/antipropaganda.hu\/wp-content\/smush-webp\/2026\/08\/rafah-destruction-oregon-study-2024-768x457.jpg.webp 768w, https:\/\/antipropaganda.hu\/wp-content\/smush-webp\/2026\/08\/rafah-destruction-oregon-study-2024-18x12.jpg.webp 18w, https:\/\/antipropaganda.hu\/wp-content\/smush-webp\/2026\/08\/rafah-destruction-oregon-study-2024-705x420.jpg.webp 705w, https:\/\/antipropaganda.hu\/wp-content\/smush-webp\/2026\/08\/rafah-destruction-oregon-study-2024-150x89.jpg.webp 150w, https:\/\/antipropaganda.hu\/wp-content\/smush-webp\/2026\/08\/rafah-destruction-oregon-study-2024-696x414.jpg.webp 696w, https:\/\/antipropaganda.hu\/wp-content\/smush-webp\/2026\/08\/rafah-destruction-oregon-study-2024-1068x636.jpg.webp 1068w, https:\/\/antipropaganda.hu\/wp-content\/smush-webp\/2026\/08\/rafah-destruction-oregon-study-2024-600x357.jpg.webp 600w, https:\/\/antipropaganda.hu\/wp-content\/smush-webp\/2026\/08\/rafah-destruction-oregon-study-2024.jpg.webp 1236w\" data-sizes=\"auto\" src=\"data:image\/svg+xml;base64,PHN2ZyB3aWR0aD0iMSIgaGVpZ2h0PSIxIiB4bWxucz0iaHR0cDovL3d3dy53My5vcmcvMjAwMC9zdmciPjwvc3ZnPg==\" style=\"--smush-placeholder-width: 696px; --smush-placeholder-aspect-ratio: 696\/415;\" data-original-sizes=\"(max-width: 696px) 100vw, 696px\" \/><figcaption id=\"caption-attachment-4644\" class=\"wp-caption-text\">Egy Oregoni \u00c1llami Egyetemi tanulm\u00e1ny m\u0171holdk\u00e9peket haszn\u00e1lt az \u00e9p\u00fcletek pusztul\u00e1s\u00e1nak \u00f6sszehasonl\u00edt\u00e1s\u00e1ra Izrael g\u00e1zai h\u00e1bor\u00faj\u00e1nak els\u0151 \u00e9ve el\u0151tt (balra) \u00e9s ut\u00e1n (jobbra), itt Rafah k\u00f6zpontj\u00e1ban (Oregoni \u00c1llami Egyetem).<\/figcaption><\/figure>\n<p>Az \u00fajs\u00e1g\u00edr\u00f3k figyelmeztetnek, hogy megb\u00edzhat\u00f3 k\u00e9panyagok n\u00e9lk\u00fcl csak nehezebb lesz bizony\u00edt\u00e9kokat gy\u0171jteni a hivatalos besz\u00e1mol\u00f3k megc\u00e1fol\u00e1s\u00e1ra.<\/p>\n<p>\u201eV\u00e9delmi int\u00e9zked\u00e9sek n\u00e9lk\u00fcl fenn\u00e1ll a vesz\u00e9lye annak, hogy a h\u00e1bor\u00fas \u00f6vezetek s\u00f6t\u00e9tbe borulnak\u201d \u2013 mondta Alex Shaw, az Open-Source Intelligence (Osint) elemz\u0151je a Middle East Eye-nak.<\/p>\n<h3><span dir=\"auto\">Fordulj K\u00edna \u00e9s Eur\u00f3pa fel\u00e9<\/span><\/h3>\n<p>Az MEE \u00e1ltal megk\u00e9rdezett \u00fajs\u00e1g\u00edr\u00f3k \u00e9s elemz\u0151k egyre ink\u00e1bb eur\u00f3pai \u00e9s k\u00ednai szolg\u00e1ltat\u00f3khoz fordulnak az amerikai korl\u00e1toz\u00e1sok megker\u00fcl\u00e9se \u00e9rdek\u00e9ben.<\/p>\n<p>Babak Taghvaee, v\u00e9delmi \u00e9s Osint \u00fajs\u00e1g\u00edr\u00f3 elmondta, hogy t\u00f6bbsz\u00f6r is korl\u00e1toz\u00e1sokba \u00fctk\u00f6z\u00f6tt, \u201emik\u00f6zben megpr\u00f3b\u00e1lt k\u00e9peket v\u00e1s\u00e1rolni Ir\u00e1non bel\u00fcli helysz\u00ednekr\u0151l\u201d, \u00e9s ehelyett kereskedelmi forgalomban kaphat\u00f3 k\u00ednai m\u0171holdk\u00e9pekhez fordult.<\/p>\n<p>B\u00e1r ez egy \u00e9letk\u00e9pes alternat\u00edva \u2013 mondta \u2013, \u201edr\u00e1g\u00e1bb, mint az Egyes\u00fclt \u00c1llamokb\u00f3l sz\u00e1rmaz\u00f3 hasonl\u00f3 term\u00e9kek\u201d.<\/p>\n<p>Az Eur\u00f3pai \u0170r\u00fcgyn\u00f6ks\u00e9g (ESA) egy m\u00e1sik lehet\u0151s\u00e9g. A Sentinel-1 m\u0171hold \u201eaz elm\u00falt \u00e9vekben a konfliktusok okozta k\u00e1rok felt\u00e9rk\u00e9pez\u00e9s\u00e9nek alapvet\u0151 eszk\u00f6z\u00e9v\u00e9 v\u00e1lt a r\u00e9gi\u00f3ban\u201d \u2013 mondta Shaw.<\/p>\n<p>\u201eEgy EU \u00e1ltal finansz\u00edrozott nyilv\u00e1nos tudom\u00e1nyos k\u00fcldet\u00e9s az amerikai nyom\u00e1s miatt k\u00e9slelteti a k\u00e9pek k\u00f6zz\u00e9t\u00e9tel\u00e9t\u201d<\/p>\n<p>&#8211; Bill Greer, a Common Space t\u00e1rsalap\u00edt\u00f3ja<\/p>\n<p>De m\u00e9g az ESA sem immunis az amerikai nyom\u00e1sra. J\u00falius 13. \u00f3ta az ESA 24 \u00f3r\u00e1s k\u00e9s\u00e9ssel hozza nyilv\u00e1noss\u00e1gra a K\u00f6zel-Kelet egyes r\u00e9szeir\u0151l, k\u00f6zt\u00fck Hormuzr\u00f3l k\u00e9sz\u00fclt k\u00e9peit. A l\u00e9p\u00e9sre az amerikai tisztvisel\u0151k Kaja Kallashoz, az EU k\u00fclpolitikai f\u0151k\u00e9pvisel\u0151j\u00e9hez int\u00e9zett hivatalos k\u00e9r\u00e9s\u00e9t k\u00f6vet\u0151en ker\u00fclt sor .<\/p>\n<p>Greer azt mondta, \u201ekiss\u00e9 zavart \u00e9s rendk\u00edv\u00fcl agg\u00f3dik\u201d a l\u00e9p\u00e9s miatt. \u201eEgy, az EU \u00e1ltal finansz\u00edrozott nyilv\u00e1nos tudom\u00e1nyos k\u00fcldet\u00e9s az amerikai nyom\u00e1s miatt k\u00e9slelteti a k\u00e9pek k\u00f6zz\u00e9t\u00e9tel\u00e9t\u201d \u2013 nyilatkozta az MEE-nek.<\/p>\n<p>Godin a Bellingcatnek elmondta: \u201eA Sentinel-2 tov\u00e1bbra is \u00e9rt\u00e9kes er\u0151forr\u00e1s a m\u0171holdas korl\u00e1toz\u00e1sok megker\u00fcl\u00e9s\u00e9ben\u201d, de alacsonyabb felbont\u00e1sa gyakran nem elegend\u0151 annak azonos\u00edt\u00e1s\u00e1hoz, hogy mely konkr\u00e9t \u00e9p\u00fcletek s\u00e9r\u00fcltek meg vagy pusztultak el.<\/p>\n<p>Ez megnehez\u00edti \u2013 mondta \u2013 a d\u00e9l-libanoni infrastrukt\u00far\u00e1ban, p\u00e9ld\u00e1ul a v\u00edzrendszerekben keletkezett k\u00e1rok ellen\u0151rz\u00e9s\u00e9t, \u201eha nincsenek el\u00e9rhet\u0151 fot\u00f3k vagy vide\u00f3k, amelyeken l\u00e1that\u00f3 a gyan\u00edthat\u00f3an s\u00e9r\u00fclt helysz\u00edn\u201d.<\/p>\n<p>Brown szerint a korl\u00e1toz\u00e1sok megnehez\u00edtik az \u00fajs\u00e1g\u00edr\u00f3k \u00e9s a t\u00e9nyellen\u0151rz\u0151k munk\u00e1j\u00e1t an\u00e9lk\u00fcl, hogy teljesen visszatartan\u00e1k \u0151ket, r\u00e1mutatva a felhaszn\u00e1l\u00f3k \u00e1ltal gener\u00e1lt tartalmak, p\u00e9ld\u00e1ul a k\u00f6zvetlen\u00fcl a k\u00f6z\u00f6ss\u00e9gi m\u00e9di\u00e1ba k\u00f6zz\u00e9tett vide\u00f3k egyre n\u00f6vekv\u0151 haszn\u00e1lat\u00e1ra.<\/p>\n<h3><span dir=\"auto\">A konfliktusok l\u00e1that\u00f3s\u00e1g\u00e1nak ellen\u0151rz\u00e9se<\/span><\/h3>\n<p>A m\u0171holdk\u00e9pek gyakran az \u00fajs\u00e1g\u00edr\u00f3k sz\u00e1m\u00e1ra az egyetlen m\u00f3dja annak, hogy felm\u00e9rj\u00e9k a helyzetet a nehezen megk\u00f6zel\u00edthet\u0151 vagy vesz\u00e9lyes ter\u00fcleteken.<\/p>\n<p>\u201eA konfliktusok l\u00e1that\u00f3s\u00e1ga nemcsak a helysz\u00ednen zajl\u00f3 esem\u00e9nyekt\u0151l f\u00fcgg, hanem att\u00f3l is, hogy ki ellen\u0151rzi a m\u0171holdk\u00e9pekhez val\u00f3 hozz\u00e1f\u00e9r\u00e9st\u201d \u2013 mondta Shaw. Megjegyezte, hogy a nagy felbont\u00e1s\u00fa k\u00e9peket \u201eterm\u00e9szeti katasztr\u00f3f\u00e1k ut\u00e1n \u00e1ltal\u00e1ban ingyenesen megosztj\u00e1k, de konfliktusok eset\u00e9n nem, ami korl\u00e1tozza a tudom\u00e1nyos \u00e9s humanit\u00e1rius hozz\u00e1f\u00e9r\u00e9st\u201d.<\/p>\n<p>\u201eNagyon is val\u00f3s vesz\u00e9ly \u00e1ll fenn, hogy az \u00fajs\u00e1g\u00edr\u00f3k \u00e9s a kutat\u00f3k szem\u00e9t bek\u00f6tik\u201d<\/p>\n<p>&#8211; Alex Shaw, ny\u00edlt forr\u00e1sk\u00f3d\u00fa elemz\u0151<\/p>\n<p>P\u00e9ld\u00e1ul G\u00e1z\u00e1ban Izrael 2023 \u00f3ta megtiltotta az \u00f6sszes k\u00fclf\u00f6ldi \u00fajs\u00e1g\u00edr\u00f3 bel\u00e9p\u00e9s\u00e9t az \u00f6vezetbe, \u00edgy a szerkeszt\u0151s\u00e9gek m\u0171holdk\u00e9pekre \u00e9s helyi riporterekre t\u00e1maszkodnak.<\/p>\n<p>Godin azt mondta, hogy a legut\u00f3bbi korl\u00e1toz\u00e1sok \u201emegnehez\u00edtett\u00e9k a k\u00e1rok \u00e9s a puszt\u00edt\u00e1s folyamatos nyomon k\u00f6vet\u00e9s\u00e9t \u00e9s ellen\u0151rz\u00e9s\u00e9t olyan helyeken, mint G\u00e1za vagy D\u00e9l-Libanon\u201d.<\/p>\n<p>Shaw szerint a f\u00f6ldi hozz\u00e1f\u00e9r\u00e9s vesz\u00e9lyes vagy lehetetlen, ahol az \u00fajs\u00e1g\u00edr\u00f3k \u00e9s kutat\u00f3k a \u201efel\u00fclr\u0151l \u00e9rkez\u0151 m\u0171holdak szem\u00e9re\u201d t\u00e1maszkodnak, \u00e9s \u201enagyon is val\u00f3s vesz\u00e9lye van annak, hogy bek\u00f6tik a szem\u00fcket\u201d.<\/p>\n<p>A konfliktusok m\u0171holdas k\u00f6zvet\u00edt\u00e9s\u00e9nek kiv\u00e1laszt\u00e1s\u00e1ban mutatkoz\u00f3 elfogults\u00e1g szint\u00e9n egyenetlen l\u00e1that\u00f3s\u00e1ghoz vezet. Shaw Szud\u00e1n p\u00e9ld\u00e1j\u00e1t eml\u00edtve elmondta, hogy \u201ea kereskedelmi szolg\u00e1ltat\u00f3k arch\u00edvumainak lefedetts\u00e9ge gyakran egyenetlen, ami miatt egyes konfliktusok rosszul reprezent\u00e1ltak \u201d .<\/p>\n<h3><span dir=\"auto\">Izrael k\u00fcl\u00f6nleges helyzete<\/span><\/h3>\n<p>1997 \u00f3ta az amerikai t\u00f6rv\u00e9nyek el\u0151\u00edrj\u00e1k az amerikai m\u0171holdk\u00e9p-szolg\u00e1ltat\u00f3k sz\u00e1m\u00e1ra, hogy az izraeli k\u00e9pek felbont\u00e1s\u00e1t egy bizonyos k\u00fcsz\u00f6b\u00e9rt\u00e9k alatt tarts\u00e1k. Izrael az egyetlen orsz\u00e1g, amely ilyen jelleg\u0171 t\u00f6rv\u00e9nyi v\u00e9delmet \u00e9lvez.<\/p>\n<p>A k\u00fcl\u00f6nbs\u00e9g m\u00e9g nyilv\u00e1nos eszk\u00f6z\u00f6k\u00f6n, p\u00e9ld\u00e1ul a Google Earth-\u00f6n is l\u00e1that\u00f3, ahol az izraeli k\u00e9peket sz\u00e1nd\u00e9kosan elmost\u00e1k .<\/p>\n<p>A tel-avivi \u00e9s a k\u00fclf\u00f6ldi v\u00e1rosok keresztez\u0151d\u00e9s\u00e9nek \u00f6sszehasonl\u00edt\u00e1sa egy\u00e9rtelm\u0171v\u00e9 teszi ezt. Tel-avivban az aut\u00f3k s\u00e1vjai elmos\u00f3dottak, a gyalog\u00e1tkel\u0151hely cs\u00edkjai pedig kivehetetlenek, m\u00edg p\u00e9ld\u00e1ul Ankar\u00e1ban mindkett\u0151 \u00e9les \u00e9s tiszta.<\/p>\n<figure id=\"attachment_4645\" aria-describedby=\"caption-attachment-4645\" style=\"width: 696px\" class=\"wp-caption alignnone\"><img decoding=\"async\" class=\"wp-image-4645 size-large lazyload\" data-src=\"https:\/\/antipropaganda.hu\/wp-content\/smush-webp\/2026\/08\/tel-aviv-ankara-satellite-comparison-google-1024x768.jpg.webp\" alt=\"\" width=\"696\" height=\"522\" title=\"\" data-srcset=\"https:\/\/antipropaganda.hu\/wp-content\/smush-webp\/2026\/08\/tel-aviv-ankara-satellite-comparison-google-1024x768.jpg.webp 1024w, https:\/\/antipropaganda.hu\/wp-content\/smush-webp\/2026\/08\/tel-aviv-ankara-satellite-comparison-google-300x225.jpg.webp 300w, https:\/\/antipropaganda.hu\/wp-content\/smush-webp\/2026\/08\/tel-aviv-ankara-satellite-comparison-google-768x576.jpg.webp 768w, https:\/\/antipropaganda.hu\/wp-content\/smush-webp\/2026\/08\/tel-aviv-ankara-satellite-comparison-google-16x12.jpg.webp 16w, https:\/\/antipropaganda.hu\/wp-content\/smush-webp\/2026\/08\/tel-aviv-ankara-satellite-comparison-google-560x420.jpg.webp 560w, https:\/\/antipropaganda.hu\/wp-content\/smush-webp\/2026\/08\/tel-aviv-ankara-satellite-comparison-google-80x60.jpg.webp 80w, https:\/\/antipropaganda.hu\/wp-content\/smush-webp\/2026\/08\/tel-aviv-ankara-satellite-comparison-google-150x113.jpg.webp 150w, https:\/\/antipropaganda.hu\/wp-content\/smush-webp\/2026\/08\/tel-aviv-ankara-satellite-comparison-google-696x522.jpg.webp 696w, https:\/\/antipropaganda.hu\/wp-content\/smush-webp\/2026\/08\/tel-aviv-ankara-satellite-comparison-google-1068x801.jpg.webp 1068w, https:\/\/antipropaganda.hu\/wp-content\/smush-webp\/2026\/08\/tel-aviv-ankara-satellite-comparison-google-265x198.jpg.webp 265w, https:\/\/antipropaganda.hu\/wp-content\/smush-webp\/2026\/08\/tel-aviv-ankara-satellite-comparison-google-600x450.jpg.webp 600w, https:\/\/antipropaganda.hu\/wp-content\/smush-webp\/2026\/08\/tel-aviv-ankara-satellite-comparison-google-1320x990.jpg.webp 1320w, https:\/\/antipropaganda.hu\/wp-content\/smush-webp\/2026\/08\/tel-aviv-ankara-satellite-comparison-google.jpg.webp 1440w\" data-sizes=\"auto\" src=\"data:image\/svg+xml;base64,PHN2ZyB3aWR0aD0iMSIgaGVpZ2h0PSIxIiB4bWxucz0iaHR0cDovL3d3dy53My5vcmcvMjAwMC9zdmciPjwvc3ZnPg==\" style=\"--smush-placeholder-width: 696px; --smush-placeholder-aspect-ratio: 696\/522;\" data-original-sizes=\"(max-width: 696px) 100vw, 696px\" \/><figcaption id=\"caption-attachment-4645\" class=\"wp-caption-text\">Fent: egy keresztez\u0151d\u00e9s Tel-Avivban, Izraelben. Lent: egy keresztez\u0151d\u00e9s Ankar\u00e1ban, T\u00f6r\u00f6korsz\u00e1gban, mindkett\u0151 a Google Earth-\u00f6n (MEE) l\u00e1that\u00f3.<\/figcaption><\/figure>\n<p>Ez \u00e9vtizedek \u00f3ta aggasztja az \u00fajs\u00e1g\u00edr\u00f3kat \u00e9s a humanit\u00e1riusokat, mivel nemcsak az izraeli n\u00e9pirt\u00e1s nyomon k\u00f6vet\u00e9s\u00e9t bonyol\u00edtja meg G\u00e1z\u00e1ban , hanem az illeg\u00e1lis telepek n\u00f6veked\u00e9s\u00e9t is Ciszjord\u00e1ni\u00e1ban , ahol a m\u0171holdk\u00e9pek k\u00f6nnyen felt\u00e1rn\u00e1k az \u00faj \u00e9p\u00fcletek \u00e9p\u00edt\u00e9s\u00e9t.<\/p>\n<p>1992 \u00f3ta az amerikai m\u0171holdk\u00e9p-szolg\u00e1ltat\u00f3knak korm\u00e1nyzati enged\u00e9lyre van sz\u00fcks\u00e9g\u00fck a m\u0171k\u00f6d\u00e9shez, amely \u201ez\u00e1rvez\u00e9rl\u00e9st\u201d biztos\u00edt az Egyes\u00fclt \u00c1llamoknak \u2013 azaz a k\u00e9pek k\u00f6zz\u00e9t\u00e9tel\u00e9nek korl\u00e1toz\u00e1s\u00e1t.<\/p>\n<p>Ezt a jogk\u00f6rt hivatalosan soha nem alkalmazt\u00e1k, b\u00e1r a Pentagon 2001-ben felv\u00e1s\u00e1rolta az \u00f6sszes el\u00e9rhet\u0151 afganiszt\u00e1ni m\u0171holdk\u00e9pet, hogy azok ne ker\u00fcljenek nyilv\u00e1noss\u00e1gra.<\/p>\n<h3><span dir=\"auto\">\u201eAggaszt\u00f3 precedens\u201d<\/span><\/h3>\n<p>A kereskedelmi \u00f6szt\u00f6nz\u0151k \u00e9s a szab\u00e1lyoz\u00e1si nyom\u00e1s miatt a m\u0171holdk\u00e9p-szolg\u00e1ltat\u00f3k elt\u00e1volodnak az \u00fajs\u00e1g\u00edr\u00f3kt\u00f3l, humanit\u00e1rius szervezetekt\u0151l \u00e9s m\u00e1s civil \u00fcgyfelekt\u0151l.<\/p>\n<p>Greer szerint ez a trend nem \u00faj kelet\u0171, de \u201ea v\u00e9delmi szerz\u0151d\u00e9sek fel\u00e9 val\u00f3 elmozdul\u00e1s dr\u00e1maian megn\u0151tt az elm\u00falt 18 h\u00f3napban\u201d.<\/p>\n<p>A Common Space, a Greer \u00e1ltal t\u00e1rsalap\u00edtott nonprofit szervezet, amely alternat\u00edv\u00e1t k\u00edn\u00e1l a kereskedelmi szolg\u00e1ltat\u00f3kkal szemben, kifejezetten humanit\u00e1rius csoportok, \u00fajs\u00e1g\u00edr\u00f3k \u00e9s tud\u00f3sok sz\u00e1m\u00e1ra k\u00e9sz\u00fclt, \u00e9s c\u00e9lja, hogy \u201en\u00f6velje a k\u00e9pekhez val\u00f3 f\u00fcggetlen hozz\u00e1f\u00e9r\u00e9st az \u00e1tl\u00e1that\u00f3s\u00e1g eszk\u00f6zek\u00e9nt\u201d.<\/p>\n<p>\u201eAz inform\u00e1ci\u00f3khoz val\u00f3 hozz\u00e1f\u00e9r\u00e9st politikai okokb\u00f3l korl\u00e1tozz\u00e1k, egy n\u00e9pszer\u0171tlen h\u00e1bor\u00fa t\u00e1mogat\u00e1sa \u00e9rdek\u00e9ben\u201d<\/p>\n<p>&#8211; Bill Greer, a Common Space t\u00e1rsalap\u00edt\u00f3ja<\/p>\n<p>Hozz\u00e1tette, hogy a t\u00e1gabb probl\u00e9ma politikai jelleg\u0171: \u201eA nyilv\u00e1noss\u00e1g hozz\u00e1f\u00e9r\u00e9se az inform\u00e1ci\u00f3khoz, amelyekre t\u00e1maszkodva megalapozott d\u00f6nt\u00e9seket hozhatnak, politikai okokb\u00f3l korl\u00e1tozott, egy n\u00e9pszer\u0171tlen h\u00e1bor\u00fa t\u00e1mogat\u00e1sa \u00e9rdek\u00e9ben.\u201d<\/p>\n<p>A m\u0171holdk\u00e9pekre t\u00e1maszkod\u00f3 szak\u00e9rt\u0151k tov\u00e1bbra is agg\u00f3dnak a j\u00f6v\u0151 miatt.<\/p>\n<p>\u201eA legnagyobb aggodalmam jelenleg az, hogy tov\u00e1bbi korl\u00e1toz\u00e1sokkal fogunk tal\u00e1lkozni, \u00e9s ezeket a korl\u00e1toz\u00e1sokat t\u00f6rv\u00e9nybe \u00e9s szab\u00e1lyoz\u00e1si keretekbe foglalj\u00e1k, v\u00e9gleg elveszve a k\u00e9pekhez val\u00f3 hozz\u00e1f\u00e9r\u00e9st azokt\u00f3l az emberekt\u0151l, akiknek a legink\u00e1bb sz\u00fcks\u00e9g\u00fck van r\u00e1 m\u00e1sok \u00e9let\u00e9nek jav\u00edt\u00e1sa \u00e9rdek\u00e9ben\u201d \u2013 mondta Greer.<\/p>\n<p>Shaw egyet\u00e9rtett, figyelmeztetve, hogy \u201ea k\u00f6zelm\u00faltbeli korl\u00e1toz\u00e1sok aggaszt\u00f3 precedenst teremtenek a k\u00e9pek hozz\u00e1f\u00e9rhet\u0151s\u00e9g\u00e9t illet\u0151en\u201d a j\u00f6v\u0151ben.<\/p>\n<p>Azt mondta, hogy val\u00f3sz\u00edn\u0171leg t\u00f6bb \u201evakfolt fog megjelenni az amerikai kereskedelmi k\u00e9pekben\u201d, r\u00e1mutatva a 2027-es h\u00edrszerz\u00e9si enged\u00e9lyez\u00e9si t\u00f6rv\u00e9nyjavaslatra, amely megtiltan\u00e1 az amerikai korm\u00e1ny \u00e1ltal szerz\u0151dtetett szolg\u00e1ltat\u00f3knak, hogy nyilv\u00e1nosan k\u00f6zz\u00e9tegy\u00e9k \u201ea nemzetbiztons\u00e1got vesz\u00e9lyeztet\u0151 \u00e9rz\u00e9keny k\u00e9peket\u201d, ami el\u00e9g t\u00e1g ahhoz, hogy vissza\u00e9l\u00e9sekre adjon lehet\u0151s\u00e9get.<\/p>","protected":false},"excerpt":{"rendered":"<p>A K\u00f6zel-Keletr\u0151l k\u00e9sz\u00fclt m\u0171holdfelv\u00e9telekhez val\u00f3 hozz\u00e1f\u00e9r\u00e9s korl\u00e1toz\u00e1sa komoly aggodalmat kelt a konfliktuskezel\u00e9si szak\u00e9rt\u0151k k\u00f6r\u00e9ben, az \u00fajs\u00e1g\u00edr\u00f3kat pedig a k\u00ednai \u00e9s eur\u00f3pai szolg\u00e1ltat\u00f3k fel\u00e9 tereli. Mik\u00f6zben az Egyes\u00fclt \u00c1llamok \u00e9s Izrael febru\u00e1r 28-\u00e1n k\u00f6z\u00f6s csap\u00e1sokat m\u00e9rt Ir\u00e1nra , Teher\u00e1n pedig v\u00e1laszcsap\u00e1sokat m\u00e9rt az \u00d6b\u00f6l-menti c\u00e9lpontokra, egy csendesebb verseny kezdett kibontakozni az\u00e9rt, hogy ki f\u00e9rhet hozz\u00e1 a [&hellip;]<\/p>\n","protected":false},"author":1,"featured_media":4642,"comment_status":"open","ping_status":"closed","sticky":false,"template":"","format":"standard","meta":{"rs_blank_template":"","rs_page_bg_color":"","slide_template_v7":"","_monsterinsights_skip_tracking":false,"wpai_generated_summary":"","tdm_status":"","tdm_grid_status":"","footnotes":""},"categories":[19],"tags":[161,139,96,153,155,154,105,104,111],"class_list":["post-4641","post","type-post","status-publish","format-standard","has-post-thumbnail","category-news","tag-gazai-haboru","tag-gazai-ovezet","tag-izrael","tag-kozel-kelet","tag-mediaelemzes","tag-nemzetkozi-kapcsolatok","tag-palesztin","tag-palesztina","tag-usa"],"_links":{"self":[{"href":"https:\/\/antipropaganda.hu\/en\/wp-json\/wp\/v2\/posts\/4641","targetHints":{"allow":["GET"]}}],"collection":[{"href":"https:\/\/antipropaganda.hu\/en\/wp-json\/wp\/v2\/posts"}],"about":[{"href":"https:\/\/antipropaganda.hu\/en\/wp-json\/wp\/v2\/types\/post"}],"author":[{"embeddable":true,"href":"https:\/\/antipropaganda.hu\/en\/wp-json\/wp\/v2\/users\/1"}],"replies":[{"embeddable":true,"href":"https:\/\/antipropaganda.hu\/en\/wp-json\/wp\/v2\/comments?post=4641"}],"version-history":[{"count":0,"href":"https:\/\/antipropaganda.hu\/en\/wp-json\/wp\/v2\/posts\/4641\/revisions"}],"wp:featuredmedia":[{"embeddable":true,"href":"https:\/\/antipropaganda.hu\/en\/wp-json\/wp\/v2\/media\/4642"}],"wp:attachment":[{"href":"https:\/\/antipropaganda.hu\/en\/wp-json\/wp\/v2\/media?parent=4641"}],"wp:term":[{"taxonomy":"category","embeddable":true,"href":"https:\/\/antipropaganda.hu\/en\/wp-json\/wp\/v2\/categories?post=4641"},{"taxonomy":"post_tag","embeddable":true,"href":"https:\/\/antipropaganda.hu\/en\/wp-json\/wp\/v2\/tags?post=4641"}],"curies":[{"name":"wp","href":"https:\/\/api.w.org\/{rel}","templated":true}]}}