{"id":4638,"date":"2026-08-29T06:43:57","date_gmt":"2026-08-29T04:43:57","guid":{"rendered":"https:\/\/antipropaganda.hu\/?p=4638"},"modified":"2026-08-29T06:43:57","modified_gmt":"2026-08-29T04:43:57","slug":"smotrich-mesterseges-intelligencia-altal-keszitett-valasztasi-videoja-etnikai-tisztogatassal-fenyegeti-a-48-as-palesztin-varosokat","status":"publish","type":"post","link":"https:\/\/antipropaganda.hu\/en\/smotrich-mesterseges-intelligencia-altal-keszitett-valasztasi-videoja-etnikai-tisztogatassal-fenyegeti-a-48-as-palesztin-varosokat\/","title":{"rendered":"Smotrich mesters\u00e9ges intelligencia \u00e1ltal k\u00e9sz\u00edtett v\u00e1laszt\u00e1si vide\u00f3ja etnikai tisztogat\u00e1ssal fenyegeti a 48-as palesztin v\u00e1rosokat."},"content":{"rendered":"<p><strong>A vide\u00f3 azzal fenyeget, hogy a ciszjord\u00e1niai teleprendez\u00e9si politik\u00e1t megism\u00e9tli a palesztin k\u00f6z\u00f6ss\u00e9gekben &#8217;48-ban, mik\u00f6zben p\u00e1rtja a parlamenti k\u00e9pviselet megtart\u00e1s\u00e1\u00e9rt k\u00fczd.<\/strong><\/p>\n<p>Izrael sz\u00e9ls\u0151jobboldali p\u00e9nz\u00fcgyminisztere, Bezalel Szmotrich k\u00f6zz\u00e9tett egy mesters\u00e9ges intelligencia \u00e1ltal gener\u00e1lt kamp\u00e1nyvide\u00f3t, amelyben azzal fenyeget\u0151zik, hogy a megsz\u00e1llt Ciszjord\u00e1ni\u00e1ban alkalmazott telep\u00fcl\u00e9sb\u0151v\u00edt\u00e9si modellt kiterjeszti a galileai \u00e9s negevi palesztin k\u00f6z\u00f6ss\u00e9gekre is.<\/p>\n<p>A vide\u00f3, amelyet Smotrich Vall\u00e1sos Cionizmus p\u00e1rtja terjesztett az \u201eAhmednek joga van f\u00e9lni\u201d szlogennel, k\u00e9t bajba jutott palesztin f\u00e9rfit \u00e1br\u00e1zol. Az egyik, akit a megsz\u00e1llt Ciszjord\u00e1ni\u00e1r\u00f3l sz\u00e1rmaz\u00f3 palesztink\u00e9nt mutatnak be, felh\u00edv egy m\u00e1sik palesztin f\u00e9rfit Izraelben, hogy figyelmeztesse \u0151t, hogy Smotrich az\u00e9rt j\u00f6n, hogy \u201eugyanazt tegye, amit vel\u00fcnk tett\u201d.<\/p>\n<p>\u201eF\u00f6ldeket fog elfoglalni, v\u00e1rosokat \u00e9s farmokat alap\u00edt; most minden elveszett sz\u00e1munkra\u201d \u2013 mondja az anim\u00e1ci\u00f3s karakter, szokatlanul nyersen elismerve azt, amit a palesztinok az izraeli telepprojekttel j\u00e1r\u00f3 kisaj\u00e1t\u00edt\u00e1snak tartanak.<\/p>\n<p><a href=\"https:\/\/twitter.com\/i\/status\/2092967379827343603\" target=\"_blank\" rel=\"noopener\">https:\/\/x.com\/bezalelsm\/status\/2092967379827343603?ref_src=twsrc%5Etfw%7Ctwcamp%5Etweetembed%7Ctwterm%5E2092967379827343603%7Ctwgr%5E3c0852faaca3f734fdb70f327876ef497ec1e2fa%7Ctwcon%5Es1_c10&amp;ref_url=https%3A%2F%2Fwww.newarab.com%2Fnews%2Fsmotrichs-ai-video-vows-ethnically-cleanse-48-palestinians<\/a><\/p>\n<p>A p\u00e1rt ezt a kil\u00e1t\u00e1st kamp\u00e1ny\u00edg\u00e9retk\u00e9nt fogalmazza meg. Smotrich tervet hirdetett Galilea \u00e9s a Negev \u2013 a nagy palesztin lakoss\u00e1g\u00fa r\u00e9gi\u00f3k \u2013 \u201ezsid\u00f3s\u00edt\u00e1s\u00e1ra\u201d egymilli\u00f3 tov\u00e1bbi izraeli zsid\u00f3 lakos betelep\u00edt\u00e9s\u00e9vel a k\u00e9t ter\u00fcletre, 40 \u00faj k\u00f6z\u00f6ss\u00e9g \u00e9s t\u00f6bb tucat farm l\u00e9trehoz\u00e1s\u00e1val, a megl\u00e9v\u0151 v\u00e1rosok b\u0151v\u00edt\u00e9s\u00e9vel \u00e9s t\u00f6bb sz\u00e1zezer lak\u00f3egys\u00e9g \u00e9p\u00edt\u00e9s\u00e9vel.<\/p>\n<p>Megfogadta, hogy lev\u00e1ltja azokat a tisztvisel\u0151ket, akiket nem tartanak kell\u0151en \u201ecionist\u00e1nak\u201d. Izrael palesztin \u00e1llampolg\u00e1rair\u00f3l sz\u00f3lva Smotrich azt \u00e1ll\u00edtotta, hogy az arabok \u201eelfoglalt\u00e1k\u201d Galile\u00e1t \u00e9s Negevet.<\/p>\n<p>A terv nem puszt\u00e1n egy demogr\u00e1fiai fejleszt\u00e9si javaslat. Smotrich kifejezetten kijelentette, hogy az \u00e1ltala \u201eforradalomnak\u201d nevezett esem\u00e9nyt ism\u00e9teln\u00e9 meg, amelyet a megsz\u00e1llt Ciszjord\u00e1ni\u00e1ban hajtottak v\u00e9gre, ahol az izraeli telep\u00fcl\u00e9sek a jelenlegi korm\u00e1ny alatt gyorsan terjeszkedtek.<\/p>\n<p>T\u00f6bb mint 500 000 izraeli telepes \u00e9l ciszjord\u00e1niai telep\u00fcl\u00e9seken, amelyek a nemzetk\u00f6zi jog szerint illeg\u00e1lisak; a telep\u00e9p\u00edt\u00e9sek, a f\u00f6ldfoglal\u00e1sok \u00e9s a telepek b\u0151v\u00edt\u00e9se ism\u00e9telten kitelep\u00edtette vagy korl\u00e1tozta a palesztin k\u00f6z\u00f6ss\u00e9geket.<\/p>\n<p>A palesztinok sz\u00e1m\u00e1ra a \u201ezsid\u00f3s\u00edt\u00e1s\u201d nyelvezete a tov\u00e1bbi etnikai tisztogat\u00e1s fenyeget\u00e9s\u00e9t hordozza mag\u00e1ban: az \u00e1llami tervez\u00e9s, a f\u00f6ldpolitika, a lak\u00e1s\u00e9p\u00edt\u00e9s \u00e9s a telep\u00fcl\u00e9s\u00e9p\u00edt\u00e9sek alkalmaz\u00e1sa a f\u00f6ldjeik feletti palesztin ellen\u0151rz\u00e9s cs\u00f6kkent\u00e9se \u00e9s a ter\u00fcletek zsid\u00f3-izraeli leteleped\u00e9s jav\u00e1ra t\u00f6rt\u00e9n\u0151 \u00e1talak\u00edt\u00e1sa \u00e9rdek\u00e9ben.<\/p>\n<p>Izraelben okt\u00f3ber 27-\u00e9n tartanak v\u00e1laszt\u00e1sokat, a vall\u00e1sos cionizmus pedig k\u00fczd a 3,25 sz\u00e1zal\u00e9kos v\u00e1laszt\u00e1si k\u00fcsz\u00f6b \u00e1tl\u00e9p\u00e9s\u00e9\u00e9rt. Egy friss, a Channel 12-es k\u00f6zv\u00e9lem\u00e9ny-kutat\u00e1s a p\u00e1rtot az k\u00fcsz\u00f6b al\u00e1 sorolta, m\u00edg m\u00e1s friss felm\u00e9r\u00e9sek nagyj\u00e1b\u00f3l n\u00e9gy-hat Kneszet-helyre becs\u00fclt\u00e9k, ami bizonytalann\u00e1 teszi parlamenti j\u00f6v\u0151j\u00e9t.<\/p>\n<p>Az elemz\u0151k szerint Smotrich retorik\u00e1ja ez\u00e9rt a p\u00e1rt sz\u00e9ls\u0151jobboldali b\u00e1zis\u00e1nak megszil\u00e1rd\u00edt\u00e1s\u00e1t c\u00e9lozhatja, k\u00fcl\u00f6n\u00f6sen a nemzeti-vall\u00e1si szavaz\u00f3k k\u00f6r\u00e9ben a sz\u00e9ls\u0151jobboldali vezet\u0151vel szembeni n\u00f6vekv\u0151 ki\u00e1br\u00e1ndults\u00e1g k\u00f6zepette, mivel t\u00e1mogatja az ultraortodox frakci\u00f3k azon t\u00f6rekv\u00e9s\u00e9t, hogy a harediket t\u00f6megesen mentes\u00edts\u00e9k a katonai szolg\u00e1lat al\u00f3l.<\/p>","protected":false},"excerpt":{"rendered":"<p>A vide\u00f3 azzal fenyeget, hogy a ciszjord\u00e1niai teleprendez\u00e9si politik\u00e1t megism\u00e9tli a palesztin k\u00f6z\u00f6ss\u00e9gekben &#8217;48-ban, mik\u00f6zben p\u00e1rtja a parlamenti k\u00e9pviselet megtart\u00e1s\u00e1\u00e9rt k\u00fczd. Izrael sz\u00e9ls\u0151jobboldali p\u00e9nz\u00fcgyminisztere, Bezalel Szmotrich k\u00f6zz\u00e9tett egy mesters\u00e9ges intelligencia \u00e1ltal gener\u00e1lt kamp\u00e1nyvide\u00f3t, amelyben azzal fenyeget\u0151zik, hogy a megsz\u00e1llt Ciszjord\u00e1ni\u00e1ban alkalmazott telep\u00fcl\u00e9sb\u0151v\u00edt\u00e9si modellt kiterjeszti a galileai \u00e9s negevi palesztin k\u00f6z\u00f6ss\u00e9gekre is. A vide\u00f3, amelyet Smotrich [&hellip;]<\/p>\n","protected":false},"author":1,"featured_media":4639,"comment_status":"open","ping_status":"closed","sticky":false,"template":"","format":"standard","meta":{"rs_blank_template":"","rs_page_bg_color":"","slide_template_v7":"","_monsterinsights_skip_tracking":false,"wpai_generated_summary":"","tdm_status":"","tdm_grid_status":"","footnotes":""},"categories":[31,13],"tags":[106,115,96,163,160,153,105,104],"class_list":["post-4638","post","type-post","status-publish","format-standard","has-post-thumbnail","category-izrael-igazi-arca","category-politics","tag-cionizmus","tag-ciszjordania","tag-izrael","tag-izrael-terror","tag-izraeli-telepesek","tag-kozel-kelet","tag-palesztin","tag-palesztina"],"_links":{"self":[{"href":"https:\/\/antipropaganda.hu\/en\/wp-json\/wp\/v2\/posts\/4638","targetHints":{"allow":["GET"]}}],"collection":[{"href":"https:\/\/antipropaganda.hu\/en\/wp-json\/wp\/v2\/posts"}],"about":[{"href":"https:\/\/antipropaganda.hu\/en\/wp-json\/wp\/v2\/types\/post"}],"author":[{"embeddable":true,"href":"https:\/\/antipropaganda.hu\/en\/wp-json\/wp\/v2\/users\/1"}],"replies":[{"embeddable":true,"href":"https:\/\/antipropaganda.hu\/en\/wp-json\/wp\/v2\/comments?post=4638"}],"version-history":[{"count":0,"href":"https:\/\/antipropaganda.hu\/en\/wp-json\/wp\/v2\/posts\/4638\/revisions"}],"wp:featuredmedia":[{"embeddable":true,"href":"https:\/\/antipropaganda.hu\/en\/wp-json\/wp\/v2\/media\/4639"}],"wp:attachment":[{"href":"https:\/\/antipropaganda.hu\/en\/wp-json\/wp\/v2\/media?parent=4638"}],"wp:term":[{"taxonomy":"category","embeddable":true,"href":"https:\/\/antipropaganda.hu\/en\/wp-json\/wp\/v2\/categories?post=4638"},{"taxonomy":"post_tag","embeddable":true,"href":"https:\/\/antipropaganda.hu\/en\/wp-json\/wp\/v2\/tags?post=4638"}],"curies":[{"name":"wp","href":"https:\/\/api.w.org\/{rel}","templated":true}]}}