{"id":4626,"date":"2026-08-28T10:51:32","date_gmt":"2026-08-28T08:51:32","guid":{"rendered":"https:\/\/antipropaganda.hu\/?p=4626"},"modified":"2026-08-28T10:51:32","modified_gmt":"2026-08-28T08:51:32","slug":"a-tortenelem-elradirozasa-a-nem-letezo-palesztina-toposzanak-es-politikai-funkciojanak-tenyfeltaro-elemzese","status":"publish","type":"post","link":"https:\/\/antipropaganda.hu\/en\/a-tortenelem-elradirozasa-a-nem-letezo-palesztina-toposzanak-es-politikai-funkciojanak-tenyfeltaro-elemzese\/","title":{"rendered":"Erasing History: A Fact-Finding Analysis of the Topos and Political Function of the \u201eNon-Existing Palestine\u201d"},"content":{"rendered":"<p data-path-to-node=\"1\">A K\u00f6zel-Kelet\u00e9rt folytatott inform\u00e1ci\u00f3s hadvisel\u00e9sben az egyik leg\u0151sibb \u00e9s leggyakrabban \u00fajrahasznos\u00edtott narrat\u00edva nem a hat\u00e1rokr\u00f3l vagy a katonai l\u00e9p\u00e9sekr\u0151l sz\u00f3l, hanem egy teljes n\u00e9p l\u00e9tez\u00e9s\u00e9nek tagad\u00e1s\u00e1r\u00f3l. A pro-izraeli publicisztik\u00e1ban \u00e9s a k\u00f6z\u00f6ss\u00e9gi m\u00e9di\u00e1ban rendszeresen felbukkan\u00f3 \u00e1ll\u00edt\u00e1sok \u2013 miszerint <i data-path-to-node=\"1\" data-index-in-node=\"312\">\u201ePalesztina sosem l\u00e9tezett\u201d<\/i>, vagy <i data-path-to-node=\"1\" data-index-in-node=\"346\">\u201epalesztin n\u00e9p mint olyan nem l\u00e9tezik\u201d<\/i> \u2013 nem egyszer\u0171 t\u00f6rt\u00e9neti t\u00e9ved\u00e9sek, hanem tudatosan fel\u00e9p\u00edtett propaganda-toposzok.<\/p>\n<p data-path-to-node=\"2\">Ezek c\u00e9lja kezdett\u0151l fogva a palesztin lakoss\u00e1g \u00f6nrendelkez\u00e9si \u00e9s ter\u00fcleti jogainak delegitim\u00e1l\u00e1sa volt. De mit mutatnak a t\u00f6rt\u00e9nelmi t\u00e9nyek, a nemzetk\u00f6zi jog \u00e9s a t\u00e1rsadalomtudom\u00e1nyi adatok?<\/p>\n<h3 data-path-to-node=\"4\">1. F\u00f6ldrajzi \u00e9s k\u00f6zigazgat\u00e1si t\u00e9nyek: Az \u00f3kort\u00f3l a brit mand\u00e1tumig<\/h3>\n<p data-path-to-node=\"5\">A narrat\u00edva els\u0151 pill\u00e9re azt \u00e1ll\u00edtja, hogy Palesztina csup\u00e1n egy ut\u00f3lag kital\u00e1lt megnevez\u00e9s. A t\u00f6rt\u00e9neti forr\u00e1sok ezzel szemben az al\u00e1bbiakat igazolj\u00e1k:<\/p>\n<ul data-path-to-node=\"6\">\n<li>\n<p data-path-to-node=\"6,0,0\"><b data-path-to-node=\"6,0,0\" data-index-in-node=\"0\">Az elnevez\u00e9s eredete:<\/b> A r\u00e9gi\u00f3ra m\u00e1r H\u00e9rodotosz az i. e. 5. sz\u00e1zadban <i data-path-to-node=\"6,0,0\" data-index-in-node=\"69\">Palaistin\u0113<\/i> n\u00e9ven hivatkozott. A R\u00f3mai Birodalom i. sz. 135-ben a tartom\u00e1nyt hivatalosan is <i data-path-to-node=\"6,0,0\" data-index-in-node=\"160\">Syria Palaestina<\/i> n\u00e9vre keresztelte.<\/p>\n<\/li>\n<\/ul>\n<p><img decoding=\"async\" class=\"wp-image-4627 aligncenter\" src=\"https:\/\/antipropaganda.hu\/wp-content\/uploads\/2026\/08\/istock-151534273-e1552839816418-1024x579.jpg\" alt=\"\" width=\"518\" height=\"293\" title=\"\" srcset=\"https:\/\/antipropaganda.hu\/wp-content\/uploads\/2026\/08\/istock-151534273-e1552839816418-1024x579.jpg 1024w, https:\/\/antipropaganda.hu\/wp-content\/uploads\/2026\/08\/istock-151534273-e1552839816418-300x170.jpg 300w, https:\/\/antipropaganda.hu\/wp-content\/smush-webp\/2026\/08\/istock-151534273-e1552839816418-768x435.jpg.webp 768w, https:\/\/antipropaganda.hu\/wp-content\/uploads\/2026\/08\/istock-151534273-e1552839816418-18x10.jpg 18w, https:\/\/antipropaganda.hu\/wp-content\/uploads\/2026\/08\/istock-151534273-e1552839816418-742x420.jpg 742w, https:\/\/antipropaganda.hu\/wp-content\/uploads\/2026\/08\/istock-151534273-e1552839816418-150x85.jpg 150w, https:\/\/antipropaganda.hu\/wp-content\/uploads\/2026\/08\/istock-151534273-e1552839816418-696x394.jpg 696w, https:\/\/antipropaganda.hu\/wp-content\/uploads\/2026\/08\/istock-151534273-e1552839816418-1068x604.jpg 1068w, https:\/\/antipropaganda.hu\/wp-content\/uploads\/2026\/08\/istock-151534273-e1552839816418-1320x747.jpg 1320w, https:\/\/antipropaganda.hu\/wp-content\/uploads\/2026\/08\/istock-151534273-e1552839816418-600x339.jpg 600w, https:\/\/antipropaganda.hu\/wp-content\/uploads\/2026\/08\/istock-151534273-e1552839816418.jpg 1414w\" sizes=\"(max-width: 518px) 100vw, 518px\" \/><\/p>\n<ul data-path-to-node=\"6\">\n<li>\n<p data-path-to-node=\"6,1,0\"><b data-path-to-node=\"6,1,0\" data-index-in-node=\"0\">Oszm\u00e1n k\u00f6zigazgat\u00e1s:<\/b> Az Oszm\u00e1n Birodalom \u00e9vsz\u00e1zadai alatt a ter\u00fclet k\u00f6zigazgat\u00e1si egys\u00e9gekre (szandzs\u00e1kokra, pl. a Jeruzs\u00e1lemi Szandzs\u00e1kra) tagoz\u00f3dott, amelyek helyi auton\u00f3mi\u00e1val \u00e9s saj\u00e1tos kultur\u00e1lis arculattal rendelkeztek.<\/p>\n<\/li>\n<\/ul>\n<p><img decoding=\"async\" class=\"wp-image-4628 aligncenter\" src=\"https:\/\/antipropaganda.hu\/wp-content\/smush-webp\/2026\/08\/LONG-1867-PALAESTINA-700x919-1.jpg.webp\" alt=\"\" width=\"445\" height=\"584\" title=\"\" srcset=\"https:\/\/antipropaganda.hu\/wp-content\/smush-webp\/2026\/08\/LONG-1867-PALAESTINA-700x919-1.jpg.webp 700w, https:\/\/antipropaganda.hu\/wp-content\/smush-webp\/2026\/08\/LONG-1867-PALAESTINA-700x919-1-229x300.jpg.webp 229w, https:\/\/antipropaganda.hu\/wp-content\/uploads\/2026\/08\/LONG-1867-PALAESTINA-700x919-1-9x12.jpg 9w, https:\/\/antipropaganda.hu\/wp-content\/smush-webp\/2026\/08\/LONG-1867-PALAESTINA-700x919-1-320x420.jpg.webp 320w, https:\/\/antipropaganda.hu\/wp-content\/smush-webp\/2026\/08\/LONG-1867-PALAESTINA-700x919-1-150x197.jpg.webp 150w, https:\/\/antipropaganda.hu\/wp-content\/smush-webp\/2026\/08\/LONG-1867-PALAESTINA-700x919-1-300x394.jpg.webp 300w, https:\/\/antipropaganda.hu\/wp-content\/smush-webp\/2026\/08\/LONG-1867-PALAESTINA-700x919-1-696x914.jpg.webp 696w, https:\/\/antipropaganda.hu\/wp-content\/smush-webp\/2026\/08\/LONG-1867-PALAESTINA-700x919-1-600x788.jpg.webp 600w\" sizes=\"(max-width: 445px) 100vw, 445px\" \/><\/p>\n<ul data-path-to-node=\"6\">\n<li>\n<p data-path-to-node=\"6,2,0\"><b data-path-to-node=\"6,2,0\" data-index-in-node=\"0\">A Brit Mand\u00e1tum (1920\u20131948):<\/b> Az els\u0151 vil\u00e1gh\u00e1bor\u00fat k\u00f6vet\u0151en a N\u00e9psz\u00f6vets\u00e9g hivatalosan fel\u00e1ll\u00edtotta a <b data-path-to-node=\"6,2,0\" data-index-in-node=\"101\">Palesztinai Mand\u00e1tumot<\/b> (<i data-path-to-node=\"6,2,0\" data-index-in-node=\"125\">British Mandate for Palestine<\/i>). Ez az \u00e1llami alakulat nemzetk\u00f6zileg elismert hat\u00e1rokkal, saj\u00e1t k\u00f6zigazgat\u00e1ssal, hivatalos valuta-rendszerrel (palesztin font) \u00e9s lak\u00f3i sz\u00e1m\u00e1ra ki\u00e1ll\u00edtott palesztin \u00fatlev\u00e9llel rendelkezett.<\/p>\n<\/li>\n<\/ul>\n<p><img decoding=\"async\" class=\"wp-image-4629 aligncenter\" src=\"https:\/\/antipropaganda.hu\/wp-content\/uploads\/2026\/08\/Mandate_for_Palestine_legal_instrument.png\" alt=\"\" width=\"281\" height=\"414\" title=\"\" srcset=\"https:\/\/antipropaganda.hu\/wp-content\/uploads\/2026\/08\/Mandate_for_Palestine_legal_instrument.png 387w, https:\/\/antipropaganda.hu\/wp-content\/uploads\/2026\/08\/Mandate_for_Palestine_legal_instrument-204x300.png 204w, https:\/\/antipropaganda.hu\/wp-content\/uploads\/2026\/08\/Mandate_for_Palestine_legal_instrument-8x12.png 8w, https:\/\/antipropaganda.hu\/wp-content\/smush-webp\/2026\/08\/Mandate_for_Palestine_legal_instrument-285x420.png.webp 285w, https:\/\/antipropaganda.hu\/wp-content\/uploads\/2026\/08\/Mandate_for_Palestine_legal_instrument-150x221.png 150w, https:\/\/antipropaganda.hu\/wp-content\/uploads\/2026\/08\/Mandate_for_Palestine_legal_instrument-300x442.png 300w\" sizes=\"(max-width: 281px) 100vw, 281px\" \/><\/p>\n<h3 data-path-to-node=\"8\">2. A palesztin identit\u00e1s eredete \u00e9s a nemzet\u00e9p\u00edt\u00e9s folyamata<\/h3>\n<p data-path-to-node=\"9\">A toposz m\u00e1sik k\u00f6zponti eleme szerint a palesztin \u00f6ntudat csup\u00e1n a zsid\u00f3 bev\u00e1ndorl\u00e1sra adott \u201emesters\u00e9ges v\u00e1laszreakci\u00f3\u201d, k\u00f6vetkez\u00e9sk\u00e9ppen nem tekinthet\u0151 \u00f6n\u00e1ll\u00f3 nemzetnek.<\/p>\n<ul data-path-to-node=\"10\">\n<li>\n<p data-path-to-node=\"10,0,0\"><b data-path-to-node=\"10,0,0\" data-index-in-node=\"0\">P\u00e1rhuzamos nemzet\u00e9p\u00edt\u00e9s:<\/b> A 19. sz\u00e1zad v\u00e9g\u00e9n \u00e9s a 20. sz\u00e1zad elej\u00e9n az Oszm\u00e1n Birodalom felboml\u00e1sa az eg\u00e9sz K\u00f6zel-Keleten elind\u00edtotta a modern nemzeti identit\u00e1sok kialakul\u00e1s\u00e1t. Ahogyan a sz\u00edr, iraki vagy jord\u00e1n nemzeti \u00f6ntudat \u2013 \u00e9s ezzel p\u00e1rhuzamosan a modern cionista identit\u00e1s \u2013 ebben az id\u0151szakban form\u00e1l\u00f3dott modern nemzett\u00e9, \u00fagy alakult ki a palesztin arab \u00f6ntudat is.<\/p>\n<\/li>\n<li>\n<p data-path-to-node=\"10,1,0\"><b data-path-to-node=\"10,1,0\" data-index-in-node=\"0\">Helyi folytonoss\u00e1g:<\/b> A palesztin lakoss\u00e1g \u00e9vsz\u00e1zadok \u00f3ta folyamatosan a F\u00f6ldk\u00f6zi-tenger \u00e9s a Jord\u00e1n foly\u00f3 k\u00f6z\u00f6tti ter\u00fcleten \u00e9lt. Kult\u00far\u00e1juk, dialektusuk, f\u00f6ldm\u0171vel\u00e9si \u00e9s v\u00e1rosi hagyom\u00e1nyaik m\u00e9lyen a helyi f\u00f6ldh\u00f6z k\u00f6t\u0151dnek.<\/p>\n<\/li>\n<li>\n<p data-path-to-node=\"10,2,0\"><b data-path-to-node=\"10,2,0\" data-index-in-node=\"0\">Nemzetk\u00f6zi jogi defin\u00edci\u00f3:<\/b> A modern nemzetk\u00f6zi jog \u00e9s a szociol\u00f3gia alapj\u00e1n egy n\u00e9p l\u00e9tez\u00e9se nem f\u00fcgg k\u00fcls\u0151 \u00e1llamok politikai elismer\u00e9s\u00e9t\u0151l. Ha egy k\u00f6z\u00f6ss\u00e9g k\u00f6z\u00f6s t\u00f6rt\u00e9nelemmel, kult\u00far\u00e1val \u00e9s identit\u00e1ssal rendelkezik, \u00e9s \u00f6nmag\u00e1t n\u00e9pk\u00e9nt hat\u00e1rozza meg, a kollekt\u00edv \u00f6nrendelkez\u00e9s joga megilleti.<\/p>\n<\/li>\n<\/ul>\n<h3 data-path-to-node=\"12\">3. A toposz politikai funkci\u00f3ja: Mi\u00e9rt terjesztik?<\/h3>\n<p data-path-to-node=\"13\">Egy n\u00e9p \u00e9s haz\u00e1ja l\u00e9tez\u00e9s\u00e9nek tagad\u00e1sa a propaganda legvesz\u00e9lyesebb eszk\u00f6zei k\u00f6z\u00e9 tartozik. A \u201ePalesztina nem l\u00e9tezik\u201d m\u00edtosza meghat\u00e1rozott strat\u00e9gi\u00e1t szolg\u00e1l:<\/p>\n<ul data-path-to-node=\"14\">\n<li>\n<p data-path-to-node=\"14,0,0\"><b data-path-to-node=\"14,0,0\" data-index-in-node=\"0\">A jogfoszt\u00e1s igazol\u00e1sa:<\/b> Ha a palesztinok \u201enem l\u00e9teznek\u201d mint nemzet, akkor nem illetik meg \u0151ket nemzeti jogok \u2013 sem a saj\u00e1t \u00e1llamhoz, sem a sz\u00fcl\u0151f\u00f6ldj\u00fckh\u00f6z val\u00f3 jog.<\/p>\n<\/li>\n<li>\n<p data-path-to-node=\"14,1,0\"><b data-path-to-node=\"14,1,0\" data-index-in-node=\"0\">A f\u00f6ldki\u00fcr\u00edt\u00e9s narrat\u00edv\u00e1ja:<\/b> Ezt a c\u00e9lt szolg\u00e1lta a korai cionista mozgalom ismert szlogenje is: <i data-path-to-node=\"14,1,0\" data-index-in-node=\"96\">\u201eEgy f\u00f6ldet n\u00e9p n\u00e9lk\u00fcl egy n\u00e9pnek f\u00f6ld n\u00e9lk\u00fcl\u201d<\/i>. A szlogen azt az \u00e1tl\u00e1tsz\u00f3 hamis\u00edt\u00e1st terjesztette, mintha a ter\u00fclet lakatlan lett volna a t\u00f6meges bev\u00e1ndorl\u00e1s el\u0151tt.<\/p>\n<\/li>\n<li>\n<p data-path-to-node=\"14,2,0\"><b data-path-to-node=\"14,2,0\" data-index-in-node=\"0\">Demogr\u00e1fiai terel\u00e9s:<\/b> A palesztinokat \u00f6n\u00e1ll\u00f3 nemzet helyett csup\u00e1n \u201eaz arab vil\u00e1g egy sz\u00e9toszlathat\u00f3 csoportjak\u00e9nt\u201d pr\u00f3b\u00e1lj\u00e1k be\u00e1ll\u00edtani, azt sugallva, hogy joguk \u00e9s hely\u00fck a szomsz\u00e9dos arab orsz\u00e1gokban lenne.<\/p>\n<\/li>\n<\/ul>\n<p data-path-to-node=\"15\">A t\u00e9nyek eltagad\u00e1sa nem a m\u00falt meg\u00e9rt\u00e9s\u00e9t, hanem a jelenben zajl\u00f3 jogfoszt\u00e1s \u00e9s etnikai \u00e1trendez\u00e9s elfed\u00e9s\u00e9t szolg\u00e1lja. A palesztin t\u00f6rt\u00e9nelem, a felt\u00e1rt dokumentumok \u00e9s a folyamatos jelenl\u00e9t ellenben egy\u00e9rtelm\u0171v\u00e9 teszi: a f\u00f6ldrajzi \u00e9s nemzeti identit\u00e1s eltagad\u00e1sa csup\u00e1n politikai konstrukci\u00f3, amely a val\u00f3s\u00e1g talaj\u00e1n nem \u00e1ll meg.<\/p>","protected":false},"excerpt":{"rendered":"<p>A K\u00f6zel-Kelet\u00e9rt folytatott inform\u00e1ci\u00f3s hadvisel\u00e9sben az egyik leg\u0151sibb \u00e9s leggyakrabban \u00fajrahasznos\u00edtott narrat\u00edva nem a hat\u00e1rokr\u00f3l vagy a katonai l\u00e9p\u00e9sekr\u0151l sz\u00f3l, hanem egy teljes n\u00e9p l\u00e9tez\u00e9s\u00e9nek tagad\u00e1s\u00e1r\u00f3l. A pro-izraeli publicisztik\u00e1ban \u00e9s a k\u00f6z\u00f6ss\u00e9gi m\u00e9di\u00e1ban rendszeresen felbukkan\u00f3 \u00e1ll\u00edt\u00e1sok \u2013 miszerint \u201ePalesztina sosem l\u00e9tezett\u201d, vagy \u201epalesztin n\u00e9p mint olyan nem l\u00e9tezik\u201d \u2013 nem egyszer\u0171 t\u00f6rt\u00e9neti t\u00e9ved\u00e9sek, hanem tudatosan [&hellip;]<\/p>\n","protected":false},"author":1,"featured_media":4631,"comment_status":"open","ping_status":"closed","sticky":false,"template":"","format":"standard","meta":{"rs_blank_template":"","rs_page_bg_color":"","slide_template_v7":"","_monsterinsights_skip_tracking":false,"wpai_generated_summary":"","tdm_status":"","tdm_grid_status":"","footnotes":""},"categories":[20,25,32],"tags":[100,153,155,105,104],"class_list":["post-4626","post","type-post","status-publish","format-standard","has-post-thumbnail","category-tudasanyag","category-hasbara-megdonese","category-hazugsagok-tortenelem-hamisitas","tag-hasbara","tag-kozel-kelet","tag-mediaelemzes","tag-palesztin","tag-palesztina"],"_links":{"self":[{"href":"https:\/\/antipropaganda.hu\/en\/wp-json\/wp\/v2\/posts\/4626","targetHints":{"allow":["GET"]}}],"collection":[{"href":"https:\/\/antipropaganda.hu\/en\/wp-json\/wp\/v2\/posts"}],"about":[{"href":"https:\/\/antipropaganda.hu\/en\/wp-json\/wp\/v2\/types\/post"}],"author":[{"embeddable":true,"href":"https:\/\/antipropaganda.hu\/en\/wp-json\/wp\/v2\/users\/1"}],"replies":[{"embeddable":true,"href":"https:\/\/antipropaganda.hu\/en\/wp-json\/wp\/v2\/comments?post=4626"}],"version-history":[{"count":0,"href":"https:\/\/antipropaganda.hu\/en\/wp-json\/wp\/v2\/posts\/4626\/revisions"}],"wp:featuredmedia":[{"embeddable":true,"href":"https:\/\/antipropaganda.hu\/en\/wp-json\/wp\/v2\/media\/4631"}],"wp:attachment":[{"href":"https:\/\/antipropaganda.hu\/en\/wp-json\/wp\/v2\/media?parent=4626"}],"wp:term":[{"taxonomy":"category","embeddable":true,"href":"https:\/\/antipropaganda.hu\/en\/wp-json\/wp\/v2\/categories?post=4626"},{"taxonomy":"post_tag","embeddable":true,"href":"https:\/\/antipropaganda.hu\/en\/wp-json\/wp\/v2\/tags?post=4626"}],"curies":[{"name":"wp","href":"https:\/\/api.w.org\/{rel}","templated":true}]}}