{"id":4622,"date":"2026-08-28T07:19:18","date_gmt":"2026-08-28T05:19:18","guid":{"rendered":"https:\/\/antipropaganda.hu\/?p=4622"},"modified":"2026-08-28T07:19:18","modified_gmt":"2026-08-28T05:19:18","slug":"haaretz-izrael-drogkereskedoket-fegyverez-fel-egy-ujabb-szabra-es-satila-elkovetesere-gazaban","status":"publish","type":"post","link":"https:\/\/antipropaganda.hu\/en\/haaretz-izrael-drogkereskedoket-fegyverez-fel-egy-ujabb-szabra-es-satila-elkovetesere-gazaban\/","title":{"rendered":"Haaretz: Israel Arms Drug Dealers to Commit Another \u201eSabra and Satila\u201d in Gaza."},"content":{"rendered":"<p><strong>B\u0171n\u00f6z\u0151i csoportok palesztinokat \u0171ztek el \u00e9s otthonokat raboltak ki, mik\u00f6zben az izraeli hadsereg \u201eoperat\u00edv karjak\u00e9nt\u201d szolg\u00e1lnak.<\/strong><\/p>\n<p data-path-to-node=\"4\">Egyre n\u0151nek a f\u00e9lelmek att\u00f3l, hogy Izrael olyan helyi kegyetlens\u00e9gek felt\u00e9teleit teremtheti meg G\u00e1z\u00e1ban, amelyek \u201ea szabra \u00e9s satilai m\u00e9sz\u00e1rl\u00e1sra eml\u00e9keztetnek\u201d \u2013 \u00e1ll az <i data-path-to-node=\"4\" data-index-in-node=\"170\">Haaretz<\/i> c\u00edm\u0171 izraeli napilap besz\u00e1mol\u00f3j\u00e1ban.<\/p>\n<p data-path-to-node=\"5\">Az 1982-es m\u00e9sz\u00e1rl\u00e1s sor\u00e1n az Izraellel sz\u00f6vets\u00e9ges libanoni falangista er\u0151k ak\u00e1r 3500 palesztin \u00e9s libanoni civilt m\u00e9sz\u00e1roltak le, mik\u00f6zben az izraeli csapatok k\u00f6rbevett\u00e9k a bejr\u00fati menek\u00fcltt\u00e1borokat, \u00e9s fel\u00fcgyelt\u00e9k a gyilkoss\u00e1gokat.<\/p>\n<p data-path-to-node=\"6\">Szerd\u00e1n k\u00f6zz\u00e9tett besz\u00e1mol\u00f3j\u00e1ban a <i data-path-to-node=\"6\" data-index-in-node=\"35\">Haaretz<\/i> arra figyelmeztetett, hogy az izraeli hadsereg egyre kiterjedtebben haszn\u00e1l zsoldosokat, b\u0171n\u00f6z\u0151i csoportokat \u00e9s drogkeresked\u0151ket, hogy \u201eh\u00e1bor\u00fas b\u0171n\u00f6ket\u201d k\u00f6vessenek el Izrael nev\u00e9ben G\u00e1z\u00e1ban.<\/p>\n<p data-path-to-node=\"7\">Izraeli katon\u00e1k tan\u00favallom\u00e1sai, ENSZ-jelent\u00e9sek \u00e9s m\u0171holdfelv\u00e9telek alapj\u00e1n a nyomoz\u00e1s meg\u00e1llap\u00edtotta, hogy az egyre jobban felfegyverzett kollabor\u00e1ns mil\u00edci\u00e1k palesztinokat \u0171ztek el otthonaikb\u00f3l, \u00e9s m\u0171veleteket hajtottak v\u00e9gre G\u00e1za-szerte.<\/p>\n<p data-path-to-node=\"8\">Izrael legal\u00e1bb \u00f6t milicista csoportot kik\u00e9pzett \u2013 \u00e9s potenci\u00e1lisan egy hatodikat is \u2013, amelyek az \u00f6vezet izraeli megsz\u00e1ll\u00e1s alatt \u00e1ll\u00f3 ter\u00fcletein bel\u00fcli, er\u0151sen meger\u0151s\u00edtett b\u00e1zisokr\u00f3l m\u0171k\u00f6dnek.<\/p>\n<p data-path-to-node=\"9\">Egy izraeli katona le\u00edrta, hogy az \u00e1llam, a hadsereg \u00e9s a Sin B\u00e9t h\u00edrszerz\u0151 szolg\u00e1lat felfegyverzett \u00e9s \u201ekik\u00e9pzett mil\u00edci\u00e1kat k\u00fcld h\u00e1bor\u00fas b\u0171n\u00f6k elk\u00f6vet\u00e9s\u00e9re, \u00e9s \u00e9n vagyok az, akinek meg kell v\u00e9denie \u0151ket a m\u0171veleteik sor\u00e1n, hogy ne essen b\u00e1nt\u00f3d\u00e1suk\u201d.<\/p>\n<p data-path-to-node=\"10\">Az izraeli hadsereg maga is k\u00f6vett el h\u00e1bor\u00fas b\u0171n\u00f6ket G\u00e1za-szerte. Izrael ellen n\u00e9pirt\u00e1si elj\u00e1r\u00e1s folyik a Nemzetk\u00f6zi B\u00edr\u00f3s\u00e1gon (ICJ), m\u00edg a Nemzetk\u00f6zi B\u00fcntet\u0151b\u00edr\u00f3s\u00e1g (ICC) elfogat\u00f3parancsot adott ki Benjamin Netanjahu minisztereln\u00f6k \u00e9s Yoav Gallant volt v\u00e9delmi miniszter ellen h\u00e1bor\u00fas b\u0171n\u00f6k \u00e9s emberiess\u00e9g elleni b\u0171ncselekm\u00e9nyek miatt.<\/p>\n<p data-path-to-node=\"11\">Legal\u00e1bb egy, Izrael \u00e1ltal felfegyverzett \u00e9s t\u00e1mogatott mil\u00edcia kapcsolatban \u00e1llt az Iszl\u00e1m \u00c1llam csoporttal. Vezet\u0151j\u00e9t, Yasser Abu Shababot a Ham\u00e1sz \u00f6lte meg 2025 december\u00e9ben. Sok palesztin \u00fcnnepelte Abu Shabab hal\u00e1l\u00e1t, m\u00edg saj\u00e1t csal\u00e1dja megtagadta \u0151t, mint Izraellel kollabor\u00e1l\u00f3 \u00e1rul\u00f3t.<\/p>\n<p data-path-to-node=\"12\"><i data-path-to-node=\"12\" data-index-in-node=\"0\">\u201eDe a mil\u00edcia-projekt, amelyet \u0151 szimboliz\u00e1lt, tov\u00e1bb fejl\u0151dik \u00e9s b\u0151v\u00fcl \u2013 k\u00fcl\u00f6n\u00f6sen a 2025 okt\u00f3beri t\u0171zsz\u00fcnet bejelent\u00e9se \u00f3ta\u201d<\/i> \u2013 jelentette a <i data-path-to-node=\"12\" data-index-in-node=\"142\">Haaretz<\/i>.<\/p>\n<p data-path-to-node=\"13\">Egy m\u00e1sik mil\u00edciavezet\u0151, Shawqi Abu Nasira ny\u00edltan elismerte az Izraellel val\u00f3 egy\u00fcttm\u0171k\u00f6d\u00e9s\u00e9t egy neten k\u00f6zz\u00e9tett vide\u00f3ban:<\/p>\n<blockquote data-path-to-node=\"14\">\n<p data-path-to-node=\"14,0\"><i data-path-to-node=\"14,0\" data-index-in-node=\"0\">\u201e\u00dagy d\u00f6nt\u00f6ttem, hogy felszabad\u00edtom a f\u00f6ldet a Ham\u00e1sz al\u00f3l. Ha az emberek azt mondj\u00e1k, hogy ez kollabor\u00e1nss\u00e1 tesz, akkor kollabor\u00e1ns vagyok.\u201d<\/i><\/p>\n<\/blockquote>\n<p data-path-to-node=\"15\">A palesztinok t\u00falnyom\u00f3 t\u00f6bbs\u00e9ge \u00e1rul\u00e1snak \u00e9s cserbenhagy\u00e1snak tekinti az Izraellel val\u00f3 egy\u00fcttm\u0171k\u00f6d\u00e9st, f\u00fcggetlen\u00fcl a Ham\u00e1sszal kapcsolatos \u00e1ll\u00e1spontj\u00e1t\u00f3l.<\/p>\n<blockquote data-path-to-node=\"17\">\n<p data-path-to-node=\"17,0\"><i data-path-to-node=\"17,0\" data-index-in-node=\"0\">\u201eMinden \u00e9p\u00fcletbe bementek, kiraboltak mindent, amihez hozz\u00e1f\u00e9rtek, cuccok t\u00f6meg\u00e9vel j\u00f6ttek ki \u2013 azt\u00e1n felgy\u00fajtott\u00e1k a h\u00e1zat.\u201d<\/i><\/p>\n<p data-path-to-node=\"17,1\">\u2013 N\u00e9vtelen izraeli katona<\/p>\n<\/blockquote>\n<p data-path-to-node=\"19\">Izrael infrastrukt\u00far\u00e1t is ki\u00e9p\u00edtett a band\u00e1k sz\u00e1m\u00e1ra G\u00e1za kiterjedt pusztul\u00e1sa k\u00f6zepette. Egy sudzsaijai mil\u00edciab\u00e1zis k\u00f6zel\u00e9ben az izraeli er\u0151k f\u00f6ldig romboltak egy nagy palesztin temet\u0151t, \u00e9s egy kiterjedt kik\u00e9pz\u0151p\u00e1ly\u00e1val helyettes\u00edtett\u00e9k.<\/p>\n<p data-path-to-node=\"20\">A band\u00e1k \u00e9s az izraeli hadsereg k\u00f6z\u00f6tti kapcsolat egyre ink\u00e1bb \u00f6sszefon\u00f3dik. A fegyveresek szabadon j\u00e1rk\u00e1lnak az izraeli hadsereg kihelyezett \u00e1ll\u00e1sai k\u00f6r\u00fcl a <i data-path-to-node=\"20\" data-index-in-node=\"158\">Haaretz<\/i>-nek nyilatkoz\u00f3 katon\u00e1k szerint.<\/p>\n<p data-path-to-node=\"21\"><i data-path-to-node=\"21\" data-index-in-node=\"0\">\u201eA fegyveresek er\u0151demonstr\u00e1ci\u00f3kat rendeznek, lefilmezik azokat, \u00e9s a felv\u00e9teleket felt\u00f6ltik a Facebook-oldalaikra propaganda \u00e9s toborz\u00e1s c\u00e9lj\u00e1b\u00f3l\u201d<\/i> \u2013 \u00e1ll a vizsg\u00e1latban.<\/p>\n<p data-path-to-node=\"22\">Izrael fegyverekkel l\u00e1tja el a band\u00e1kat, valamint t\u00fcz\u00e9rs\u00e9gi \u00e9s dr\u00f3nt\u00e1mogat\u00e1st ny\u00fajt a m\u0171veleteik sor\u00e1n.<\/p>\n<h3 data-path-to-node=\"23\">\u201eA Szabra \u00e9s Satil\u00e1ra eml\u00e9keztet\u201d<\/h3>\n<p data-path-to-node=\"24\">A zsoldosok egy m\u00e1sik c\u00e9lt is szolg\u00e1lnak. Megt\u00e1madj\u00e1k az Izrael \u00e1ltali n\u00e9pirt\u00e1st t\u00fal\u00e9lni pr\u00f3b\u00e1l\u00f3 palesztinokat, ki\u0171zik a csal\u00e1dokat az otthonaikb\u00f3l, kifosztj\u00e1k a javaikat \u00e9s felgy\u00fajtj\u00e1k a h\u00e1zaikat.<\/p>\n<p data-path-to-node=\"25\">Izraeli miniszterek t\u00f6bbsz\u00f6r is felsz\u00f3l\u00edtottak arra, hogy tegy\u00e9k elviselhetetlenn\u00e9 az \u00e9letet G\u00e1z\u00e1ban az \u00f6vezet etnikai megtiszt\u00edt\u00e1s\u00e1ra \u00e9s palesztin lakoss\u00e1g\u00e1nak zsid\u00f3 telepesekkel val\u00f3 felv\u00e1lt\u00e1s\u00e1ra tett k\u00eds\u00e9rletek r\u00e9szek\u00e9nt.<\/p>\n<p data-path-to-node=\"26\">Egy besz\u00e1mol\u00f3ban izraeli katon\u00e1k elmondt\u00e1k, hogy a zsoldosok terepj\u00e1r\u00f3kkal \u00e9rkeztek, miel\u0151tt <i data-path-to-node=\"26\" data-index-in-node=\"93\">\u201eegyszer\u0171en rohantak \u00e9s l\u0151ttek az emberekre\u201d<\/i>.<\/p>\n<p data-path-to-node=\"27\"><i data-path-to-node=\"27\" data-index-in-node=\"0\">\u201eMinden \u00e9p\u00fcletbe bementek, kiraboltak mindent, amihez hozz\u00e1f\u00e9rtek, cuccok t\u00f6meg\u00e9vel j\u00f6ttek ki \u2013 azt\u00e1n felgy\u00fajtott\u00e1k a h\u00e1zat\u201d<\/i> \u2013 mondta egy n\u00e9vtelen\u00fcl nyilatkoz\u00f3 izraeli katona.<\/p>\n<p data-path-to-node=\"28\">Azok a jelent\u00e9sek, amelyek szerint Izrael helyi band\u00e1kat haszn\u00e1lt fel a G\u00e1za etnikai megtiszt\u00edt\u00e1s\u00e1ra ir\u00e1nyul\u00f3 strat\u00e9gi\u00e1ja egyes r\u00e9szeinek kiszervez\u00e9s\u00e9re, nem \u00fajak. Tev\u00e9kenys\u00e9g\u00fcket t\u00f6bb mint egy \u00e9ve dokument\u00e1lj\u00e1k. A katon\u00e1k tan\u00favallom\u00e1sai azonban tov\u00e1bbi bizony\u00edt\u00e9kot szolg\u00e1ltatnak arra, hogy a zsoldosok mostanra az izraeli hadsereg \u00e9s a Sin B\u00e9t \u201eoperat\u00edv karjak\u00e9nt\u201d m\u0171k\u00f6dnek.<\/p>\n<p data-path-to-node=\"29\">Izrael tov\u00e1bbra is fegyverezi a b\u0171n\u00f6z\u0151i csoportokat, mik\u00f6zben k\u00f6veteli a Ham\u00e1sz fegyverzet\u00e9nek leszerel\u00e9s\u00e9t, \u00e9s ellenzi b\u00e1rmilyen f\u00fcggetlen palesztin biztons\u00e1gi er\u0151 l\u00e9trehoz\u00e1s\u00e1t G\u00e1z\u00e1ban. Ez az elrendez\u00e9s lehet\u0151v\u00e9 teszi Izrael sz\u00e1m\u00e1ra, hogy a mil\u00edci\u00e1kat b\u00e1rki ellen felhaszn\u00e1lja, akit Ham\u00e1sz-tagk\u00e9nt b\u00e9lyegez meg, mik\u00f6zben r\u00e1ereszti \u0151ket a h\u00e9tk\u00f6znapi palesztinokra.<\/p>\n<p data-path-to-node=\"30\">Ham\u00e1sz-forr\u00e1sok azt nyilatkozt\u00e1k a <i data-path-to-node=\"30\" data-index-in-node=\"35\">Haaretz<\/i>-nek, hogy nem adj\u00e1k \u00e1t \u201ev\u00e9delmi fegyvereiket\u201d, am\u00edg a mil\u00edci\u00e1k felfegyverezve maradnak \u00e9s izraeli t\u00e1mogat\u00e1st kapnak, mert a csoportok c\u00e9lba venn\u00e9k \u0151ket.<\/p>","protected":false},"excerpt":{"rendered":"<p>B\u0171n\u00f6z\u0151i csoportok palesztinokat \u0171ztek el \u00e9s otthonokat raboltak ki, mik\u00f6zben az izraeli hadsereg \u201eoperat\u00edv karjak\u00e9nt\u201d szolg\u00e1lnak. Egyre n\u0151nek a f\u00e9lelmek att\u00f3l, hogy Izrael olyan helyi kegyetlens\u00e9gek felt\u00e9teleit teremtheti meg G\u00e1z\u00e1ban, amelyek \u201ea szabra \u00e9s satilai m\u00e9sz\u00e1rl\u00e1sra eml\u00e9keztetnek\u201d \u2013 \u00e1ll az Haaretz c\u00edm\u0171 izraeli napilap besz\u00e1mol\u00f3j\u00e1ban. Az 1982-es m\u00e9sz\u00e1rl\u00e1s sor\u00e1n az Izraellel sz\u00f6vets\u00e9ges libanoni falangista er\u0151k [&hellip;]<\/p>\n","protected":false},"author":1,"featured_media":4623,"comment_status":"open","ping_status":"closed","sticky":false,"template":"","format":"standard","meta":{"rs_blank_template":"","rs_page_bg_color":"","slide_template_v7":"","_monsterinsights_skip_tracking":false,"wpai_generated_summary":"","tdm_status":"","tdm_grid_status":"","footnotes":""},"categories":[31],"tags":[162,161,139,100,167,96,163,153,154,105,104],"class_list":["post-4622","post","type-post","status-publish","format-standard","has-post-thumbnail","category-izrael-igazi-arca","tag-gaza-haboru","tag-gazai-haboru","tag-gazai-ovezet","tag-hasbara","tag-idf","tag-izrael","tag-izrael-terror","tag-kozel-kelet","tag-nemzetkozi-kapcsolatok","tag-palesztin","tag-palesztina"],"_links":{"self":[{"href":"https:\/\/antipropaganda.hu\/en\/wp-json\/wp\/v2\/posts\/4622","targetHints":{"allow":["GET"]}}],"collection":[{"href":"https:\/\/antipropaganda.hu\/en\/wp-json\/wp\/v2\/posts"}],"about":[{"href":"https:\/\/antipropaganda.hu\/en\/wp-json\/wp\/v2\/types\/post"}],"author":[{"embeddable":true,"href":"https:\/\/antipropaganda.hu\/en\/wp-json\/wp\/v2\/users\/1"}],"replies":[{"embeddable":true,"href":"https:\/\/antipropaganda.hu\/en\/wp-json\/wp\/v2\/comments?post=4622"}],"version-history":[{"count":0,"href":"https:\/\/antipropaganda.hu\/en\/wp-json\/wp\/v2\/posts\/4622\/revisions"}],"wp:featuredmedia":[{"embeddable":true,"href":"https:\/\/antipropaganda.hu\/en\/wp-json\/wp\/v2\/media\/4623"}],"wp:attachment":[{"href":"https:\/\/antipropaganda.hu\/en\/wp-json\/wp\/v2\/media?parent=4622"}],"wp:term":[{"taxonomy":"category","embeddable":true,"href":"https:\/\/antipropaganda.hu\/en\/wp-json\/wp\/v2\/categories?post=4622"},{"taxonomy":"post_tag","embeddable":true,"href":"https:\/\/antipropaganda.hu\/en\/wp-json\/wp\/v2\/tags?post=4622"}],"curies":[{"name":"wp","href":"https:\/\/api.w.org\/{rel}","templated":true}]}}