{"id":4619,"date":"2026-08-28T07:09:55","date_gmt":"2026-08-28T05:09:55","guid":{"rendered":"https:\/\/antipropaganda.hu\/?p=4619"},"modified":"2026-08-28T07:09:55","modified_gmt":"2026-08-28T05:09:55","slug":"az-iszlamofobia-izrael-trojai-falojava-valt-hogy-megnyerje-a-nyugatiakat","status":"publish","type":"post","link":"https:\/\/antipropaganda.hu\/en\/az-iszlamofobia-izrael-trojai-falojava-valt-hogy-megnyerje-a-nyugatiakat\/","title":{"rendered":"Islamophobia has become Israel&#039;s Trojan horse to win over Westerners"},"content":{"rendered":"<p><strong>Netanjahu \u00e9s miniszterei most azon dolgoznak, hogy az eur\u00f3paiak muszlimokt\u00f3l val\u00f3 f\u00e9lelm\u00e9t politikai t\u0151k\u00e9v\u00e9 alak\u00edts\u00e1k.<\/strong><\/p>\n<p>Amichai Chikli, Izrael diaszp\u00f3ra\u00fcgyi minisztere \u0151szint\u00e9bben kifejtette saj\u00e1t strat\u00e9gi\u00e1j\u00e1t, mint azt b\u00e1rmelyik kritikusa tehetn\u00e9.<\/p>\n<p>Az antiszemitizmus \u2013 mondta egy riporternek \u2013 nem igaz\u00e1n \u00e9rdekli az \u00e1tlagos eur\u00f3pait vagy amerikait, m\u00edg a \u201eradik\u00e1lis iszl\u00e1mt\u00f3l\u201d val\u00f3 f\u00e9lelem \u201enagyon-nagyon\u201d \u00e9rdekli \u0151ket, ez\u00e9rt Izraelnek \u201eki kell haszn\u00e1lnia ezt\u201d.<\/p>\n<p>Egy magas rang\u00fa kabinetminiszter elismeri, hogy az iszlamof\u00f3bia tr\u00f3jai fal\u00f3v\u00e1 v\u00e1lt Izrael sz\u00e1m\u00e1ra, hogy megnyerje az eur\u00f3pai \u00e9s amerikai sz\u00edveket \u00e9s elm\u00e9ket.<\/p>\n<p>\u00c9s ez a legvil\u00e1gosabb besz\u00e1mol\u00f3 arr\u00f3l, hogy miv\u00e9 v\u00e1lt a szolg\u00e1lata Benjamin Netanjahu alatt; egy olyan hivatal, amely egykor a k\u00fclf\u00f6ldi zsid\u00f3 k\u00f6z\u00f6ss\u00e9gek v\u00e9delm\u00e9t szolg\u00e1lta, most azon dolgozik, hogy az eur\u00f3paiak muszlimokt\u00f3l val\u00f3 f\u00e9lelm\u00e9t politikai t\u0151k\u00e9v\u00e9 alak\u00edtsa az izraeli korm\u00e1ny sz\u00e1m\u00e1ra.<\/p>\n<p>A szolg\u00e1lat\u00e1t az ellenkez\u0151 munk\u00e1ra \u00e9p\u00edtett\u00e9k.<\/p>\n<p>A diaszp\u00f3ra\u00fcgyek a zsid\u00f3 k\u00f6z\u00f6ss\u00e9gek t\u00e1mogat\u00e1s\u00e1t, \u00fatmutat\u00e1suk elfogad\u00e1s\u00e1t \u00e9s a \u0151ket val\u00f3ban fenyeget\u0151 er\u0151kkel szembeni megv\u00e9d\u00e9s\u00fcket jelentett\u00e9k.<\/p>\n<p>M\u00edg el\u0151dei azt k\u00e9rdezt\u00e9k, mi v\u00e9den\u00e9 a zsid\u00f3kat, Chikli azt k\u00e9rdezi, hogy milyen narrat\u00edv\u00e1t lehet fegyverk\u00e9nt felhaszn\u00e1lni a k\u00f6nnyebb elad\u00e1s \u00e9rdek\u00e9ben. Arra a k\u00f6vetkeztet\u00e9sre jutott, hogy a leghat\u00e9konyabb \u00e9rt\u00e9kes\u00edt\u00e9si pont egy\u00e1ltal\u00e1n nem Izrael, hanem valaki m\u00e1st\u00f3l val\u00f3 f\u00e9lelem.<\/p>\n<h3><span dir=\"auto\">Egy civiliz\u00e1ci\u00f3s h\u00e1bor\u00fa<\/span><\/h3>\n<p>A g\u00e1zai n\u00e9pirt\u00e1s \u00f3ta Izrael r\u00e9gi \u00e9rvei \u00f6nmagukban is nehezebben \u00e9rv\u00e9nyes\u00edthet\u0151k, \u00e9s egy \u00faj ker\u00fclt a hely\u00e9be. T\u00e1mogasd Izraelt, hangzik az \u00e9rvel\u00e9s, mert Izrael azok ellen harcol, akik legk\u00f6zelebb \u00e9rted j\u00f6nnek.<\/p>\n<p>Ebben a narrat\u00edv\u00e1ban Izrael egy civiliz\u00e1ci\u00f3s h\u00e1bor\u00fa el\u0151retolt hadm\u0171veleti b\u00e1zis\u00e1v\u00e1 v\u00e1lik, annak a hat\u00e1rvid\u00e9k\u00e9v\u00e9, amit Chikli egy 2024-es, a Jewish Insidernek adott interj\u00faj\u00e1ban \u201ezsid\u00f3-kereszt\u00e9ny vil\u00e1gnak\u201d nevezett, szemben a progressz\u00edv baloldal \u00e9s az iszl\u00e1m \u201ev\u00f6r\u00f6s-z\u00f6ld sz\u00f6vets\u00e9g\u00e9vel\u201d.<\/p>\n<p>Sz\u00e1nd\u00e9kosan elmossa a hat\u00e1rvonalat az er\u0151szakos csoportokkal val\u00f3 szembesz\u00e1ll\u00e1s \u00e9s az iszl\u00e1m k\u00f6z\u00f6tt, amely a sz\u00e9ls\u0151jobboldali populizmus j\u00e1t\u00e9kter\u00e9t haszn\u00e1lja ki, amely Nyugaton egyre ink\u00e1bb terjed\u0151ben van.<\/p>\n<p>A c\u00e9g, amelyet megtartott, ezt meger\u0151s\u00edti .<\/p>\n<p>Chikli udvarolt Marine Le Pen franciaorsz\u00e1gi Nemzeti T\u00f6m\u00f6r\u00fcl\u00e9s\u00e9nek, a spanyol sz\u00e9ls\u0151jobboldali Vox p\u00e1rtnak, a Sv\u00e9d Demokrat\u00e1knak \u00e9s a holland populist\u00e1nak, Geert Wildersnek , amelyek mindegyike a bev\u00e1ndorl\u00e1ssal \u00e9s az iszl\u00e1mmal szembeni ellens\u00e9gess\u00e9gre \u00e9p\u00fcl\u0151 p\u00e1rt.<\/p>\n<p>Paradox m\u00f3don a zsid\u00f3k antiszemitizmust\u00f3l val\u00f3 v\u00e9delm\u00e9re l\u00e9trehozott miniszt\u00e9rium a felforgat\u00e1s miniszt\u00e9rium\u00e1v\u00e1 v\u00e1lt, \u00e9rlelve azokat a sz\u00e9ls\u0151jobboldali k\u00f6z\u00f6ns\u00e9geket \u00e9s h\u00e1l\u00f3zatokat, amelyek a zsid\u00f3gy\u0171l\u00f6let \u00e9lvonal\u00e1ban \u00e1lltak vil\u00e1gszerte.<\/p>\n<p>2025 okt\u00f3ber\u00e9ben, napokkal azut\u00e1n, hogy k\u00e9t zsid\u00f3t \u00f6ltek meg \u2013 egyik\u00fcket a rend\u0151rs\u00e9g fegyveres v\u00e1laszl\u00e9p\u00e9sek sor\u00e1n \u2013 egy manchesteri zsinag\u00f3ga el\u0151tt jom kippuri \u00fcnnepen, Chikli megh\u00edvta Izraelbe Tommy Robinson angol agit\u00e1tort \u2013 akinek val\u00f3di neve Stephen Yaxley-Lennon, \u00e9s aki az elm\u00falt k\u00e9t \u00e9vtizedben sz\u00e1mos b\u00fcntet\u0151elj\u00e1r\u00e1s \u00e9s b\u00f6rt\u00f6nb\u00fcntet\u00e9s felett \u00e1llt \u2013, \u00e9s \u201ea radik\u00e1lis iszl\u00e1m elleni frontvonal b\u00e1tor vezet\u0151jek\u00e9nt\u201d \u00fcdv\u00f6z\u00f6lte.<\/p>\n<p>Azok, akik akkoriban a l\u00e1togat\u00e1s ellen tiltakoztak, nem a progressz\u00edv baloldal voltak, akiket Chikli szeret hib\u00e1ztatni, hanem maguk a brit zsid\u00f3k.<\/p>\n<p>A Brit Zsid\u00f3k K\u00e9pvisel\u0151h\u00e1za \u00e9s a Zsid\u00f3 Vezet\u0151i Tan\u00e1cs Robinsont \u201eegy b\u0171n\u00f6z\u0151nek nevezte , aki Nagy-Britannia legrosszabb r\u00e9sz\u00e9t k\u00e9pviseli\u201d, Chiklit pedig \u201en\u00e9vleg diaszp\u00f3ra-lelk\u00e9szk\u00e9nt\u201d utas\u00edtott\u00e1k el , aki figyelmen k\u00edv\u00fcl hagyta azt a k\u00f6z\u00f6ss\u00e9get, amelyet \u00e1ll\u00edt\u00e1sa szerint szolg\u00e1l. A zsid\u00f3k, akiknek a nev\u00e9ben \u00e1ll\u00edt\u00e1sa szerint cselekszik, nem akartak r\u00e9szt venni ebben a t\u00f6rekv\u00e9sben.<\/p>\n<h3><span dir=\"auto\">Egy el\u0151\u00edt\u00e9let k\u00e9t r\u00e9tegben<\/span><\/h3>\n<p><span dir=\"auto\">Amit a Chikli k\u00f6vet\u0151i gyakran nem vesznek \u00e9szre, az az, hogy az antiszemitizmus \u00e9s az iszlamof\u00f3bia nem versengenek a k\u00f6zv\u00e9lem\u00e9ny szimp\u00e1ti\u00e1j\u00e1nak egy fix ar\u00e1ny\u00e1\u00e9rt.<\/span><\/p>\n<p><span dir=\"auto\">\u0150k azok az egyetlen el\u0151\u00edt\u00e9letek k\u00e9t r\u00e9tegben. Mindkett\u0151 ugyanazon az el\u0151feltev\u00e9sen alapul, hogy egy kisebbs\u00e9get meg\u00edt\u00e9lhetnek, f\u00e9lhetnek t\u0151le, \u00e9s kirekeszthetnek a vall\u00e1sa miatt.<\/span><\/p>\n<p><span dir=\"auto\">Teh\u00e1t egy komoly kamp\u00e1ny az antiszemitizmus ellen sz\u00e9les\u00edten\u00e9 a d\u00e9moniz\u00e1l\u00e1ssal szembeni tabut, mert ez a tabu az egyetlen dolog, ami valaha is biztons\u00e1gban tartotta a zsid\u00f3kat.<\/span><\/p>\n<blockquote><p><span dir=\"auto\">Netanjahu korm\u00e1nya politikusokat gy\u0171jt, akik megv\u00e9dik a g\u00e1zai h\u00e1bor\u00fat \u00e9s ki\u00e1llnak a palesztin \u00e9rdekk\u00e9pviselet ellen. A muszlimokt\u00f3l val\u00f3 f\u00e9lelem az az \u00e9rme, amivel kereskednek.<\/span><\/p><\/blockquote>\n<p><span dir=\"auto\">Ehelyett Chikli lesz\u0171k\u00edti a lehet\u0151s\u00e9geket. Az alkuja arra \u00f6szt\u00f6nzi saj\u00e1t kisebbs\u00e9g\u00e9t, hogy v\u00e1s\u00e1rolja meg a biztons\u00e1g ill\u00fazi\u00f3j\u00e1t az\u00e1ltal, hogy \u00e1tadja mag\u00e1t a m\u00e1sik ellen t\u00f6m\u00f6r\u00fcl\u0151 er\u0151knek.<\/span><\/p>\n<p><span dir=\"auto\">A t\u00f6rt\u00e9nelem kegyetlen a fasiszt\u00e1kkal folytatott alkukkal szemben. A kisebbs\u00e9gek ritk\u00e1n boldogulnak, ha egy t\u00e1rsadalom elkezdi sz\u00e9tv\u00e1logatni mag\u00e1t aszerint, hogy kik tartoznak oda igaz\u00e1n, \u00e9s a muszlimok ellen ir\u00e1nyul\u00f3 mozgalomnak ma nincs oka meg\u00e1llni itt.<\/span><\/p>\n<p><span dir=\"auto\">Eur\u00f3pa sz\u00e9ls\u0151jobboldali hagyom\u00e1nyai hajlamosak visszat\u00e9rni a zsid\u00f3khoz. Robinson a h\u00e9ten be is bizony\u00edtotta ezt, amikor online szidalmazta az \u201eelitista zsid\u00f3kat\u201d. A mumusom ellens\u00e9ge tov\u00e1bbra is az \u00e9n ellens\u00e9gemnek bizonyul.<\/span><\/p>\n<p><span dir=\"auto\">Azt\u00e1n ott vannak azok az \u00e9rt\u00e9kek, amelyeket \u00e1ll\u00edt\u00e1sa szerint v\u00e9d. Chikli Izraelt a \u201ezsid\u00f3-kereszt\u00e9ny civiliz\u00e1ci\u00f3\u201d, az igazs\u00e1g, a szabad v\u00e1laszt\u00e1s \u00e9s az emberi m\u00e9lt\u00f3s\u00e1g let\u00e9tem\u00e9nyes\u00e9nek \u00e1ll\u00edtja be.<\/span><\/p>\n<p>Ha szav\u00e1n fogadjuk, az \u00fcgy az \u0151 felt\u00e9telei szerint hullik darabokra. Egy \u00e1llam nem hirdetheti a civiliz\u00e1ci\u00f3 szents\u00e9g\u00e9t, mik\u00f6zben normaliz\u00e1lja a palesztinok embertelen\u00edt\u00e9s\u00e9t \u00e9s t\u00f6meges lem\u00e9sz\u00e1rl\u00e1s\u00e1t.<\/p>\n<p>Nem emelheti a vall\u00e1sszabads\u00e1g z\u00e1szlaj\u00e1t, mik\u00f6zben olyan mozgalmakat t\u00e1mogat, amelyek vonzereje egy m\u00e1sik hittel szembeni gyanakv\u00e1ssal kezd\u0151dik \u00e9s v\u00e9gz\u0151dik.<\/p>\n<p>Izrael \u201eFelforgat\u00e1si Miniszt\u00e9riuma\u201d ma k\u00f6zelebb \u00e1ll egy illiber\u00e1lis, nacionalista Eur\u00f3p\u00e1hoz, mint ahhoz a liber\u00e1lis rendhez, amely egykor biztons\u00e1goss\u00e1 tette a zsid\u00f3 \u00e9letet a diaszp\u00f3r\u00e1ban.<\/p>\n<h3><span dir=\"auto\">A hasznos idi\u00f3t\u00e1k<\/span><\/h3>\n<p>Ek\u00f6zben az eur\u00f3pai sz\u00e9ls\u0151jobboldaliak nem csup\u00e1n hasznos idi\u00f3t\u00e1k, akiket Izrael kij\u00e1tszott. Az eur\u00f3pai populist\u00e1k egy olyan eszk\u00f6zre tesznek szert, amit p\u00e9nzzel nem lehet megvenni \u2013 nevezetesen egy zsid\u00f3 t\u00e1mogat\u00e1sra, amely megv\u00e9di \u0151ket az antiszemitizmus v\u00e1dj\u00e1t\u00f3l, \u00e9s lehet\u0151v\u00e9 teszi sz\u00e1mukra, hogy a muszlimokkal szembeni ellens\u00e9gesked\u00e9st puszta realizmusnak \u00e1lc\u00e1zz\u00e1k.<\/p>\n<p>Netanjahu korm\u00e1nya politikusokat gy\u0171jt, akik megv\u00e9dik a g\u00e1zai h\u00e1bor\u00fat \u00e9s ki\u00e1llnak a palesztinok t\u00e1mogat\u00e1sa ellen. A muszlimokt\u00f3l val\u00f3 f\u00e9lelem az az \u00e9rme, amivel kereskednek.<\/p>\n<p>Interj\u00faj\u00e1ban Chikli nem azt sugallta, hogy az eur\u00f3paiaknak harcolniuk kell az antiszemitizmus ellen, hanem azt, hogy az egyik f\u00e9lelmet egy m\u00e1sikra kell cser\u00e9lni\u00fck, hogy kiel\u00e9g\u00edts\u00e9k azt a m\u00e9lyen gy\u00f6kerez\u0151 eur\u00f3pai v\u00e1gyat, hogy legyen egy m\u00e1sik fontos partner\u00fck, akivel szemben meghat\u00e1rozhatj\u00e1k identit\u00e1sukat.<\/p>\n<p>Egy int\u00e9zm\u00e9ny, amelyet az\u00e9rt hoztak l\u00e9tre, hogy Izraelt a zsid\u00f3 k\u00f6z\u00f6ss\u00e9gekhez k\u00f6ss\u00e9k, \u00fagy d\u00f6nt\u00f6tt, hogy Netanjahu korm\u00e1ny\u00e1nak v\u00e9dhetetlen retorik\u00e1j\u00e1nak \u00e9s cselekedeteinek v\u00e9delm\u00e9hez a k\u00f6nnyebb \u00fat nem az Izrael meggy\u0151z\u0151bb\u00e9 t\u00e9tel\u00e9n, hanem az eur\u00f3paiak f\u00e9lelmeinek fokoz\u00e1s\u00e1n kereszt\u00fcl vezet.<\/p>\n<p>\u00c9s arra k\u00e9ri a zsid\u00f3kat, hogy b\u00edzz\u00e1k biztons\u00e1gukat a kollekt\u00edv gyanakv\u00e1s politik\u00e1j\u00e1ra, amire a saj\u00e1t t\u00f6rt\u00e9nelm\u00fcknek kellett volna megtan\u00edtania a Nyugatot rettegni.<\/p>\n<p>Senki sem gy\u0151zte le m\u00e9g egy n\u00e9p gy\u0171l\u00f6let\u00e9t azzal, hogy egy m\u00e1sik gy\u0171l\u00f6let\u00e9t finansz\u00edrozta.<\/p>","protected":false},"excerpt":{"rendered":"<p>Netanjahu \u00e9s miniszterei most azon dolgoznak, hogy az eur\u00f3paiak muszlimokt\u00f3l val\u00f3 f\u00e9lelm\u00e9t politikai t\u0151k\u00e9v\u00e9 alak\u00edts\u00e1k. Amichai Chikli, Izrael diaszp\u00f3ra\u00fcgyi minisztere \u0151szint\u00e9bben kifejtette saj\u00e1t strat\u00e9gi\u00e1j\u00e1t, mint azt b\u00e1rmelyik kritikusa tehetn\u00e9. Az antiszemitizmus \u2013 mondta egy riporternek \u2013 nem igaz\u00e1n \u00e9rdekli az \u00e1tlagos eur\u00f3pait vagy amerikait, m\u00edg a \u201eradik\u00e1lis iszl\u00e1mt\u00f3l\u201d val\u00f3 f\u00e9lelem \u201enagyon-nagyon\u201d \u00e9rdekli \u0151ket, ez\u00e9rt Izraelnek [&hellip;]<\/p>\n","protected":false},"author":1,"featured_media":4620,"comment_status":"open","ping_status":"closed","sticky":false,"template":"","format":"standard","meta":{"rs_blank_template":"","rs_page_bg_color":"","slide_template_v7":"","_monsterinsights_skip_tracking":false,"wpai_generated_summary":"","tdm_status":"","tdm_grid_status":"","footnotes":""},"categories":[31,98],"tags":[106,140,162,100,168,108,96,153,142,155,154,156],"class_list":["post-4619","post","type-post","status-publish","format-standard","has-post-thumbnail","category-izrael-igazi-arca","category-iszlamofobia","tag-cionizmus","tag-europai-unio","tag-gaza-haboru","tag-hasbara","tag-iszlam","tag-iszlamofobia","tag-izrael","tag-kozel-kelet","tag-kozel-keleti-konfliktus","tag-mediaelemzes","tag-nemzetkozi-kapcsolatok","tag-vilagpolitika"],"_links":{"self":[{"href":"https:\/\/antipropaganda.hu\/en\/wp-json\/wp\/v2\/posts\/4619","targetHints":{"allow":["GET"]}}],"collection":[{"href":"https:\/\/antipropaganda.hu\/en\/wp-json\/wp\/v2\/posts"}],"about":[{"href":"https:\/\/antipropaganda.hu\/en\/wp-json\/wp\/v2\/types\/post"}],"author":[{"embeddable":true,"href":"https:\/\/antipropaganda.hu\/en\/wp-json\/wp\/v2\/users\/1"}],"replies":[{"embeddable":true,"href":"https:\/\/antipropaganda.hu\/en\/wp-json\/wp\/v2\/comments?post=4619"}],"version-history":[{"count":0,"href":"https:\/\/antipropaganda.hu\/en\/wp-json\/wp\/v2\/posts\/4619\/revisions"}],"wp:featuredmedia":[{"embeddable":true,"href":"https:\/\/antipropaganda.hu\/en\/wp-json\/wp\/v2\/media\/4620"}],"wp:attachment":[{"href":"https:\/\/antipropaganda.hu\/en\/wp-json\/wp\/v2\/media?parent=4619"}],"wp:term":[{"taxonomy":"category","embeddable":true,"href":"https:\/\/antipropaganda.hu\/en\/wp-json\/wp\/v2\/categories?post=4619"},{"taxonomy":"post_tag","embeddable":true,"href":"https:\/\/antipropaganda.hu\/en\/wp-json\/wp\/v2\/tags?post=4619"}],"curies":[{"name":"wp","href":"https:\/\/api.w.org\/{rel}","templated":true}]}}