{"id":4609,"date":"2026-08-27T22:39:26","date_gmt":"2026-08-27T20:39:26","guid":{"rendered":"https:\/\/antipropaganda.hu\/?p=4609"},"modified":"2026-08-27T22:39:26","modified_gmt":"2026-08-27T20:39:26","slug":"hazugsaggyar-a-soletfesztival-korul-hogyan-gyartott-a-szeljobboldali-sajto-antiszemita-provokaciot-a-semmibol","status":"publish","type":"post","link":"https:\/\/antipropaganda.hu\/en\/hazugsaggyar-a-soletfesztival-korul-hogyan-gyartott-a-szeljobboldali-sajto-antiszemita-provokaciot-a-semmibol\/","title":{"rendered":"Lie factory around the S\u00f3let Festival: How did the far-right press fabricate an &quot;anti-Semitic provocation&quot; out of thin air?"},"content":{"rendered":"<p data-path-to-node=\"1\">Mik\u00f6zben a hazai f\u00fcggetlen \u00e9s jogv\u00e9d\u0151 k\u00f6z\u00f6ss\u00e9g h\u00f3napok \u00f3ta pr\u00f3b\u00e1lja tiszt\u00e1zni a nemzetk\u00f6zi jog\u00e1llamis\u00e1g \u00e9s az egyetemes emberi jogok fontoss\u00e1g\u00e1t, a m\u00e9dia bizonyos szegletei ism\u00e9t megmutatt\u00e1k, hogyan kell egy egyszer\u0171 szervez\u00e9si figyelmetlens\u00e9gb\u0151l g\u00e1tl\u00e1stalan politikai hangulatkelt\u00e9st kre\u00e1lni.<\/p>\n<p data-path-to-node=\"1\"><img decoding=\"async\" class=\"alignnone size-full wp-image-4613\" src=\"https:\/\/antipropaganda.hu\/wp-content\/smush-webp\/2026\/08\/780443799_1680888807372914_4463699064367294121_n.jpg.webp\" alt=\"\" width=\"960\" height=\"421\" title=\"\" srcset=\"https:\/\/antipropaganda.hu\/wp-content\/smush-webp\/2026\/08\/780443799_1680888807372914_4463699064367294121_n.jpg.webp 960w, https:\/\/antipropaganda.hu\/wp-content\/smush-webp\/2026\/08\/780443799_1680888807372914_4463699064367294121_n-300x132.jpg.webp 300w, https:\/\/antipropaganda.hu\/wp-content\/smush-webp\/2026\/08\/780443799_1680888807372914_4463699064367294121_n-768x337.jpg.webp 768w, https:\/\/antipropaganda.hu\/wp-content\/uploads\/2026\/08\/780443799_1680888807372914_4463699064367294121_n-18x8.jpg 18w, https:\/\/antipropaganda.hu\/wp-content\/smush-webp\/2026\/08\/780443799_1680888807372914_4463699064367294121_n-958x420.jpg.webp 958w, https:\/\/antipropaganda.hu\/wp-content\/smush-webp\/2026\/08\/780443799_1680888807372914_4463699064367294121_n-150x66.jpg.webp 150w, https:\/\/antipropaganda.hu\/wp-content\/smush-webp\/2026\/08\/780443799_1680888807372914_4463699064367294121_n-696x305.jpg.webp 696w, https:\/\/antipropaganda.hu\/wp-content\/smush-webp\/2026\/08\/780443799_1680888807372914_4463699064367294121_n-600x263.jpg.webp 600w\" sizes=\"(max-width: 960px) 100vw, 960px\" \/><\/p>\n<p data-path-to-node=\"2\">A <i data-path-to-node=\"2\" data-index-in-node=\"2\">k\u00fcl\u00f6nutas.hu<\/i> nev\u0171 port\u00e1l a napokban arr\u00f3l sz\u00e1molt be, hogy Kom\u00e1romy Gergely (G-Ras) \u201ea hat\u00f3s\u00e1g d\u00f6nt\u00e9s\u00e9nek ellen\u00e9re\u201d sem mondott le Budapest legnagyobb zsid\u00f3 gasztrokultur\u00e1lis rendezv\u00e9ny\u00e9nek megzavar\u00e1s\u00e1r\u00f3l. A val\u00f3s\u00e1g ezzel szemben az, hogy a port\u00e1l \u00e9s a kapcsol\u00f3d\u00f3 politikai k\u00f6r\u00f6k tudatosan terjesztenek val\u00f3tlan t\u00e9nyeket, amelyeket a szervez\u0151k hivatalos sajt\u00f3k\u00f6zlem\u00e9ny\u00fckben pontr\u00f3l pontra c\u00e1foltak.<\/p>\n<figure id=\"attachment_4610\" aria-describedby=\"caption-attachment-4610\" style=\"width: 691px\" class=\"wp-caption alignnone\"><img decoding=\"async\" class=\"wp-image-4610 size-full\" src=\"https:\/\/antipropaganda.hu\/wp-content\/uploads\/2026\/08\/Clipboard01-1.jpg\" alt=\"\" width=\"691\" height=\"698\" title=\"\" srcset=\"https:\/\/antipropaganda.hu\/wp-content\/uploads\/2026\/08\/Clipboard01-1.jpg 691w, https:\/\/antipropaganda.hu\/wp-content\/uploads\/2026\/08\/Clipboard01-1-297x300.jpg 297w, https:\/\/antipropaganda.hu\/wp-content\/uploads\/2026\/08\/Clipboard01-1-12x12.jpg 12w, https:\/\/antipropaganda.hu\/wp-content\/smush-webp\/2026\/08\/Clipboard01-1-416x420.jpg.webp 416w, https:\/\/antipropaganda.hu\/wp-content\/uploads\/2026\/08\/Clipboard01-1-150x152.jpg 150w, https:\/\/antipropaganda.hu\/wp-content\/uploads\/2026\/08\/Clipboard01-1-300x303.jpg 300w, https:\/\/antipropaganda.hu\/wp-content\/uploads\/2026\/08\/Clipboard01-1-100x100.jpg 100w, https:\/\/antipropaganda.hu\/wp-content\/uploads\/2026\/08\/Clipboard01-1-600x606.jpg 600w\" sizes=\"(max-width: 691px) 100vw, 691px\" \/><figcaption id=\"caption-attachment-4610\" class=\"wp-caption-text\">k\u00fcl\u00f6nutas.hu facebook bejegyz\u00e9se 2026.08.27<\/figcaption><\/figure>\n<h3 data-path-to-node=\"4\"><strong>A t\u00e9nyek: Nincs provok\u00e1ci\u00f3, helysz\u00ednm\u00f3dos\u00edt\u00e1s t\u00f6rt\u00e9nt<\/strong><\/h3>\n<p>&nbsp;<\/p>\n<p><img decoding=\"async\" class=\"alignnone size-full wp-image-4611\" src=\"https:\/\/antipropaganda.hu\/wp-content\/smush-webp\/2026\/08\/Clipboard02.jpg.webp\" alt=\"\" width=\"677\" height=\"675\" title=\"\" srcset=\"https:\/\/antipropaganda.hu\/wp-content\/smush-webp\/2026\/08\/Clipboard02.jpg.webp 677w, https:\/\/antipropaganda.hu\/wp-content\/smush-webp\/2026\/08\/Clipboard02-300x300.jpg.webp 300w, https:\/\/antipropaganda.hu\/wp-content\/smush-webp\/2026\/08\/Clipboard02-150x150.jpg.webp 150w, https:\/\/antipropaganda.hu\/wp-content\/uploads\/2026\/08\/Clipboard02-12x12.jpg 12w, https:\/\/antipropaganda.hu\/wp-content\/smush-webp\/2026\/08\/Clipboard02-421x420.jpg.webp 421w, https:\/\/antipropaganda.hu\/wp-content\/uploads\/2026\/08\/Clipboard02-100x100.jpg 100w, https:\/\/antipropaganda.hu\/wp-content\/smush-webp\/2026\/08\/Clipboard02-600x598.jpg.webp 600w\" sizes=\"(max-width: 677px) 100vw, 677px\" \/><\/p>\n<p><img decoding=\"async\" class=\"alignnone size-full wp-image-4612\" src=\"https:\/\/antipropaganda.hu\/wp-content\/smush-webp\/2026\/08\/788690024_2037436796893348_5654577492823465399_n.jpg.webp\" alt=\"\" width=\"590\" height=\"514\" title=\"\" srcset=\"https:\/\/antipropaganda.hu\/wp-content\/smush-webp\/2026\/08\/788690024_2037436796893348_5654577492823465399_n.jpg.webp 590w, https:\/\/antipropaganda.hu\/wp-content\/smush-webp\/2026\/08\/788690024_2037436796893348_5654577492823465399_n-300x261.jpg.webp 300w, https:\/\/antipropaganda.hu\/wp-content\/uploads\/2026\/08\/788690024_2037436796893348_5654577492823465399_n-14x12.jpg 14w, https:\/\/antipropaganda.hu\/wp-content\/smush-webp\/2026\/08\/788690024_2037436796893348_5654577492823465399_n-482x420.jpg.webp 482w, https:\/\/antipropaganda.hu\/wp-content\/smush-webp\/2026\/08\/788690024_2037436796893348_5654577492823465399_n-150x131.jpg.webp 150w\" sizes=\"(max-width: 590px) 100vw, 590px\" \/><\/p>\n<p data-path-to-node=\"5\">A kiadott k\u00f6zlem\u00e9nyb\u0151l feket\u00e9n-feh\u00e9ren kider\u00fcl az igazs\u00e1g:<\/p>\n<ul data-path-to-node=\"6\">\n<li>\n<p data-path-to-node=\"6,0,0\"><b data-path-to-node=\"6,0,0\" data-index-in-node=\"0\">Hi\u00e1nyz\u00f3 sz\u00e1nd\u00e9koss\u00e1g:<\/b> A szervez\u0151knek nem volt tudom\u00e1suk a S\u00f3letfesztiv\u00e1l pontos helysz\u00edn\u00e9r\u0151l a bejelent\u00e9s pillanat\u00e1ban.<\/p>\n<\/li>\n<li>\n<p data-path-to-node=\"6,1,0\"><b data-path-to-node=\"6,1,0\" data-index-in-node=\"0\">Azonnali korrekci\u00f3:<\/b> Amint az id\u0151pont- \u00e9s helysz\u00ednbeli egybees\u00e9s nyilv\u00e1nval\u00f3v\u00e1 v\u00e1lt, a szervez\u0151k \u2013 a sz\u00fcks\u00e9gtelen fesz\u00fclts\u00e9gek elker\u00fcl\u00e9se \u00e9rdek\u00e9ben \u2013 a gy\u00fclekez\u00e9s \u00fatvonal\u00e1t m\u00f3dos\u00edtott\u00e1k (Szabads\u00e1g t\u00e9r \u2013 Szabads\u00e1g h\u00edd).<\/p>\n<\/li>\n<li>\n<p data-path-to-node=\"6,2,0\"><b data-path-to-node=\"6,2,0\" data-index-in-node=\"0\">Bocs\u00e1natk\u00e9r\u00e9s \u00e9s tiszt\u00e1z\u00e1s:<\/b> A demonstr\u00e1ci\u00f3 bejelent\u0151i egy\u00e9rtelm\u0171en elhat\u00e1rol\u00f3dtak a kollekt\u00edv felel\u0151ss\u00e9gre von\u00e1st\u00f3l, \u00e9s eln\u00e9z\u00e9st k\u00e9rtek azokt\u00f3l, akiket a szerencs\u00e9tlen egybees\u00e9s aggodalommal t\u00f6lt\u00f6tt el.<\/p>\n<\/li>\n<\/ul>\n<p data-path-to-node=\"7\">Ennek ellen\u00e9re a <i data-path-to-node=\"7\" data-index-in-node=\"17\">k\u00fcl\u00f6nutas.hu<\/i> \u00e9s a hozz\u00e1 hasonl\u00f3 fel\u00fcletek azt a hamis l\u00e1tszatot keltik, mintha a palesztin civil \u00e1ldozatok\u00e9rt ki\u00e1ll\u00f3 t\u00fcntet\u0151k sz\u00e1nd\u00e9kosan a hazai zsid\u00f3 k\u00f6z\u00f6ss\u00e9get akarn\u00e1k megf\u00e9leml\u00edteni.<\/p>\n<h3 data-path-to-node=\"9\">Mi az a K\u00fcl\u00f6nutas?<\/h3>\n<p data-path-to-node=\"10\">A <i data-path-to-node=\"10\" data-index-in-node=\"2\">k\u00fcl\u00f6nutas.hu<\/i> egy olyan jobboldali, nemzeti-sz\u00e9ls\u0151jobboldali hangv\u00e9tel\u0171 politikai \u00e9s v\u00e9lem\u00e9nyport\u00e1l, amely rendszeresen a \u201emainstream m\u00e9di\u00e1val szembeni alternat\u00edvak\u00e9nt\u201d hat\u00e1rozza meg mag\u00e1t. \u00cdr\u00e1saikra jellemz\u0151 a mark\u00e1ns Izrael-p\u00e1rti, vall\u00e1si-cionista vagy \u00e9ppen kult\u00farharcos narrat\u00edv\u00e1k \u00e1tv\u00e9tele, a palesztin szolidarit\u00e1si mozgalmak automatikus megb\u00e9lyegz\u00e9se, valamint az \u00e9les, gyakran szem\u00e9lyesked\u0151 \u00e9s cs\u00fasztat\u00e1sokra \u00e9p\u00fcl\u0151 megfogalmaz\u00e1s.<\/p>\n<h3 data-path-to-node=\"12\">Kinek \u00e1ll \u00e9rdek\u00e9ben a hergel\u00e9s \u00e9s a hazugs\u00e1g terjeszt\u00e9se?<\/h3>\n<p data-path-to-node=\"13\">Ad\u00f3dik a k\u00e9rd\u00e9s: mi\u00e9rt kell egy tiszt\u00e1zott, \u00e1thelyezett rendezv\u00e9nyb\u0151l ut\u00f3lag is \u201eantiszemita t\u00e1mad\u00e1st\u201d kre\u00e1lni?<\/p>\n<ol start=\"1\" data-path-to-node=\"14\">\n<li>\n<p data-path-to-node=\"14,0,0\"><b data-path-to-node=\"14,0,0\" data-index-in-node=\"0\">A v\u00e1ls\u00e1gos k\u00f6zel-keleti helyzet elterel\u00e9se:<\/b> A g\u00e1zai n\u00e9pirt\u00e1sr\u00f3l, a civil \u00e1ldozatokr\u00f3l \u00e9s a Nemzetk\u00f6zi B\u00edr\u00f3s\u00e1g (ICJ) elj\u00e1r\u00e1sair\u00f3l sz\u00f3l\u00f3 szakmai vit\u00e1k helyett sokkal k\u00e9nyelmesebb a hazai k\u00f6zv\u00e9lem\u00e9nyt egy mondvacsin\u00e1lt, belf\u00f6ldi \u201ehelyi botr\u00e1nnyal\u201d lefoglalni.<\/p>\n<\/li>\n<li>\n<p data-path-to-node=\"14,1,0\"><b data-path-to-node=\"14,1,0\" data-index-in-node=\"0\">A palesztin szolidarit\u00e1s elhallgattat\u00e1sa \u00e9s megb\u00e9lyegz\u00e9se:<\/b> Ha minden b\u00e9k\u00e9s, az emberi jogok\u00e9rt ki\u00e1ll\u00f3 demonstr\u00e1ci\u00f3ra r\u00e1s\u00fctik az \u201eantiszemitizmus\u201d vagy a \u201eterrorizmus t\u00e1mogat\u00e1sa\u201d b\u00e9lyeget, azzal elrettentik az \u00e1tlagpolg\u00e1rt a szolidarit\u00e1si kezdem\u00e9nyez\u00e9sekhez val\u00f3 csatlakoz\u00e1st\u00f3l.<\/p>\n<\/li>\n<li>\n<p data-path-to-node=\"14,2,0\"><b data-path-to-node=\"14,2,0\" data-index-in-node=\"0\">Politikai t\u0151kekov\u00e1csol\u00e1s a megosztotts\u00e1gb\u00f3l:<\/b> A Hit Gy\u00fclekezet\u00e9hez \u00e9s a korm\u00e1nyzati propagand\u00e1hoz k\u00f6zeli m\u00e9diak\u00f6r\u00f6knek (mint a <i data-path-to-node=\"14,2,0\" data-index-in-node=\"126\">Weeks<\/i>, the <i data-path-to-node=\"14,2,0\" data-index-in-node=\"135\">Neokohn<\/i> vagy a vel\u00fck egy h\u00faron pend\u00fcl\u0151 <i data-path-to-node=\"14,2,0\" data-index-in-node=\"174\">K\u00fcl\u00f6nutas<\/i>) elemi \u00e9rdek\u00fck a t\u00e1rsadalmi polariz\u00e1ci\u00f3 fenntart\u00e1sa. A szorong\u00e1s \u00e9s a f\u00e9lelemkelt\u00e9s ide\u00e1lis eszk\u00f6z arra, hogy a v\u00e1laszt\u00f3kat \u00e9s a h\u00edv\u0151ket egy bizonyos politikai t\u00f6mb m\u00f6g\u00f6tt tarts\u00e1k.<\/p>\n<\/li>\n<\/ol>\n<p data-path-to-node=\"16\">A s\u00f3letfesztiv\u00e1l k\u00f6r\u00fcli \u00e1lh\u00edrgy\u00e1rt\u00e1s j\u00f3l mutatja: a propagand\u00e1nak nem a t\u00e9nyek sz\u00e1m\u00edtanak, hanem a hat\u00e1svad\u00e1szat. A t\u00fcntet\u00e9s szervez\u0151i azonban vil\u00e1goss\u00e1 tett\u00e9k: az emberi jogok, a humanizmus \u00e9s a b\u00e9k\u00e9s ki\u00e1ll\u00e1s nem t\u00e9vesztend\u0151 \u00f6ssze a gy\u0171l\u00f6letkelt\u00e9ssel.<\/p>","protected":false},"excerpt":{"rendered":"<p>Mik\u00f6zben a hazai f\u00fcggetlen \u00e9s jogv\u00e9d\u0151 k\u00f6z\u00f6ss\u00e9g h\u00f3napok \u00f3ta pr\u00f3b\u00e1lja tiszt\u00e1zni a nemzetk\u00f6zi jog\u00e1llamis\u00e1g \u00e9s az egyetemes emberi jogok fontoss\u00e1g\u00e1t, a m\u00e9dia bizonyos szegletei ism\u00e9t megmutatt\u00e1k, hogyan kell egy egyszer\u0171 szervez\u00e9si figyelmetlens\u00e9gb\u0151l g\u00e1tl\u00e1stalan politikai hangulatkelt\u00e9st kre\u00e1lni. A k\u00fcl\u00f6nutas.hu nev\u0171 port\u00e1l a napokban arr\u00f3l sz\u00e1molt be, hogy Kom\u00e1romy Gergely (G-Ras) \u201ea hat\u00f3s\u00e1g d\u00f6nt\u00e9s\u00e9nek ellen\u00e9re\u201d sem mondott [&hellip;]<\/p>\n","protected":false},"author":1,"featured_media":4613,"comment_status":"open","ping_status":"closed","sticky":false,"template":"","format":"standard","meta":{"rs_blank_template":"","rs_page_bg_color":"","slide_template_v7":"","_monsterinsights_skip_tracking":false,"wpai_generated_summary":"","tdm_status":"","tdm_grid_status":"","footnotes":""},"categories":[17],"tags":[96,153,155],"class_list":["post-4609","post","type-post","status-publish","format-standard","has-post-thumbnail","category-hasbara-magyarorszagon","tag-izrael","tag-kozel-kelet","tag-mediaelemzes"],"_links":{"self":[{"href":"https:\/\/antipropaganda.hu\/en\/wp-json\/wp\/v2\/posts\/4609","targetHints":{"allow":["GET"]}}],"collection":[{"href":"https:\/\/antipropaganda.hu\/en\/wp-json\/wp\/v2\/posts"}],"about":[{"href":"https:\/\/antipropaganda.hu\/en\/wp-json\/wp\/v2\/types\/post"}],"author":[{"embeddable":true,"href":"https:\/\/antipropaganda.hu\/en\/wp-json\/wp\/v2\/users\/1"}],"replies":[{"embeddable":true,"href":"https:\/\/antipropaganda.hu\/en\/wp-json\/wp\/v2\/comments?post=4609"}],"version-history":[{"count":0,"href":"https:\/\/antipropaganda.hu\/en\/wp-json\/wp\/v2\/posts\/4609\/revisions"}],"wp:featuredmedia":[{"embeddable":true,"href":"https:\/\/antipropaganda.hu\/en\/wp-json\/wp\/v2\/media\/4613"}],"wp:attachment":[{"href":"https:\/\/antipropaganda.hu\/en\/wp-json\/wp\/v2\/media?parent=4609"}],"wp:term":[{"taxonomy":"category","embeddable":true,"href":"https:\/\/antipropaganda.hu\/en\/wp-json\/wp\/v2\/categories?post=4609"},{"taxonomy":"post_tag","embeddable":true,"href":"https:\/\/antipropaganda.hu\/en\/wp-json\/wp\/v2\/tags?post=4609"}],"curies":[{"name":"wp","href":"https:\/\/api.w.org\/{rel}","templated":true}]}}