{"id":4600,"date":"2026-08-27T11:05:37","date_gmt":"2026-08-27T09:05:37","guid":{"rendered":"https:\/\/antipropaganda.hu\/?p=4600"},"modified":"2026-08-27T11:05:37","modified_gmt":"2026-08-27T09:05:37","slug":"elsullyedt-hajo-robbant-ki-harcot-izrael-jobboldalan-a-milicia-eroszakos-oroksege-miatt","status":"publish","type":"post","link":"https:\/\/antipropaganda.hu\/en\/elsullyedt-hajo-robbant-ki-harcot-izrael-jobboldalan-a-milicia-eroszakos-oroksege-miatt\/","title":{"rendered":"A sunken ship has sparked a fight on Israel&#039;s right wing over the militia&#039;s violent legacy."},"content":{"rendered":"<p><strong><em><span dir=\"auto\">Az Altalena-katasztr\u00f3fa sz\u00edtja a Netanjahu-Ben-Gvir rivaliz\u00e1l\u00e1st, mivel mindketten az Irgun mil\u00edcia \u00f6r\u00f6k\u00f6seinek vallj\u00e1k magukat.<\/span><\/em><\/strong><\/p>\n<p>Versenyfut\u00e1s bontakozott ki a jobboldali <a href=\"https:\/\/antipropaganda.hu\/egy-megosztott-nemzet-mit-akarnak-az-izraeliek-az-oktoberi-valasztasokon\/\">izraeli politik\u00e1ban<\/a> arr\u00f3l, hogy ki tud szorosabban kapcsolatba l\u00e9pni az <a href=\"https:\/\/antipropaganda.hu\/izraeli-dokumentumok-szerint-a-cionista-milicia-gyakran-lepett-kapcsolatba-a-naci-nemetorszaggal\/\">Irgunnal<\/a>, egy mil\u00edci\u00e1val, amely t\u00f6bb tucat palesztin meggyilkol\u00e1s\u00e1val \u00e9s megk\u00ednz\u00e1s\u00e1val volt \u00e9rintett az 1948-as h\u00e1bor\u00fa alatt, amely a <a href=\"https:\/\/antipropaganda.hu\/az-igazsag-az-1948-as-arab-izraeli-haborurol\/\">Nakb\u00e1hoz<\/a>, t\u00f6bb mint 750 000 palesztin k\u00e9nyszer\u0171 kitelep\u00edt\u00e9s\u00e9hez vezetett Izrael \u00e1llam megalakul\u00e1sa sor\u00e1n.<\/p>\n<p>H\u00e9tf\u0151n Izrael sz\u00e9ls\u0151jobboldali nemzetbiztons\u00e1gi minisztere, Itamar <a href=\"https:\/\/antipropaganda.hu\/itamar-ben-gvir\/\">Ben-Gvir<\/a> bejelentette az Irgun teherhaj\u00f3j\u00e1nak, az Altalen\u00e1nak a roncs\u00e1nak megtal\u00e1l\u00e1s\u00e1t. A haj\u00f3 Franciaorsz\u00e1gb\u00f3l sz\u00e1ll\u00edtott fegyvereket a f\u00e9lkatonai csoportnak, miel\u0151tt 1948 j\u00fanius\u00e1ban Izrael els\u0151 minisztereln\u00f6ke, <a href=\"https:\/\/antipropaganda.hu\/mi-romlott-el-izraelben-egy-nepirtas-kutato-vizsgalja-mive-lett-a-cionizmus\/\">David Ben-Gurion<\/a> parancs\u00e1ra els\u00fcllyesztett\u00e9k.<\/p>\n<p>A jelent\u00e9sek szerint <a href=\"https:\/\/antipropaganda.hu\/torokorszag-elfogatoparancsot-adott-ki-netanjahu-izraeli-elnok-ellen-nepirtas-miatt\/\">Benjamin Netanjahu<\/a> izraeli minisztereln\u00f6k \u2013 akinek a Likud p\u00e1rtja a f\u00e9lkatonai csoportt\u00f3l sz\u00e1rmaz\u00f3nak vallja mag\u00e1t \u2013 a haj\u00f3 felfedez\u00e9s\u00e9nek h\u00edr\u00e9re a Jaffa k\u00f6zel\u00e9ben tal\u00e1lhat\u00f3 Etzel M\u00fazeumhoz \u2013 amely az Irgun h\u00e9ber bet\u0171sz\u00f3j\u00e1r\u00f3l kapta a nev\u00e9t \u2013 sietett. A helysz\u00ednen Netanjahu h\u00e9tf\u0151n egy riv\u00e1lis vide\u00f3besz\u00e9det tett k\u00f6zz\u00e9 ugyanabb\u00f3l az \u00e9p\u00fcletb\u0151l, mint a <a href=\"https:\/\/antipropaganda.hu\/izraeli-miniszterek-is-csatlakoztak-a-gaza-fele-tarto-menethez-a-telepek-ujjaepitesenek-kovetelesere\/\">Ben-Gvir<\/a>, amelyben megpr\u00f3b\u00e1lta visszaszerezni a roncs szimbolik\u00e1j\u00e1t saj\u00e1t jobboldali b\u00e1zisa sz\u00e1m\u00e1ra.<\/p>\n<p>Netanjahu k\u00fczd a k\u00f6zv\u00e9lem\u00e9ny-kutat\u00e1sokban az okt\u00f3beri v\u00e1laszt\u00e1sok el\u0151tt, amelyeket sokan kritikusnak tartanak mind Izrael, mind Netanjahu j\u00f6v\u0151je szempontj\u00e1b\u00f3l. Az izraeli minisztereln\u00f6k sz\u00e1m\u00e1ra a t\u00e9t aligha lehetne nagyobb, mivel 2019-re visszany\u00fal\u00f3 korrupci\u00f3s v\u00e1dak miatt b\u00f6rt\u00f6nb\u00fcntet\u00e9sre sz\u00e1m\u00edthat , valamint hivatalosan is el kell sz\u00e1molnia korm\u00e1nya saj\u00e1t hib\u00e1ival a 2023. okt\u00f3ber 7-i, a Ham\u00e1sz vezette t\u00e1mad\u00e1s el\u0151tt.<\/p>\n<p><figure id=\"attachment_4603\" aria-describedby=\"caption-attachment-4603\" style=\"width: 770px\" class=\"wp-caption alignnone\"><img decoding=\"async\" class=\"wp-image-4603 size-full\" src=\"https:\/\/antipropaganda.hu\/wp-content\/uploads\/2026\/08\/Altalena-1787750855.webp\" alt=\"\" width=\"770\" height=\"768\" title=\"\" srcset=\"https:\/\/antipropaganda.hu\/wp-content\/uploads\/2026\/08\/Altalena-1787750855.webp 770w, https:\/\/antipropaganda.hu\/wp-content\/uploads\/2026\/08\/Altalena-1787750855-300x300.webp 300w, https:\/\/antipropaganda.hu\/wp-content\/uploads\/2026\/08\/Altalena-1787750855-150x150.webp 150w, https:\/\/antipropaganda.hu\/wp-content\/uploads\/2026\/08\/Altalena-1787750855-768x766.webp 768w, https:\/\/antipropaganda.hu\/wp-content\/uploads\/2026\/08\/Altalena-1787750855-12x12.webp 12w, https:\/\/antipropaganda.hu\/wp-content\/uploads\/2026\/08\/Altalena-1787750855-421x420.webp 421w, https:\/\/antipropaganda.hu\/wp-content\/uploads\/2026\/08\/Altalena-1787750855-696x694.webp 696w, https:\/\/antipropaganda.hu\/wp-content\/uploads\/2026\/08\/Altalena-1787750855-100x100.webp 100w, https:\/\/antipropaganda.hu\/wp-content\/uploads\/2026\/08\/Altalena-1787750855-600x598.webp 600w\" sizes=\"(max-width: 770px) 100vw, 770px\" \/><figcaption id=\"caption-attachment-4603\" class=\"wp-caption-text\">Az Altalena le\u00e9gett haj\u00f3teste Tel-Aviv partjain\u00e1l, Izrael, 1948 [Willem van de Poll\/Creative Commons\/Wikipedia]<\/figcaption><\/figure>Az Altalena els\u00fcllyeszt\u00e9se \u2013 amelyet az Irgun vagy az izraeli hadsereg fed\u00e9lzet\u00e9n l\u00e9v\u0151 fegyverek feletti ellen\u0151rz\u00e9sr\u0151l sz\u00f3l\u00f3 vita v\u00e1ltott ki \u2013 polg\u00e1rh\u00e1bor\u00fa kit\u00f6r\u00e9s\u00e9t\u0151l tartott az izraeliek k\u00f6z\u00f6tt.<\/p>\n<p>Erre az epiz\u00f3dra hivatkozva Netanjahu felid\u00e9zte, hogyan utas\u00edtotta Menahem Begin, az Irgun parancsnoka \u00e9s a k\u00e9s\u0151bbi izraeli minisztereln\u00f6k harcosait, hogy ne t\u00fczeljenek vissza, miut\u00e1n az izraeli er\u0151k r\u00e1juk t\u00fczet nyitottak. Netanjahu ezut\u00e1n p\u00e1rhuzamot vont Begin \u00e9s \u00f6nmaga k\u00f6z\u00f6tt, el\u00edt\u00e9lve az \u00e1ltala \u201eabszurdnak\u201d nevezett t\u00e1mad\u00e1sokat ellene \u00e9s a Likud p\u00e1rt ellen.<\/p>\n<p>\u201e[Az Altalena els\u00fcllyed\u00e9s\u00e9nek \u00e9ves megeml\u00e9kez\u00e9s\u00e9n] politikai riv\u00e1lisai ellen\u00fcnk usz\u00edt\u00f3 felh\u00edv\u00e1sokat hallok, akik az \u00fcnneps\u00e9g el\u0151tt \u00e1llnak, \u00e9s egyszer\u0171en meggyal\u00e1zz\u00e1k azt\u201d \u2013 mondta. \u201eNem tanult\u00e1k meg a leck\u00e9t? Testv\u00e9rek vagyunk \u2013 politikai riv\u00e1lisok, de testv\u00e9rek vagyunk, egy nemzet fiai, egy j\u00f6v\u0151vel \u00e9s egy sorssal.\u201d<\/p>\n<h2 id=\"massacres\"><span dir=\"auto\">M\u00e9sz\u00e1rl\u00e1sok<\/span><\/h2>\n<p>Sok t\u00f6rt\u00e9n\u00e9sz szem\u00e9ben az Irgun \u00e9s az izraeli hadsereg f\u0151 szervei k\u00f6z\u00f6tti szakad\u00e1s az izraeli politik\u00e1ban ma is l\u00e1that\u00f3 t\u00f6r\u00e9svonalat jelent.<\/p>\n<p>Egy m\u00e1sik jobboldali mil\u00edci\u00e1val, a Lehivel egy\u00fctt az Irgun volt felel\u0151s a Nakba legs\u00falyosabb er\u0151szakos cselekm\u00e9nyei\u00e9rt.<\/p>\n<p>1948 \u00e1prilis\u00e1ban az Irgun harcosai a Lehi t\u00f6rzs oldal\u00e1n t\u00f6bb mint sz\u00e1z falusit, k\u00f6zt\u00fck n\u0151ket \u00e9s gyermekeket m\u00e9sz\u00e1roltak le a Jeruzs\u00e1lem k\u00f6zel\u00e9ben tal\u00e1lhat\u00f3 Deir Jasszinban, annak ellen\u00e9re, hogy a falu megnemt\u00e1mad\u00e1si egyezm\u00e9nyt k\u00f6t\u00f6tt az \u00fajonnan alakult izraeli er\u0151kkel. Hetekkel k\u00e9s\u0151bb az Irgun Jaffa ellen ford\u00edtotta fegyvereit, bomb\u00e1zta a v\u00e1ros sz\u00e9l\u00e9t, \u00e9s hozz\u00e1j\u00e1rult egy olyan offenz\u00edv\u00e1hoz, amely ki\u00fcr\u00edtette a v\u00e1rost a palesztin lakoss\u00e1g t\u00falnyom\u00f3 t\u00f6bbs\u00e9g\u00e9t\u0151l, akik tengeren \u00e9s k\u00f6z\u00faton menek\u00fcltek el, ahogy a harcok k\u00f6zeledtek.<\/p>\n<p><img decoding=\"async\" class=\"alignnone size-full wp-image-4604\" src=\"https:\/\/antipropaganda.hu\/wp-content\/uploads\/2026\/08\/INTERACTIVE-DeirYassin.webp\" alt=\"\" width=\"770\" height=\"479\" title=\"\" srcset=\"https:\/\/antipropaganda.hu\/wp-content\/uploads\/2026\/08\/INTERACTIVE-DeirYassin.webp 770w, https:\/\/antipropaganda.hu\/wp-content\/uploads\/2026\/08\/INTERACTIVE-DeirYassin-300x187.webp 300w, https:\/\/antipropaganda.hu\/wp-content\/uploads\/2026\/08\/INTERACTIVE-DeirYassin-768x478.webp 768w, https:\/\/antipropaganda.hu\/wp-content\/uploads\/2026\/08\/INTERACTIVE-DeirYassin-18x12.webp 18w, https:\/\/antipropaganda.hu\/wp-content\/uploads\/2026\/08\/INTERACTIVE-DeirYassin-675x420.webp 675w, https:\/\/antipropaganda.hu\/wp-content\/uploads\/2026\/08\/INTERACTIVE-DeirYassin-150x93.webp 150w, https:\/\/antipropaganda.hu\/wp-content\/uploads\/2026\/08\/INTERACTIVE-DeirYassin-696x433.webp 696w, https:\/\/antipropaganda.hu\/wp-content\/uploads\/2026\/08\/INTERACTIVE-DeirYassin-600x373.webp 600w\" sizes=\"(max-width: 770px) 100vw, 770px\" \/><\/p>\n<p>M\u00e1r Izrael \u00e1llam megalakul\u00e1sa el\u0151tt az Irgun felkel\u00e9st folytatott a N\u00e9psz\u00f6vets\u00e9g mand\u00e1tuma alatt a ter\u00fcleten \u00e1llom\u00e1soz\u00f3 brit er\u0151k ellen, foglyul ejtett katon\u00e1kat akasztott fel, \u00e9s 1946-ban t\u00f6bb mint 90 embert \u00f6lt meg a jeruzs\u00e1lemi King David Hotel bomb\u00e1z\u00e1s\u00e1ban.<\/p>\n<p>\u201eAz Irgun egy fasiszta, arabellenes szervezet volt, amely er\u0151szakot alkalmazott a Brit Birodalom ellen is, sz\u00e1mos arab \u00e9s brit hal\u00e1l\u00e1t okozva\u201d \u2013 mondta Jehouda Senhav-Shahrabani izraeli szociol\u00f3gus az Al Jazeer\u00e1nak, utalva az 1948-as deir jasszini m\u00e9sz\u00e1rl\u00e1sra.<\/p>\n<p>Azonban azt \u00e1ll\u00edtotta, hogy a Nakba legrosszabb esem\u00e9nyei\u00e9rt minden felel\u0151ss\u00e9get az Irgunra h\u00e1r\u00edtani nem \u00e9r semmit.<\/p>\n<p>\u201eA Nakba v\u00e9grehajt\u00e1s\u00e1\u00e9rt els\u0151sorban a Munk\u00e1smozgalommal kapcsolatban \u00e1ll\u00f3 cionista f\u00e9lkatonai szervezetek voltak felel\u0151sek\u201d \u2013 mondta. \u201eEz\u00e9rt \u00e1ll\u00edtottam mindig is, hogy a cionizmuson bel\u00fcl nincs igazi baloldal. Amit cionista \u201ebaloldalnak\u201d neveznek, az ism\u00e9telten f\u00fcgefalatk\u00e9nt szolg\u00e1lt a zsid\u00f3 fels\u0151bbrend\u0171s\u00e9g k\u00f6r\u00e9 szervez\u0151d\u0151 telepes-gyarmatos\u00edt\u00f3 mozgalom sz\u00e1m\u00e1ra.\u201d<\/p>\n<h2 id=\"politics\"><span dir=\"auto\">Politika<\/span><\/h2>\n<p>A legfrissebb k\u00f6zv\u00e9lem\u00e9ny-kutat\u00e1sok szerint Netanjahu Likudja folyamatosan lemarad f\u0151 riv\u00e1lis\u00e1t\u00f3l, Gadi Eisenkot volt izraeli vez\u00e9rkari f\u0151n\u00f6k Jas\u00e1r P\u00e1rtj\u00e1t\u00f3l. Az izraeli politika sz\u00e9ls\u0151jobboldali szavaz\u00f3i \u2013 bele\u00e9rtve azokat is, akik Ben-Gvirt t\u00e1mogatt\u00e1k \u2013 d\u00f6nt\u0151ek lehetnek a v\u00e1laszt\u00e1sokon.<\/p>\n<p>\u201eDe az Altalena megtal\u00e1l\u00e1s\u00e1nak t\u00f6rt\u00e9nete csak Netanjahu \u00e9s Ben-Gvir csat\u00e1ja szempontj\u00e1b\u00f3l fontos\u201d \u2013 mondta a Tel-Avivi Egyetem munkat\u00e1rsa, Daniel Bar-Tal. \u201eA szavaz\u00f3k t\u00f6bbs\u00e9g\u00e9nek nincs jelent\u0151s\u00e9ge.\u201d<\/p>\n<p>Bar-Tal azt nyilatkozta, hogy Ben-Gvir l\u00e1tsz\u00f3lag f\u00e9lrevezette Netanjahut azzal, hogy \u00e1tvette az ir\u00e1ny\u00edt\u00e1st a bejelent\u00e9s felett, miel\u0151tt tov\u00e1bb kiemelte rivaliz\u00e1l\u00e1sukat azzal, hogy tudatta, a minisztereln\u00f6k nem volt hajland\u00f3 vele f\u00e9nyk\u00e9pezkedni.<\/p>\n<p>Ben-Gvir, aki kulcsszerepet j\u00e1tszott Izrael g\u00e1zai n\u00e9pirt\u00f3 h\u00e1bor\u00faj\u00e1ban, Beginhez hasonl\u00edtotta mag\u00e1t. \u201e[Begin] bens\u0151s\u00e9gesen tudta, milyen az, amikor m\u00e1sok nem akarnak veled egy sz\u00ednpadon f\u00e9nyk\u00e9pezkedni.\u201d<\/p>\n<p><figure id=\"attachment_4601\" aria-describedby=\"caption-attachment-4601\" style=\"width: 770px\" class=\"wp-caption alignnone\"><img decoding=\"async\" class=\"wp-image-4601 size-full\" src=\"https:\/\/antipropaganda.hu\/wp-content\/uploads\/2026\/08\/2024-01-28T190152Z_1490643717_RC26R5AZWZ7E_RTRMADP_3_ISRAEL-PALESTINIANS-SETTLERS-1744947700.webp\" alt=\"\" width=\"770\" height=\"531\" title=\"\" srcset=\"https:\/\/antipropaganda.hu\/wp-content\/uploads\/2026\/08\/2024-01-28T190152Z_1490643717_RC26R5AZWZ7E_RTRMADP_3_ISRAEL-PALESTINIANS-SETTLERS-1744947700.webp 770w, https:\/\/antipropaganda.hu\/wp-content\/uploads\/2026\/08\/2024-01-28T190152Z_1490643717_RC26R5AZWZ7E_RTRMADP_3_ISRAEL-PALESTINIANS-SETTLERS-1744947700-300x207.webp 300w, https:\/\/antipropaganda.hu\/wp-content\/uploads\/2026\/08\/2024-01-28T190152Z_1490643717_RC26R5AZWZ7E_RTRMADP_3_ISRAEL-PALESTINIANS-SETTLERS-1744947700-768x530.webp 768w, https:\/\/antipropaganda.hu\/wp-content\/uploads\/2026\/08\/2024-01-28T190152Z_1490643717_RC26R5AZWZ7E_RTRMADP_3_ISRAEL-PALESTINIANS-SETTLERS-1744947700-18x12.webp 18w, https:\/\/antipropaganda.hu\/wp-content\/uploads\/2026\/08\/2024-01-28T190152Z_1490643717_RC26R5AZWZ7E_RTRMADP_3_ISRAEL-PALESTINIANS-SETTLERS-1744947700-609x420.webp 609w, https:\/\/antipropaganda.hu\/wp-content\/uploads\/2026\/08\/2024-01-28T190152Z_1490643717_RC26R5AZWZ7E_RTRMADP_3_ISRAEL-PALESTINIANS-SETTLERS-1744947700-150x103.webp 150w, https:\/\/antipropaganda.hu\/wp-content\/uploads\/2026\/08\/2024-01-28T190152Z_1490643717_RC26R5AZWZ7E_RTRMADP_3_ISRAEL-PALESTINIANS-SETTLERS-1744947700-218x150.webp 218w, https:\/\/antipropaganda.hu\/wp-content\/uploads\/2026\/08\/2024-01-28T190152Z_1490643717_RC26R5AZWZ7E_RTRMADP_3_ISRAEL-PALESTINIANS-SETTLERS-1744947700-696x480.webp 696w, https:\/\/antipropaganda.hu\/wp-content\/uploads\/2026\/08\/2024-01-28T190152Z_1490643717_RC26R5AZWZ7E_RTRMADP_3_ISRAEL-PALESTINIANS-SETTLERS-1744947700-320x220.webp 320w, https:\/\/antipropaganda.hu\/wp-content\/uploads\/2026\/08\/2024-01-28T190152Z_1490643717_RC26R5AZWZ7E_RTRMADP_3_ISRAEL-PALESTINIANS-SETTLERS-1744947700-600x414.webp 600w\" sizes=\"(max-width: 770px) 100vw, 770px\" \/><figcaption id=\"caption-attachment-4601\" class=\"wp-caption-text\">Itamar Ben-Gvir izraeli nemzetbiztons\u00e1gi miniszter besz\u00e9det mond egy konferenci\u00e1n, amelyen Izraelt a G\u00e1zai \u00f6vezetben \u00e9s az izraeli megsz\u00e1ll\u00e1s alatt \u00e1ll\u00f3 Ciszjord\u00e1nia \u00e9szaki r\u00e9sz\u00e9n tal\u00e1lhat\u00f3 telep\u00fcl\u00e9sek \u00fajj\u00e1\u00e9p\u00edt\u00e9s\u00e9re sz\u00f3l\u00edtj\u00e1k fel [F\u00e1jl: Ronen Zvulun\/Reuters]<\/figcaption><\/figure>\u201eBen-Gvir t\u00falsz\u00e1rnyalja Netanjahut\u201d \u2013 mondta Yossi Mekelberg, a Chatham House vezet\u0151 tan\u00e1csad\u00f3ja. \u201eAhogy a populist\u00e1kra mindenhol, mindkett\u0151j\u00fcket a legink\u00e1bb \u00e1ldozatt\u00e1 v\u00e1ltnak \u00e9s ellen\u00fck v\u00e9tkeztek, hogy megsz\u00f3l\u00edthass\u00e1k a b\u00e1zisukat.\u201d<\/p>\n<p>Mekelberg szerint a polg\u00e1rh\u00e1bor\u00fa fenyeget\u00e9s\u00e9re val\u00f3 utal\u00e1sok az Izraelben fokoz\u00f3d\u00f3 politikai er\u0151szak idej\u00e9n nagyr\u00e9szt retorikai jelleg\u0171ek \u00e9s a c\u00edmlapokra t\u00f6rekednek. De \u2013 figyelmeztetett \u2013 ett\u0151l az ilyen nyelvezet nem lesz kev\u00e9sb\u00e9 vesz\u00e9lyes.<\/p>\n<p>\u201eNetanjahu m\u00e1r j\u00e1rt itt kor\u00e1bban\u201d \u2013 mondta Mekelberg, utalva azokra a r\u00e9g\u00f3ta fenn\u00e1ll\u00f3 v\u00e1dakra, miszerint Netanjahu hozz\u00e1j\u00e1rult egy usz\u00edt\u00f3 l\u00e9gk\u00f6r megteremt\u00e9s\u00e9hez Jich\u00e1k Rabin minisztereln\u00f6k 1995-\u00f6s meggyilkol\u00e1s\u00e1t megel\u0151z\u0151 id\u0151szakban. \u201eSzeret k\u00e9zigr\u00e1n\u00e1tokat dob\u00e1lni az izraeli t\u00e1rsadalomba, hogy fenntartsa a v\u00e1ls\u00e1g\u00e9rzetet, majd azt \u00e1ll\u00edtani, hogy \u0151 a megment\u0151je.\u201d<\/p>\n","protected":false},"excerpt":{"rendered":"<p>Az Altalena-katasztr\u00f3fa sz\u00edtja a Netanjahu-Ben-Gvir rivaliz\u00e1l\u00e1st, mivel mindketten az Irgun mil\u00edcia \u00f6r\u00f6k\u00f6seinek vallj\u00e1k magukat. Versenyfut\u00e1s bontakozott ki a jobboldali izraeli politik\u00e1ban arr\u00f3l, hogy ki tud szorosabban kapcsolatba l\u00e9pni az Irgunnal, egy mil\u00edci\u00e1val, amely t\u00f6bb tucat palesztin meggyilkol\u00e1s\u00e1val \u00e9s megk\u00ednz\u00e1s\u00e1val volt \u00e9rintett az 1948-as h\u00e1bor\u00fa alatt, amely a Nakb\u00e1hoz, t\u00f6bb mint 750 000 palesztin k\u00e9nyszer\u0171 kitelep\u00edt\u00e9s\u00e9hez [&hellip;]<\/p>\n","protected":false},"author":1,"featured_media":4602,"comment_status":"open","ping_status":"closed","sticky":false,"template":"","format":"standard","meta":{"rs_blank_template":"","rs_page_bg_color":"","slide_template_v7":"","_monsterinsights_skip_tracking":false,"wpai_generated_summary":"","tdm_status":"","tdm_grid_status":"","footnotes":""},"categories":[13],"tags":[113,106,115,103,100,167,96,163,153,142,155,154,114,105,104],"class_list":["post-4600","post","type-post","status-publish","format-standard","has-post-thumbnail","category-politics","tag-bibi","tag-cionizmus","tag-ciszjordania","tag-gaza","tag-hasbara","tag-idf","tag-izrael","tag-izrael-terror","tag-kozel-kelet","tag-kozel-keleti-konfliktus","tag-mediaelemzes","tag-nemzetkozi-kapcsolatok","tag-netanjhau","tag-palesztin","tag-palesztina"],"_links":{"self":[{"href":"https:\/\/antipropaganda.hu\/en\/wp-json\/wp\/v2\/posts\/4600","targetHints":{"allow":["GET"]}}],"collection":[{"href":"https:\/\/antipropaganda.hu\/en\/wp-json\/wp\/v2\/posts"}],"about":[{"href":"https:\/\/antipropaganda.hu\/en\/wp-json\/wp\/v2\/types\/post"}],"author":[{"embeddable":true,"href":"https:\/\/antipropaganda.hu\/en\/wp-json\/wp\/v2\/users\/1"}],"replies":[{"embeddable":true,"href":"https:\/\/antipropaganda.hu\/en\/wp-json\/wp\/v2\/comments?post=4600"}],"version-history":[{"count":0,"href":"https:\/\/antipropaganda.hu\/en\/wp-json\/wp\/v2\/posts\/4600\/revisions"}],"wp:featuredmedia":[{"embeddable":true,"href":"https:\/\/antipropaganda.hu\/en\/wp-json\/wp\/v2\/media\/4602"}],"wp:attachment":[{"href":"https:\/\/antipropaganda.hu\/en\/wp-json\/wp\/v2\/media?parent=4600"}],"wp:term":[{"taxonomy":"category","embeddable":true,"href":"https:\/\/antipropaganda.hu\/en\/wp-json\/wp\/v2\/categories?post=4600"},{"taxonomy":"post_tag","embeddable":true,"href":"https:\/\/antipropaganda.hu\/en\/wp-json\/wp\/v2\/tags?post=4600"}],"curies":[{"name":"wp","href":"https:\/\/api.w.org\/{rel}","templated":true}]}}