{"id":4590,"date":"2026-08-27T08:44:18","date_gmt":"2026-08-27T06:44:18","guid":{"rendered":"https:\/\/antipropaganda.hu\/?p=4590"},"modified":"2026-08-27T08:44:18","modified_gmt":"2026-08-27T06:44:18","slug":"sliman-mansour-nekrologja-emlekezes-a-palesztin-muveszre-egy-nemzet-vizualis-emlekezete-mogott","status":"publish","type":"post","link":"https:\/\/antipropaganda.hu\/en\/sliman-mansour-nekrologja-emlekezes-a-palesztin-muveszre-egy-nemzet-vizualis-emlekezete-mogott\/","title":{"rendered":"Sliman Mansour&#039;s obituary: Remembering the Palestinian artist behind a nation&#039;s visual memory."},"content":{"rendered":"<p><strong>Sliman Mansour \u00e9let\u00e9t Palesztina fest\u00e9szet\u00e9vel t\u00f6lt\u00f6tte. Tisztelg\u00e9ssel ad\u00f3zunk az \u00fatt\u00f6r\u0151 m\u0171v\u00e9sznek azzal, hogy visszatekint\u00fcnk munk\u00e1ss\u00e1g\u00e1ra, \u00e9let\u00e9re \u00e9s \u00f6r\u00f6ks\u00e9g\u00e9re, amit maga m\u00f6g\u00f6tt hagyott.<\/strong><\/p>\n<p>A palesztin m\u0171v\u00e9szet meghat\u00e1roz\u00f3 alakja, a neves m\u0171v\u00e9sz, Sliman Mansour 79 \u00e9ves kor\u00e1ban elhunyt, miut\u00e1n csal\u00e1dja azt k\u00f6z\u00f6lte, hogy \u00e1llapota kritikus volt. A hal\u00e1l ok\u00e1t nem hozt\u00e1k nyilv\u00e1noss\u00e1gra.<\/p>\n<p>Azt mondj\u00e1k, hogy \u201e tov\u00e1bb \u00e9lt, mint maga Izrael \u00e1llam \u201d, Sliman t\u00f6bb mint f\u00e9l \u00e9vsz\u00e1zadot t\u00f6lt\u00f6tt Palesztin\u00e1ban gy\u00f6kerez\u0151 m\u0171veinek fel\u00e9p\u00edt\u00e9s\u00e9vel, dokument\u00e1lva t\u00e1jait, embereit \u00e9s hagyom\u00e1nyait, mik\u00f6zben t\u00fckr\u00f6zi a palesztin \u00e9letet form\u00e1l\u00f3 politikai realit\u00e1sokat.<\/p>\n<p>P\u00e1lyafut\u00e1sa sor\u00e1n festm\u00e9nyeit sokszoros\u00edtott\u00e1k \u00e9s a gal\u00e9ri\u00e1kon messze t\u00fal is forgalmazt\u00e1k, megismerve \u0151ket a haz\u00e1jukban \u00e9s a diaszp\u00f3r\u00e1ban \u00e9l\u0151 palesztinok k\u00f6r\u00e9ben. Az \u201e Intif\u00e1da m\u0171v\u00e9szek\u00e9nt \u201d tekintettek r\u00e1, \u00e9s nemzetk\u00f6zi elismer\u00e9st szerzett, a modern palesztin m\u0171v\u00e9szet egyik vezet\u0151 alakj\u00e1v\u00e1 t\u00e9ve mag\u00e1t.<\/p>\n<p>Azok sz\u00e1m\u00e1ra azonban, akik szem\u00e9lyesen ismert\u00e9k, hal\u00e1la nemcsak egy fontos m\u0171v\u00e9sz, hanem egy \u00e9desapja elveszt\u00e9se is volt.<\/p>\n<p>Hal\u00e1l\u00e1t k\u00f6vet\u0151en Sliman csal\u00e1dja egy nyilatkozatot tett k\u00f6zz\u00e9 Instagram-fi\u00f3kj\u00e1n, amelyben nemcsak az \u00f6r\u00f6ks\u00e9g\u00e9\u00e9rt eml\u00e9keznek r\u00e1, amit maga ut\u00e1n hagyott, hanem az\u00e9rt a szeretet\u00e9rt \u00e9s otthon\u00e9rzet\u00e9rt is, amelyet csal\u00e1dj\u00e1nak adott.<\/p>\n<blockquote><p>\u201eAz utols\u00f3 fejezet meg van \u00edrva.<\/p>\n<p>\u201eSzab\u00e1lytalanul neh\u00e9z sz\u00edvvel tudatjuk, hogy szeretett \u00e9desap\u00e1nk elhunyt.<\/p>\n<p>\u201eA vil\u00e1g sz\u00e1m\u00e1ra egy sz\u00e9ps\u00e9ggel, eml\u00e9kekkel \u00e9s \u00f6r\u00f6ks\u00e9ggel teli \u00e9letet hagyott maga ut\u00e1n, amely tov\u00e1bb \u00e9l mindazokban, akikhez hozz\u00e1\u00e9rt. De sz\u00e1munkra elvesztett\u00fcnk egy \u00e9desap\u00e1nkat, a szeretet, az er\u0151 \u00e9s az otthon forr\u00e1s\u00e1t.\u201d<\/p>\n<p>\u201eB\u00e1r vil\u00e1gi p\u00e1lyafut\u00e1sa v\u00e9get \u00e9rt, szelleme, munk\u00e1ss\u00e1ga \u00e9s szeretete \u00f6r\u00f6kre vel\u00fcnk marad.\u201d<\/p>\n<p>\u201eNyugodj\u00e9k \u00f6r\u00f6k b\u00e9k\u00e9ben, k\u00f6r\u00fclv\u00e9ve azzal a f\u00e9nnyel \u00e9s sz\u00e9ps\u00e9ggel, amelyet oly nagylelk\u0171en adott ennek a vil\u00e1gnak\u201d \u2013 \u00e1ll a k\u00f6zlem\u00e9nyben.<\/p><\/blockquote>\n<p>Mik\u00f6zben hal\u00e1l\u00e1t k\u00f6vet\u0151en egyre t\u00f6bb tisztelg\u00e9s \u00e9rkezik, az \u00daj Arab c\u00edm\u0171 k\u00f6nyv visszatekint egy olyan m\u0171v\u00e9sz \u00e9let\u00e9re, munk\u00e1ss\u00e1g\u00e1ra \u00e9s fejl\u0151d\u00e9s\u00e9re, akinek festm\u00e9nyei a modern Palesztina vizu\u00e1lis eml\u00e9keinek r\u00e9sz\u00e9v\u00e9 v\u00e1ltak.<\/p>\n<h3><strong><span dir=\"auto\">Korai napok<\/span><\/strong><\/h3>\n<p>Sliman m\u0171v\u00e9szet ir\u00e1nti \u00e9rdekl\u0151d\u00e9se m\u00e1r gyermekkor\u00e1ban elkezd\u0151d\u00f6tt, j\u00f3val azel\u0151tt, hogy Palesztina egyik legismertebb m\u0171v\u00e9sz\u00e9v\u00e9 v\u00e1lt volna.<\/p>\n<p>Sliman 1947-ben sz\u00fcletett a R\u00e1mallah k\u00f6zel\u00e9ben tal\u00e1lhat\u00f3 Birzeitben, hatgyermekes csal\u00e1d negyedik gyermekek\u00e9nt. Apja n\u00e9gy\u00e9ves kor\u00e1ban meghalt, \u00e9desanyja pedig k\u00e9s\u0151bb \u0151t \u00e9s testv\u00e9reit egy betlehemi evang\u00e9likus \u00e1rvaiskol\u00e1ba k\u00fcldte. Ott figyelt fel egy n\u00e9met tan\u00e1r, Felix Theis Sliman k\u00e9pess\u00e9geire, \u00e9s arra biztatta, hogy rajzoljon \u00e9s festessen.<\/p>\n<p>Ez a korai b\u00e1tor\u00edt\u00e1s Slimannal egy\u00fctt megmaradt, ahogy id\u0151sebb lett, \u00e9s seg\u00edtett neki elindulni a hivat\u00e1sos m\u0171v\u00e9szr\u00e9 v\u00e1l\u00e1s \u00fatj\u00e1n.<\/p>\n<p>1967 \u00e9s 1970 k\u00f6z\u00f6tt a nyugat-jeruzs\u00e1lemi Bezalel M\u0171v\u00e9szeti Akad\u00e9mi\u00e1n tanult m\u0171v\u00e9szetet, miel\u0151tt elkezdte volna karrierj\u00e9t, amely a palesztin m\u0171v\u00e9szet egyik vezet\u0151 alakj\u00e1v\u00e1 tette.<\/p>\n<p>Ahogy munk\u00e1ss\u00e1ga fejl\u0151d\u00f6tt, Sliman sz\u00e1mos hat\u00e1st gyakorolt. A r\u00e9gi\u00f3 \u0151si civiliz\u00e1ci\u00f3ira tekintett vissza, bele\u00e9rtve a k\u00e1na\u00e1nit\u00e1kat, az egyiptomiakat \u00e9s az assz\u00edrokat, mik\u00f6zben ihletet mer\u00edtett az iszl\u00e1m \u00e9s az arab m\u0171v\u00e9szeti hagyom\u00e1nyokb\u00f3l is.<\/p>\n<p>K\u00fcl\u00f6n\u00f6sen a kalligr\u00e1fia \u00e9s a geometriai form\u00e1k v\u00e1ltak fontos elemm\u00e9 munk\u00e1ss\u00e1g\u00e1ban.<\/p>\n<p>Leger\u0151sebb kapcsolata azonban tov\u00e1bbra is a palesztin t\u00e1jhoz \u00e9s a Birzeitben feln\u0151ve megtapasztalt \u00e9lethez f\u0171z\u0151d\u00f6tt. Ez a f\u00f3kusz k\u00fcl\u00f6n\u00f6sen az 1970-es \u00e9vekben v\u00e1lt jelent\u0151ss\u00e9, amikor a palesztin m\u0171v\u00e9szek, \u00edr\u00f3k \u00e9s k\u00f6lt\u0151k azon gener\u00e1ci\u00f3ja mellett emelkedett ki, akik a kult\u00far\u00e1hoz fordultak, hogy meg\u0151rizz\u00e9k kapcsolatukat haz\u00e1jukkal, t\u00f6rt\u00e9nelm\u00fckkel, eml\u00e9keikkel \u00e9s hagyom\u00e1nyaikkal a folyamatos elv\u00e1ndorl\u00e1s \u00e9s politikai nyugtalans\u00e1g k\u00f6zepette.<\/p>\n<p><figure id=\"attachment_4595\" aria-describedby=\"caption-attachment-4595\" style=\"width: 696px\" class=\"wp-caption alignnone\"><img decoding=\"async\" class=\"wp-image-4595 size-large lazyload\" data-src=\"https:\/\/antipropaganda.hu\/wp-content\/smush-webp\/2026\/08\/758553633_18450524227190669_7731274112483785307_n-768x1024.jpg.webp\" alt=\"\" width=\"696\" height=\"928\" title=\"\" data-srcset=\"https:\/\/antipropaganda.hu\/wp-content\/smush-webp\/2026\/08\/758553633_18450524227190669_7731274112483785307_n-768x1024.jpg.webp 768w, https:\/\/antipropaganda.hu\/wp-content\/smush-webp\/2026\/08\/758553633_18450524227190669_7731274112483785307_n-225x300.jpg.webp 225w, https:\/\/antipropaganda.hu\/wp-content\/smush-webp\/2026\/08\/758553633_18450524227190669_7731274112483785307_n-1152x1536.jpg.webp 1152w, https:\/\/antipropaganda.hu\/wp-content\/smush-webp\/2026\/08\/758553633_18450524227190669_7731274112483785307_n-1537x2048.jpg.webp 1537w, https:\/\/antipropaganda.hu\/wp-content\/smush-webp\/2026\/08\/758553633_18450524227190669_7731274112483785307_n-9x12.jpg.webp 9w, https:\/\/antipropaganda.hu\/wp-content\/smush-webp\/2026\/08\/758553633_18450524227190669_7731274112483785307_n-315x420.jpg.webp 315w, https:\/\/antipropaganda.hu\/wp-content\/smush-webp\/2026\/08\/758553633_18450524227190669_7731274112483785307_n-150x200.jpg.webp 150w, https:\/\/antipropaganda.hu\/wp-content\/smush-webp\/2026\/08\/758553633_18450524227190669_7731274112483785307_n-300x400.jpg.webp 300w, https:\/\/antipropaganda.hu\/wp-content\/smush-webp\/2026\/08\/758553633_18450524227190669_7731274112483785307_n-696x928.jpg.webp 696w, https:\/\/antipropaganda.hu\/wp-content\/smush-webp\/2026\/08\/758553633_18450524227190669_7731274112483785307_n-1068x1423.jpg.webp 1068w, https:\/\/antipropaganda.hu\/wp-content\/smush-webp\/2026\/08\/758553633_18450524227190669_7731274112483785307_n-1320x1759.jpg.webp 1320w, https:\/\/antipropaganda.hu\/wp-content\/smush-webp\/2026\/08\/758553633_18450524227190669_7731274112483785307_n-600x800.jpg.webp 600w, https:\/\/antipropaganda.hu\/wp-content\/smush-webp\/2026\/08\/758553633_18450524227190669_7731274112483785307_n-scaled.jpg.webp 1441w\" data-sizes=\"auto\" src=\"data:image\/svg+xml;base64,PHN2ZyB3aWR0aD0iMSIgaGVpZ2h0PSIxIiB4bWxucz0iaHR0cDovL3d3dy53My5vcmcvMjAwMC9zdmciPjwvc3ZnPg==\" style=\"--smush-placeholder-width: 696px; --smush-placeholder-aspect-ratio: 696\/928;\" data-original-sizes=\"(max-width: 696px) 100vw, 696px\" \/><figcaption id=\"caption-attachment-4595\" class=\"wp-caption-text\">Sliman k\u00e9pz\u0151m\u0171v\u00e9szetet tanult a jeruzs\u00e1lemi Bezalel M\u0171v\u00e9szeti \u00e9s Formatervez\u00e9si Akad\u00e9mi\u00e1n [Sliman Mansour Instagram-oldala]<\/dd>\n<dd><\/figcaption><\/figure><figure id=\"attachment_4594\" aria-describedby=\"caption-attachment-4594\" style=\"width: 696px\" class=\"wp-caption alignnone\"><img decoding=\"async\" class=\"wp-image-4594 size-large lazyload\" data-src=\"https:\/\/antipropaganda.hu\/wp-content\/smush-webp\/2026\/08\/689338475_18436556371190669_2263883523039770493_n-768x1024.jpg.webp\" alt=\"\" width=\"696\" height=\"928\" title=\"\" data-srcset=\"https:\/\/antipropaganda.hu\/wp-content\/smush-webp\/2026\/08\/689338475_18436556371190669_2263883523039770493_n-768x1024.jpg.webp 768w, https:\/\/antipropaganda.hu\/wp-content\/smush-webp\/2026\/08\/689338475_18436556371190669_2263883523039770493_n-225x300.jpg.webp 225w, https:\/\/antipropaganda.hu\/wp-content\/smush-webp\/2026\/08\/689338475_18436556371190669_2263883523039770493_n-1152x1536.jpg.webp 1152w, https:\/\/antipropaganda.hu\/wp-content\/smush-webp\/2026\/08\/689338475_18436556371190669_2263883523039770493_n-1536x2048.jpg.webp 1536w, https:\/\/antipropaganda.hu\/wp-content\/smush-webp\/2026\/08\/689338475_18436556371190669_2263883523039770493_n-9x12.jpg.webp 9w, https:\/\/antipropaganda.hu\/wp-content\/smush-webp\/2026\/08\/689338475_18436556371190669_2263883523039770493_n-315x420.jpg.webp 315w, https:\/\/antipropaganda.hu\/wp-content\/smush-webp\/2026\/08\/689338475_18436556371190669_2263883523039770493_n-150x200.jpg.webp 150w, https:\/\/antipropaganda.hu\/wp-content\/smush-webp\/2026\/08\/689338475_18436556371190669_2263883523039770493_n-300x400.jpg.webp 300w, https:\/\/antipropaganda.hu\/wp-content\/smush-webp\/2026\/08\/689338475_18436556371190669_2263883523039770493_n-696x928.jpg.webp 696w, https:\/\/antipropaganda.hu\/wp-content\/smush-webp\/2026\/08\/689338475_18436556371190669_2263883523039770493_n-1068x1424.jpg.webp 1068w, https:\/\/antipropaganda.hu\/wp-content\/smush-webp\/2026\/08\/689338475_18436556371190669_2263883523039770493_n-1920x2560.jpg.webp 1920w, https:\/\/antipropaganda.hu\/wp-content\/smush-webp\/2026\/08\/689338475_18436556371190669_2263883523039770493_n-1320x1760.jpg.webp 1320w, https:\/\/antipropaganda.hu\/wp-content\/smush-webp\/2026\/08\/689338475_18436556371190669_2263883523039770493_n-600x800.jpg.webp 600w, https:\/\/antipropaganda.hu\/wp-content\/smush-webp\/2026\/08\/689338475_18436556371190669_2263883523039770493_n-scaled.jpg.webp 1440w\" data-sizes=\"auto\" src=\"data:image\/svg+xml;base64,PHN2ZyB3aWR0aD0iMSIgaGVpZ2h0PSIxIiB4bWxucz0iaHR0cDovL3d3dy53My5vcmcvMjAwMC9zdmciPjwvc3ZnPg==\" style=\"--smush-placeholder-width: 696px; --smush-placeholder-aspect-ratio: 696\/928;\" data-original-sizes=\"(max-width: 696px) 100vw, 696px\" \/><figcaption id=\"caption-attachment-4594\" class=\"wp-caption-text\">Sliman k\u00e9s\u0151bb is folytatta a fest\u00e9st, mik\u00f6zben oxig\u00e9np\u00f3tl\u00e1st ig\u00e9nyelt a kr\u00f3nikus obstrukt\u00edv t\u00fcd\u0151betegs\u00e9g (COPD) miatt, amelyet \u00e9vtizedekig tart\u00f3 doh\u00e1nyz\u00e1s okozott [Sliman Mansour Instagram-oldala]<\/figcaption><\/figure>Sliman h\u00edrneve egyre n\u0151tt, munk\u00e1it v\u00e9g\u00fcl az arab vil\u00e1gban \u00e9s nemzetk\u00f6zi szinten is ki\u00e1ll\u00edtott\u00e1k. Festm\u00e9nyei m\u00fazeumokba \u00e9s mag\u00e1ngy\u0171jtem\u00e9nyekbe ker\u00fcltek szerte a vil\u00e1gon, \u00e9s sz\u00e1mos d\u00edjat kapott a palesztin \u00e9s arab kult\u00far\u00e1hoz val\u00f3 hozz\u00e1j\u00e1rul\u00e1s\u00e1\u00e9rt.<\/p>\n<p>Munk\u00e1ss\u00e1ga az \u00e9vek sor\u00e1n fokozatosan politikai jelleg\u0171v\u00e9 v\u00e1lt, \u00e9s az els\u0151 intif\u00e1da alatt palesztin m\u0171v\u00e9szt\u00e1rsaival, Vera Tamarival, Tayseer Barakattal \u00e9s Nabil Ananival k\u00f6z\u00f6sen megalap\u00edtotta a New Visions csoportot, amelynek c\u00e9lja a palesztinok tapasztalatainak \u00e9s az izraeli megsz\u00e1ll\u00e1s alatt elszenvedett igazs\u00e1gtalans\u00e1goknak a bemutat\u00e1sa volt .<\/p>\n<p>Miut\u00e1n a palesztin m\u0171v\u00e9szek felhagytak az izraeli gy\u00e1rtm\u00e1ny\u00fa m\u0171v\u00e9szeti anyagok haszn\u00e1lat\u00e1val, a csoport s\u00e1rral, szalm\u00e1val, f\u00e1val, b\u0151rrel, henn\u00e1val \u00e9s term\u00e9szetes fest\u00e9kekkel kezdett k\u00eds\u00e9rletezni, Sliman pedig ezt a v\u00e1ltoz\u00e1st a palesztin \u00e9letben gy\u00f6kerez\u0151 m\u0171v\u00e9szet l\u00e9trehoz\u00e1s\u00e1ra ir\u00e1nyul\u00f3 sz\u00e9lesebb k\u00f6r\u0171 er\u0151fesz\u00edt\u00e9s r\u00e9szek\u00e9nt l\u00e1tta.<\/p>\n<p>Sliman saj\u00e1t szavaival \u00e9lve elmondta, hogy a tapasztalat \u00f6sszehozta a Nakba ut\u00e1n sz\u00fcletett palesztin m\u0171v\u00e9szek \u00e9s a hagyom\u00e1nyt \u00e9letben tart\u00f3 fiatalabb gener\u00e1ci\u00f3 munk\u00e1ss\u00e1g\u00e1t .<\/p>\n<h3><strong><span dir=\"auto\">Az olajf\u00e1kt\u00f3l Jeruzs\u00e1lemig<\/span><\/strong><\/h3>\n<p>Palesztina f\u00f6ldje volt az egyik legfontosabb t\u00e9ma, amelyhez Sliman p\u00e1lyafut\u00e1sa sor\u00e1n visszat\u00e9rt.<\/p>\n<p>Olajf\u00e1k, k\u0151teraszok \u00e9s palesztin falvak jelentek meg \u00fajra \u00e9s \u00fajra, az otthon, a hovatartoz\u00e1s \u00e9s az eml\u00e9kezet eszm\u00e9it hordozva. Ez l\u00e1that\u00f3 az Olajsz\u00fcret (1988) c\u00edm\u0171 k\u00e9pen, amely egy palesztin f\u00e9rfit \u00e9s n\u0151t \u00e1br\u00e1zol hagyom\u00e1nyos ruh\u00e1ban, amint olajbogy\u00f3t szednek, a festm\u00e9ny k\u00f6z\u00e9ppontj\u00e1ba a mindennapi vid\u00e9ki \u00e9letet helyezve.<\/p>\n<figure id=\"attachment_4593\" aria-describedby=\"caption-attachment-4593\" style=\"width: 600px\" class=\"wp-caption alignnone\"><img decoding=\"async\" class=\"wp-image-4593 size-full\" src=\"https:\/\/antipropaganda.hu\/wp-content\/smush-webp\/2026\/08\/626219133_18324775861217020_4410816265757147427_n.jpg.webp\" alt=\"\" width=\"600\" height=\"708\" title=\"\" srcset=\"https:\/\/antipropaganda.hu\/wp-content\/smush-webp\/2026\/08\/626219133_18324775861217020_4410816265757147427_n.jpg.webp 600w, https:\/\/antipropaganda.hu\/wp-content\/smush-webp\/2026\/08\/626219133_18324775861217020_4410816265757147427_n-254x300.jpg.webp 254w, https:\/\/antipropaganda.hu\/wp-content\/uploads\/2026\/08\/626219133_18324775861217020_4410816265757147427_n-10x12.jpg 10w, https:\/\/antipropaganda.hu\/wp-content\/smush-webp\/2026\/08\/626219133_18324775861217020_4410816265757147427_n-356x420.jpg.webp 356w, https:\/\/antipropaganda.hu\/wp-content\/smush-webp\/2026\/08\/626219133_18324775861217020_4410816265757147427_n-150x177.jpg.webp 150w, https:\/\/antipropaganda.hu\/wp-content\/smush-webp\/2026\/08\/626219133_18324775861217020_4410816265757147427_n-300x354.jpg.webp 300w\" sizes=\"(max-width: 600px) 100vw, 600px\" \/><figcaption id=\"caption-attachment-4593\" class=\"wp-caption-text\">Sliman \u201eOl\u00edvasz\u00fcret\u201d (1988) c\u00edm\u0171 festm\u00e9nye<\/figcaption><\/figure>\n<p>A n\u0151k szint\u00e9n visszat\u00e9r\u0151 jelenl\u00e9t voltak. Sliman gyakran \u00e1br\u00e1zolta \u0151ket hagyom\u00e1nyos h\u00edmzett ruh\u00e1kban, vagy tatreezben , ami er\u0151s \u00e9s megalapozott jelenl\u00e9tet k\u00f6lcs\u00f6nz\u00f6tt nekik. Ezeken az alakokon kereszt\u00fcl az anyas\u00e1g, a rugalmass\u00e1g, a kultur\u00e1lis identit\u00e1s \u00e9s a gener\u00e1ci\u00f3k k\u00f6z\u00f6tti kapcsolat gondolatait kutatta.<\/p>\n<p>Az Anya \u00e9s gyermek (2009) egyike azon m\u0171veknek, amelyek ezt a t\u00e9m\u00e1t t\u00fckr\u00f6zik, a csal\u00e1d \u00e9s a palesztin identit\u00e1s kapcsolat\u00e1t helyezve k\u00f6z\u00e9ppontba.<\/p>\n<p>M\u00e1s ismer\u0151s szimb\u00f3lumok is helyet kaptak Sliman festm\u00e9nyein. A narancsf\u00e1k \u00e9s Jeruzs\u00e1lem egy olyan vizu\u00e1lis nyelv r\u00e9sz\u00e9v\u00e9 v\u00e1ltak, amely lehet\u0151v\u00e9 tette, hogy a palesztin \u00e9let felismerhet\u0151 r\u00e9szletei az otthon \u00e9s a hovatartoz\u00e1s t\u00e1gabb jelent\u00e9s\u00e9t hordozz\u00e1k.<\/p>\n<p>Egy p\u00e9lda erre az Elveszett tenger II (2015), amely ezekre az ismer\u0151s elemekre \u00e9p\u00edt, mik\u00f6zben a helyhez \u00e9s az eml\u00e9kekhez kapcsol\u00f3d\u00f3 m\u00e9lyebb \u00e9rzelmeket is t\u00fckr\u00f6zi.<\/p>\n<p>Sliman \u00f6sszes festm\u00e9nye k\u00f6z\u00fcl m\u00e9gis egy k\u00fcl\u00f6n\u00f6sen er\u0151teljess\u00e9 \u00e9s sz\u00e9les k\u00f6rben elismertt\u00e9 v\u00e1lt: Jamal al-Mahamel ( A neh\u00e9zs\u00e9gek teve ).<\/p>\n<p>A festm\u00e9ny egy id\u0151s teherhord\u00f3t \u00e1br\u00e1zol, aki a h\u00e1t\u00e1n viszi Jeruzs\u00e1lemet, \u00edgy a v\u00e1ros olyan s\u00falynak t\u0171nik sz\u00e1m\u00e1ra, amit fizikailag is el tud cipelni.<\/p>\n<p>Id\u0151vel a k\u00e9p a palesztin eml\u00e9kezettel, a v\u00e1gyakoz\u00e1ssal \u00e9s a kitart\u00e1ssal kezdett \u00f6sszef\u00fcgg\u00e9sbe ker\u00fclni, \u00e9s sz\u00e9les k\u00f6rben reproduk\u00e1lt\u00e1k, a plak\u00e1tokt\u00f3l kezdve az otthonokon \u00e1t az \u00fczletekig.<\/p>\n<figure id=\"attachment_4591\" aria-describedby=\"caption-attachment-4591\" style=\"width: 657px\" class=\"wp-caption alignnone\"><img decoding=\"async\" class=\"wp-image-4591 size-large lazyload\" data-src=\"https:\/\/antipropaganda.hu\/wp-content\/uploads\/2026\/08\/2015_DUB_01237_0082_000suleiman_mansour_jamal_al_mahamel_ii024345-657x1024.jpg\" alt=\"\" width=\"657\" height=\"1024\" title=\"\" data-srcset=\"https:\/\/antipropaganda.hu\/wp-content\/uploads\/2026\/08\/2015_DUB_01237_0082_000suleiman_mansour_jamal_al_mahamel_ii024345-657x1024.jpg 657w, https:\/\/antipropaganda.hu\/wp-content\/uploads\/2026\/08\/2015_DUB_01237_0082_000suleiman_mansour_jamal_al_mahamel_ii024345-192x300.jpg 192w, https:\/\/antipropaganda.hu\/wp-content\/uploads\/2026\/08\/2015_DUB_01237_0082_000suleiman_mansour_jamal_al_mahamel_ii024345-768x1197.jpg 768w, https:\/\/antipropaganda.hu\/wp-content\/uploads\/2026\/08\/2015_DUB_01237_0082_000suleiman_mansour_jamal_al_mahamel_ii024345-8x12.jpg 8w, https:\/\/antipropaganda.hu\/wp-content\/uploads\/2026\/08\/2015_DUB_01237_0082_000suleiman_mansour_jamal_al_mahamel_ii024345-269x420.jpg 269w, https:\/\/antipropaganda.hu\/wp-content\/uploads\/2026\/08\/2015_DUB_01237_0082_000suleiman_mansour_jamal_al_mahamel_ii024345-150x234.jpg 150w, https:\/\/antipropaganda.hu\/wp-content\/uploads\/2026\/08\/2015_DUB_01237_0082_000suleiman_mansour_jamal_al_mahamel_ii024345-300x468.jpg 300w, https:\/\/antipropaganda.hu\/wp-content\/uploads\/2026\/08\/2015_DUB_01237_0082_000suleiman_mansour_jamal_al_mahamel_ii024345-696x1085.jpg 696w, https:\/\/antipropaganda.hu\/wp-content\/uploads\/2026\/08\/2015_DUB_01237_0082_000suleiman_mansour_jamal_al_mahamel_ii024345-600x935.jpg 600w, https:\/\/antipropaganda.hu\/wp-content\/uploads\/2026\/08\/2015_DUB_01237_0082_000suleiman_mansour_jamal_al_mahamel_ii024345.jpg 834w\" data-sizes=\"auto\" src=\"data:image\/svg+xml;base64,PHN2ZyB3aWR0aD0iMSIgaGVpZ2h0PSIxIiB4bWxucz0iaHR0cDovL3d3dy53My5vcmcvMjAwMC9zdmciPjwvc3ZnPg==\" style=\"--smush-placeholder-width: 657px; --smush-placeholder-aspect-ratio: 657\/1024;\" data-original-sizes=\"(max-width: 657px) 100vw, 657px\" \/><figcaption id=\"caption-attachment-4591\" class=\"wp-caption-text\">Sliman \u201eA neh\u00e9zs\u00e9gek tev\u00e9je\u201d (1974) c\u00edm\u0171 festm\u00e9nye<\/figcaption><\/figure>\n<h3><b><span dir=\"auto\">Slimanra eml\u00e9keztek<\/span><\/b><\/h3>\n<p>Sliman \u00f6r\u00f6ks\u00e9g\u00e9re reflekt\u00e1lva, a Barjeel M\u0171v\u00e9szeti Alap\u00edtv\u00e1ny alap\u00edt\u00f3ja, Sultan Sooud Al-Qassemi hal\u00e1la ut\u00e1n tisztelegve el\u0151tte, eml\u00e9kezve arra, hogy munk\u00e1ss\u00e1ga milyen sz\u00e9les k\u00f6rben ismertt\u00e9 v\u00e1lt.<\/p>\n<p>\u201eSliman figur\u00e1lis st\u00edlus\u00e1t azonnal felismerte minden palesztin, \u00e9s plak\u00e1tokon, p\u00f3l\u00f3kon, tetov\u00e1l\u00e1sokon \u00e9s mobiltelefon-h\u00e1tt\u00e9rk\u00e9peken dolgozt\u00e1k fel. Amikor a palesztinok a szeretet, az \u00e9let vagy a rugalmass\u00e1g k\u00e9p\u00e9t akart\u00e1k \u00e1br\u00e1zolni, nagy val\u00f3sz\u00edn\u0171s\u00e9ggel Sliman egy festm\u00e9ny\u00e9t v\u00e1lasztott\u00e1k. Elvesztett\u00fck a modern arab m\u0171v\u00e9szet egy \u00f3ri\u00e1s\u00e1t\u201d \u2013 osztotta meg Al-Kasszemi.<\/p>\n<p>\u201eSliman egyetemes palesztin szellemis\u00e9get ragadt meg. M\u0171vei az arab vil\u00e1g legismertebbjei k\u00f6z\u00e9 tartoznak, m\u00e9g azok sz\u00e1m\u00e1ra is, akiket nem igaz\u00e1n \u00e9rdekel a m\u0171v\u00e9szet, vagy nem ismerik azt.\u201d<\/p>\n<p>\u201eSliman egy palesztin m\u0171v\u00e9szekb\u0151l \u00e1ll\u00f3 csoport tagja volt, akik az 1980-as \u00e9vek els\u0151 intif\u00e1d\u00e1j\u00e1t k\u00f6vet\u0151en dacoltak az izraeli palesztin \u00e9letre vonatkoz\u00f3 korl\u00e1toz\u00e1sokkal az\u00e1ltal, hogy \u00e1talak\u00edtott\u00e1k a m\u0171v\u00e9szethez haszn\u00e1lt anyagokat, az olajfestm\u00e9nyekr\u0151l a v\u00e1szonra v\u00e1ltva a helyi alapanyagokra. S\u00e1rral \u00e9s szalm\u00e1val k\u00e9sz\u00fclt m\u0171veir\u0151l v\u00e1lt ismertt\u00e9\u201d \u2013 tette hozz\u00e1.<\/p>\n<p>\u201eSliman sz\u00e1m\u00e1ra a f\u00f6ld m\u0171v\u00e9szeti alkot\u00e1sokban val\u00f3 felhaszn\u00e1l\u00e1sa a palesztinok haz\u00e1jukhoz f\u0171z\u0151d\u0151 kapcsolat\u00e1t is t\u00fckr\u00f6zte. Sliman Palesztin\u00e1b\u00f3l kiindulva dolgozott, \u00e9s nap mint nap tan\u00faja volt a megsz\u00e1ll\u00e1s kegyetlens\u00e9g\u00e9nek. Festm\u00e9nyei ezt a val\u00f3s\u00e1got ragadt\u00e1k meg, de ami m\u00e9g fontosabb, a kitart\u00e1s szimb\u00f3lumait k\u00edn\u00e1lt\u00e1k minden palesztin sz\u00e1m\u00e1ra.\u201d<\/p>\n<p>\u201eB\u00e1r Sliman p\u00e1lyafut\u00e1sa sor\u00e1n j\u00f3l ismert volt, a k\u00f6z\u00f6ss\u00e9gi m\u00e9dia r\u00e9v\u00e9n munk\u00e1ss\u00e1ga \u00e9s \u00f6r\u00f6ks\u00e9ge eljutott a palesztinok \u00e9s arabok \u00faj gener\u00e1ci\u00f3j\u00e1hoz. Egy eg\u00e9sz fiatal palesztin m\u0171v\u00e9szgener\u00e1ci\u00f3t form\u00e1lt az \u00f6r\u00f6ks\u00e9ge, \u00e9s munk\u00e1ss\u00e1ga tov\u00e1bb \u00e9l a p\u00e1lyafut\u00e1sa sor\u00e1n l\u00e9trehozott sz\u00e1mtalan m\u0171alkot\u00e1son kereszt\u00fcl.\u201d<\/p>\n<p>\u201eLegh\u00edresebb festm\u00e9ny\u00e9t, a Teve a terhekr\u0151l c\u00edm\u0171t sz\u00e1mtalanszor reproduk\u00e1lt\u00e1k, ak\u00e1r plak\u00e1tk\u00e9nt, ak\u00e1r m\u00e1s m\u0171v\u00e9szek \u00e1ltali reprodukci\u00f3k r\u00e9v\u00e9n. A festm\u00e9ny a palesztinok \u00e1ltal cipelt terheket \u00e1br\u00e1zolja, ak\u00e1r Palesztin\u00e1ban, ak\u00e1r a diaszp\u00f3r\u00e1ban \u00e9lnek.\u201d<\/p>\n<p>\u201eSok arab sz\u00e1m\u00e1ra Sliman k\u00e9pes volt k\u00f6zvet\u00edteni a Palesztina ir\u00e1nt \u00e9rzett \u00e9rzelmek sz\u00e9les sk\u00e1l\u00e1j\u00e1t, az \u00f6r\u00f6mt\u0151l a szomor\u00fas\u00e1gig. Palesztink\u00e9nt, aki Palesztin\u00e1ban \u00e9lt \u00e9s gyakorolta vall\u00e1s\u00e1t, m\u0171vei elvesztek, megsemmis\u00fcltek \u00e9s elkobozt\u00e1k az izraeli hat\u00f3s\u00e1gok, m\u00e9gis kitartott.\u201d<\/p>\n<p>\u201eAz ut\u00f3bbi \u00e9vekben munk\u00e1ss\u00e1ga jelent\u0151s kereskedelmi sikert is el\u00e9rt, festm\u00e9nyei t\u00f6bb sz\u00e1zezer doll\u00e1r\u00e9rt keltek el \u00e1rver\u00e9seken. Sliman alkot\u00e1saiban kereszt\u00e9ny \u00e9s iszl\u00e1m \u00f6r\u00f6ks\u00e9gb\u0151l is mer\u00edtett.\u201d<\/p>\n<p><figure id=\"attachment_4596\" aria-describedby=\"caption-attachment-4596\" style=\"width: 696px\" class=\"wp-caption alignnone\"><img decoding=\"async\" class=\"wp-image-4596 size-large lazyload\" data-src=\"https:\/\/antipropaganda.hu\/wp-content\/smush-webp\/2026\/08\/784351024_18619311280051523_5797588533592474707_n-1024x1024.jpg.webp\" alt=\"\" width=\"696\" height=\"696\" title=\"\" data-srcset=\"https:\/\/antipropaganda.hu\/wp-content\/smush-webp\/2026\/08\/784351024_18619311280051523_5797588533592474707_n-1024x1024.jpg.webp 1024w, https:\/\/antipropaganda.hu\/wp-content\/smush-webp\/2026\/08\/784351024_18619311280051523_5797588533592474707_n-300x300.jpg.webp 300w, https:\/\/antipropaganda.hu\/wp-content\/smush-webp\/2026\/08\/784351024_18619311280051523_5797588533592474707_n-150x150.jpg.webp 150w, https:\/\/antipropaganda.hu\/wp-content\/smush-webp\/2026\/08\/784351024_18619311280051523_5797588533592474707_n-768x769.jpg.webp 768w, https:\/\/antipropaganda.hu\/wp-content\/smush-webp\/2026\/08\/784351024_18619311280051523_5797588533592474707_n-12x12.jpg.webp 12w, https:\/\/antipropaganda.hu\/wp-content\/smush-webp\/2026\/08\/784351024_18619311280051523_5797588533592474707_n-420x420.jpg.webp 420w, https:\/\/antipropaganda.hu\/wp-content\/smush-webp\/2026\/08\/784351024_18619311280051523_5797588533592474707_n-696x696.jpg.webp 696w, https:\/\/antipropaganda.hu\/wp-content\/smush-webp\/2026\/08\/784351024_18619311280051523_5797588533592474707_n-1068x1069.jpg.webp 1068w, https:\/\/antipropaganda.hu\/wp-content\/smush-webp\/2026\/08\/784351024_18619311280051523_5797588533592474707_n-100x100.jpg.webp 100w, https:\/\/antipropaganda.hu\/wp-content\/smush-webp\/2026\/08\/784351024_18619311280051523_5797588533592474707_n-1320x1321.jpg.webp 1320w, https:\/\/antipropaganda.hu\/wp-content\/smush-webp\/2026\/08\/784351024_18619311280051523_5797588533592474707_n-600x600.jpg.webp 600w, https:\/\/antipropaganda.hu\/wp-content\/smush-webp\/2026\/08\/784351024_18619311280051523_5797588533592474707_n.jpg.webp 1440w\" data-sizes=\"auto\" src=\"data:image\/svg+xml;base64,PHN2ZyB3aWR0aD0iMSIgaGVpZ2h0PSIxIiB4bWxucz0iaHR0cDovL3d3dy53My5vcmcvMjAwMC9zdmciPjwvc3ZnPg==\" style=\"--smush-placeholder-width: 696px; --smush-placeholder-aspect-ratio: 696\/696;\" data-original-sizes=\"(max-width: 696px) 100vw, 696px\" \/><figcaption id=\"caption-attachment-4596\" class=\"wp-caption-text\">Szoud Al-Qassemi szult\u00e1n a k\u00e9pen Slimannel [S\u00fad Al-Qasemi szult\u00e1n Instagram-oldal]<\/figcaption><\/figure>Az a k\u00e9pess\u00e9ge, hogy olyan festm\u00e9nyeket tudott alkotni, amelyek megmaradtak az emberekben, r\u00e9szben hozz\u00e1j\u00e1rult ahhoz, hogy Sliman olyan befoly\u00e1sos legyen a fiatalabb palesztin m\u0171v\u00e9szek k\u00f6r\u00e9ben, akik k\u00f6z\u00fcl sokan olyan k\u00e9peken kereszt\u00fcl jutottak el munk\u00e1ss\u00e1g\u00e1hoz, amelyek m\u00e1r a palesztin \u00e9let megszokott r\u00e9sz\u00e9v\u00e9 v\u00e1ltak.<\/p>\n<p>A palesztin-amerikai m\u0171v\u00e9sz, Saj Issa \u00e9vek \u00f3ta rem\u00e9lte, hogy tal\u00e1lkozhat Slimannal. Valah\u00e1nyszor Palesztin\u00e1ba l\u00e1togatott, \u00fczent neki, hogy megl\u00e1togatja, de a f\u00e9rfi roml\u00f3 eg\u00e9szs\u00e9gi \u00e1llapota miatt v\u00e9g\u00fcl nem fogadott l\u00e1togat\u00f3kat.<\/p>\n<p>Kapcsolata a munk\u00e1ss\u00e1g\u00e1val azonban j\u00f3val kor\u00e1bban kezd\u0151d\u00f6tt, egy festm\u00e9nyen kereszt\u00fcl, amely egy beitini szomsz\u00e9d h\u00e1z\u00e1ban l\u00f3gott. A jelenet egy olajfaliget volt, amely a nagyapja h\u00e1za k\u00f6zel\u00e9ben l\u00e9v\u0151re eml\u00e9keztette.<\/p>\n<p>\u201eA fa egyet jelent a palesztin identit\u00e1ssal, \u00e9s Sliman az \u00fatt\u00f6r\u0151k k\u00f6z\u00f6tt volt abban, hogy vizu\u00e1lis nyelvet \u00e9s mot\u00edvumokat adjon a palesztinoknak, amelyekbe belefoghatnak\u201d \u2013 mondta Issa a The New Arabnak.<\/p>\n<p>Ez a k\u00f6t\u0151d\u00e9s\u00e9rzet abban is megmutatkozott, ahogyan Sliman a palesztin n\u0151ket \u00e1br\u00e1zolta \u2013 mondta Issa \u2013, k\u00fcl\u00f6n\u00f6sen a f\u00f6ldh\u00f6z val\u00f3 viszonyukban \u00e9s a csal\u00e1djukban, k\u00f6z\u00f6ss\u00e9geikben v\u00e9gzett munk\u00e1jukban.<\/p>\n<p>\u201eA palesztin n\u0151kr\u0151l k\u00e9sz\u00fclt festm\u00e9nyei a legjobb form\u00e1jukban mutatt\u00e1k be \u0151ket: amint gondoskodnak f\u00f6ld\u00fcnkr\u0151l, munk\u00e1juk gy\u00fcm\u00f6lcs\u00e9vel feld\u00edsz\u00edtve, \u00e9s \u00e9letet hoznak l\u00e9tre\u201d \u2013 mondta.<\/p>\n<p>M\u00edg Sliman sz\u00ednhaszn\u00e1lat\u00e1t n\u00e9ha fauvista hat\u00e1s\u00fanak \u00edrt\u00e1k le, Issa szerint festm\u00e9nyei \u00e9l\u00e9nk eml\u00e9keket id\u00e9ztek fel saj\u00e1t palesztinai gyermekkor\u00e1b\u00f3l is.<\/p>\n<p>\u201e\u00dagy \u00e9rzem, mintha a saj\u00e1t nagysz\u00fcleim elveszt\u00e9s\u00e9t \u00e9ln\u00e9m \u00e1t, amint \u00e1tl\u00e9p a k\u00f6vetkez\u0151 \u00e9letbe, mert nagyon fog hi\u00e1nyozni egy b\u00f6lcs mes\u00e9l\u0151 egy idealiz\u00e1lt Palesztin\u00e1r\u00f3l\u201d \u2013 mondta.<\/p>\n<p>M\u00e9g amikor Sliman a f\u00e1jdalomra \u00e9s a szenved\u00e9sre \u00f6sszpontos\u00edtott is, Issa szerint nosztalgia \u00e1radt a k\u00e9peib\u0151l, ami a palesztin gener\u00e1ci\u00f3kon \u00e1t \u00f6r\u00f6kl\u0151d\u0151 ellen\u00e1ll\u00f3 k\u00e9pess\u00e9get t\u00fckr\u00f6zte.<\/p>\n<p>Rasha Eleyan palesztin m\u0171v\u00e9sz is gyermekkor\u00e1b\u00f3l eml\u00e9kszik Sliman munk\u00e1ss\u00e1g\u00e1ra, amikor el\u0151sz\u00f6r tal\u00e1lkozott az egyik legh\u00edresebb festm\u00e9ny\u00e9vel.<\/p>\n<p>Eml\u00e9kszik r\u00e1, hogy Jamal al-Mahamelt plak\u00e1tokon l\u00e1tta otthonokban \u00e9s \u00fczletekben, egy olyan k\u00e9pet, amely annyira sz\u00e9les k\u00f6rben ismert, hogy a jelent\u00e9s\u00e9t m\u00e9g a m\u0171v\u00e9szeti k\u00f6r\u00f6k\u00f6n k\u00edv\u00fcl is meg\u00e9rtett\u00e9k.<\/p>\n<p>\u201eSz\u00e1momra ez a m\u0171alkot\u00e1s a k\u00fczdelm\u00fcnket testes\u00edtette meg\u201d \u2013 mondja Eleyan a The New Arabnak. \u201eOlyan er\u0151teljes \u00e9s n\u00e9pszer\u0171 k\u00e9p volt, hogy \u00fagy t\u0171nt, mindenki ismeri.\u201d<\/p>\n<p>Slimanr\u00f3l alkotott eml\u00e9kei t\u00falmutattak a festm\u00e9nyein. A f\u00e9rfi k\u00f6zeli bar\u00e1tja volt apj\u00e1nak, Nasr Abdelaziznak , k\u00e9s\u0151bb pedig anyj\u00e1nak, \u00e9s Eleyan \u00fagy eml\u00e9kszik r\u00e1, mint aki nagylelk\u0171en b\u00e1nt az idej\u00e9vel \u00e9s a tan\u00e1csaival.<\/p>\n<p>\u201eMindig eml\u00e9kezni fogok az al\u00e1zat\u00e1ra \u00e9s arra, milyen nagylelk\u0171 volt a tan\u00e1csaival, valah\u00e1nyszor k\u00e9rtem\u201d \u2013 mondta.<\/p>\n<p>\u201eM\u00e9lyen fog hi\u00e1nyozni, de egy nagyszer\u0171 m\u0171v\u00e9sz sosem hal meg.\u201d<\/p>\n<p>Eleyan felid\u00e9zi, hogy a Dzsam\u00e1l al-Mahamel az \u00e9letkor el\u0151rehaladt\u00e1val m\u00e1s jelent\u00e9st kapott sz\u00e1m\u00e1ra, de a palesztinokhoz val\u00f3 sz\u00f3l\u00edt\u00e1sa mit sem m\u00falt el. \u00dagy v\u00e9li, \u00fczenete a j\u00f6v\u0151 gener\u00e1ci\u00f3i sz\u00e1m\u00e1ra is visszhangra tal\u00e1l majd.<\/p>\n<p><figure id=\"attachment_4592\" aria-describedby=\"caption-attachment-4592\" style=\"width: 696px\" class=\"wp-caption alignnone\"><img decoding=\"async\" class=\"wp-image-4592 size-large lazyload\" data-src=\"https:\/\/antipropaganda.hu\/wp-content\/smush-webp\/2026\/08\/363436830_18068986156401891_448870942498498799_n-937x1024.jpg.webp\" alt=\"\" width=\"696\" height=\"761\" title=\"\" data-srcset=\"https:\/\/antipropaganda.hu\/wp-content\/smush-webp\/2026\/08\/363436830_18068986156401891_448870942498498799_n-937x1024.jpg.webp 937w, https:\/\/antipropaganda.hu\/wp-content\/smush-webp\/2026\/08\/363436830_18068986156401891_448870942498498799_n-274x300.jpg.webp 274w, https:\/\/antipropaganda.hu\/wp-content\/smush-webp\/2026\/08\/363436830_18068986156401891_448870942498498799_n-768x839.jpg.webp 768w, https:\/\/antipropaganda.hu\/wp-content\/uploads\/2026\/08\/363436830_18068986156401891_448870942498498799_n-11x12.jpg 11w, https:\/\/antipropaganda.hu\/wp-content\/smush-webp\/2026\/08\/363436830_18068986156401891_448870942498498799_n-384x420.jpg.webp 384w, https:\/\/antipropaganda.hu\/wp-content\/smush-webp\/2026\/08\/363436830_18068986156401891_448870942498498799_n-150x164.jpg.webp 150w, https:\/\/antipropaganda.hu\/wp-content\/smush-webp\/2026\/08\/363436830_18068986156401891_448870942498498799_n-300x328.jpg.webp 300w, https:\/\/antipropaganda.hu\/wp-content\/smush-webp\/2026\/08\/363436830_18068986156401891_448870942498498799_n-696x761.jpg.webp 696w, https:\/\/antipropaganda.hu\/wp-content\/smush-webp\/2026\/08\/363436830_18068986156401891_448870942498498799_n-1068x1167.jpg.webp 1068w, https:\/\/antipropaganda.hu\/wp-content\/smush-webp\/2026\/08\/363436830_18068986156401891_448870942498498799_n-600x656.jpg.webp 600w, https:\/\/antipropaganda.hu\/wp-content\/smush-webp\/2026\/08\/363436830_18068986156401891_448870942498498799_n.jpg.webp 1119w\" data-sizes=\"auto\" src=\"data:image\/svg+xml;base64,PHN2ZyB3aWR0aD0iMSIgaGVpZ2h0PSIxIiB4bWxucz0iaHR0cDovL3d3dy53My5vcmcvMjAwMC9zdmciPjwvc3ZnPg==\" style=\"--smush-placeholder-width: 696px; --smush-placeholder-aspect-ratio: 696\/761;\" data-original-sizes=\"(max-width: 696px) 100vw, 696px\" \/><figcaption id=\"caption-attachment-4592\" class=\"wp-caption-text\">Alaziz Atef Slimannal k\u00f6z\u00f6s k\u00e9pen [Alaziz Atef Instagram-oldala]<\/figcaption><\/figure>Sliman m\u0171v\u00e9szi \u00e9s tan\u00e1ri hat\u00e1s\u00e1t t\u00fckr\u00f6zi Alaziz Atef palesztin k\u00e9pz\u0151m\u0171v\u00e9sz \u00e9s kalligr\u00e1fus t\u00f6rt\u00e9nete is, aki m\u00e9lyen szem\u00e9lyes vesztes\u00e9gk\u00e9nt \u00edrta le Sliman hal\u00e1l\u00e1t.<\/p>\n<p>\u201e\u0150 volt a rendk\u00edv\u00fcli tan\u00e1rom, az a tan\u00e1r, akit soha egyetlen iskol\u00e1ba sem jel\u00f6ltek ki, \u00e9s akinek az \u00f3r\u00e1ira egyetlen egyetem sem k\u00f6telezett. \u0150 volt az a tan\u00e1r, akit az\u00e9rt v\u00e1lasztottam, mert azt akartam, hogy tan\u00edtson engem\u201d \u2013 mondja Atef a The New Arabnak.<\/p>\n<p>\u201eA m\u0171v\u00e9szet f\u00e9ny\u00e9t helyezte a szemembe, intellektu\u00e1lis t\u00fczet gy\u00fajtott bennem, \u00e9s m\u00e9ly tiszteletet \u00fcltetett a sz\u00edvembe Palesztina \u00e9s az emberis\u00e9g ir\u00e1nt. Sliman nem csup\u00e1n egy m\u0171v\u00e9sz volt, akinek a sz\u00edn\u00e9rz\u00e9ke vagy mag\u00e1val ragad\u00f3 fest\u00e9szeti st\u00edlusa leny\u0171g\u00f6zhetett\u201d \u2013 teszi hozz\u00e1 Atef.<\/p>\n<p>\u201eKiv\u00e9teles m\u0171v\u00e9szi elm\u00e9vel rendelkezett, ritka m\u00e9lys\u00e9g\u0171 gondolkod\u00e1ssal \u00e9s v\u00edzi\u00f3val. \u00d6t \u00e9vet t\u00f6lt\u00f6ttem vele, heti \u00f6t napot, napi nyolc \u00f3r\u00e1t, \u00e9s gyakran m\u00e9g t\u00f6bbet is. Ez\u00e9rt olyan hatalmas \u00e9s m\u00e9lyen szem\u00e9lyes \u00e9rz\u00e9s ez a vesztes\u00e9g. Elvesztettem a tan\u00e1romat, aki megtan\u00edtotta nekem, mit jelent val\u00f3j\u00e1ban egy festm\u00e9ny. \u00c9s cser\u00e9be \u00e9n tan\u00edtottam meg neki, mit jelent egy odaad\u00f3 tan\u00edtv\u00e1nynak \u00e9s egy k\u00f6zeli bar\u00e1tnak lenni.\u201d<\/p>\n<p>\u201eId\u0151vel a kapcsolatunk od\u00e1ig fajult, hogy elkezdtem megosztani a festm\u00e9nyeivel kapcsolatos gondolataimat, \u00e9s semmi sem tett boldogabb\u00e1, mint amikor meggy\u0151zte valami, amit mondtam, \u00e9s hagyta, hogy az \u00f6tletem utat tal\u00e1ljon a munk\u00e1ihoz\u201d \u2013 folytatja Atef.<\/p>\n<p>\u201eAmit vesztett\u00fcnk, az hatalmas: emberi vesztes\u00e9g, arab vesztes\u00e9g \u00e9s palesztin vesztes\u00e9g. M\u00e9gis, ma m\u00e9g jobban gy\u00e1szolok magam\u00e9rt, mint Palesztin\u00e1\u00e9rt. Palesztina mindig teremt\u0151ket fog sz\u00fclni, ahogy azt kor\u00e1bban is tette \u2013 megadva nek\u00fcnk Sliman Mansourt, Mahmoud Darwisht \u00e9s Ghassan Kanafanit.\u201d<\/p>\n<p>Ami Bashar Alhroub palesztin m\u0171v\u00e9szt illeti , Mansourra nemcsak a palesztin m\u0171v\u00e9szet meghat\u00e1roz\u00f3 alakjak\u00e9nt eml\u00e9kezett, hanem bar\u00e1tk\u00e9nt, koll\u00e9g\u00e1k\u00e9nt \u00e9s mentork\u00e9nt is, akinek hat\u00e1sa m\u0171v\u00e9szek gener\u00e1ci\u00f3ira kiterjedt: \u201eSliman Mansour sokkal t\u00f6bb volt sz\u00e1momra, mint puszt\u00e1n a palesztin m\u0171v\u00e9szett\u00f6rt\u00e9net egyik meghat\u00e1roz\u00f3 alakja. Bar\u00e1t, koll\u00e9ga \u00e9s m\u0171v\u00e9sz volt, akinek jelenl\u00e9te m\u00e9ly hat\u00e1st gyakorolt \u200b\u200bpalesztin m\u0171v\u00e9szek gener\u00e1ci\u00f3ira, k\u00f6zt\u00fck r\u00e1m is. Mindig eml\u00e9kezni fogok r\u00e1 nemcsak m\u0171vei \u00e9s k\u00e9pei r\u00e9v\u00e9n, amelyek a palesztin vizu\u00e1lis eml\u00e9kezet ikonjaiv\u00e1 v\u00e1ltak, hanem embers\u00e9ge, al\u00e1zata \u00e9s Palesztin\u00e1hoz \u00e9s n\u00e9p\u00e9hez f\u0171z\u0151d\u0151 m\u00e9ly kapcsolata r\u00e9v\u00e9n is.\u201d<\/p>\n<p>\u201eSliman munk\u00e1ss\u00e1g\u00e1nak jelent\u0151s\u00e9ge abban rejlik, hogy k\u00e9pes a palesztin tapasztalatot, minden elveszt\u00e9s\u00e9vel, elmozdul\u00e1s\u00e1val, ellen\u00e1ll\u00f3 k\u00e9pess\u00e9g\u00e9vel \u00e9s hovatartoz\u00e1s \u00e9rz\u00e9s\u00e9vel egy\u00fctt, egy olyan vizu\u00e1lis nyelvv\u00e9 alak\u00edtani, amely messze t\u00falmutat Palesztin\u00e1n. A f\u00f6ldr\u0151l, n\u00e9p\u00e9r\u0151l, Jeruzs\u00e1lemr\u0151l \u00e9s a sz\u00e1m\u0171zet\u00e9sr\u0151l k\u00e9sz\u00fclt k\u00e9pei kollekt\u00edv vizu\u00e1lis eml\u00e9kezet\u00fcnk r\u00e9sz\u00e9v\u00e9 v\u00e1ltak. Gyakorlat\u00e1n kereszt\u00fcl bemutatta a m\u0171v\u00e9szet erej\u00e9t az identit\u00e1s \u00e9s az eml\u00e9kezet meg\u0151rz\u00e9s\u00e9ben a t\u00f6rl\u00e9sre ir\u00e1nyul\u00f3 k\u00eds\u00e9rletekkel szemben\u201d \u2013 mondta Alhroub a The New Arabnak.<\/p>\n<figure id=\"attachment_4597\" aria-describedby=\"caption-attachment-4597\" style=\"width: 696px\" class=\"wp-caption alignnone\"><img decoding=\"async\" class=\"wp-image-4597 size-large lazyload\" data-src=\"https:\/\/antipropaganda.hu\/wp-content\/smush-webp\/2026\/08\/784428393_18627892963056698_1137828537327576183_n-1024x822.jpg.webp\" alt=\"\" width=\"696\" height=\"559\" title=\"\" data-srcset=\"https:\/\/antipropaganda.hu\/wp-content\/smush-webp\/2026\/08\/784428393_18627892963056698_1137828537327576183_n-1024x822.jpg.webp 1024w, https:\/\/antipropaganda.hu\/wp-content\/smush-webp\/2026\/08\/784428393_18627892963056698_1137828537327576183_n-300x241.jpg.webp 300w, https:\/\/antipropaganda.hu\/wp-content\/smush-webp\/2026\/08\/784428393_18627892963056698_1137828537327576183_n-768x617.jpg.webp 768w, https:\/\/antipropaganda.hu\/wp-content\/smush-webp\/2026\/08\/784428393_18627892963056698_1137828537327576183_n-1536x1233.jpg.webp 1536w, https:\/\/antipropaganda.hu\/wp-content\/smush-webp\/2026\/08\/784428393_18627892963056698_1137828537327576183_n-2048x1644.jpg.webp 2048w, https:\/\/antipropaganda.hu\/wp-content\/uploads\/2026\/08\/784428393_18627892963056698_1137828537327576183_n-15x12.jpg 15w, https:\/\/antipropaganda.hu\/wp-content\/smush-webp\/2026\/08\/784428393_18627892963056698_1137828537327576183_n-523x420.jpg.webp 523w, https:\/\/antipropaganda.hu\/wp-content\/smush-webp\/2026\/08\/784428393_18627892963056698_1137828537327576183_n-150x120.jpg.webp 150w, https:\/\/antipropaganda.hu\/wp-content\/smush-webp\/2026\/08\/784428393_18627892963056698_1137828537327576183_n-696x559.jpg.webp 696w, https:\/\/antipropaganda.hu\/wp-content\/smush-webp\/2026\/08\/784428393_18627892963056698_1137828537327576183_n-1068x858.jpg.webp 1068w, https:\/\/antipropaganda.hu\/wp-content\/smush-webp\/2026\/08\/784428393_18627892963056698_1137828537327576183_n-scaled.jpg.webp 1920w, https:\/\/antipropaganda.hu\/wp-content\/smush-webp\/2026\/08\/784428393_18627892963056698_1137828537327576183_n-1320x1060.jpg.webp 1320w, https:\/\/antipropaganda.hu\/wp-content\/smush-webp\/2026\/08\/784428393_18627892963056698_1137828537327576183_n-600x482.jpg.webp 600w\" data-sizes=\"auto\" src=\"data:image\/svg+xml;base64,PHN2ZyB3aWR0aD0iMSIgaGVpZ2h0PSIxIiB4bWxucz0iaHR0cDovL3d3dy53My5vcmcvMjAwMC9zdmciPjwvc3ZnPg==\" style=\"--smush-placeholder-width: 696px; --smush-placeholder-aspect-ratio: 696\/559;\" data-original-sizes=\"(max-width: 696px) 100vw, 696px\" \/><figcaption id=\"caption-attachment-4597\" class=\"wp-caption-text\">Sliman a kort\u00e1rs palesztin m\u0171v\u00e9szeti mozgalom egyik kulcsfontoss\u00e1g\u00fa alap\u00edt\u00f3ja volt [Sliman Mansour Instagram-oldala]<\/figcaption><\/figure>\n<p class=\"selectionShareable\"><span dir=\"auto\">\u201eHiszem, hogy Sliman \u00f6r\u00f6ks\u00e9ge a j\u00f6v\u0151 m\u0171v\u00e9szgener\u00e1ci\u00f3i sz\u00e1m\u00e1ra ebben a hely \u00e9s a t\u00f6rt\u00e9nelem ir\u00e1nti m\u00e9ly elk\u00f6telezetts\u00e9g\u00e9ben, valamint abban a k\u00e9pess\u00e9g\u00e9ben rejlik, hogy m\u00e9lyen palesztin volt, mik\u00f6zben egy egyetemes emberi \u00e9lm\u00e9nyr\u0151l sz\u00f3lt. Megtan\u00edtotta nek\u00fcnk, hogy a m\u0171v\u00e9szi gyakorlatot nem kell elv\u00e1lasztani a m\u0171v\u00e9sz t\u00e1rsadalommal \u00e9s a kollekt\u00edv eml\u00e9kezettel szembeni felel\u0151ss\u00e9g\u00e9t\u0151l\u201d \u2013 teszi hozz\u00e1 Alhroub.\u00a0<\/span><\/p>\n<div class=\"ad-gpt-pro\" data-web=\"[480, 320], [400, 300], [336, 280], [300, 300], [300, 250], [250,250]\" data-tablet=\"[480, 320], [400, 300], [336, 280], [300, 300], [300, 250], [250,250]\" data-mob=\"[300, 300], [300, 250], [250,250]\"><\/div>\n<p class=\"selectionShareable\"><span dir=\"auto\">\u201eSliman Mansour munk\u00e1ss\u00e1ga tov\u00e1bbra is Palesztina vizu\u00e1lis t\u00f6rt\u00e9nelm\u00e9nek l\u00e9nyeges r\u00e9sze marad, \u00f6r\u00f6ks\u00e9ge pedig m\u0171v\u00e9szek gener\u00e1ci\u00f3inak eml\u00e9kezet\u00e9ben \u00e9s munk\u00e1ss\u00e1g\u00e1ban \u00e9l tov\u00e1bb. Hal\u00e1la nemcsak a palesztin m\u0171v\u00e9szet \u00e9s kult\u00fara, hanem az arab m\u0171v\u00e9szet sz\u00e1m\u00e1ra is nagy vesztes\u00e9g. M\u0171v\u00e9szi \u00e9s emberi jelenl\u00e9te messze t\u00falny\u00falt Palesztin\u00e1n, \u00e9s tart\u00f3s hat\u00e1st gyakorolt \u200b\u200ba t\u00e1gabb arab m\u0171v\u00e9szeti vil\u00e1gra.\u201d<\/span><\/p>\n","protected":false},"excerpt":{"rendered":"<p>Sliman Mansour \u00e9let\u00e9t Palesztina fest\u00e9szet\u00e9vel t\u00f6lt\u00f6tte. Tisztelg\u00e9ssel ad\u00f3zunk az \u00fatt\u00f6r\u0151 m\u0171v\u00e9sznek azzal, hogy visszatekint\u00fcnk munk\u00e1ss\u00e1g\u00e1ra, \u00e9let\u00e9re \u00e9s \u00f6r\u00f6ks\u00e9g\u00e9re, amit maga m\u00f6g\u00f6tt hagyott. A palesztin m\u0171v\u00e9szet meghat\u00e1roz\u00f3 alakja, a neves m\u0171v\u00e9sz, Sliman Mansour 79 \u00e9ves kor\u00e1ban elhunyt, miut\u00e1n csal\u00e1dja azt k\u00f6z\u00f6lte, hogy \u00e1llapota kritikus volt. A hal\u00e1l ok\u00e1t nem hozt\u00e1k nyilv\u00e1noss\u00e1gra. Azt mondj\u00e1k, hogy \u201e tov\u00e1bb [&hellip;]<\/p>\n","protected":false},"author":1,"featured_media":4598,"comment_status":"open","ping_status":"closed","sticky":false,"template":"","format":"standard","meta":{"rs_blank_template":"","rs_page_bg_color":"","slide_template_v7":"","_monsterinsights_skip_tracking":false,"wpai_generated_summary":"","tdm_status":"","tdm_grid_status":"","footnotes":""},"categories":[102],"tags":[96,153,155,105,104],"class_list":["post-4590","post","type-post","status-publish","format-standard","has-post-thumbnail","category-kulturalis-ellenallas","tag-izrael","tag-kozel-kelet","tag-mediaelemzes","tag-palesztin","tag-palesztina"],"_links":{"self":[{"href":"https:\/\/antipropaganda.hu\/en\/wp-json\/wp\/v2\/posts\/4590","targetHints":{"allow":["GET"]}}],"collection":[{"href":"https:\/\/antipropaganda.hu\/en\/wp-json\/wp\/v2\/posts"}],"about":[{"href":"https:\/\/antipropaganda.hu\/en\/wp-json\/wp\/v2\/types\/post"}],"author":[{"embeddable":true,"href":"https:\/\/antipropaganda.hu\/en\/wp-json\/wp\/v2\/users\/1"}],"replies":[{"embeddable":true,"href":"https:\/\/antipropaganda.hu\/en\/wp-json\/wp\/v2\/comments?post=4590"}],"version-history":[{"count":0,"href":"https:\/\/antipropaganda.hu\/en\/wp-json\/wp\/v2\/posts\/4590\/revisions"}],"wp:featuredmedia":[{"embeddable":true,"href":"https:\/\/antipropaganda.hu\/en\/wp-json\/wp\/v2\/media\/4598"}],"wp:attachment":[{"href":"https:\/\/antipropaganda.hu\/en\/wp-json\/wp\/v2\/media?parent=4590"}],"wp:term":[{"taxonomy":"category","embeddable":true,"href":"https:\/\/antipropaganda.hu\/en\/wp-json\/wp\/v2\/categories?post=4590"},{"taxonomy":"post_tag","embeddable":true,"href":"https:\/\/antipropaganda.hu\/en\/wp-json\/wp\/v2\/tags?post=4590"}],"curies":[{"name":"wp","href":"https:\/\/api.w.org\/{rel}","templated":true}]}}