{"id":4579,"date":"2026-08-27T08:06:11","date_gmt":"2026-08-27T06:06:11","guid":{"rendered":"https:\/\/antipropaganda.hu\/?p=4579"},"modified":"2026-08-27T08:06:11","modified_gmt":"2026-08-27T06:06:11","slug":"a-fegyveres-izraeli-telepesek-turai-nem-ujak-de-egyre-halalosabbak","status":"publish","type":"post","link":"https:\/\/antipropaganda.hu\/en\/a-fegyveres-izraeli-telepesek-turai-nem-ujak-de-egyre-halalosabbak\/","title":{"rendered":"The \u201etours\u201d by armed Israeli settlers are not new \u2013 but they are becoming increasingly deadly."},"content":{"rendered":"<p><strong>A k\u00f6zelm\u00faltbeli gyilkoss\u00e1gok sorozata annak tudhat\u00f3 be, hogy a telepesek katonai k\u00eds\u00e9rettel v\u00e1ndoroltak a Ciszjord\u00e1ni\u00e1ban, a palesztinok k\u00e1r\u00e1ra b\u0151v\u00edtve a zsid\u00f3 jelenl\u00e9tet.<\/strong><\/p>\n<p>\u00dajabb telepes \u201et\u00fara\u201d, \u00fajabb palesztin halott. Kevesebb mint egy h\u00f3nappal a palesztin Tel falu melletti hal\u00e1los \u00f6sszecsap\u00e1sok ut\u00e1n , amelyekben k\u00e9t izraeli \u00e9s n\u00e9gy palesztin vesztette \u00e9let\u00e9t, a telepesek m\u00falt p\u00e9nteken hasonl\u00f3 enged\u00e9ly n\u00e9lk\u00fcli t\u00far\u00e1ra indultak \u2013 ez\u00fattal a megsz\u00e1llt Ciszjord\u00e1ni\u00e1ban, Hebront\u00f3l \u00e9szakra fekv\u0151 Sza&#8217;ir falu k\u00f6zel\u00e9ben.<\/p>\n<p>Palesztin besz\u00e1mol\u00f3k szerint a helyi lakosok kivonultak otthonaik v\u00e9delm\u00e9re, amikor l\u00e1tt\u00e1k, hogy a telepesek bel\u00e9pnek a ter\u00fcletre. Az izraeli hadsereg szerint a palesztinok k\u00f6veket dob\u00e1ltak a csoportra, majd a helysz\u00ednre riasztott\u00e1k a k\u00f6zeli Metzad telep\u00fcl\u00e9s civil biztons\u00e1gi koordin\u00e1tor\u00e1t. T\u00fczet nyitott, meg\u00f6lve a 17 \u00e9ves Karim Sanad Shalaldeh-et, egy m\u00e1sik palesztint pedig s\u00falyosan megsebes\u00edtve.<\/p>\n<p>Az incidens szorosan \u00f6sszecsengett azzal, ami j\u00falius 24-\u00e9n t\u00f6rt\u00e9nt Tel falu k\u00fclter\u00fclet\u00e9n, Nabluszt\u00f3l nyugatra. Ott is egy izraeli telepesek \u201et\u00far\u00e1ja\u201d egy palesztin falu k\u00fclter\u00fclet\u00e9n azzal v\u00e9gz\u0151d\u00f6tt, hogy palesztin lakosokat fegyveres izraeliek l\u0151ttek agyon, egy izraeli telepes \u00e9s egy katona is \u00e9let\u00e9t vesztette.<\/p>\n<p>N\u00e9h\u00e1ny nappal a hal\u00e1los incidens el\u0151tt a \u201eDavid \u00e9s Ahikam t\u00far\u00e1z\u00f3k\u201d csoport Telegram csatorn\u00e1j\u00e1n felk\u00e9rt\u00e9k a Telhez legk\u00f6zelebb es\u0151 izraeli telep\u00fcl\u00e9s, a \u201eHavat Gilad k\u00f6rny\u00e9k\u00e9re\u201d szervezett t\u00far\u00e1ra sz\u00f3l\u00f3 megh\u00edv\u00f3t.<\/p>\n<p>\u201eMert te, Uram, t\u0171zzel gy\u00fajtottad meg, \u00e9s t\u0171zzel \u00e9p\u00edted \u00fajj\u00e1\u201d \u2013 hirdette a bejegyz\u00e9s c\u00edme, amelynek k\u00e9perny\u0151k\u00e9peit Haim Goldich, a Kan riportere osztotta meg az X-en. A t\u00far\u00e1z\u00f3kat arra k\u00e9rt\u00e9k, hogy reggel 4:45-kor tal\u00e1lkozzanak a Micpe Jishai telep\u00fcl\u00e9sen, im\u00e1dkozz\u00e1k el a Sacharitot (a zsid\u00f3 reggeli im\u00e1t) Har Bracha telep\u00fcl\u00e9s bej\u00e1rat\u00e1n\u00e1l, \u00e9s reggel 5:30-kor induljanak \u00fatnak egy t\u00f6bb mint 15 kilom\u00e9ter hossz\u00fa \u00fatvonalon.<\/p>\n<figure id=\"attachment_4583\" aria-describedby=\"caption-attachment-4583\" style=\"width: 696px\" class=\"wp-caption alignnone\"><img decoding=\"async\" class=\"wp-image-4583 size-large lazyload\" data-src=\"https:\/\/antipropaganda.hu\/wp-content\/smush-webp\/2026\/08\/F260725NI06-1024x683.jpg.webp\" alt=\"\" width=\"696\" height=\"464\" title=\"\" data-srcset=\"https:\/\/antipropaganda.hu\/wp-content\/smush-webp\/2026\/08\/F260725NI06-1024x683.jpg.webp 1024w, https:\/\/antipropaganda.hu\/wp-content\/smush-webp\/2026\/08\/F260725NI06-300x200.jpg.webp 300w, https:\/\/antipropaganda.hu\/wp-content\/smush-webp\/2026\/08\/F260725NI06-768x512.jpg.webp 768w, https:\/\/antipropaganda.hu\/wp-content\/smush-webp\/2026\/08\/F260725NI06-1536x1024.jpg.webp 1536w, https:\/\/antipropaganda.hu\/wp-content\/smush-webp\/2026\/08\/F260725NI06-18x12.jpg.webp 18w, https:\/\/antipropaganda.hu\/wp-content\/smush-webp\/2026\/08\/F260725NI06-630x420.jpg.webp 630w, https:\/\/antipropaganda.hu\/wp-content\/smush-webp\/2026\/08\/F260725NI06-150x100.jpg.webp 150w, https:\/\/antipropaganda.hu\/wp-content\/smush-webp\/2026\/08\/F260725NI06-696x464.jpg.webp 696w, https:\/\/antipropaganda.hu\/wp-content\/smush-webp\/2026\/08\/F260725NI06-1068x712.jpg.webp 1068w, https:\/\/antipropaganda.hu\/wp-content\/smush-webp\/2026\/08\/F260725NI06-scaled.jpg.webp 1920w, https:\/\/antipropaganda.hu\/wp-content\/smush-webp\/2026\/08\/F260725NI06-1320x880.jpg.webp 1320w, https:\/\/antipropaganda.hu\/wp-content\/smush-webp\/2026\/08\/F260725NI06-600x400.jpg.webp 600w\" data-sizes=\"auto\" src=\"data:image\/svg+xml;base64,PHN2ZyB3aWR0aD0iMSIgaGVpZ2h0PSIxIiB4bWxucz0iaHR0cDovL3d3dy53My5vcmcvMjAwMC9zdmciPjwvc3ZnPg==\" style=\"--smush-placeholder-width: 696px; --smush-placeholder-aspect-ratio: 696\/464;\" data-original-sizes=\"(max-width: 696px) 100vw, 696px\" \/><figcaption id=\"caption-attachment-4583\" class=\"wp-caption-text\">Fegyveres izraeli telepesek \u00e1llnak Tel falu sz\u00e9l\u00e9n, egy nappal a 2026. j\u00falius 25-\u00e9n a megsz\u00e1llt Ciszjord\u00e1ni\u00e1ban t\u00f6rt\u00e9nt l\u00f6v\u00f6ld\u00f6z\u00e9s ut\u00e1n, amelyben n\u00e9gy palesztin \u00e9s k\u00e9t izraeli halt meg. (Nasser Ishtayeh\/Flash90)<\/figcaption><\/figure>\n<p>N\u00e9h\u00e1ny \u00f3r\u00e1val a t\u00fara kezdete ut\u00e1n az \u00f6sv\u00e9ny v\u00e9rf\u00fcrd\u0151v\u00e9 v\u00e1ltozott. De nem ez volt az els\u0151 alkalom, hogy a telepesek ezt az \u00fatvonalat j\u00e1rt\u00e1k. Ahhoz, hogy meg\u00e9rts\u00fck a v\u00e9gzetes \u201et\u00fara\u201d k\u00f6r\u00fclm\u00e9nyeit, t\u00f6bb mint egy \u00e9vtizedet kell visszamenn\u00fcnk az id\u0151ben.<\/p>\n<p>2013 szeptember\u00e9ben egy h\u00e9ber nyelv\u0171 Google-csoportban, a \u201eT\u00farat\u00e1rsak\u201d c\u00edmmel, \u00f6sszefoglal\u00f3t tettek k\u00f6zz\u00e9 egy majdnem azonos \u00fatvonalon \u2013 a Har Bracha telep\u00fcl\u00e9st\u0151l Havat Giladig \u2013 megtett t\u00far\u00e1r\u00f3l. \u201eA &#8216;Bracha Al HaHar&#8217; \u00e9tterem fah\u00e1za k\u00f6zel\u00e9ben\u201d \u2013 \u00e1llt az \u00f6sszefoglal\u00f3ban \u2013 \u201e101 t\u00far\u00e1z\u00f3 gy\u0171lt \u00f6ssze, valamint a Shaked z\u00e1szl\u00f3alj katon\u00e1inak egy csapata, akik a k\u00eds\u00e9ret\u00fckre \u00e9rkeztek.\u201d<\/p>\n<p>A sz\u00f6veg arra utal, hogy az \u00fat szervez\u0151i j\u00f3l tudt\u00e1k, hogy az \u00fatvonal a helyi palesztin lakoss\u00e1g \u00e1ltal haszn\u00e1lt mez\u0151gazdas\u00e1gi ter\u00fcleteken haladt \u00e1t: \u201eAz \u00fat menti keskeny v\u00f6lgyeket gy\u00fcm\u00f6lcs\u00f6kt\u0151l roskadoz\u00f3 f\u00fcge\u00fcltetv\u00e9nyek \u00fcltett\u00e9k be\u201d \u2013 olvashat\u00f3. \u201eItt-ott arab asszonyokat \u00e9s gyermekeiket l\u00e1ttuk f\u00fcg\u00e9t szedni.\u201d<\/p>\n<p>N\u00e9gy \u00e9vvel k\u00e9s\u0151bb egy m\u00e1sik, azonos \u00fatvonalon t\u00f6rt\u00e9n\u0151 t\u00far\u00e1ra sz\u00f3l\u00f3 megh\u00edv\u00e1s jelent meg ugyanazon a f\u00f3rumon. Ez\u00fattal egy \u00e9jszakai t\u00far\u00e1r\u00f3l volt sz\u00f3, amelyet a \u201eDavid \u00e9s Ahikam T\u00far\u00e1z\u00f3k\u201d egyik tagja vezetett.<\/p>\n<p>B\u00e1r ezt a t\u00far\u00e1t is katonai k\u00eds\u00e9retben bonyol\u00edtott\u00e1k le, a szervez\u0151k arra k\u00e9rt\u00e9k a r\u00e9sztvev\u0151ket, hogy fegyverben \u00e9rkezzenek. \u201eH\u00e1l\u00e1sak lenn\u00e9nk minden fegyver\u00e9rt, amelyet a t\u00far\u00e1ra hoznak, k\u00fcl\u00f6n\u00f6sen a hossz\u00fa l\u0151fegyverek\u00e9rt\u201d \u2013 \u00e1llt a megh\u00edv\u00f3ban, hozz\u00e1t\u00e9ve: \u201eA r\u00e9sztvev\u0151k a t\u00fara megkezd\u00e9se ut\u00e1n nem hagyhatj\u00e1k el a ter\u00fcletet.\u201d<\/p>\n<figure id=\"attachment_4585\" aria-describedby=\"caption-attachment-4585\" style=\"width: 696px\" class=\"wp-caption alignnone\"><img decoding=\"async\" class=\"wp-image-4585 size-large lazyload\" data-src=\"https:\/\/antipropaganda.hu\/wp-content\/smush-webp\/2026\/08\/F260731STR03-1024x683.jpg.webp\" alt=\"\" width=\"696\" height=\"464\" title=\"\" data-srcset=\"https:\/\/antipropaganda.hu\/wp-content\/smush-webp\/2026\/08\/F260731STR03-1024x683.jpg.webp 1024w, https:\/\/antipropaganda.hu\/wp-content\/smush-webp\/2026\/08\/F260731STR03-300x200.jpg.webp 300w, https:\/\/antipropaganda.hu\/wp-content\/smush-webp\/2026\/08\/F260731STR03-768x512.jpg.webp 768w, https:\/\/antipropaganda.hu\/wp-content\/smush-webp\/2026\/08\/F260731STR03-1536x1024.jpg.webp 1536w, https:\/\/antipropaganda.hu\/wp-content\/smush-webp\/2026\/08\/F260731STR03-18x12.jpg.webp 18w, https:\/\/antipropaganda.hu\/wp-content\/smush-webp\/2026\/08\/F260731STR03-630x420.jpg.webp 630w, https:\/\/antipropaganda.hu\/wp-content\/smush-webp\/2026\/08\/F260731STR03-150x100.jpg.webp 150w, https:\/\/antipropaganda.hu\/wp-content\/smush-webp\/2026\/08\/F260731STR03-696x464.jpg.webp 696w, https:\/\/antipropaganda.hu\/wp-content\/smush-webp\/2026\/08\/F260731STR03-1068x712.jpg.webp 1068w, https:\/\/antipropaganda.hu\/wp-content\/smush-webp\/2026\/08\/F260731STR03-scaled.jpg.webp 1920w, https:\/\/antipropaganda.hu\/wp-content\/smush-webp\/2026\/08\/F260731STR03-1320x880.jpg.webp 1320w, https:\/\/antipropaganda.hu\/wp-content\/smush-webp\/2026\/08\/F260731STR03-600x400.jpg.webp 600w\" data-sizes=\"auto\" src=\"data:image\/svg+xml;base64,PHN2ZyB3aWR0aD0iMSIgaGVpZ2h0PSIxIiB4bWxucz0iaHR0cDovL3d3dy53My5vcmcvMjAwMC9zdmciPjwvc3ZnPg==\" style=\"--smush-placeholder-width: 696px; --smush-placeholder-aspect-ratio: 696\/464;\" data-original-sizes=\"(max-width: 696px) 100vw, 696px\" \/><figcaption id=\"caption-attachment-4585\" class=\"wp-caption-text\">Izraeli telepesek katonai k\u00eds\u00e9rettel vonulnak Sarra \u00e9s Tel palesztin falvak k\u00f6zel\u00e9ben, Nabluszt\u00f3l d\u00e9lnyugatra, Ciszjord\u00e1ni\u00e1ban, 2026. j\u00falius 31-\u00e9n. (Flash90)<\/figcaption><\/figure>\n<h3><b><span dir=\"auto\">\u201eAhov\u00e1 zsid\u00f3 l\u00e1b nem l\u00e9pett\u201d<\/span><\/b><\/h3>\n<p>Ezek a Har Brach\u00e1t\u00f3l Havat Giladig tart\u00f3 szervezett t\u00far\u00e1k \u2013 bele\u00e9rtve azt is, amelyik a m\u00falt h\u00f3napban hat ember hal\u00e1l\u00e1val v\u00e9gz\u0151d\u00f6tt \u2013 egy sz\u00e9lesk\u00f6r\u0171, csoportokb\u00f3l, idegenvezet\u0151kb\u0151l, szemin\u00e1riumokb\u00f3l \u00e9s t\u00farak\u00f6zpontokb\u00f3l \u00e1ll\u00f3 h\u00e1l\u00f3zat r\u00e9sz\u00e9t k\u00e9pezik, amely \u00e9vek \u00f3ta m\u0171k\u00f6dik Ciszjord\u00e1ni\u00e1ban. Az elm\u00falt \u00e9vekben ez a h\u00e1l\u00f3zat korm\u00e1nyzati t\u00e1mogat\u00e1ssal b\u0151v\u00fclt, t\u00f6bbek k\u00f6z\u00f6tt a \u201e Kedem \u00f6sv\u00e9ny \u201d \u00e9s a \u201e Transz-J\u00fadea \u00e9s Szam\u00e1ria \u201d \u00f6sv\u00e9nyek kijel\u00f6l\u00e9s\u00e9vel.<\/p>\n<p>A h\u00e1l\u00f3zat h\u00e1rom legkiemelked\u0151bb szervezete a \u201e Hiking Buddies \u201d, a \u201eDavid and Ahikam Hikers\u201d \u00e9s a \u201e Hargavim \u201d. Ezek a csoportok a Ciszjord\u00e1ni\u00e1ban szervezett t\u00far\u00e1kat n\u00e9pszer\u0171s\u00edtik, ezzel sz\u00e1nd\u00e9kosan \u00e9s ny\u00edltan elmosva a hat\u00e1rokat az A, B \u00e9s C ter\u00fcletek, valamint a ny\u00edlt ter\u00fcletek \u00e9s a mag\u00e1ntulajdonban l\u00e9v\u0151 palesztin f\u00f6ldek k\u00f6z\u00f6tt.<\/p>\n<p>A m\u00falt havi t\u00far\u00e1t megszervez\u0151 \u201eDavid \u00e9s Ahikam T\u00far\u00e1z\u00f3k\u201d csoport David Rubin \u00e9s Ahikam Amihai eml\u00e9k\u00e9re j\u00f6tt l\u00e9tre, k\u00e9t szolg\u00e1laton k\u00edv\u00fcli katona eml\u00e9k\u00e9re, akiket palesztinok l\u0151ttek le t\u00far\u00e1z\u00e1s k\u00f6zben a Nahal Telemben (Wadi Al-Quff, Tarqumiyah k\u00f6zel\u00e9ben) 2007-ben. A sz\u00e9ls\u0151jobboldali HaKol HaYehudi h\u00edrport\u00e1lon 2017-ben \u201eH\u00f3d\u00edtsd meg a f\u00f6ldet gyalog\u201d c\u00edmmel megjelent interj\u00faban a csoport c\u00e9lja a k\u00f6vetkez\u0151k\u00e9ppen fogalmaz\u00f3dott meg: \u201eAhov\u00e1 a t\u00far\u00e1z\u00f3 l\u00e1ba l\u00e9p, ott l\u00e9p \u00e1t a hat\u00e1r.\u201d<\/p>\n<p>Ezekkel a t\u00far\u00e1kkal a szervez\u0151k arra t\u00f6rekszenek, hogy a zsid\u00f3 jelenl\u00e9t a Ciszjord\u00e1ni\u00e1ban a telep\u00fcl\u00e9sek hat\u00e1rain t\u00falra is kiterjedjen. \u201eA legt\u00f6bb telepes ismeri a ker\u00edt\u00e9seket \u00e9s az utakat\u201d \u2013 magyar\u00e1zta a csoport alap\u00edt\u00f3ja, David Sayyed ugyanebben az interj\u00faban. \u201eDe maga a t\u00e9r l\u00e1that\u00f3 a s\u00f6t\u00e9ts\u00e9g hegyein t\u00fal, \u00e9s David \u00e9s Ahikam sz\u00e1m\u00e1ra ez egyszer\u0171 volt \u2013 itt \u00e9l\u00fcnk, ez a mi\u00e9nk, \u00e9s meg kell ismern\u00fcnk.\u201d<\/p>\n<p>Szajjed szerint az utaz\u00e1sok c\u00e9lja nemcsak a civilek utaz\u00e1si szok\u00e1sainak megv\u00e1ltoztat\u00e1sa, hanem a hadsereg m\u0171k\u00f6d\u00e9s\u00e9nek megv\u00e1ltoztat\u00e1sa is. \u201eA megk\u00f6zel\u00edt\u00e9s\u00fcnk az volt, hogy koordin\u00e1ljuk \u00e9s \u00e9rtes\u00edts\u00fck a hadsereget, hogy megk\u00f6nny\u00edts\u00fck sz\u00e1mukra a biztons\u00e1g megteremt\u00e9s\u00e9t\u201d \u2013 mondta \u2013, \u201ede semmilyen k\u00f6r\u00fclm\u00e9nyek k\u00f6z\u00f6tt nem k\u00e9r\u00fcnk enged\u00e9lyt.\u201d Elmond\u00e1sa szerint ezen tev\u00e9kenys\u00e9gek eredm\u00e9nyek\u00e9nt \u201ea hadsereg meg\u00e9rti, hogy bizonyos ter\u00fcleteket biztos\u00edtania kell, \u00e9s a csal\u00e1dok \u00f6n\u00e1ll\u00f3an is eljuthatnak oda.\u201d<\/p>\n<figure id=\"attachment_4584\" aria-describedby=\"caption-attachment-4584\" style=\"width: 696px\" class=\"wp-caption alignnone\"><img decoding=\"async\" class=\"wp-image-4584 size-large lazyload\" data-src=\"https:\/\/antipropaganda.hu\/wp-content\/uploads\/2026\/08\/F260725NI11-1024x683.jpg\" alt=\"\" width=\"696\" height=\"464\" title=\"\" data-srcset=\"https:\/\/antipropaganda.hu\/wp-content\/uploads\/2026\/08\/F260725NI11-1024x683.jpg 1024w, https:\/\/antipropaganda.hu\/wp-content\/smush-webp\/2026\/08\/F260725NI11-300x200.jpg.webp 300w, https:\/\/antipropaganda.hu\/wp-content\/smush-webp\/2026\/08\/F260725NI11-768x512.jpg.webp 768w, https:\/\/antipropaganda.hu\/wp-content\/smush-webp\/2026\/08\/F260725NI11-1536x1024.jpg.webp 1536w, https:\/\/antipropaganda.hu\/wp-content\/smush-webp\/2026\/08\/F260725NI11-18x12.jpg.webp 18w, https:\/\/antipropaganda.hu\/wp-content\/uploads\/2026\/08\/F260725NI11-630x420.jpg 630w, https:\/\/antipropaganda.hu\/wp-content\/uploads\/2026\/08\/F260725NI11-150x100.jpg 150w, https:\/\/antipropaganda.hu\/wp-content\/smush-webp\/2026\/08\/F260725NI11-696x464.jpg.webp 696w, https:\/\/antipropaganda.hu\/wp-content\/smush-webp\/2026\/08\/F260725NI11-1068x712.jpg.webp 1068w, https:\/\/antipropaganda.hu\/wp-content\/uploads\/2026\/08\/F260725NI11-scaled.jpg 1920w, https:\/\/antipropaganda.hu\/wp-content\/uploads\/2026\/08\/F260725NI11-1320x880.jpg 1320w, https:\/\/antipropaganda.hu\/wp-content\/uploads\/2026\/08\/F260725NI11-600x400.jpg 600w\" data-sizes=\"auto\" src=\"data:image\/svg+xml;base64,PHN2ZyB3aWR0aD0iMSIgaGVpZ2h0PSIxIiB4bWxucz0iaHR0cDovL3d3dy53My5vcmcvMjAwMC9zdmciPjwvc3ZnPg==\" style=\"--smush-placeholder-width: 696px; --smush-placeholder-aspect-ratio: 696\/464;\" data-original-sizes=\"(max-width: 696px) 100vw, 696px\" \/><figcaption id=\"caption-attachment-4584\" class=\"wp-caption-text\">Izraeli katon\u00e1k \u00e1llnak a telepesek mellett Tel faluban, egy nappal a hal\u00e1los l\u00f6v\u00f6ld\u00f6z\u00e9s ut\u00e1n, Ciszjord\u00e1ni\u00e1ban, 2026. j\u00falius 25-\u00e9n. (Nasser Ishtayeh\/Flash90)<\/figcaption><\/figure>\n<p>Egy m\u00e1sik, k\u00e9t \u00e9vvel kor\u00e1bbi interj\u00faban ugyanezzel a m\u00e9diummal Szajjed kifejtette, hogy \u201eaz utaz\u00e1sok sor\u00e1n az emberek kezdik meg\u00e9rteni, hogy Izrael f\u00f6ldje nem \u00e9r v\u00e9get a telep\u00fcl\u00e9sekkel \u00e9s az utakon val\u00f3 utaz\u00e1ssal, hanem mag\u00e1ban foglalja az \u00f6sszes hegyet \u00e9s ter\u00fcletet, m\u00e9g azokat is, amelyeken nem minden nap \u00e1thaladunk\u201d.<\/p>\n<p>A t\u00far\u00e1k, mondta, \u201eolyan helyekre mennek, ahov\u00e1 zsid\u00f3 l\u00e1b m\u00e1r nagyon-nagyon r\u00e9g\u00f3ta, ha egy\u00e1ltal\u00e1n valaha is betette a l\u00e1b\u00e1t.\u201d Ily m\u00f3don a csoportok a klasszikus cionista \u201ef\u00f6ldismeret\u201d \u00e9s a \u201ef\u00f6ld gyalogos megh\u00f3d\u00edt\u00e1s\u00e1nak\u201d ethosz\u00e1t viszik tov\u00e1bb.<\/p>\n<p>A \u201eHiking Buddies\u201d csoport \u2013 a h\u00e1rom k\u00f6z\u00fcl a legnagyobb \u2013 hasonl\u00f3an m\u0171k\u00f6dik. R\u00e9sztvev\u0151i els\u0151sorban a nemzeti-vall\u00e1si k\u00f6z\u00f6ss\u00e9gb\u0151l sz\u00e1rmaznak; egy 2024 okt\u00f3ber\u00e9ben t\u00f6rt\u00e9nt utat dokument\u00e1l\u00f3 vide\u00f3n t\u00f6bbnyire f\u00e9rfiak l\u00e1that\u00f3k, b\u00e1r n\u0151k \u00e9s gyermekek is jelen vannak.<\/p>\n<p>Az Amit Ararat \u00e9s Amit Horn \u00e1ltal alap\u00edtott csoport idegenvezet\u0151ket, kutat\u00f3kat, vall\u00e1si iskol\u00e1kat \u00e9s csal\u00e1dokat t\u00f6m\u00f6r\u00edt. Izrael-szerte kir\u00e1ndul\u00e1sokat szervez \u00e9s tesz k\u00f6zz\u00e9, valamint \u00fatvonalakat a Ciszjord\u00e1ni\u00e1ban, bele\u00e9rtve azokat is, amelyek fegyveres biztons\u00e1got \u00e9s katonai koordin\u00e1ci\u00f3t ig\u00e9nyelnek. \u00cdgy a k\u00fcl\u00f6nb\u00f6z\u0151 ter\u00fcletek k\u00f6z\u00f6tti politikai k\u00fcl\u00f6nbs\u00e9gek elmos\u00e1sa mellett a csoport azon is dolgozik, hogy elmossa a z\u00f6ld vonal \u00e9s az azon t\u00fal fekv\u0151 ter\u00fcletek k\u00f6z\u00f6tti hat\u00e1rvonalat.<\/p>\n<p>A \u201eHargavim\u201d egy kisebb csoport \u2013 ami lehet\u0151v\u00e9 teszi sz\u00e1mukra, hogy m\u00e9lyen behatoljanak palesztin ter\u00fcletekre, ez\u00e1ltal utat nyitva a r\u00e9gebb \u00f3ta m\u0171k\u00f6d\u0151 csoportoknak.<\/p>\n<p>Az Olam Katan h\u00edrport\u00e1lon id\u00e9n \u00e1prilisban megjelent portr\u00e9jukban a csoport j\u00f6v\u0151k\u00e9p\u00e9t \u00fagy hat\u00e1rozt\u00e1k meg, hogy \u201ezsid\u00f3 l\u00e1bakat tegyenek vissza Izrael f\u00f6ldj\u00e9nek minden egyes r\u00f6g\u00e9re\u201d. Az egyik kiemelked\u0151 tag, Ofer Klarman elmagyar\u00e1zta, hogy \u201et\u00e1volabbi helyeket keresnek \u2013 t\u00e1volabb a zsid\u00f3 k\u00f6z\u00f6ss\u00e9gekt\u0151l, t\u00e1volabb a zsid\u00f3 utakt\u00f3l\u201d.<\/p>\n<figure id=\"attachment_4587\" aria-describedby=\"caption-attachment-4587\" style=\"width: 696px\" class=\"wp-caption alignnone\"><img decoding=\"async\" class=\"wp-image-4587 size-large lazyload\" data-src=\"https:\/\/antipropaganda.hu\/wp-content\/smush-webp\/2026\/08\/main_image47654_ON2YuHstEQ-1024x683.jpg.webp\" alt=\"\" width=\"696\" height=\"464\" title=\"\" data-srcset=\"https:\/\/antipropaganda.hu\/wp-content\/smush-webp\/2026\/08\/main_image47654_ON2YuHstEQ-1024x683.jpg.webp 1024w, https:\/\/antipropaganda.hu\/wp-content\/smush-webp\/2026\/08\/main_image47654_ON2YuHstEQ-300x200.jpg.webp 300w, https:\/\/antipropaganda.hu\/wp-content\/smush-webp\/2026\/08\/main_image47654_ON2YuHstEQ-768x512.jpg.webp 768w, https:\/\/antipropaganda.hu\/wp-content\/smush-webp\/2026\/08\/main_image47654_ON2YuHstEQ-1536x1024.jpg.webp 1536w, https:\/\/antipropaganda.hu\/wp-content\/smush-webp\/2026\/08\/main_image47654_ON2YuHstEQ-18x12.jpg.webp 18w, https:\/\/antipropaganda.hu\/wp-content\/smush-webp\/2026\/08\/main_image47654_ON2YuHstEQ-630x420.jpg.webp 630w, https:\/\/antipropaganda.hu\/wp-content\/smush-webp\/2026\/08\/main_image47654_ON2YuHstEQ-150x100.jpg.webp 150w, https:\/\/antipropaganda.hu\/wp-content\/smush-webp\/2026\/08\/main_image47654_ON2YuHstEQ-696x464.jpg.webp 696w, https:\/\/antipropaganda.hu\/wp-content\/smush-webp\/2026\/08\/main_image47654_ON2YuHstEQ-1068x712.jpg.webp 1068w, https:\/\/antipropaganda.hu\/wp-content\/smush-webp\/2026\/08\/main_image47654_ON2YuHstEQ-scaled.jpg.webp 1920w, https:\/\/antipropaganda.hu\/wp-content\/smush-webp\/2026\/08\/main_image47654_ON2YuHstEQ-1320x880.jpg.webp 1320w, https:\/\/antipropaganda.hu\/wp-content\/smush-webp\/2026\/08\/main_image47654_ON2YuHstEQ-600x400.jpg.webp 600w\" data-sizes=\"auto\" src=\"data:image\/svg+xml;base64,PHN2ZyB3aWR0aD0iMSIgaGVpZ2h0PSIxIiB4bWxucz0iaHR0cDovL3d3dy53My5vcmcvMjAwMC9zdmciPjwvc3ZnPg==\" style=\"--smush-placeholder-width: 696px; --smush-placeholder-aspect-ratio: 696\/464;\" data-original-sizes=\"(max-width: 696px) 100vw, 696px\" \/><figcaption id=\"caption-attachment-4587\" class=\"wp-caption-text\">Fegyveres izraeli telepesek s\u00e9t\u00e1lnak az \u00fat sz\u00e9l\u00e9n Latrun k\u00f6zel\u00e9ben, K\u00f6z\u00e9p-Izraelben, 2021. j\u00falius 30-\u00e1n. (Oren Ziv\/Activestills)<\/figcaption><\/figure>\n<p>Klarman p\u00e9ld\u00e1ul az egyik \u00fatvonalr\u00f3l ezt mondta: \u201eVal\u00f3j\u00e1ban egy nagyon-nagyon nagy ter\u00fcletet szel \u00e1t, amely teljes eg\u00e9sz\u00e9ben az A \u00f6vezet, \u00e9s a zsid\u00f3k nem igaz\u00e1n j\u00e1rnak oda; viszonylag vesz\u00e9lyesnek tartj\u00e1k.\u201d<\/p>\n<p>Ami a hadsereget illeti, Klarman a \u201eDavid \u00e9s Ahikam t\u00far\u00e1z\u00f3k\u201d megk\u00f6zel\u00edt\u00e9s\u00e9hez hasonl\u00f3t \u00edrt le: \u201eNem k\u00e9r\u00fcnk enged\u00e9lyt a t\u00far\u00e1hoz; f\u0151k\u00e9nt \u00e9rtes\u00edtj\u00fck \u0151ket, hogy ne helyezz\u00fck k\u00e9sz\u00fclts\u00e9gbe a szektort.\u201d<\/p>\n<p>Amikor az \u00fatvonal palesztin falvak k\u00fclter\u00fclet\u00e9n halad el \u2013 magyar\u00e1zta egy m\u00e1sik tag \u2013, a csoport \u201enapkelte el\u0151tt f\u00e9l \u00f3r\u00e1val\u201d kezdi a t\u00far\u00e1t, n\u00e9ha m\u00e9g s\u00f6t\u00e9tben. Egy harmadik tag hozz\u00e1tette: \u201eNagyon igyeksz\u00fcnk nem \u00e9szrevenni minket&#8230; Mire [a palesztinok] r\u00e1j\u00f6nnek, m\u00e1r elt\u0171nt\u00fcnk.\u201d<\/p>\n<p>N\u00e9h\u00e1ny falu, amelynek k\u00f6zel\u00e9ben a t\u00fara\u00fatvonalak tal\u00e1lhat\u00f3k, \u00e9vek \u00f3ta s\u00falyos telepes t\u00e1mad\u00e1soknak volt kit\u00e9ve, mint p\u00e9ld\u00e1ul Burin \u00e9s Jit .<\/p>\n<p>Nem csak a k\u00f6rny\u00e9kbeli telepesek vesznek r\u00e9szt ezeken a t\u00far\u00e1kon: K\u00f6z\u00e9p-Izraelb\u0151l \u00e9s Ciszjord\u00e1nia m\u00e1s r\u00e9szeir\u0151l \u00e9rkez\u0151 csal\u00e1dok is csatlakoznak hozz\u00e1juk. De ahogy a tel-i hal\u00e1los incidens is mutatta, a gyakorlatban nem sokat sz\u00e1m\u00edt a k\u00fcl\u00f6nbs\u00e9g egy jeruzs\u00e1lemi t\u00far\u00e1z\u00f3 k\u00f6z\u00f6tt, aki a \u201ezsid\u00f3 jelenl\u00e9t kiterjeszt\u00e9se\u201d \u00e9rdek\u00e9ben j\u00f6tt, \u00e9s egy telepes k\u00f6z\u00f6tt, aki a \u201e s\u00farl\u00f3d\u00e1sok sz\u00edt\u00e1sa \u201d c\u00e9lj\u00e1b\u00f3l j\u00f6tt.<\/p>\n<p>Miut\u00e1n egy t\u00e1mad\u00e1s megkezd\u0151d\u00f6tt, a palesztinoknak gyakorlatilag nincs m\u00f3djuk k\u00fcl\u00f6nbs\u00e9get tenni egy hivat\u00e1sos katona, egy tartal\u00e9kos, egy telep\u00fcl\u00e9s biztons\u00e1gi er\u0151inek tagja \u00e9s egy gyorsreag\u00e1l\u00e1s\u00fa csapat tagja k\u00f6z\u00f6tt, aki azzal a sz\u00e1nd\u00e9kkal \u00e9rkezik, hogy hal\u00e1los er\u0151t alkalmazzon b\u00e1rkivel szemben, akit fenyeget\u00e9sk\u00e9nt azonos\u00edt \u2013 gyakran t\u00fall\u00e9pve hat\u00e1sk\u00f6r\u00e9t, amely csak a telep\u00fcl\u00e9sek joghat\u00f3s\u00e1g\u00e1n bel\u00fcl \u00e9rv\u00e9nyes.<\/p>\n<figure id=\"attachment_4586\" aria-describedby=\"caption-attachment-4586\" style=\"width: 696px\" class=\"wp-caption alignnone\"><img decoding=\"async\" class=\"wp-image-4586 size-large lazyload\" data-src=\"https:\/\/antipropaganda.hu\/wp-content\/smush-webp\/2026\/08\/F260811NI11-1024x683.jpg.webp\" alt=\"\" width=\"696\" height=\"464\" title=\"\" data-srcset=\"https:\/\/antipropaganda.hu\/wp-content\/smush-webp\/2026\/08\/F260811NI11-1024x683.jpg.webp 1024w, https:\/\/antipropaganda.hu\/wp-content\/smush-webp\/2026\/08\/F260811NI11-300x200.jpg.webp 300w, https:\/\/antipropaganda.hu\/wp-content\/smush-webp\/2026\/08\/F260811NI11-768x512.jpg.webp 768w, https:\/\/antipropaganda.hu\/wp-content\/smush-webp\/2026\/08\/F260811NI11-1536x1024.jpg.webp 1536w, https:\/\/antipropaganda.hu\/wp-content\/uploads\/2026\/08\/F260811NI11-18x12.jpg 18w, https:\/\/antipropaganda.hu\/wp-content\/smush-webp\/2026\/08\/F260811NI11-630x420.jpg.webp 630w, https:\/\/antipropaganda.hu\/wp-content\/smush-webp\/2026\/08\/F260811NI11-150x100.jpg.webp 150w, https:\/\/antipropaganda.hu\/wp-content\/smush-webp\/2026\/08\/F260811NI11-696x464.jpg.webp 696w, https:\/\/antipropaganda.hu\/wp-content\/smush-webp\/2026\/08\/F260811NI11-1068x712.jpg.webp 1068w, https:\/\/antipropaganda.hu\/wp-content\/smush-webp\/2026\/08\/F260811NI11-scaled.jpg.webp 1920w, https:\/\/antipropaganda.hu\/wp-content\/smush-webp\/2026\/08\/F260811NI11-1320x880.jpg.webp 1320w, https:\/\/antipropaganda.hu\/wp-content\/smush-webp\/2026\/08\/F260811NI11-600x400.jpg.webp 600w\" data-sizes=\"auto\" src=\"data:image\/svg+xml;base64,PHN2ZyB3aWR0aD0iMSIgaGVpZ2h0PSIxIiB4bWxucz0iaHR0cDovL3d3dy53My5vcmcvMjAwMC9zdmciPjwvc3ZnPg==\" style=\"--smush-placeholder-width: 696px; --smush-placeholder-aspect-ratio: 696\/464;\" data-original-sizes=\"(max-width: 696px) 100vw, 696px\" \/><figcaption id=\"caption-attachment-4586\" class=\"wp-caption-text\">Palesztinok vizsg\u00e1lj\u00e1k Faruk Ramad\u00e1n sejk h\u00e1z\u00e1nak romjait, melyet az izraeli er\u0151k romboltak le Telben, 2026. augusztus 11-\u00e9n. Ramad\u00e1nt lel\u0151tt\u00e9k, miut\u00e1n lefoglalta egy telepes fegyver\u00e9t \u00e9s t\u00fczet nyitott a k\u00f6zelm\u00faltbeli incidens sor\u00e1n. (Nasser Ishtayeh\/Flash90)<\/figcaption><\/figure>\n<p>A m\u00falt h\u00f3napban Telben t\u00f6rt\u00e9nt incidens sor\u00e1n ezek a kateg\u00f3ri\u00e1k \u00f3r\u00e1kon bel\u00fcl tal\u00e1lkoztak. Amikor a palesztin lakosok megpr\u00f3b\u00e1lt\u00e1k ki\u0171zni a t\u00far\u00e1z\u00f3kat a falub\u00f3l, n\u00e9h\u00e1ny katona megpr\u00f3b\u00e1lt k\u00f6zbel\u00e9pni, m\u00edg m\u00e1sok azonnal er\u0151szakos fell\u00e9p\u00e9st v\u00e1lasztottak a palesztin lakosok ellen; a helysz\u00ednre riasztott telep\u00fcl\u00e9si biztons\u00e1gi er\u0151k tagjai a katon\u00e1kkal egy\u00fctt hal\u00e1los er\u0151t vetettek be.<\/p>\n<p>Egy palesztin lakosnak siker\u00fclt lefegyvereznie az egyik felfegyverzett izraelit, \u00e9s t\u00f6bb l\u00f6v\u00e9st adott le a fegyverrel. Egyel\u0151re nem vil\u00e1gos , hogy ezek k\u00f6z\u00fcl a l\u00f6v\u00e9sek k\u00f6z\u00fcl valamelyik meg\u00f6lte-e a k\u00e9t izraelit, akik k\u00f6z\u00fcl az egyik \u00e1ll\u00edt\u00f3lag bar\u00e1ti t\u0171z \u00e1ldozata lett. Az izraeli m\u00e9dia nagy r\u00e9sz\u00e9ben ennek ellen\u00e9re egy\u00e9rtelm\u0171 \u00e9s minden kontextust\u00f3l mentes volt a sz\u00f6vegk\u00f6rnyezet: Ez egy \u201eterrort\u00e1mad\u00e1s\u201d volt.<\/p>\n<h3><b><span dir=\"auto\">\u201eHossz\u00fa fegyvereket hozzatok\u201d<\/span><\/b><\/h3>\n<p>A ciszjord\u00e1niai t\u00fara\u00fatvonalakkal kapcsolatos inform\u00e1ci\u00f3k meg\u0151rz\u00e9s\u00e9nek \u00e9s terjeszt\u00e9s\u00e9nek egyik eszk\u00f6ze az Amud Anan , egy egy\u00fcttm\u0171k\u00f6d\u00e9si platform, amelyet az orsz\u00e1g eg\u00e9sz ter\u00fclet\u00e9n t\u00faravezet\u0151k \u00e9s t\u00far\u00e1z\u00f3k haszn\u00e1lnak. Az oldal egy wiki rendszeren alapul, amely lehet\u0151v\u00e9 teszi b\u00e1rki sz\u00e1m\u00e1ra, hogy bejegyz\u00e9seket adjon hozz\u00e1 \u00e9s szerkeszthesse a megl\u00e9v\u0151ket. Benayahu Mellet, a Tel k\u00f6zel\u00e9ben t\u00f6rt\u00e9nt incidensben \u00e9let\u00e9t vesztette ment\u0151csapat tagja, ezen bejegyz\u00e9sek k\u00f6z\u00fcl t\u00f6bbet is \u00edrt .<\/p>\n<p>A platform haszn\u00e1l\u00f3i forr\u00e1sokat, romokat, s\u00edrokat \u00e9s szent helyeket, cisztern\u00e1kat, bek\u00f6t\u0151utakat \u00e9s kapukat jel\u00f6lnek meg. Emellett t\u00f6rt\u00e9nelmi, r\u00e9g\u00e9szeti \u00e9s gyakorlati inform\u00e1ci\u00f3kat is hozz\u00e1adnak ezekhez, gyakran hivatkozva a Bibli\u00e1ban eml\u00edtett helyekre.<\/p>\n<p>A t\u00e1j le\u00edr\u00e1sa mellett a sz\u00f6veg felt\u00e1rja a telepesek \u00e1ltal \u00e9rz\u00e9kelt val\u00f3s\u00e1got a helysz\u00ednen: a k\u00f6zeli palesztin falvak lak\u00f3it vesz\u00e9lynek tekintik, amelyekre figyelmeztetni kell, \u00e9s sz\u00e1mos bejegyz\u00e9sben a fegyveres \u00e9rkeztet\u00e9s aj\u00e1nl\u00e1sait is szerepeltetik.<\/p>\n<p>Az Amud Anan platformon tal\u00e1lhat\u00f3 t\u00e9rk\u00e9peken jel\u00f6lt pontok seg\u00edts\u00e9g\u00e9vel nyomon k\u00f6vethet\u0151 a gyalogt\u00fara \u00fatvonala, amely n\u00e9gy palesztin \u00e9s k\u00e9t izraeli hal\u00e1l\u00e1val v\u00e9gz\u0151d\u00f6tt. A Horbat Tzur \u00e9s az Ein Tzur bejegyz\u00e9seiben p\u00e9ld\u00e1ul a szerz\u0151k \u00edgy figyelmeztetnek: \u201eCsak tarts\u00e1tok nyitva a szemeteket, mert Irak Burin falu k\u00f6zvetlen\u00fcl felett\u00fcnk tal\u00e1lhat\u00f3, \u00e9s lak\u00f3i nem tartoznak Sion szerelmesei k\u00f6z\u00e9.\u201d<\/p>\n<figure id=\"attachment_4582\" aria-describedby=\"caption-attachment-4582\" style=\"width: 696px\" class=\"wp-caption alignnone\"><img decoding=\"async\" class=\"wp-image-4582 size-large lazyload\" data-src=\"https:\/\/antipropaganda.hu\/wp-content\/smush-webp\/2026\/08\/F260725NI04-1024x683.jpg.webp\" alt=\"\" width=\"696\" height=\"464\" title=\"\" data-srcset=\"https:\/\/antipropaganda.hu\/wp-content\/smush-webp\/2026\/08\/F260725NI04-1024x683.jpg.webp 1024w, https:\/\/antipropaganda.hu\/wp-content\/smush-webp\/2026\/08\/F260725NI04-300x200.jpg.webp 300w, https:\/\/antipropaganda.hu\/wp-content\/smush-webp\/2026\/08\/F260725NI04-768x512.jpg.webp 768w, https:\/\/antipropaganda.hu\/wp-content\/smush-webp\/2026\/08\/F260725NI04-1536x1024.jpg.webp 1536w, https:\/\/antipropaganda.hu\/wp-content\/smush-webp\/2026\/08\/F260725NI04-18x12.jpg.webp 18w, https:\/\/antipropaganda.hu\/wp-content\/smush-webp\/2026\/08\/F260725NI04-630x420.jpg.webp 630w, https:\/\/antipropaganda.hu\/wp-content\/smush-webp\/2026\/08\/F260725NI04-150x100.jpg.webp 150w, https:\/\/antipropaganda.hu\/wp-content\/smush-webp\/2026\/08\/F260725NI04-696x464.jpg.webp 696w, https:\/\/antipropaganda.hu\/wp-content\/smush-webp\/2026\/08\/F260725NI04-1068x712.jpg.webp 1068w, https:\/\/antipropaganda.hu\/wp-content\/smush-webp\/2026\/08\/F260725NI04-scaled.jpg.webp 1920w, https:\/\/antipropaganda.hu\/wp-content\/smush-webp\/2026\/08\/F260725NI04-1320x880.jpg.webp 1320w, https:\/\/antipropaganda.hu\/wp-content\/smush-webp\/2026\/08\/F260725NI04-600x400.jpg.webp 600w\" data-sizes=\"auto\" src=\"data:image\/svg+xml;base64,PHN2ZyB3aWR0aD0iMSIgaGVpZ2h0PSIxIiB4bWxucz0iaHR0cDovL3d3dy53My5vcmcvMjAwMC9zdmciPjwvc3ZnPg==\" style=\"--smush-placeholder-width: 696px; --smush-placeholder-aspect-ratio: 696\/464;\" data-original-sizes=\"(max-width: 696px) 100vw, 696px\" \/><figcaption id=\"caption-attachment-4582\" class=\"wp-caption-text\">A Tel faluban izraeli telepesek \u00e1ltal elk\u00f6vetett t\u00e1mad\u00e1s okozta k\u00e1rok, egy nappal a megsz\u00e1llt Ciszjord\u00e1ni\u00e1ban t\u00f6rt\u00e9nt l\u00f6v\u00f6ld\u00f6z\u00e9s ut\u00e1n, amelyben n\u00e9gy palesztin \u00e9s k\u00e9t izraeli halt meg, 2026. j\u00falius 25-\u00e9n. (Nasser Ishtayeh\/Flash90)<\/figcaption><\/figure>\n<p>A \u201eDavid and Ahikam Hikers\u201d \u00e1ltal k\u00f6zz\u00e9tett \u00fatvonal negyedik meg\u00e1ll\u00f3j\u00e1nak, a Sheikh Abu Judnak a bejegyz\u00e9s\u00e9ben a szerz\u0151k ism\u00e9t eml\u00e9keztetik az utaz\u00f3kat, hogy \u201emennyire fontos hossz\u00fa fegyvereket hozni magukkal\u201d, mivel \u201eTel faluj\u00e1b\u00f3l n\u00e9h\u00e1ny h\u00e1z a k\u00f6zelben tal\u00e1lhat\u00f3\u201d.<\/p>\n<p>\u201eAmikor kimegy az ember t\u00far\u00e1zni, r\u00e1j\u00f6n, hogy a k\u00f6rny\u00e9k nem is ijeszt\u0151\u201d \u2013 mondta Szajjed a HaKol HaYehudinak, hozz\u00e1t\u00e9ve: \u201eIzrael f\u00f6ldje sz\u00edvesen l\u00e1tja a t\u00far\u00e1z\u00f3kat.\u201d Magukon a csoportokon bel\u00fcli bejegyz\u00e9sek azonban azt mutatj\u00e1k, hogy a ter\u00fclet biztons\u00e1gosnak \u00e9s nyitottnak tart\u00e1sa \u2013 mik\u00f6zben figyelmen k\u00edv\u00fcl hagyj\u00e1k a t\u00far\u00e1z\u00f3helyek lak\u00f3it \u2013 sz\u00e9lesk\u00f6r\u0171 er\u0151szakra t\u00e1maszkodik: civil l\u0151fegyverekre; szoros katonai k\u00eds\u00e9retre, amely a hadsereget a t\u00far\u00e1z\u00f3k szolg\u00e1lat\u00e1ra l\u00e9trehozott mag\u00e1nbiztons\u00e1gi c\u00e9gk\u00e9nt kezeli; civil telep\u00fcl\u00e9sbiztons\u00e1gi koordin\u00e1torokra; valamint a t\u00farahelysz\u00ednekhez szomsz\u00e9dos lelkip\u00e1sztori el\u0151\u0151rs\u00f6kb\u0151l \u00e9s telep\u00fcl\u00e9sekr\u0151l \u00e9rkez\u0151 gyorsreag\u00e1l\u00e1s\u00fa csapatokra.<\/p>\n<p>A szervez\u0151k sz\u00e1m\u00e1ra az \u00fat egy eszk\u00f6z arra, hogy a palesztinoknak m\u00e9g mindig van n\u00e9mi mozg\u00e1sszabads\u00e1guk azon kev\u00e9s helyeket, ahol a telepesek jelenl\u00e9te rutinn\u00e1 v\u00e1lik, olyan \u00f6sv\u00e9nyekk\u00e9 alak\u00edts\u00e1k \u00e1t, ahol a telepesek jelenl\u00e9te rutinszer\u0171v\u00e9 v\u00e1lik.<\/p>\n<p>El\u0151sz\u00f6r egy kis csoport \u00e9rkezik, vagy felfegyverkezve, vagy biztons\u00e1gi k\u00eds\u00e9rettel. \u00c1ll\u00edt\u00e1suk szerint a csoport nyom\u00e1n a hadsereg megtudja, hogy a ter\u00fcletet \u201ebiztos\u00edtani kell\u201d, majd k\u00e9s\u0151bb szervezett csoportok \u00e9s csal\u00e1dok is \u00e9rkezhetnek. Az \u00fatvonalat csoportokon bel\u00fcl megosztj\u00e1k, az Amud Ananon jel\u00f6lik ki, \u00e9s vezet\u0151k, valamint t\u00far\u00e1z\u00f3k tanulm\u00e1nyozz\u00e1k; \u00e9vekkel k\u00e9s\u0151bb az izraeli mozg\u00e1s kialakult infrastrukt\u00far\u00e1j\u00e1nak r\u00e9sz\u00e9v\u00e9 v\u00e1lik a t\u00e9rs\u00e9gben.<\/p>\n<p>A palesztin lakosok sz\u00e1m\u00e1ra ugyanez az \u00fatvonal vezet \u00e1t \u00e9let\u00fck sz\u00edv\u00e9n: otthonaik k\u00f6zel\u00e9ben, az olajfaligeteken kereszt\u00fcl, amelyeket gener\u00e1ci\u00f3k \u00f3ta gondoznak, \u00e9s amelyekt\u0151l meg\u00e9lhet\u00e9s\u00fck f\u00fcgg, a gy\u00fcm\u00f6lcs\u00f6s\u00f6k\u00f6n kereszt\u00fcl, amelyeket m\u0171velnek, a forr\u00e1sok mellett, amelyekb\u0151l f\u00f6ldjeiket \u00e9s ny\u00e1jaikat \u00f6nt\u00f6zik, \u00e9s a sz\u00e1mukra szent szent\u00e9lyek k\u00f6zel\u00e9ben.<\/p>\n<p>Az Amud Anan oldal\u00e1n tal\u00e1lhat\u00f3 bejegyz\u00e9sek azt mutatj\u00e1k, hogy a t\u00far\u00e1z\u00f3k tiszt\u00e1ban vannak ezzel. Megadj\u00e1k, hogy ki haszn\u00e1lja a vizet, ki m\u0171veli a f\u00f6ldet, ki z\u00e1rja le a medenc\u00e9t, \u00e9s hol k\u00e9rt\u00e9k a f\u00f6ldtulajdonosok a l\u00e1togat\u00f3kat, hogy ne l\u00e9pjenek be.<\/p>\n<figure id=\"attachment_4581\" aria-describedby=\"caption-attachment-4581\" style=\"width: 696px\" class=\"wp-caption alignnone\"><img decoding=\"async\" class=\"wp-image-4581 size-large lazyload\" data-src=\"https:\/\/antipropaganda.hu\/wp-content\/smush-webp\/2026\/08\/F210416GE05-1024x683.jpg.webp\" alt=\"\" width=\"696\" height=\"464\" title=\"\" data-srcset=\"https:\/\/antipropaganda.hu\/wp-content\/smush-webp\/2026\/08\/F210416GE05-1024x683.jpg.webp 1024w, https:\/\/antipropaganda.hu\/wp-content\/smush-webp\/2026\/08\/F210416GE05-300x200.jpg.webp 300w, https:\/\/antipropaganda.hu\/wp-content\/smush-webp\/2026\/08\/F210416GE05-768x512.jpg.webp 768w, https:\/\/antipropaganda.hu\/wp-content\/smush-webp\/2026\/08\/F210416GE05-1536x1024.jpg.webp 1536w, https:\/\/antipropaganda.hu\/wp-content\/uploads\/2026\/08\/F210416GE05-18x12.jpg 18w, https:\/\/antipropaganda.hu\/wp-content\/smush-webp\/2026\/08\/F210416GE05-630x420.jpg.webp 630w, https:\/\/antipropaganda.hu\/wp-content\/smush-webp\/2026\/08\/F210416GE05-150x100.jpg.webp 150w, https:\/\/antipropaganda.hu\/wp-content\/smush-webp\/2026\/08\/F210416GE05-696x464.jpg.webp 696w, https:\/\/antipropaganda.hu\/wp-content\/smush-webp\/2026\/08\/F210416GE05-1068x712.jpg.webp 1068w, https:\/\/antipropaganda.hu\/wp-content\/smush-webp\/2026\/08\/F210416GE05-scaled.jpg.webp 1920w, https:\/\/antipropaganda.hu\/wp-content\/smush-webp\/2026\/08\/F210416GE05-1320x880.jpg.webp 1320w, https:\/\/antipropaganda.hu\/wp-content\/smush-webp\/2026\/08\/F210416GE05-600x400.jpg.webp 600w\" data-sizes=\"auto\" src=\"data:image\/svg+xml;base64,PHN2ZyB3aWR0aD0iMSIgaGVpZ2h0PSIxIiB4bWxucz0iaHR0cDovL3d3dy53My5vcmcvMjAwMC9zdmciPjwvc3ZnPg==\" style=\"--smush-placeholder-width: 696px; --smush-placeholder-aspect-ratio: 696\/464;\" data-original-sizes=\"(max-width: 696px) 100vw, 696px\" \/><figcaption id=\"caption-attachment-4581\" class=\"wp-caption-text\">Egy palesztin csal\u00e1d sz\u00e1nt egy f\u00f6ldet a Neve Daniel zsid\u00f3 telep\u00fcl\u00e9s k\u00f6zel\u00e9ben, Ciszjord\u00e1ni\u00e1ban, 2021. \u00e1prilis 16-\u00e1n. (Gershon Elinson\/Flash90)<\/figcaption><\/figure>\n<p>Raja Shehadeh 2008-as \u201ePalestinian Walks: Notes on a Vanishing Landscape\u201d c\u00edm\u0171 k\u00f6nyve a szerz\u0151 altereg\u00f3ja \u00e9s egy izraeli telepes k\u00f6z\u00f6tti kital\u00e1lt tal\u00e1lkoz\u00e1ssal z\u00e1rul. \u201eHonnan j\u00f6ssz?\u201d \u2013 k\u00e9rdezi a telepes, \u00e9s amikor Shehadeh \u00edgy v\u00e1laszol: \u201eRamallahb\u00f3l\u201d, a telepes \u00edgy felel: \u201eGyan\u00edtottam, hogy arab vagy, de nem voltam biztos benne. Az arabok nem gyalogolnak.\u201d<\/p>\n<p>Shehadeh meglep\u0151dik. \u201eHonnan tudod ezt? Ismersz sok arabot?\u201d A telepes, ahogy v\u00e1rhat\u00f3 volt, \u00edgy v\u00e1laszol: \u201eNem. Egyiket sem.\u201d \u201eAkkor hogyan jutott\u00e1l erre a k\u00f6vetkeztet\u00e9sre?\u201d \u201eCsak a k\u00f6zeli falusiak megfigyel\u00e9se ut\u00e1n. Soha nem l\u00e1tom \u0151ket s\u00e9t\u00e1lni vagy a v\u00edzparton \u00fclni.\u201d \u201eTal\u00e1n az\u00e9rt, mert f\u00e9lnek?\u201d \u2013 veti fel a szerz\u0151.<\/p>\n<p>\u201eMi\u00e9rt f\u00e9ln\u00e9nek?\u201d \u201eMiattatok.\u201d \u201eT\u0151lem?\u201d \u201eIgen. Nincs n\u00e1lad fegyver?\u201d \u201eB\u00e1rcsak ne lenne. Neh\u00e9z \u00e9s teher. De ahogy mondtam, musz\u00e1j.\u201d<\/p>\n<p>\u201eNem tudtam meg\u00e1llni, hogy ne mondjam szarkasztikusan, hogy \u00bbGondolom, igen\u00ab, b\u00e1r szinte azonnal megb\u00e1ntam\u201d \u2013 \u00edrja Shehadeh. \u201eHogy \u00e9rted ezt?\u201d \u2013 v\u00e1laszolja a telepes. \u201eHogy megv\u00e9dd a f\u00f6ldet, amit elvett\u00e9l t\u0151l\u00fcnk\u201d \u2013 v\u00e1laszolja Shehadeh.<\/p>\n<p>A telepesek azt \u00e1ll\u00edtj\u00e1k, hogy ezek a t\u00far\u00e1k az \u0151 m\u00f3djuk arra, hogy megismerj\u00e9k a f\u00f6ldet \u00e9s kifejezz\u00e9k ir\u00e1nta \u00e9rzett szeretet\u00fcket. De a szeretetet nem fegyverrel fejezik ki. Ezek a t\u00far\u00e1k nem \u00e1rtatlan szabadid\u0151s tev\u00e9kenys\u00e9gek, hanem ink\u00e1bb a ter\u00fclet politikai \u00e9s ter\u00fcleti alak\u00edt\u00e1s\u00e1nak eszk\u00f6zei, amelyek elm\u00e9ly\u00edtik a palesztinok bizonytalans\u00e1g\u00e1t otthonaikban \u00e9s f\u00f6ldjeiken.<\/p>\n<p>Ebben az \u00f6sszef\u00fcgg\u00e9sben a gyalogt\u00fara minden \u00e9rtelemben politikai cselekedet, amely egy r\u00e9g\u00f3ta tart\u00f3 etnikai tisztogat\u00e1si folyamatot szolg\u00e1l.<\/p>\n","protected":false},"excerpt":{"rendered":"<p>A k\u00f6zelm\u00faltbeli gyilkoss\u00e1gok sorozata annak tudhat\u00f3 be, hogy a telepesek katonai k\u00eds\u00e9rettel v\u00e1ndoroltak a Ciszjord\u00e1ni\u00e1ban, a palesztinok k\u00e1r\u00e1ra b\u0151v\u00edtve a zsid\u00f3 jelenl\u00e9tet. \u00dajabb telepes \u201et\u00fara\u201d, \u00fajabb palesztin halott. Kevesebb mint egy h\u00f3nappal a palesztin Tel falu melletti hal\u00e1los \u00f6sszecsap\u00e1sok ut\u00e1n , amelyekben k\u00e9t izraeli \u00e9s n\u00e9gy palesztin vesztette \u00e9let\u00e9t, a telepesek m\u00falt p\u00e9nteken hasonl\u00f3 enged\u00e9ly [&hellip;]<\/p>\n","protected":false},"author":1,"featured_media":4580,"comment_status":"open","ping_status":"closed","sticky":false,"template":"","format":"standard","meta":{"rs_blank_template":"","rs_page_bg_color":"","slide_template_v7":"","_monsterinsights_skip_tracking":false,"wpai_generated_summary":"","tdm_status":"","tdm_grid_status":"","footnotes":""},"categories":[31],"tags":[115,167,96,163,160,153,142,155,105,104],"class_list":["post-4579","post","type-post","status-publish","format-standard","has-post-thumbnail","category-izrael-igazi-arca","tag-ciszjordania","tag-idf","tag-izrael","tag-izrael-terror","tag-izraeli-telepesek","tag-kozel-kelet","tag-kozel-keleti-konfliktus","tag-mediaelemzes","tag-palesztin","tag-palesztina"],"_links":{"self":[{"href":"https:\/\/antipropaganda.hu\/en\/wp-json\/wp\/v2\/posts\/4579","targetHints":{"allow":["GET"]}}],"collection":[{"href":"https:\/\/antipropaganda.hu\/en\/wp-json\/wp\/v2\/posts"}],"about":[{"href":"https:\/\/antipropaganda.hu\/en\/wp-json\/wp\/v2\/types\/post"}],"author":[{"embeddable":true,"href":"https:\/\/antipropaganda.hu\/en\/wp-json\/wp\/v2\/users\/1"}],"replies":[{"embeddable":true,"href":"https:\/\/antipropaganda.hu\/en\/wp-json\/wp\/v2\/comments?post=4579"}],"version-history":[{"count":0,"href":"https:\/\/antipropaganda.hu\/en\/wp-json\/wp\/v2\/posts\/4579\/revisions"}],"wp:featuredmedia":[{"embeddable":true,"href":"https:\/\/antipropaganda.hu\/en\/wp-json\/wp\/v2\/media\/4580"}],"wp:attachment":[{"href":"https:\/\/antipropaganda.hu\/en\/wp-json\/wp\/v2\/media?parent=4579"}],"wp:term":[{"taxonomy":"category","embeddable":true,"href":"https:\/\/antipropaganda.hu\/en\/wp-json\/wp\/v2\/categories?post=4579"},{"taxonomy":"post_tag","embeddable":true,"href":"https:\/\/antipropaganda.hu\/en\/wp-json\/wp\/v2\/tags?post=4579"}],"curies":[{"name":"wp","href":"https:\/\/api.w.org\/{rel}","templated":true}]}}