{"id":4575,"date":"2026-08-27T06:50:50","date_gmt":"2026-08-27T04:50:50","guid":{"rendered":"https:\/\/antipropaganda.hu\/?p=4575"},"modified":"2026-08-27T06:50:50","modified_gmt":"2026-08-27T04:50:50","slug":"tiltva-van-szamomra-a-foldem-izrael-telepepitesi-torekvesei-korulveszik-dzsenint","status":"publish","type":"post","link":"https:\/\/antipropaganda.hu\/en\/tiltva-van-szamomra-a-foldem-izrael-telepepitesi-torekvesei-korulveszik-dzsenint\/","title":{"rendered":"\u201e&quot;My land is forbidden to me&quot;: Israel&#039;s settlement efforts surround Jenin."},"content":{"rendered":"<p><strong>F\u00f6ldfoglal\u00e1sok, bont\u00e1sok \u00e9s katonai terjeszked\u00e9s alak\u00edtja \u00e1t Ciszjord\u00e1nia \u00e9szaki r\u00e9sz\u00e9t, mivel a telepesek visszat\u00e9rnek a k\u00e9t \u00e9vtizeddel ezel\u0151tt evaku\u00e1lt ter\u00fcletekre.<\/strong><\/p>\n<p>Ahmed Zeidat olajf\u00e1it gondozta a megsz\u00e1llt Ciszjord\u00e1ni\u00e1ban, amikor egy csoport izraeli telepes rohamra indult fel\u00e9.<\/p>\n<p>Arcon \u00e9s hason \u00fct\u00f6tt\u00e9k. Zeidat a traktorj\u00e1n menek\u00fclt, a telepesek pedig \u00fcld\u00f6z\u0151be vett\u00e9k.<\/p>\n<p>Az izraeli katon\u00e1k v\u00e9g\u00fcl k\u00f6zbel\u00e9ptek, elt\u00e1vol\u00edtott\u00e1k a telepeseket \u2013 \u00e9s \u0151rizetbe vett\u00e9k Zeidatot.<\/p>\n<p>Azt mondt\u00e1k neki, hogy a b\u0171ne az volt, hogy a saj\u00e1t f\u00f6ldj\u00e9n volt.<\/p>\n<p>\u201eAmikor megk\u00e9rdeztem a rend\u0151rt, hogy mi\u00e9rt tartanak fogva, azt mondta, hogy mag\u00e1nter\u00fcleten vagyok, ahov\u00e1 nem mehetek be\u201d \u2013 mondta a palesztin gazda a Middle East Eye-nak.<\/p>\n<p>Zeidat zavartan mondta: \u201eEz a f\u00f6ld az eny\u00e9m. Hogyan v\u00e1lt mag\u00e1ntulajdonn\u00e1, \u00e9s ki\u00e9?\u201d<\/p>\n<p>A katona, Zeidat szerint, \u00edgy v\u00e1laszolt: \u201eA mi\u00e9nk, \u00e9s nem l\u00e9phetsz be oda.\u201d<\/p>\n<p>R\u00f6vid fogva tart\u00e1s ut\u00e1n Zeidatot szabadon engedt\u00e9k, \u00e9s elrendelt\u00e9k, hogy ne t\u00e9rjen vissza.<\/p>\n<p>\u201eA f\u00f6ldem, munk\u00e1m \u00e9s f\u00e1rads\u00e1gom gy\u00fcm\u00f6lcse, el van tiltva sz\u00e1momra\u201d \u2013 mondta.<\/p>\n<p>\u201eR\u00e9gen 600 kil\u00f3 tiszta ol\u00edvaolajat adtak. Most m\u00e1r messzir\u0151l n\u00e9zem. Oda sem tudok n\u00e9zni, mert f\u00e1j a sz\u00edvem.\u201d<\/p>\n<p>A dzseninben \u00e9s a k\u00f6rnyez\u0151 falvakban \u00e9l\u0151 palesztinok sz\u00e1m\u00e1ra Zeidat tapasztalata egyre ismer\u0151sebb.<\/p>\n<p>Izrael 2005-\u00f6s egyoldal\u00fa kivonul\u00e1sa \u00f3ta a Ciszjord\u00e1nia \u00e9szaki r\u00e9sz\u00e9n \u00e9l\u0151 palesztinok nagyr\u00e9szt megmenek\u00fcltek a telepesekkel val\u00f3 k\u00f6zvetlen kapcsolatt\u00f3l. Izrael akkoriban n\u00e9gy telep\u00fcl\u00e9st sz\u00e1molt fel a t\u00e9rs\u00e9gben: Ganimot, Kadimot, Homest \u00e9s Sza-N\u00fart.<\/p>\n<p>De mi\u00f3ta a jelenlegi izraeli korm\u00e1ny 2022 v\u00e9g\u00e9n hivatalba l\u00e9pett, a telep\u00e9p\u00edt\u00e9si tev\u00e9kenys\u00e9g felgyorsult Ciszjord\u00e1ni\u00e1ban. Dzseninben \u00e9s k\u00f6rny\u00e9k\u00e9n Izrael l\u00e9p\u00e9seket tett a n\u00e9gy ki\u00fcr\u00edtett telep\u00fcl\u00e9s \u00fajj\u00e1\u00e9p\u00edt\u00e9se, \u00fajak l\u00e9tes\u00edt\u00e9s\u00e9nek j\u00f3v\u00e1hagy\u00e1s\u00e1ra \u00e9s a v\u00e9delm\u00fckre sz\u00fcks\u00e9ges katonai infrastrukt\u00fara ki\u00e9p\u00edt\u00e9s\u00e9re.<\/p>\n<p>A palesztinok att\u00f3l tartanak, hogy ennek eredm\u00e9nyek\u00e9nt egyre b\u0151v\u00fcl\u0151 telep\u00fcl\u00e9sek \u00e9s katonai b\u00e1zisok gy\u0171r\u0171je fog kialakulni Jenin k\u00f6r\u00fcl, elv\u00e1gva a v\u00e1rost a szomsz\u00e9dos ter\u00fcletekt\u0151l, \u00e9s meger\u0151s\u00edtve Izrael f\u00f6ld- \u00e9s mozg\u00e1sfel\u00fcgyelet\u00e9t.<\/p>\n<h3><span dir=\"auto\">Telep\u00fcl\u00e9sek \u00e9s katonai b\u00e1zisok<\/span><\/h3>\n<p>Izrael 11 \u00faj telep l\u00e9trehoz\u00e1s\u00e1t hagyta j\u00f3v\u00e1 a dzsenini t\u00e9rs\u00e9gben, a n\u00e9gy \u00fajj\u00e1\u00e9lesztett mellett \u2013 mondta Tariq Ighbaria, a dzsenini Fal- \u00e9s Telep\u00fcl\u00e9sellen\u00e1ll\u00e1si Bizotts\u00e1g (CWRC) igazgat\u00f3ja az MEE-nek. A telepes csal\u00e1dok m\u00e1r elkezdt\u00e9k bek\u00f6lt\u00f6zni egyes helysz\u00ednekre, mik\u00f6zben az utak \u00e9s egy\u00e9b infrastrukt\u00fara \u00e9p\u00edt\u00e9se folyamatban van.<\/p>\n<p>A CWRC szerint j\u00falius v\u00e9g\u00e9n az izraeli hadsereg 15 katonai parancs r\u00e9v\u00e9n k\u00f6zel 200 dunamnyi palesztin tulajdon\u00fa f\u00f6ldet foglalt le Jeninben.<\/p>\n<p>A Haaretz arr\u00f3l sz\u00e1molt be, hogy a f\u00f6ldet k\u00e9t \u00faj telep\u00fcl\u00e9s, Noa \u00e9s Emek Dotan \u00f6sszekapcsol\u00e1s\u00e1ra foglalt\u00e1k le Jenint\u0151l d\u00e9lre.<\/p>\n<p>A rendeletek az 1995-\u00f6s osl\u00f3i meg\u00e1llapod\u00e1sok \u00e9rtelm\u00e9ben A \u00f6vezetk\u00e9nt kijel\u00f6lt ter\u00fcleteket \u00e9rintik, amelyeknek tov\u00e1bbra is a Palesztin Hat\u00f3s\u00e1g teljes ellen\u0151rz\u00e9se alatt kellene maradniuk.<\/p>\n<p>Az izraeli telepesellenes szervezet, a Kerem Navot azt nyilatkozta, hogy ez volt az els\u0151 alkalom, hogy a hadsereg az A \u00f6vezetben kiadott lefoglal\u00e1si parancsokat illeg\u00e1lis telep\u00fcl\u00e9sek \u00f6sszekapcsol\u00e1s\u00e1ra, \u00e9s nem katonai c\u00e9lokra haszn\u00e1lta fel.<\/p>\n<p>J\u00faniusban a Haaretz arr\u00f3l sz\u00e1molt be, hogy az izraeli hadsereg \u00e1lland\u00f3 katonai b\u00e1zist hoz l\u00e9tre Dzsenin v\u00e1ros sz\u00edv\u00e9ben \u2013 ez az els\u0151 \u00e1lland\u00f3 katonai \u00e1ll\u00e1s, amelyet az A \u00f6vezetben \u00e9p\u00edtettek az osl\u00f3i meg\u00e1llapod\u00e1sok \u00f3ta. Forr\u00e1sok szerint a b\u00e1zis c\u00e9lja t\u00f6bbek k\u00f6z\u00f6tt a ter\u00fcletre visszat\u00e9r\u0151 izraeli telepesek v\u00e9delme volt.<\/p>\n<p>\u201eAmi t\u00f6rt\u00e9nik, az Jenin f\u00f6ldrajz\u00e1nak teljes megv\u00e1ltoz\u00e1s\u00e1t jelenti\u201d<\/p>\n<p>&#8211; Tariq Ighbaria, a CWRC igazgat\u00f3ja Jeninben<\/p>\n<p>A v\u00e1ltoz\u00e1sok m\u00e1r most is \u00e1tform\u00e1lj\u00e1k a t\u00e1jk\u00e9pet.<\/p>\n<p>\u201eJenin t\u00e1jk\u00e9pe jelent\u0151sen megv\u00e1ltozott az elm\u00falt h\u00f3napokban a telepesek visszat\u00e9r\u00e9se miatt\u201d \u2013 mondta Ighbaria.<\/p>\n<p>A palesztin term\u0151f\u00f6ldek \u00e9s olajfaligetek nagy r\u00e9szeit \u00e9p\u00edtkez\u00e9sekk\u00e9 alak\u00edtott\u00e1k, mik\u00f6zben buld\u00f3zerek v\u00e1jj\u00e1k az utakat \u00e9s a katonai l\u00e9tes\u00edtm\u00e9nyeket.<\/p>\n<p>\u201eA buld\u00f3zeres m\u0171veletek Masliya \u00e9s Qabatiya hegys\u00e9gben is folytat\u00f3dnak, mik\u00f6zben egy katonai b\u00e1zist \u00e9p\u00edtenek a Jabriyat negyedben, amely A \u00f6vezetnek min\u0151s\u00fcl \u00e9s Jenin sz\u00edv\u00e9ben tal\u00e1lhat\u00f3\u201d \u2013 mondta Ighbaria.<\/p>\n<p>Figyelmeztetett, hogy az elkobzott f\u00f6ldter\u00fclet mennyis\u00e9ge j\u00f3val nagyobb lehet, mint amit az egyes elkobz\u00e1si hat\u00e1rozatokban meghat\u00e1roznak.<\/p>\n<p>\u201eHa 200 dunamot koboznak el egy k\u00e9t telep\u00fcl\u00e9st \u00f6sszek\u00f6t\u0151 \u00fat \u00e9p\u00edt\u00e9s\u00e9hez, az \u00fat \u00e9s annak biztons\u00e1gi \u00f6vezete tov\u00e1bbi t\u00f6bb sz\u00e1z dunam lefoglal\u00e1s\u00e1hoz vezethet, ak\u00e1r 600 vagy 700 dunam lefoglal\u00e1s\u00e1hoz is\u201d \u2013 mondta.<\/p>\n<p>A b\u0151v\u00fcl\u0151 \u00fath\u00e1l\u00f3zat a palesztinok mozg\u00e1s\u00e1t is megv\u00e1ltoztatja a t\u00e9rs\u00e9gben \u2013 mondta Ighbaria \u2013, elv\u00e1lasztva a falvakat Jenint\u0151l, \u00e9s megzavarva a kapcsolatokat Nablusszal, Tulkarmmal \u00e9s Tubasszal.<\/p>\n<p>Arraba, Marqa, Masliya, Qabatiya, Jaba, Fandaqumiya \u00e9s Silat al-Harithiya lakosai egyre nehezebben \u00e9s vesz\u00e9lyesebben \u00e9rik el Jenint.<\/p>\n<p>A n\u00e9gyker\u00e9k-meghajt\u00e1s\u00fa j\u00e1rm\u0171vekben utakon \u00e9s mez\u0151gazdas\u00e1gi ter\u00fcleteken k\u00f6zleked\u0151 telepesek fokozt\u00e1k a kock\u00e1zatokat.<\/p>\n<p>\u201eAmi t\u00f6rt\u00e9nik, az Jenin f\u00f6ldrajz\u00e1nak teljes megv\u00e1ltoz\u00e1s\u00e1t jelenti\u201d \u2013 mondta Ighbaria, ismertetve a telep\u00fcl\u00e9seket \u00e9s el\u0151\u0151rs\u00f6ket \u00f6sszek\u00f6t\u0151, palesztin v\u00e1rosokat k\u00f6r\u00fclvev\u0151 \u00e9s t\u00f6bb f\u00f6ldet izraeli ellen\u0151rz\u00e9s al\u00e1 von\u00f3 h\u00e1l\u00f3zatot.<\/p>\n<h3><span dir=\"auto\">&#8216;Kiv\u00e1gok egy darabot a lelkemb\u0151l&#8217;<\/span><\/h3>\n<p>A hat\u00e1st m\u00e1r most is \u00e9rzik a palesztinok, akiknek meg\u00e9lhet\u00e9se a f\u00f6ldt\u0151l f\u00fcgg.<\/p>\n<p>Tariq al-Shaer, egy sz\u0151l\u0151skert-tulajdonos az Arraba-s\u00edks\u00e1gon, Jenint\u0151l d\u00e9lre, k\u00e9nytelen volt betakar\u00edtani a term\u00e9s\u00e9t \u00e9s nagykereskedelmi \u00e9rt\u00e9kes\u00edt\u00e9sre bocs\u00e1tani, miut\u00e1n \u00e9rtes\u00edt\u00e9st kapott arr\u00f3l, hogy sz\u0151l\u0151skertj\u00e9t lebontj\u00e1k \u00e9s buld\u00f3zerrel elt\u00e1vol\u00edtj\u00e1k.<\/p>\n<p>A farm t\u00f6bb mint hat dunam sz\u0151l\u0151t\u0151k\u00e9n ter\u00fcl el, \u00e9s k\u00f6r\u00fclbel\u00fcl 750 sz\u0151l\u0151t\u0151k\u00e9n ter\u00fcl el. Shaer 15 \u00e9vvel ezel\u0151tt \u00fcltette az els\u0151 csemet\u00e9ket, fokozatosan \u00e1talak\u00edtva a sz\u0151l\u0151skertet csal\u00e1dja \u00e9s 15 m\u00e1sik ember meg\u00e9lhet\u00e9s\u00e9nek forr\u00e1s\u00e1v\u00e1.<\/p>\n<figure id=\"attachment_4577\" aria-describedby=\"caption-attachment-4577\" style=\"width: 696px\" class=\"wp-caption alignnone\"><img decoding=\"async\" class=\"wp-image-4577 size-large lazyload\" data-src=\"https:\/\/antipropaganda.hu\/wp-content\/smush-webp\/2026\/08\/IMG_1525-1-1024x575.jpg.webp\" alt=\"\" width=\"696\" height=\"391\" title=\"\" data-srcset=\"https:\/\/antipropaganda.hu\/wp-content\/smush-webp\/2026\/08\/IMG_1525-1-1024x575.jpg.webp 1024w, https:\/\/antipropaganda.hu\/wp-content\/uploads\/2026\/08\/IMG_1525-1-300x169.jpg 300w, https:\/\/antipropaganda.hu\/wp-content\/smush-webp\/2026\/08\/IMG_1525-1-768x432.jpg.webp 768w, https:\/\/antipropaganda.hu\/wp-content\/smush-webp\/2026\/08\/IMG_1525-1-1536x863.jpg.webp 1536w, https:\/\/antipropaganda.hu\/wp-content\/uploads\/2026\/08\/IMG_1525-1-18x10.jpg 18w, https:\/\/antipropaganda.hu\/wp-content\/uploads\/2026\/08\/IMG_1525-1-747x420.jpg 747w, https:\/\/antipropaganda.hu\/wp-content\/uploads\/2026\/08\/IMG_1525-1-150x84.jpg 150w, https:\/\/antipropaganda.hu\/wp-content\/uploads\/2026\/08\/IMG_1525-1-696x391.jpg 696w, https:\/\/antipropaganda.hu\/wp-content\/uploads\/2026\/08\/IMG_1525-1-1068x600.jpg 1068w, https:\/\/antipropaganda.hu\/wp-content\/smush-webp\/2026\/08\/IMG_1525-1-scaled.jpg.webp 1920w, https:\/\/antipropaganda.hu\/wp-content\/uploads\/2026\/08\/IMG_1525-1-1320x742.jpg 1320w, https:\/\/antipropaganda.hu\/wp-content\/uploads\/2026\/08\/IMG_1525-1-600x337.jpg 600w\" data-sizes=\"auto\" src=\"data:image\/svg+xml;base64,PHN2ZyB3aWR0aD0iMSIgaGVpZ2h0PSIxIiB4bWxucz0iaHR0cDovL3d3dy53My5vcmcvMjAwMC9zdmciPjwvc3ZnPg==\" style=\"--smush-placeholder-width: 696px; --smush-placeholder-aspect-ratio: 696\/391;\" data-original-sizes=\"(max-width: 696px) 100vw, 696px\" \/><figcaption id=\"caption-attachment-4577\" class=\"wp-caption-text\">Egy palesztin fi\u00fa s\u00e9t\u00e1l egy izraeli er\u0151k \u00e1ltal lerombolt \u00fczlet romjain a megsz\u00e1llt ciszjord\u00e1niai Jenin v\u00e1ros k\u00f6zel\u00e9ben. (Muhammad Ateeq\/MEE)<\/figcaption><\/figure>\n<p>\u201eA sz\u0151l\u0151 sz\u00fcretel\u00e9se olyan, mintha egy darabot v\u00e1gn\u00e9k a lelkemb\u0151l\u201d \u2013 mondta.<\/p>\n<p>\u201eA csal\u00e1dommal nagyon kem\u00e9nyen dolgoztunk ezen, \u00e9s senki sem seg\u00edthet nek\u00fcnk abban, hogy megtartsuk. Az izraeli d\u00f6nt\u00e9s megsz\u00fcletett, \u00e9s ez v\u00e9gleges.\u201d<\/p>\n<p>Mohammed Abu Mualla, aki testv\u00e9reivel egy\u00fctt egy baromfifarmot \u00fczemeltet Marqa \u00e9s Qabatiya k\u00f6z\u00f6tt, elmondta, hogy a lebont\u00e1s fenyeget\u00e9s\u00e9vel parancsba kapt\u00e1k annak elt\u00e1vol\u00edt\u00e1s\u00e1t.<\/p>\n<p>A farm az A k\u00f6rzetben tal\u00e1lhat\u00f3.<\/p>\n<p>\u201eCsak h\u00e9t napot adtak nek\u00fcnk az elt\u00e1vol\u00edt\u00e1s\u00e1ra, \u00e9s erre az\u00e9rt k\u00e9nyszer\u00fclt\u00fcnk, mert f\u00e9lt\u00fcnk a lebont\u00e1s\u00e1t\u00f3l \u00e9s a tartalm\u00e1nak megsemmis\u00fcl\u00e9s\u00e9t\u0151l\u201d \u2013 mondta Abu Mualla.<\/p>\n<p>\u201eA k\u00f6zlem\u00e9ny teljes meglepet\u00e9sk\u00e9nt \u00e9rt minket.\u201d<\/p>\n<h3><span dir=\"auto\">Bont\u00e1sok \u00e9s elmozdul\u00e1sok<\/span><\/h3>\n<p>A f\u00f6ldfoglal\u00e1sokat palesztin \u00fczleteket \u00e9s egy\u00e9b \u00e9p\u00edtm\u00e9nyeket c\u00e9lz\u00f3 bont\u00e1si parancsok k\u00eds\u00e9rt\u00e9k, utakat \u00e9s telep\u00fcl\u00e9seket szabad\u00edtottak fel.<\/p>\n<p>Augusztus 11-\u00e9n izraeli buld\u00f3zerek 12 palesztin kereskedelmi rakt\u00e1rt romboltak le Anz\u00e1ban, Jenint\u0151l d\u00e9lre. Az \u00e9p\u00edtm\u00e9nyek egy f\u0151\u00fat ment\u00e9n \u00e1lltak, amelyet Izrael a telepesek sz\u00e1m\u00e1ra tervez \u00e1tir\u00e1ny\u00edtani.<\/p>\n<p>&#8216;Minden elt\u0171nt&#8217;<\/p>\n<p>&#8211; Mohammed Mahamid, palesztin bolttulajdonos<\/p>\n<p>Hisham Sadaqa, Anza falutan\u00e1cs\u00e1nak vezet\u0151je az MEE-nek elmondta, hogy a falu k\u00fcl\u00f6n\u00f6sen sebezhet\u0151, mivel a Jenin-Nablus \u00faton fekszik, amely v\u00e1rhat\u00f3an \u00f6sszek\u00f6ti az \u00fajj\u00e1\u00e9ledt telep\u00fcl\u00e9seket.<\/p>\n<p>M\u00e1snap tov\u00e1bbi 27 \u00fczletet bontottak le Deir Abu Daifban, Jenint\u0151l keletre.<\/p>\n<p>K\u00f6zt\u00fck volt Mohammed Mahamid \u00fczlete is, amelyet mind\u00f6ssze hat h\u00f3nappal kor\u00e1bban \u00e9p\u00edtett abban a rem\u00e9nyben, hogy j\u00f6vedelmet biztos\u00edt csal\u00e1dj\u00e1nak.<\/p>\n<p>\u201eEzeknek az \u00fczleteknek a fel\u00e9p\u00edt\u00e9se 180 000 s\u00e9kelbe (60 000 doll\u00e1rba) ker\u00fclt, \u00e9s az eg\u00e9szs\u00e9gi \u00e1llapotom nem teszi lehet\u0151v\u00e9, hogy m\u00e1s munk\u00e1t tal\u00e1ljak\u201d \u2013 mondta.<\/p>\n<p>\u201eRem\u00e9ltem, hogy a boltok lesznek a bev\u00e9teli forr\u00e1som, hogy letelepedhessek, de mindenem odalett.\u201d<\/p>\n<p>Bezalel Szmotrich izraeli p\u00e9nz\u00fcgyminiszter a k\u00f6z\u00f6ss\u00e9gi m\u00e9di\u00e1ban azt nyilatkozta, hogy a bont\u00e1sok \u201eegy l\u00e9p\u00e9st jelentenek a telep\u00fcl\u00e9sek \u00fajraind\u00edt\u00e1sa fel\u00e9\u201d Ganimban \u00e9s Kadimban.<\/p>\n<h3>Kantonok<\/h3>\n<p>Sanaa Zakarna kutat\u00f3 \u00e9s politikai elemz\u0151 szerint a fejlem\u00e9nyek messze t\u00falmutattak az \u00faj telep\u00fcl\u00e9sek alapjainak lerak\u00e1s\u00e1n.<\/p>\n<p>Azt mondta, hogy egyes parancsok az A \u00f6vezetbe sorolt \u200b\u200bter\u00fcleteket c\u00e9lozt\u00e1k meg, \u00edgy Izrael gyakorlatilag lebontja az osl\u00f3i keretrendszert.<\/p>\n<p>Zakarna azzal \u00e9rvelt, hogy Izrael a jelenlegi politikai \u00e9s region\u00e1lis k\u00f6r\u00fclm\u00e9nyeket haszn\u00e1lja ki arra, hogy \u00fajra\u00e9lessze az \u00e9vekkel ezel\u0151tt kidolgozott terveket, bele\u00e9rtve a Ciszjord\u00e1nia elszigetelt palesztin kantonokra val\u00f3 feldarabol\u00e1s\u00e1ra ir\u00e1nyul\u00f3 javaslatokat is.<\/p>\n<p>2017-ben Smotrich, aki jelenleg a Ciszjord\u00e1nia polg\u00e1ri \u00fcgyeit fel\u00fcgyeli, k\u00f6zz\u00e9tette az \u00e1ltala \u201e Izrael d\u00f6nt\u0151 terv\u00e9nek \u201d nevezett dokumentumot, amelynek c\u00e9lja a palesztin nemzeti t\u00f6rekv\u00e9sek felsz\u00e1mol\u00e1sa.<\/p>\n<p>K\u00f6zponti elem volt Ciszjord\u00e1nia kantoniz\u00e1l\u00e1sa, amely a palesztin lakoss\u00e1got elszigetelt ter\u00fcleti enkl\u00e1v\u00e9kra sz\u00e9tt\u00f6redezte.<\/p>\n<p>Tavaly Szmotrich javaslatot tett Ciszjord\u00e1nia 82 sz\u00e1zal\u00e9k\u00e1nak annekt\u00e1l\u00e1s\u00e1ra, kiterjesztve az izraeli szuverenit\u00e1st a ter\u00fclet t\u00falnyom\u00f3 t\u00f6bbs\u00e9g\u00e9re, mik\u00f6zben hat palesztin lakoss\u00e1g\u00fa k\u00f6zpontot \u2013 R\u00e1mall\u00e1hot, Nabluszt, Dzsenint, Tulkarmot, Jerik\u00f3t \u00e9s Hebront \u2013 k\u00fcl\u00f6n kantonokba izol\u00e1lva.<\/p>\n<p>Zakarna szerint Jenin elhelyezked\u00e9se k\u00fcl\u00f6n\u00f6sen jelent\u0151ss\u00e9 teszi Izrael telepstrat\u00e9gi\u00e1ja szempontj\u00e1b\u00f3l.<\/p>\n<p>A v\u00e1ros a z\u00f6ld vonal k\u00f6zel\u00e9ben fekszik, strat\u00e9giailag fontos utak \u00e9s katonai l\u00e9tes\u00edtm\u00e9nyek veszik k\u00f6r\u00fcl.<\/p>\n<p>Emellett egy vir\u00e1gz\u00f3 mez\u0151gazdas\u00e1gi gazdas\u00e1g k\u00f6zpontj\u00e1ban is fekszik, a Marj Ibn Amer s\u00edks\u00e1ggal, a kiterjedt term\u0151f\u00f6ldekkel \u00e9s a k\u0151b\u00e1ny\u00e1kkal, amelyek t\u00e1mogatj\u00e1k a helyiek meg\u00e9lhet\u00e9s\u00e9t.<\/p>\n<p>\u201eA f\u00f6ld feletti ellen\u0151rz\u00e9s a lakoss\u00e1g termel\u0151k\u00e9pess\u00e9g\u00e9nek gyeng\u00edt\u00e9s\u00e9t, valamint tov\u00e1bbi gazdas\u00e1gi \u00e9s biztons\u00e1gi korl\u00e1toz\u00e1sok bevezet\u00e9s\u00e9t jelenti vel\u00fck szemben, fokozatosan k\u00e9nyszer\u00edtve \u0151ket a t\u00e1voz\u00e1sra\u201d \u2013 mondta.<\/p>","protected":false},"excerpt":{"rendered":"<p>F\u00f6ldfoglal\u00e1sok, bont\u00e1sok \u00e9s katonai terjeszked\u00e9s alak\u00edtja \u00e1t Ciszjord\u00e1nia \u00e9szaki r\u00e9sz\u00e9t, mivel a telepesek visszat\u00e9rnek a k\u00e9t \u00e9vtizeddel ezel\u0151tt evaku\u00e1lt ter\u00fcletekre. Ahmed Zeidat olajf\u00e1it gondozta a megsz\u00e1llt Ciszjord\u00e1ni\u00e1ban, amikor egy csoport izraeli telepes rohamra indult fel\u00e9. Arcon \u00e9s hason \u00fct\u00f6tt\u00e9k. Zeidat a traktorj\u00e1n menek\u00fclt, a telepesek pedig \u00fcld\u00f6z\u0151be vett\u00e9k. Az izraeli katon\u00e1k v\u00e9g\u00fcl k\u00f6zbel\u00e9ptek, elt\u00e1vol\u00edtott\u00e1k a [&hellip;]<\/p>\n","protected":false},"author":1,"featured_media":4576,"comment_status":"open","ping_status":"closed","sticky":false,"template":"","format":"standard","meta":{"rs_blank_template":"","rs_page_bg_color":"","slide_template_v7":"","_monsterinsights_skip_tracking":false,"wpai_generated_summary":"","tdm_status":"","tdm_grid_status":"","footnotes":""},"categories":[31],"tags":[106,115,158,96,163,160,153,142,155,104],"class_list":["post-4575","post","type-post","status-publish","format-standard","has-post-thumbnail","category-izrael-igazi-arca","tag-cionizmus","tag-ciszjordania","tag-gazdasag","tag-izrael","tag-izrael-terror","tag-izraeli-telepesek","tag-kozel-kelet","tag-kozel-keleti-konfliktus","tag-mediaelemzes","tag-palesztina"],"_links":{"self":[{"href":"https:\/\/antipropaganda.hu\/en\/wp-json\/wp\/v2\/posts\/4575","targetHints":{"allow":["GET"]}}],"collection":[{"href":"https:\/\/antipropaganda.hu\/en\/wp-json\/wp\/v2\/posts"}],"about":[{"href":"https:\/\/antipropaganda.hu\/en\/wp-json\/wp\/v2\/types\/post"}],"author":[{"embeddable":true,"href":"https:\/\/antipropaganda.hu\/en\/wp-json\/wp\/v2\/users\/1"}],"replies":[{"embeddable":true,"href":"https:\/\/antipropaganda.hu\/en\/wp-json\/wp\/v2\/comments?post=4575"}],"version-history":[{"count":0,"href":"https:\/\/antipropaganda.hu\/en\/wp-json\/wp\/v2\/posts\/4575\/revisions"}],"wp:featuredmedia":[{"embeddable":true,"href":"https:\/\/antipropaganda.hu\/en\/wp-json\/wp\/v2\/media\/4576"}],"wp:attachment":[{"href":"https:\/\/antipropaganda.hu\/en\/wp-json\/wp\/v2\/media?parent=4575"}],"wp:term":[{"taxonomy":"category","embeddable":true,"href":"https:\/\/antipropaganda.hu\/en\/wp-json\/wp\/v2\/categories?post=4575"},{"taxonomy":"post_tag","embeddable":true,"href":"https:\/\/antipropaganda.hu\/en\/wp-json\/wp\/v2\/tags?post=4575"}],"curies":[{"name":"wp","href":"https:\/\/api.w.org\/{rel}","templated":true}]}}