{"id":4572,"date":"2026-08-27T06:25:32","date_gmt":"2026-08-27T04:25:32","guid":{"rendered":"https:\/\/antipropaganda.hu\/?p=4572"},"modified":"2026-08-27T06:25:32","modified_gmt":"2026-08-27T04:25:32","slug":"izrael-elfoglalta-az-ensz-palesztin-tinedzserek-szamara-fenntartott-qalandiya-szakkepzo-intezetet-kelet-jeruzsalemben","status":"publish","type":"post","link":"https:\/\/antipropaganda.hu\/en\/izrael-elfoglalta-az-ensz-palesztin-tinedzserek-szamara-fenntartott-qalandiya-szakkepzo-intezetet-kelet-jeruzsalemben\/","title":{"rendered":"Israel occupied the Qalandiya Vocational Training Institute, a UN facility for Palestinian teenagers, in East Jerusalem."},"content":{"rendered":"<p><strong>Az izraeli er\u0151k t\u00f6bb tucat alkalmazottat evaku\u00e1ltak \u00e9s izraeli z\u00e1szl\u00f3t vontak fel a l\u00e9tes\u00edtm\u00e9nyben, mik\u00f6zben az UNRWA a nemzetk\u00f6zi jog megs\u00e9rt\u00e9sek\u00e9nt el\u00edt\u00e9lte a hatalom\u00e1tv\u00e9telt.<\/strong><\/p>\n<p>Izraeli er\u0151k kedden elfoglalt\u00e1k az ENSZ palesztin menek\u00fclteket ell\u00e1t\u00f3 \u00fcgyn\u00f6ks\u00e9ge, az UNRWA \u00e1ltal \u00fczemeltetett utols\u00f3 l\u00e9tes\u00edtm\u00e9nyt a megsz\u00e1llt Kelet-Jeruzs\u00e1lemben.<\/p>\n<p>Itamar Ben Gvir nemzetbiztons\u00e1gi miniszter vezet\u00e9s\u00e9vel a katon\u00e1k razzi\u00e1t tartottak a Jeruzs\u00e1lemt\u0151l \u00e9szakra fekv\u0151 Kafr Aqabban tal\u00e1lhat\u00f3 Qalandiya Szakk\u00e9pz\u0151 Int\u00e9zetben, miel\u0151tt ki\u00fcr\u00edtett\u00e9k volna a 88 dunam (8,8 hekt\u00e1ros) ter\u00fclet\u0171 kampuszt.<\/p>\n<p>Palesztin forr\u00e1sok szerint k\u00f6r\u00fclbel\u00fcl 40 alkalmazottat r\u00f6viden kihallgattak, majd felsz\u00f3l\u00edtott\u00e1k \u0151ket a t\u00e1voz\u00e1sra \u00e9s a visszat\u00e9r\u00e9s tilalm\u00e1ra.<\/p>\n<p>A k\u00f6zpont t\u00f6bb mint 70 \u00e9ven \u00e1t ingyenes szakk\u00e9pz\u00e9st ny\u00fajtott t\u00f6bb sz\u00e1z palesztin menek\u00fclt tin\u00e9dzsernek.<\/p>\n<p>A hatalom\u00e1tv\u00e9tel ut\u00e1n az izraeli er\u0151k felvont\u00e1k az izraeli z\u00e1szl\u00f3t az int\u00e9zet udvar\u00e1n.<\/p>\n<p>Ben Gvir a k\u00f6z\u00f6ss\u00e9gi m\u00e9di\u00e1ban \u00fcnnepelte a hatalom\u00e1tv\u00e9telt.<\/p>\n<p>\u201eAz egykori UNRWA igazgat\u00f3i irod\u00e1ban \u00fcl\u00f6k\u201d \u2013 mondta egy online k\u00f6zz\u00e9tett vide\u00f3ban. \u201eAz \u00e9n fel\u00fcgyeletem alatt nincs UNRWA, nincs vezet\u0151s\u00e9g, nem lesznek itt.\u201d<\/p>\n<p>Benjamin Netanjahu minisztereln\u00f6k azt nyilatkozta, hogy a lefoglal\u00e1st az \u0151 parancs\u00e1ra hajtott\u00e1k v\u00e9gre.<\/p>\n<p>Az UNRWA el\u00edt\u00e9lte a rajta\u00fct\u00e9st, mondv\u00e1n, hogy az izraeli fegyveres er\u0151k a szervezet enged\u00e9lye vagy beleegyez\u00e9se n\u00e9lk\u00fcl l\u00e9ptek be egy ENSZ-l\u00e9tes\u00edtm\u00e9nybe.<\/p>\n<p>\u201eElfogadhatatlan, hogy fegyveres biztons\u00e1gi er\u0151k l\u00e9pjenek be egy ENSZ-l\u00e9tes\u00edtm\u00e9nybe az ENSZ enged\u00e9lye vagy beleegyez\u00e9se n\u00e9lk\u00fcl\u201d \u2013 k\u00f6z\u00f6lte a szervezet.<\/p>\n<p>\u201eA KTC [Kalandija Kik\u00e9pz\u0151k\u00f6zpont] az Egyes\u00fclt Nemzetek Szervezet\u00e9nek l\u00e9tes\u00edtm\u00e9nye, amelyet a nemzetk\u00f6zi jog \u00e1ltal a szervezetnek biztos\u00edtott kiv\u00e1lts\u00e1gok \u00e9s mentess\u00e9gek v\u00e9denek. S\u00e9rthetetlens\u00e9g\u00e9t teljes m\u00e9rt\u00e9kben tiszteletben kell tartani.\u201d<\/p>\n<p>A hatalom\u00e1tv\u00e9telre akkor ker\u00fclt sor, amikor az izraeli er\u0151k t\u00e1mad\u00e1sokat hajtottak v\u00e9gre a k\u00f6zeli Kal\u00e1ndija menek\u00fcltt\u00e1borban \u00e9l\u0151 palesztinok ellen.<\/p>\n<p>A rajta\u00fct\u00e9s el\u0151tt az izraeli er\u0151k \u00e9les l\u0151szert \u00e9s k\u00f6nnyg\u00e1zt vetettek be a k\u00f6zpont k\u00f6zel\u00e9ben tart\u00f3zkod\u00f3 palesztinok ellen, akik a hadm\u0171velet ellen tiltakoztak. Egy palesztin fi\u00fat lel\u0151ttek \u00e9s megsebes\u00edtettek.<\/p>\n<h3><span dir=\"auto\">Az UNRWA c\u00e9lkeresztben<\/span><\/h3>\n<p>Marouf al-Rifai, a Palesztin Hat\u00f3s\u00e1g jeruzs\u00e1lemi korm\u00e1nyz\u00f3s\u00e1g\u00e1nak tan\u00e1csad\u00f3ja azt nyilatkozta, hogy a hatalom\u00e1tv\u00e9telre az izraeli korm\u00e1ny \u00e9vek \u00f3ta tart\u00f3, az UNRWA elleni usz\u00edt\u00e1sa ut\u00e1n lehetett sz\u00e1m\u00edtani.<\/p>\n<p>Az izraeli parlament 2024-ben t\u00f6rv\u00e9nyt fogadott el, amely megtiltja az UNRWA m\u0171k\u00f6d\u00e9s\u00e9t Izraelben, miut\u00e1n felmer\u00fclt, hogy egyes \u00fcgyn\u00f6ks\u00e9gi alkalmazottak r\u00e9szt vettek a 2023. okt\u00f3ber 7-i G\u00e1z\u00e1b\u00f3l elk\u00f6vetett t\u00e1mad\u00e1sban.<\/p>\n<p>Izrael 2025-ben kezdte meg a tilalom \u00e9rv\u00e9nyes\u00edt\u00e9s\u00e9t, t\u00f6bbek k\u00f6z\u00f6tt a megsz\u00e1llt Kelet-Jeruzs\u00e1lemben is, amelyet 1980-ban annekt\u00e1lt a nemzetk\u00f6zi joggal ellent\u00e9tesen.<\/p>\n<p>Az\u00f3ta Izrael bez\u00e1rt hat UNRWA \u00e1ltal m\u0171k\u00f6dtetett iskol\u00e1t \u00e9s h\u00e1rom eg\u00e9szs\u00e9g\u00fcgyi k\u00f6zpontot, valamint az \u00fcgyn\u00f6ks\u00e9g k\u00f6zpontj\u00e1t a Sheikh Jarrah negyedben.<\/p>\n<p>A Qalandiya Szakk\u00e9pz\u0151 Int\u00e9zet volt az utols\u00f3 megmaradt UNRWA l\u00e9tes\u00edtm\u00e9ny a v\u00e1rosban.<\/p>\n<p>Az int\u00e9zetet 1952-ben alap\u00edtott\u00e1k a jord\u00e1niai korm\u00e1ny \u00e1ltal rendelkez\u00e9sre bocs\u00e1tott telken, \u00e9s az UNRWA egyik els\u0151 \u00e9p\u00fclete volt Kelet-Jeruzs\u00e1lemben.<\/p>\n<p>A Kafr Aqab \u00e9s a Qalandiya menek\u00fcltt\u00e1bor k\u00f6z\u00f6tt tal\u00e1lhat\u00f3 int\u00e9zm\u00e9ny \u00e9vente mintegy 340 di\u00e1knak ny\u00fajtott szakk\u00e9pz\u00e9st 16 szakir\u00e1nyon.<\/p>\n<p>\u201eAz UNRWA int\u00e9zm\u00e9nyeinek c\u00e9lba v\u00e9tele olyan agg\u00e1lyokat vet fel, amelyek t\u00falmutatnak mag\u00e1n az \u00fcgyn\u00f6ks\u00e9gen, mivel ez egy ENSZ-\u00fcgyn\u00f6ks\u00e9g, amelyet tag\u00e1llamai finansz\u00edroznak\u201d \u2013 mondta al-Rifai a Middle East Eye-nak.<\/p>\n<p>\u201eEz egy nagyon vesz\u00e9lyes jelz\u00e9s arra, hogy nemzetk\u00f6zi \u00e9s ENSZ-mentess\u00e9ggel rendelkez\u0151 int\u00e9zm\u00e9nyeket c\u00e9loznak meg.\u201d<\/p>\n<p>Al-Rifai elmondta, hogy az izraeli hat\u00f3s\u00e1gok m\u00e1s nemzetk\u00f6zi szervezeteket is c\u00e9lba vettek Jeruzs\u00e1lemben. Elmond\u00e1sa szerint az elm\u00falt h\u00f3napokban 36 szervezetet z\u00e1rtak be vagy vontak vissza az enged\u00e9ly\u00fcket, n\u00e9h\u00e1nyukat pedig arra utas\u00edtott\u00e1k, hogy k\u00f6lt\u00f6ztess\u00e9k irod\u00e1jukat R\u00e1mall\u00e1hba.<\/p>\n<p>Az al-Rifai szerint az izraeli hat\u00f3s\u00e1gok azt tervezik, hogy a szervezetek egy r\u00e9sz\u00e9t \u00e1llami l\u00e9tes\u00edtm\u00e9nyekkel \u00e9s iskol\u00e1kkal helyettes\u00edtik, amelyek az izraeli tantervet tan\u00edtj\u00e1k a palesztin t\u00f6bbs\u00e9g\u0171 ter\u00fcleteken.<\/p>\n<p>\u201eEzek a projektek egy s\u0171r\u0171n lakott palesztin ter\u00fclet sz\u00edv\u00e9ben fognak megval\u00f3sulni, mivel az int\u00e9zet k\u00f6rny\u00e9ke t\u00f6bb mint 150 000 palesztinnak ad otthont\u201d \u2013 mondta.<\/p>\n<p>Az int\u00e9zet kafr Aqabban tal\u00e1lhat\u00f3 elhelyezked\u00e9se tov\u00e1bbi jelent\u0151s\u00e9ggel b\u00edr az \u00e1tv\u00e9tel szempontj\u00e1b\u00f3l. A ter\u00fclet Jeruzs\u00e1lem izraeli \u00f6nkorm\u00e1nyzati hat\u00e1rain bel\u00fcl esik, de a Kalandija ellen\u0151rz\u0151pont \u00e9s az elv\u00e1laszt\u00f3 fal gyakorlatilag elv\u00e1gja a v\u00e1rosk\u00f6zpontt\u00f3l.<\/p>\n<p>Kafr Aqab \u00e9s k\u00f6rny\u00e9ke nagysz\u00e1m\u00fa palesztin lakoss\u00e1gnak ad otthont, akik k\u00f6z\u00fcl sokan az UNRWA-ra t\u00e1maszkodnak oktat\u00e1s, eg\u00e9szs\u00e9g\u00fcgyi ell\u00e1t\u00e1s \u00e9s menek\u00fcltekkel kapcsolatos szolg\u00e1ltat\u00e1sok ter\u00e9n.<\/p>\n<p>Mohammed Saeed, a Qalandiya t\u00e1borban m\u0171k\u00f6d\u0151 N\u00e9pi Szolg\u00e1ltat\u00e1sok\u00e9rt Bizotts\u00e1g k\u00f6z\u00f6ns\u00e9gkapcsolati \u00e9s m\u00e9diaigazgat\u00f3ja a rajta\u00fct\u00e9st a palesztinok elleni er\u0151szakdemonstr\u00e1ci\u00f3nak min\u0151s\u00edtette.<\/p>\n<p>\u201eA t\u00e1bor lak\u00f3i a rajta\u00fct\u00e9s ut\u00e1n azt az \u00fczenetet szeretn\u00e9k k\u00f6zvet\u00edteni, hogy kitartanak a f\u00f6ldi \u00e9let\u00fck mellett, \u00e9s felsz\u00f3l\u00edtjuk a nemzetk\u00f6zi k\u00f6z\u00f6ss\u00e9get, hogy egy\u00e9rtelm\u0171bb \u00e1ll\u00e1spontot k\u00e9pviseljen az izraeli fell\u00e9p\u00e9sekkel szemben\u201d \u2013 mondta.<\/p>\n","protected":false},"excerpt":{"rendered":"<p>Az izraeli er\u0151k t\u00f6bb tucat alkalmazottat evaku\u00e1ltak \u00e9s izraeli z\u00e1szl\u00f3t vontak fel a l\u00e9tes\u00edtm\u00e9nyben, mik\u00f6zben az UNRWA a nemzetk\u00f6zi jog megs\u00e9rt\u00e9sek\u00e9nt el\u00edt\u00e9lte a hatalom\u00e1tv\u00e9telt. Izraeli er\u0151k kedden elfoglalt\u00e1k az ENSZ palesztin menek\u00fclteket ell\u00e1t\u00f3 \u00fcgyn\u00f6ks\u00e9ge, az UNRWA \u00e1ltal \u00fczemeltetett utols\u00f3 l\u00e9tes\u00edtm\u00e9nyt a megsz\u00e1llt Kelet-Jeruzs\u00e1lemben. Itamar Ben Gvir nemzetbiztons\u00e1gi miniszter vezet\u00e9s\u00e9vel a katon\u00e1k razzi\u00e1t tartottak a Jeruzs\u00e1lemt\u0151l [&hellip;]<\/p>\n","protected":false},"author":1,"featured_media":4573,"comment_status":"open","ping_status":"closed","sticky":false,"template":"","format":"standard","meta":{"rs_blank_template":"","rs_page_bg_color":"","slide_template_v7":"","_monsterinsights_skip_tracking":false,"wpai_generated_summary":"","tdm_status":"","tdm_grid_status":"","footnotes":""},"categories":[31],"tags":[106,115,167,96,163,160,153,154,104],"class_list":["post-4572","post","type-post","status-publish","format-standard","has-post-thumbnail","category-izrael-igazi-arca","tag-cionizmus","tag-ciszjordania","tag-idf","tag-izrael","tag-izrael-terror","tag-izraeli-telepesek","tag-kozel-kelet","tag-nemzetkozi-kapcsolatok","tag-palesztina"],"_links":{"self":[{"href":"https:\/\/antipropaganda.hu\/en\/wp-json\/wp\/v2\/posts\/4572","targetHints":{"allow":["GET"]}}],"collection":[{"href":"https:\/\/antipropaganda.hu\/en\/wp-json\/wp\/v2\/posts"}],"about":[{"href":"https:\/\/antipropaganda.hu\/en\/wp-json\/wp\/v2\/types\/post"}],"author":[{"embeddable":true,"href":"https:\/\/antipropaganda.hu\/en\/wp-json\/wp\/v2\/users\/1"}],"replies":[{"embeddable":true,"href":"https:\/\/antipropaganda.hu\/en\/wp-json\/wp\/v2\/comments?post=4572"}],"version-history":[{"count":0,"href":"https:\/\/antipropaganda.hu\/en\/wp-json\/wp\/v2\/posts\/4572\/revisions"}],"wp:featuredmedia":[{"embeddable":true,"href":"https:\/\/antipropaganda.hu\/en\/wp-json\/wp\/v2\/media\/4573"}],"wp:attachment":[{"href":"https:\/\/antipropaganda.hu\/en\/wp-json\/wp\/v2\/media?parent=4572"}],"wp:term":[{"taxonomy":"category","embeddable":true,"href":"https:\/\/antipropaganda.hu\/en\/wp-json\/wp\/v2\/categories?post=4572"},{"taxonomy":"post_tag","embeddable":true,"href":"https:\/\/antipropaganda.hu\/en\/wp-json\/wp\/v2\/tags?post=4572"}],"curies":[{"name":"wp","href":"https:\/\/api.w.org\/{rel}","templated":true}]}}