{"id":4569,"date":"2026-08-27T06:10:13","date_gmt":"2026-08-27T04:10:13","guid":{"rendered":"https:\/\/antipropaganda.hu\/?p=4569"},"modified":"2026-08-27T06:10:13","modified_gmt":"2026-08-27T04:10:13","slug":"az-izraeli-birosag-felmentette-a-zsido-telepeseket-akik-fejbe-rugtak-egy-katolikus-apacat","status":"publish","type":"post","link":"https:\/\/antipropaganda.hu\/en\/az-izraeli-birosag-felmentette-a-zsido-telepeseket-akik-fejbe-rugtak-egy-katolikus-apacat\/","title":{"rendered":"An Israeli court has acquitted Jewish settlers who kicked a Catholic nun in the head."},"content":{"rendered":"<p><strong>A d\u00f6nt\u00e9s a megsz\u00e1llt Kelet-Jeruzs\u00e1lemben \u00e9s Ciszjord\u00e1ni\u00e1ban a kereszt\u00e9nyek ellen egyre n\u00f6vekv\u0151 sz\u00e9ls\u0151s\u00e9ges telepes t\u00e1mad\u00e1sok k\u00f6zepette sz\u00fcletett.<\/strong><\/p>\n<p>Egy izraeli b\u00edr\u00f3s\u00e1g felmentette Yona Schreibert, a megsz\u00e1llt ciszjord\u00e1niai Peduel telep\u00fcl\u00e9sr\u0151l sz\u00e1rmaz\u00f3 zsid\u00f3 telepest, akit id\u00e9n kor\u00e1bban Jeruzs\u00e1lem \u00f3v\u00e1rosa k\u00f6zel\u00e9ben egy francia katolikus ap\u00e1ca ellen elk\u00f6vetett er\u0151szakos t\u00e1mad\u00e1s v\u00e1dja al\u00f3l.<\/p>\n<p>A jeruzs\u00e1lemi b\u00edr\u00f3s\u00e1g szerd\u00e1n mentette fel Schreibert \u201ement\u00e1lis betegs\u00e9g\u201d miatt.<\/p>\n<p>Az \u00edt\u00e9let kihirdet\u00e9s\u00e9t k\u00f6vet\u0151en Schreiber \u00fcgyv\u00e9dje, Idan Gamliel \u201eszerencs\u00e9tlen incidensnek\u201d nevezte a t\u00e1mad\u00e1st, \u00e9s azt mondta, hogy a v\u00e9delem \u201etudom\u00e1sul vette\u201d az ap\u00e1ca \u201eneh\u00e9z \u00e9rz\u00e9seit\u201d a t\u00e1mad\u00e1ssal kapcsolatban.<\/p>\n<p>Schreiber \u00e1prilisban t\u00e1madta meg a 48 \u00e9ves ap\u00e1c\u00e1t a Sion-hegyen tal\u00e1lhat\u00f3 Cen\u00e1kulum el\u0151tt, amelyet a kereszt\u00e9nyek \u00e9s a zsid\u00f3k szentnek tartanak.<\/p>\n<p>Az ap\u00e1ca, a jeruzs\u00e1lemi Francia Bibliai \u00e9s R\u00e9g\u00e9szeti Kutat\u00f3iskola kutat\u00f3ja, orvosi ell\u00e1t\u00e1sra szorult, miut\u00e1n Schreiber a f\u00f6ldre l\u00f6kte \u00e9s fejbe r\u00fagta.<\/p>\n<p>A t\u00e1mad\u00e1s nemzetk\u00f6zi el\u00edt\u00e9l\u00e9st v\u00e1ltott ki, \u00e9s a zsid\u00f3 sz\u00e9ls\u0151s\u00e9gesek kereszt\u00e9nyek elleni, egyre n\u00f6vekv\u0151 t\u00e1mad\u00e1si mint\u00e1zat\u00e1nak r\u00e9sz\u00e9v\u00e9 v\u00e1lt a megsz\u00e1llt Kelet-Jeruzs\u00e1lemben \u00e9s Ciszjord\u00e1ni\u00e1ban.<\/p>\n<p>M\u00e1jusban a francia L&#8217;Oeuvre d&#8217;Orient szervezet azt \u00e1ll\u00edtotta, hogy az izraeli csapatok leromboltak egy g\u00f6r\u00f6g katolikus szerzetesrend, a Salvatori\u00e1nus N\u0151v\u00e9rek kolostor\u00e1t Yaroun faluban.<\/p>\n<p>A Rossing Oktat\u00e1si \u00e9s P\u00e1rbesz\u00e9d K\u00f6zpont nemr\u00e9giben k\u00f6zz\u00e9tett jelent\u00e9se a kereszt\u00e9nyek elleni t\u00e1mad\u00e1sok sz\u00e1m\u00e1nak hirtelen n\u00f6veked\u00e9s\u00e9t dokument\u00e1lta, \u00e9s a \u201emegf\u00e9leml\u00edt\u00e9s \u00e9s agresszi\u00f3 folyamatos \u00e9s b\u0151v\u00fcl\u0151 mint\u00e1zat\u00e1t\u201d \u00edrta le.<\/p>\n<p>2025-ben 155 incidenst regisztr\u00e1ltak, k\u00f6zt\u00fck 61 fizikai b\u00e1ntalmaz\u00e1st, 52 egyh\u00e1zi ingatlan elleni t\u00e1mad\u00e1st, 28 zaklat\u00e1si esetet \u00e9s 14 megrong\u00e1lt feliratot. A jelent\u00e9s szerint ezek a sz\u00e1mok csak a \u201ej\u00e9ghegy cs\u00facs\u00e1t\u201d jelentik.<\/p>","protected":false},"excerpt":{"rendered":"<p>A d\u00f6nt\u00e9s a megsz\u00e1llt Kelet-Jeruzs\u00e1lemben \u00e9s Ciszjord\u00e1ni\u00e1ban a kereszt\u00e9nyek ellen egyre n\u00f6vekv\u0151 sz\u00e9ls\u0151s\u00e9ges telepes t\u00e1mad\u00e1sok k\u00f6zepette sz\u00fcletett. Egy izraeli b\u00edr\u00f3s\u00e1g felmentette Yona Schreibert, a megsz\u00e1llt ciszjord\u00e1niai Peduel telep\u00fcl\u00e9sr\u0151l sz\u00e1rmaz\u00f3 zsid\u00f3 telepest, akit id\u00e9n kor\u00e1bban Jeruzs\u00e1lem \u00f3v\u00e1rosa k\u00f6zel\u00e9ben egy francia katolikus ap\u00e1ca ellen elk\u00f6vetett er\u0151szakos t\u00e1mad\u00e1s v\u00e1dja al\u00f3l. A jeruzs\u00e1lemi b\u00edr\u00f3s\u00e1g szerd\u00e1n mentette fel Schreibert \u201ement\u00e1lis [&hellip;]<\/p>\n","protected":false},"author":1,"featured_media":4570,"comment_status":"open","ping_status":"closed","sticky":false,"template":"","format":"standard","meta":{"rs_blank_template":"","rs_page_bg_color":"","slide_template_v7":"","_monsterinsights_skip_tracking":false,"wpai_generated_summary":"","tdm_status":"","tdm_grid_status":"","footnotes":""},"categories":[31],"tags":[106,115,96,163,160,105,104],"class_list":["post-4569","post","type-post","status-publish","format-standard","has-post-thumbnail","category-izrael-igazi-arca","tag-cionizmus","tag-ciszjordania","tag-izrael","tag-izrael-terror","tag-izraeli-telepesek","tag-palesztin","tag-palesztina"],"_links":{"self":[{"href":"https:\/\/antipropaganda.hu\/en\/wp-json\/wp\/v2\/posts\/4569","targetHints":{"allow":["GET"]}}],"collection":[{"href":"https:\/\/antipropaganda.hu\/en\/wp-json\/wp\/v2\/posts"}],"about":[{"href":"https:\/\/antipropaganda.hu\/en\/wp-json\/wp\/v2\/types\/post"}],"author":[{"embeddable":true,"href":"https:\/\/antipropaganda.hu\/en\/wp-json\/wp\/v2\/users\/1"}],"replies":[{"embeddable":true,"href":"https:\/\/antipropaganda.hu\/en\/wp-json\/wp\/v2\/comments?post=4569"}],"version-history":[{"count":0,"href":"https:\/\/antipropaganda.hu\/en\/wp-json\/wp\/v2\/posts\/4569\/revisions"}],"wp:featuredmedia":[{"embeddable":true,"href":"https:\/\/antipropaganda.hu\/en\/wp-json\/wp\/v2\/media\/4570"}],"wp:attachment":[{"href":"https:\/\/antipropaganda.hu\/en\/wp-json\/wp\/v2\/media?parent=4569"}],"wp:term":[{"taxonomy":"category","embeddable":true,"href":"https:\/\/antipropaganda.hu\/en\/wp-json\/wp\/v2\/categories?post=4569"},{"taxonomy":"post_tag","embeddable":true,"href":"https:\/\/antipropaganda.hu\/en\/wp-json\/wp\/v2\/tags?post=4569"}],"curies":[{"name":"wp","href":"https:\/\/api.w.org\/{rel}","templated":true}]}}