{"id":4564,"date":"2026-08-27T06:06:43","date_gmt":"2026-08-27T04:06:43","guid":{"rendered":"https:\/\/antipropaganda.hu\/?p=4564"},"modified":"2026-08-27T06:06:43","modified_gmt":"2026-08-27T04:06:43","slug":"locarnoi-filmfesztival-2026-palesztina-iran-es-a-gazai-nepirtas-tovabbra-is-uralja-a-vitat","status":"publish","type":"post","link":"https:\/\/antipropaganda.hu\/en\/locarnoi-filmfesztival-2026-palesztina-iran-es-a-gazai-nepirtas-tovabbra-is-uralja-a-vitat\/","title":{"rendered":"Locarno Film Festival 2026: Palestine, Iran and the Gaza genocide continue to dominate the debate."},"content":{"rendered":"<p><strong>Az ikonikus fesztiv\u00e1l 79. alkalommal ker\u00fclt megrendez\u00e9sre Sv\u00e1jcban augusztus 5. \u00e9s 15. k\u00f6z\u00f6tt.<\/strong><\/p>\n<p>A filmfesztiv\u00e1lok vil\u00e1g\u00e1ban ez volt az az \u00e9v, amikor G\u00e1za \u00e9s a K\u00f6zel-Kelet h\u00e1tt\u00e9rbe szorult.<\/p>\n<p>Okt\u00f3ber 7. \u00f3ta G\u00e1za a legnagyobb filmfesztiv\u00e1lok domin\u00e1ns t\u00e9m\u00e1ja, megrengette Berlint, uralta Velenc\u00e9t, \u00e9s c\u00edmlapokra ker\u00fclt Toront\u00f3ban, Cannes-ban \u00e9s m\u00e1sutt is.<\/p>\n<p>A sv\u00e1jci Locarno a palesztin \u00fcgy \u00e9s a k\u00f6zel-keleti hangok sz\u00e1m\u00e1ra a legvend\u00e9gszeret\u0151bb v\u00e1s\u00e1rok k\u00f6z\u00e9 tartozik .<\/p>\n<p>Palesztin \u00e9s libanoni filmesek \u00e9s filmek, mint p\u00e9ld\u00e1ul Maha Haj Upshot (2004) \u00e9s Kamal Aljafari With Hasan in Gaza (2025) c\u00edm\u0171 alkot\u00e1sai, az elm\u00falt \u00e9vekben kiemelt helyen szerepeltek a fesztiv\u00e1l v\u00e1logat\u00e1s\u00e1ban.<\/p>\n<p>Tavaly a Locarno olasz rendez\u0151je, Giona A Nazzaro szenved\u00e9lyes besz\u00e9det mondott, amelyben el\u00edt\u00e9lte \u201eG\u00e1za elviselhetetlen puszt\u00edt\u00e1s\u00e1t \u00e9s a sz\u00f6rny\u0171 humanit\u00e1rius trag\u00e9di\u00e1t, amely a bomb\u00e1k \u00e9s az \u00e9h\u00edns\u00e9g er\u0151szak\u00e1val s\u00fajtja a palesztin n\u00e9pet\u201d.<\/p>\n<p>A 2025 okt\u00f3ber\u00e9ben megk\u00f6t\u00f6tt, \u00fagynevezett t\u0171zsz\u00fcneti meg\u00e1llapod\u00e1snak kellett volna ler\u00e1ntania a f\u00e1tylat az \u00e9vtized legdestabiliz\u00e1l\u00f3bb glob\u00e1lis esem\u00e9ny\u00e9r\u0151l, \u00e9s felmentenie a filmfesztiv\u00e1lokat az al\u00f3l a k\u00e9nyszer al\u00f3l, hogy k\u00e9nyes m\u00f3dszereket tal\u00e1ljanak ki egy ilyen gy\u00fajt\u00f3forr\u00e1sk\u00e9nt hat\u00f3 t\u00e9ma kezel\u00e9s\u00e9re.<\/p>\n<p>A febru\u00e1ri berlini filmfesztiv\u00e1l ut\u00f3hat\u00e1sa azonban bebizony\u00edtotta, hogy G\u00e1za tov\u00e1bbra is a fesztiv\u00e1lpolitika k\u00f6z\u00e9ppontj\u00e1ban \u00e1ll.<\/p>\n<p>Ahogy az idei Locarno is r\u00e1mutatott, az Ir\u00e1nban zajl\u00f3, ugyanilyen megoszt\u00f3 h\u00e1bor\u00fa tov\u00e1bb bonyol\u00edthatja a politikai helyzetet, amely egyel\u0151re nem mutatja a megnyugv\u00e1s jeleit.<\/p>\n<p>G\u00e1za tov\u00e1bbra is a fesztiv\u00e1lpolitika k\u00f6z\u00e9ppontj\u00e1ban \u00e1ll<\/p>\n<p>G\u00e1za kezdett\u0151l fogva l\u00e1that\u00f3 jelenl\u00e9tet tartott fenn Locarn\u00f3ban, amely augusztus 5-\u00e9n ny\u00edlt meg \u00e9s augusztus 15-\u00e9n \u00e9rt v\u00e9get.<\/p>\n<p>Augusztus 9-\u00e9n k\u00f6zel 100 t\u00fcntet\u0151 fesz\u00edtett ki egy nagy lepelen a fesztiv\u00e1l sz\u00edv\u00e9ben tal\u00e1lhat\u00f3 Campari Lounge el\u0151tt, amelyen a G\u00e1z\u00e1ban Izrael \u00e1ltal meg\u00f6lt 60 000 ember neve szerepelt .<\/p>\n<p>A Variety besz\u00e1mol\u00f3i szerint a t\u00fcntet\u0151k \u00e1ltal terjesztett sz\u00f3r\u00f3lapokon felsz\u00f3l\u00edtott\u00e1k a sv\u00e1jci korm\u00e1nyt, hogy \u201enyomjon Izraelre, hogy nyissa meg G\u00e1za hat\u00e1rait a seg\u00e9lyszervezetek \u00e9s a m\u00e9dia el\u0151tt, valamint hogy tegye lehet\u0151v\u00e9 a g\u00e1zai s\u00e9r\u00fclt civilek sz\u00e1m\u00e1ra, hogy orvosi ell\u00e1t\u00e1sban r\u00e9szes\u00fclhessenek Sv\u00e1jcban\u201d.<\/p>\n<p>Azt is k\u00f6vetelt\u00e9k, hogy a sv\u00e1jci korm\u00e1ny szankci\u00f3kat vezessen be, ha az izraeliek tov\u00e1bbra is megs\u00e9rtik a genfi \u200b\u200begyezm\u00e9nyt.<\/p>\n<p>A fesztiv\u00e1lt el\u0151zetesen t\u00e1j\u00e9koztatt\u00e1k a tervezett t\u00fcntet\u00e9sr\u0151l, \u00e9s nem emelt kifog\u00e1st az ellen, hogy azt a helysz\u00ednen megtarts\u00e1k.<\/p>\n<p>A z\u00e1r\u00f3\u00fcnneps\u00e9gen t\u00f6bb filmes is hangot adott a palesztin \u00fcgy ir\u00e1nti t\u00e1mogat\u00e1s\u00e1nak, mik\u00f6zben el\u00edt\u00e9lt\u00e9k Izrael katonai agresszi\u00f3j\u00e1t a r\u00e9gi\u00f3ban.<\/p>\n<h3><span dir=\"auto\">Felsz\u00f3lal\u00e1s Libanonr\u00f3l \u00e9s Palesztin\u00e1r\u00f3l<\/span><\/h3>\n<p>K\u00f6nnyes besz\u00e9d\u00e9ben a libanoni szt\u00e1r, Manal Issa, a Jelen Filmk\u00e9sz\u00edt\u0151i verseny legjobb alak\u00edt\u00e1s\u00e1\u00e9rt j\u00e1r\u00f3 d\u00edj nyertese azt mondta: \u201eKem\u00e9ny k\u00e9t \u00e9v volt ez libanoniakk\u00e9nt \u00e9s palesztink\u00e9nt. T\u00f6bb mint m\u00e1sf\u00e9l \u00e9vig nem akartam t\u00f6bb\u00e9 sz\u00edn\u00e9szkedni \u2026\u201d<\/p>\n<p>\u201eMi\u00e9rt csin\u00e1ln\u00e9k mozit, amikor emberek halnak meg? Amikor falvakat puszt\u00edtanak el, amikor a bar\u00e1taim \u00fajs\u00e1g\u00edr\u00f3k \u00e9s ment\u0151s\u00f6k szerep\u00e9\u00e9rt halnak meg?\u201d<\/p>\n<p>\u201eMost az igazs\u00e1gra gondolok, az emberekre, akik nap mint nap harcolnak, a kisebbs\u00e9gekre, az any\u00e1kra, akik elvesztett\u00e9k gyermekeiket. Tenni akartam valamit a t\u00f6rt\u00e9ntek ellen, de nem tudtam.<\/p>\n<p>\u201eDe amit siker\u00fclt el\u00e9rnem, az az volt, hogy ott legyek \u00e9s \u00e9rzelmeim legyenek \u2013 valami, ami az elm\u00falt \u00e9vekben hi\u00e1nyzott a vil\u00e1gb\u00f3l.\u201d<\/p>\n<p>Amikor Mohanad Yaqubi palesztin dokumentumfilmes \u00e1tvette a zs\u0171ri k\u00fcl\u00f6nd\u00edj\u00e1t ugyanebben a versenyben, felid\u00e9zte, hogy az IMDB adatb\u00e1zis-oldal eddig hogyan utas\u00edtotta vissza, hogy Jasszer Arafatot \u00e9s Nayef Hawatmeht felvegye a nyertes filmje, a Forradalm\u00e1rok soha nem halnak meg szereposzt\u00e1s\u00e1ba .<\/p>\n<p>\u201eArra k\u00e9rek minden filmest\u0151l, hogy n\u00e9zz\u00e9k meg, honnan szerzik a p\u00e9nz\u00fcket, k\u00fczdjenek a b\u0171nr\u00e9szess\u00e9g, a t\u00f6rl\u0151d\u00e9s ellen.\u201d<\/p>\n<p>&#8211; Mohanad Yaqubi, filmrendez\u0151<\/p>\n<p>\u201eEz a minta az ipar\u00e1gunk szinte minden ter\u00fclet\u00e9n ism\u00e9tl\u0151dik\u201d \u2013 mondta Yaqubi .<\/p>\n<p>\u201eEz a fajta t\u00f6rl\u00e9s, ez az elhallgattat\u00e1s gener\u00e1ci\u00f3k \u00f3ta zajlik. K\u00fczden\u00fcnk kell ez ellen a b\u0171nr\u00e9szess\u00e9g ellen. Arra k\u00e9rek minden filmest\u0151l, hogy n\u00e9zz\u00e9k meg, honnan szerzik a p\u00e9nz\u00fcket, harcoljanak a b\u0171nr\u00e9szess\u00e9g, harcoljanak a t\u00f6rl\u00e9s ellen.\u201d<\/p>\n<p>A palesztinbar\u00e1t besz\u00e9dek nem korl\u00e1toz\u00f3dtak az arab m\u0171v\u00e9szekre.<\/p>\n<p>A legjobb els\u0151 film d\u00edj\u00e1nak \u00e1tv\u00e9teli besz\u00e9d\u00e9ben az amerikai fot\u00f3s \u00e9s filmes, Alessandra Sanguinetti \u2013 akinek deb\u00fct\u00e1l\u00f3 filmje, Az \u00f6r\u00f6k ny\u00e1r ill\u00fazi\u00f3ja a Locarno 79 vitathatatlan sikere volt \u2013 a k\u00f6vetkez\u0151ket mondta: \u201e2003 \u00f3ta fot\u00f3zok \u00e9s filmezek gyerekeket Palesztin\u00e1ban, \u00e9s azt l\u00e1tom, hogy elt\u0171ntek az \u00f6sszes f\u00e1k, amelyekre r\u00e9gen m\u00e1sztak&#8230; ellopt\u00e1k \u0151ket. Hogy nincsenek m\u00e1r szabad helyek.\u201d<\/p>\n<p>\u201eEzt Palesztin\u00e1nak, az ottani gyerekeknek szeretn\u00e9m aj\u00e1nlani, mert nem szabad elfelejten\u00fcnk, hogy a feln\u0151ttek is feln\u0151ttek.<\/p>\n<p>\u201eNemcsak a gyerekek\u00e9rt, hanem minden f\u00e9rfi\u00e9rt, minden n\u0151\u00e9rt\u2026 mindenki\u00e9rt, aki ott rekedt. Csak rem\u00e9lem, hogy az Egyes\u00fclt \u00c1llamok \u00e9s Izrael abbahagyja a gyerekek meg\u00f6l\u00e9s\u00e9t.\u201d<\/p>\n<h3><span dir=\"auto\">Forradalomellenes kifog\u00e1sok<\/span><\/h3>\n<p>Ha a z\u00e1r\u00f3besz\u00e9dek egys\u00e9ges \u00e1ll\u00e1spontot sugalltak Palesztina t\u00e1mogat\u00e1sa mellett, a k\u00f6zv\u00e9lem\u00e9ny szesz\u00e9lyes hozz\u00e1\u00e1ll\u00e1sa a r\u00e9gi\u00f3 k\u00e9nyes politik\u00e1j\u00e1hoz teljesen leleplez\u0151d\u00f6tt Yaqubi filmj\u00e9nek megvitat\u00e1sa sor\u00e1n.<\/p>\n<p>Ez az essz\u00e9film nagyr\u00e9szt a n\u00e9hai, nagyszer\u0171 libanoni filmes, Jocelyne Saab 1973 \u00e9s 1983 k\u00f6z\u00f6tt k\u00e9sz\u00edtett dokumentumfilmjeinek \u00e9s telev\u00edzi\u00f3s riportjainak r\u00e9szleteib\u0151l \u00e1ll, \u00e9s arch\u00edv munka a libanoni polg\u00e1rh\u00e1bor\u00far\u00f3l, a palesztin menek\u00fcltt\u00e1borokr\u00f3l, Kair\u00f3 Holtak V\u00e1ros\u00e1r\u00f3l \u00e9s az iszl\u00e1m forradalom ut\u00e1ni Ir\u00e1nr\u00f3l k\u00e9sz\u00fclt felv\u00e9teleket tartalmaz .<\/p>\n<p>A rendez\u0151 egy r\u00f6vid \u00e9s politikailag semleges beavatkoz\u00e1s\u00e1t\u00f3l eltekintve a Forradalm\u00e1rok Saab filmje minden tekintetben, t\u00fckr\u00f6zve a K\u00f6zel-Kelet t\u00f6rt\u00e9nelm\u00e9nek egy kulcsfontoss\u00e1g\u00fa pillanat\u00e1ban felvetett aggodalmait, eszt\u00e9tik\u00e1j\u00e1t \u00e9s vil\u00e1gn\u00e9zet\u00e9t.<\/p>\n<p>N\u00e9h\u00e1ny n\u00e9z\u0151 m\u00e9gis t\u00fal kifog\u00e1solhat\u00f3nak, t\u00fal szubjekt\u00edvnek vagy t\u00fal f\u00e9lrevezet\u0151nek tal\u00e1lta a 40 \u00e9ves felv\u00e9telt a jelenlegi politikai l\u00e9gk\u00f6rh\u00f6z k\u00e9pest.<\/p>\n<p>Egy izraeli n\u0151 k\u00f6zel \u00f6t percig tart\u00f3 megszak\u00edt\u00e1s n\u00e9lk\u00fcli besz\u00e9det mondott, \u00e9s panaszkodott, hogy a film rossz szolg\u00e1latot tett a hozz\u00e1 hasonl\u00f3 baloldaliak b\u00e9kefenntart\u00f3 er\u0151fesz\u00edt\u00e9seinek.<\/p>\n<p>Ragaszkodott hozz\u00e1, hogy a G\u00e1z\u00e1ban t\u00f6rt\u00e9ntek sz\u00f6rny\u0171ek, de azzal \u00e9rvelt, hogy okt\u00f3ber 7-e tov\u00e1bbra is el nem ismert trag\u00e9dia \u2013 ahogy \u0151 fogalmazott, ez volt a legpuszt\u00edt\u00f3bb t\u00e1mad\u00e1s a zsid\u00f3k ellen a holokauszt \u00f3ta.<\/p>\n<p>Az izraeli n\u0151 arra utalt, hogy a film kiz\u00e1r\u00f3lag a palesztinok szenved\u00e9s\u00e9re \u00f6sszpontos\u00edt, mik\u00f6zben figyelmen k\u00edv\u00fcl hagyja az izraeli s\u00e9relmeket, ezzel kiz\u00e1rva a konstrukt\u00edv p\u00e1rbesz\u00e9d \u00e9s a b\u00e9k\u00e9s egym\u00e1s mellett \u00e9l\u00e9s lehet\u0151s\u00e9g\u00e9t.<\/p>\n<p>Egy ir\u00e1ni n\u0151 \u00e9s egy f\u00e9rfi d\u00fch\u00f6sen hasonl\u00f3 fenntart\u00e1sainak adott hangot a Saab ir\u00e1ni forradalommal kapcsolatos szimpatikus \u00e1br\u00e1zol\u00e1s\u00e1val kapcsolatban.<\/p>\n<p>A n\u0151 azzal \u00e9rvelt, hogy a film f\u00e9lrevezet\u0151 k\u00e9pet fest a forradalom korai \u00e9veir\u0151l, mivel nem mutatja be a vil\u00e1giak \u00e9s nem muszlimok \u00fcld\u00f6ztet\u00e9s\u00e9t az Iszl\u00e1m K\u00f6zt\u00e1rsas\u00e1g alatt.<\/p>\n<p>A f\u00e9rfi egyet\u00e9rtett a v\u00e9lem\u00e9ny\u00e9vel, hangs\u00falyozva, hogy az Iszl\u00e1m Forradalmi G\u00e1rda uralma k\u00f6zel sem olyan r\u00f3zs\u00e1s, mint ahogy a Saab bemutatja.<\/p>\n<p>Mindh\u00e1rom k\u00f6z\u00f6ns\u00e9gtag explicit t\u00f6rt\u00e9nelmi kontextust k\u00f6vetelt, amely ellent\u00e9tes Yaqubi filmj\u00e9nek form\u00e1j\u00e1val \u00e9s term\u00e9szet\u00e9vel.<\/p>\n<p>Mindh\u00e1rmukat nyugtalan\u00edtott\u00e1k a 40 \u00e9ves k\u00e9pek, amelyek szubjekt\u00edven t\u00fckr\u00f6zik k\u00e9sz\u00edt\u0151ik ideol\u00f3gi\u00e1j\u00e1t \u00e9s \u00e9rz\u00e9seit az adott pillanatban.<\/p>\n<p>Mindh\u00e1rman kifejezett intoleranci\u00e1t mutattak a saj\u00e1t, ugyanilyen szubjekt\u00edv n\u00e9zeteikkel ellentmond\u00f3 politikai n\u00e9z\u0151pontokkal szemben.<\/p>\n<p>\u00c9s mindh\u00e1rom olyan fok\u00fa politikai merevs\u00e9get mutatott, amelyet gyakran a konzervat\u00edv arab k\u00f6r\u00f6kkel t\u00e1rs\u00edtanak.<\/p>\n<p>A Forradalm\u00e1rok soha nem halnak meg c\u00edm\u0171 film vet\u00edt\u00e9se ritka p\u00e9ld\u00e1ja volt annak, hogy egy filmet olyan k\u00f6z\u00f6ns\u00e9gnek vet\u00edtettek le, amely nem \u00e9rtett egyet a politik\u00e1j\u00e1val.<\/p>\n<p>Gyakran kritiz\u00e1ljuk a filmeket a reprezent\u00e1ci\u00f3, a felforgat\u00e1s vagy a manipul\u00e1ci\u00f3 megk\u00e9rd\u0151jelezhet\u0151 megk\u00f6zel\u00edt\u00e9sei miatt.<\/p>\n<p>Az el\u00e9gedetlen n\u00e9z\u0151k \u00e1ltal hangoztatott panaszoknak azonban kev\u00e9s k\u00f6z\u00fck volt a mozihoz, vagy ak\u00e1r vitathat\u00f3 politikai \u00e1ll\u00e1spontokhoz, sokkal ink\u00e1bb egy nagyon konkr\u00e9t \u00e9s k\u00e9zzelfoghat\u00f3 keretrendszerhez, amelynek betart\u00e1s\u00e1t k\u00f6vetelt\u00e9k a hasonl\u00f3 filmekt\u0151l, nehogy elker\u00fclj\u00e9k \u0151ket.<\/p>\n<p>Ez egy k\u00e9zzelfoghat\u00f3an fasiszta n\u00e9zet a m\u0171v\u00e9szetr\u0151l \u00e9s a mozir\u00f3l, de egyben kij\u00f3zan\u00edt\u00f3 eml\u00e9keztet\u0151 az okt\u00f3ber 7-i esem\u00e9nyek \u00e9s Trump nyom\u00e1n kialakult elnyom\u00f3 kult\u00far\u00e1ra, amely nem hajland\u00f3 m\u00e1s hangot toler\u00e1lni, mint a saj\u00e1tj\u00e1t.<\/p>\n<h3><span dir=\"auto\">A forradalm\u00e1rok soha nem halnak meg<\/span><\/h3>\n<p>A Locarno k\u00f6zel-keleti v\u00e1logat\u00e1sa viszont min\u0151s\u00e9g\u00e9ben egyenetlen \u00e9s kivitelez\u00e9s\u00e9ben zavaros volt, \u00e9s sok k\u00edv\u00e1nnival\u00f3t hagyott maga ut\u00e1n.<\/p>\n<p>A Forradalm\u00e1rok Soha Nem Halnak meg c\u00edm\u0171 projekt erre kiv\u00e1l\u00f3 p\u00e9lda. A projekt akkor indult, amikor a 2019-ben elhunyt Saab 2018 v\u00e9g\u00e9n felvette a kapcsolatot Yaqubival egy lehets\u00e9ges egy\u00fcttm\u0171k\u00f6d\u00e9sr\u0151l. Miut\u00e1n nemr\u00e9g Br\u00fcsszelbe k\u00f6lt\u00f6z\u00f6tt, Yaqubinak nem siker\u00fclt v\u00e1laszolnia neki v\u00e1ratlan hal\u00e1la el\u0151tt.<\/p>\n<p>V\u00e9g\u00fcl visszat\u00e9rt Saab restaur\u00e1lt filmjeihez, hogy megalkossa azt, amit legink\u00e1bb Saab gazdag \u00e9s v\u00e1ltozatos filmogr\u00e1fi\u00e1j\u00e1nak bevezet\u0151jek\u00e9nt lehetne le\u00edrni. De a film enn\u00e9l nem sokban k\u00fcl\u00f6nb\u00f6zik.<\/p>\n<p>Yaqubi k\u00f6zbel\u00e9p\u00e9se er\u0151tlen \u00e9s gyorsan ism\u00e9tl\u0151d\u0151v\u00e9 v\u00e1lik. H\u00e1l\u00e1j\u00e1t fejezi ki Saab egy\u00fctt\u00e9rz\u0151 \u00e1ll\u00e1spontj\u00e1\u00e9rt, amelyet a libanoni polg\u00e1rh\u00e1bor\u00fa alatt, a palesztinellenes hangulat tet\u0151pontj\u00e1n tan\u00fas\u00edtott a palesztinok ir\u00e1nt, egy d\u00edszes \u00e9s t\u00fals\u00e1gosan szentiment\u00e1lis, sok \u00e9rz\u00e9kletess\u00e9get n\u00e9lk\u00fcl\u00f6z\u0151 sz\u00f6vegen kereszt\u00fcl.<\/p>\n<p>Sem a filmek \u00e9s riportok v\u00e1logat\u00e1sa \u2013 amely a Palesztinok kitartanak (1973) c\u00edm\u0171 filmmel kezd\u0151dik \u00e9s A sz\u00e1m\u0171zet\u00e9s haj\u00f3ja (1982) c\u00edm\u0171 filmmel z\u00e1rul, a Bejr\u00fat, az \u00e9n v\u00e1rosom (1983) pedig bevezet\u00e9sk\u00e9nt szolg\u00e1l a k\u00f6vetkez\u0151kh\u00f6z \u2013, sem a kiv\u00e1lasztott szegmensek kronol\u00f3gi\u00e1ja nincs kell\u0151en indokolva.<\/p>\n<p><iframe title=\"YouTube video player\" data-src=\"https:\/\/www.youtube.com\/embed\/g7R-NBuxzyI?si=yNjIrZNzntHyIOMp\" width=\"560\" height=\"315\" frameborder=\"0\" allowfullscreen=\"allowfullscreen\" src=\"about:blank\" class=\"lazyload\" data-load-mode=\"0\"><\/iframe><\/p>\n<p><span dir=\"auto\">Egyszer\u0171en fogalmazva, a film b\u00e1rmelyik alkot\u00e1sn\u00e1l kezd\u0151dhetett volna \u00e9s v\u00e9gz\u0151dhetett volna. Saab k\u00e9pei egy idealizmust hordoznak, amelyet egy makul\u00e1tlan politikai prizm\u00e1n kereszt\u00fcl t\u00f6rnek meg, \u00e9s amelyet nem \u00e9rintett az ezredfordul\u00f3 ut\u00e1ni cinizmus \u00e9s erk\u00f6lcsi k\u00e9t\u00e9rtelm\u0171s\u00e9g, amelyek az\u00f3ta meghat\u00e1rozt\u00e1k a korszakot.\u00a0<\/span><\/p>\n<p><span dir=\"auto\">Erk\u00f6lcsi tisztas\u00e1ga ragyog \u00e1t k\u00e9zzelfoghat\u00f3 politikai naivit\u00e1sa ellen\u00e9re. M\u00e9gis id\u0151nk\u00e9nt megd\u00f6bbent\u0151en el\u0151rel\u00e1t\u00f3 j\u00f3slatokat tesz, legink\u00e1bb\u00a0<\/span><em><span dir=\"auto\">az Ir\u00e1n: Mozg\u00e1sban l\u00e9v\u0151 ut\u00f3pia<\/span><\/em><span dir=\"auto\">\u00a0(1980) c\u00edm\u0171 reg\u00e9ny\u00e9ben, amelyben a vil\u00e1gb\u00e9ke j\u00f6v\u0151j\u00e9t att\u00f3l f\u00fcgg\u00f6tt, hogy Ir\u00e1n \u00e9s az Egyes\u00fclt \u00c1llamok hogyan kezeli a Hormuzi-szorost, ezt a strat\u00e9giai konfliktuspontot, amelyet akkoriban kev\u00e9ss\u00e9 \u00e9rtettek.<\/span><\/p>\n<p><em><span dir=\"auto\">A Forradalm\u00e1rok soha nem halnak meg<\/span><\/em><span dir=\"auto\">\u00a0c\u00edm\u0171 k\u00f6nyv egy szil\u00e1rd arch\u00edv munka, ha nem is az a brili\u00e1ns politikai essz\u00e9, aminek lennie kell. Az ember nem tud elgondolkodni azon, hogy Saab felv\u00e9teleit vajon jobban szolg\u00e1lta volna-e egy tudom\u00e1nyosabb feldolgoz\u00e1s, amely k\u00e9pes lenne munk\u00e1ss\u00e1g\u00e1nak k\u00fcl\u00f6nb\u00f6z\u0151 dimenzi\u00f3it el\u0151t\u00e9rbe helyezni.<\/span><\/p>\n<h3><span dir=\"auto\">Bakma<\/span><\/h3>\n<p>A film k\u00e9ts\u00e9gtelen\u00fcl nem mentes az er\u00e9nyekt\u0151l, de ugyanez nem mondhat\u00f3 el a Bakm\u00e1r\u00f3l , a n\u00e9pszer\u0171 tun\u00e9ziai filmes, Abdelhamid Bouchnak negyedik filmj\u00e9r\u0151l, egyben \u00e9vtizedes p\u00e1lyafut\u00e1s\u00e1nak leggyeng\u00e9bb alkot\u00e1s\u00e1r\u00f3l.<\/p>\n<p>Ez a h\u00e1tborzongat\u00f3 slasher thriller egy sorozatgyilkosr\u00f3l sz\u00f3l, aki n\u0151ket csonkol fel, \u00f6sszevarrja a v\u00e9gtagjaikat, majd k\u00f3bor kuty\u00e1k lev\u00e1gott fejeit oltja az \u00fajonnan kov\u00e1csolt holttestekre.<\/p>\n<p>Mik\u00f6zben a fogalmatlan Ali \u00e9s Khaled biztosok nyomoznak az \u00fcgyben, egy sor \u00fcgyetlen\u00fcl beillesztett visszaeml\u00e9kez\u00e9sb\u0151l kider\u00fcl, hogy a meg nem nevezett, hall\u00e1ss\u00e9r\u00fclt gyilkost megvet\u0151 anyja elhanyagol\u00e1sa \u00e9s k\u00f6ny\u00f6rtelen iskolat\u00e1rsai zaklat\u00e1sa ind\u00edtotta el gyilkos \u00fatj\u00e1n.<\/p>\n<figure id=\"attachment_4565\" aria-describedby=\"caption-attachment-4565\" style=\"width: 696px\" class=\"wp-caption alignnone\"><img decoding=\"async\" class=\"wp-image-4565 size-large lazyload\" data-src=\"https:\/\/antipropaganda.hu\/wp-content\/uploads\/2026\/08\/bakma-1024x577.jpg\" alt=\"\" width=\"696\" height=\"392\" title=\"\" data-srcset=\"https:\/\/antipropaganda.hu\/wp-content\/uploads\/2026\/08\/bakma-1024x577.jpg 1024w, https:\/\/antipropaganda.hu\/wp-content\/uploads\/2026\/08\/bakma-300x169.jpg 300w, https:\/\/antipropaganda.hu\/wp-content\/uploads\/2026\/08\/bakma-768x433.jpg 768w, https:\/\/antipropaganda.hu\/wp-content\/uploads\/2026\/08\/bakma-18x10.jpg 18w, https:\/\/antipropaganda.hu\/wp-content\/uploads\/2026\/08\/bakma-746x420.jpg 746w, https:\/\/antipropaganda.hu\/wp-content\/uploads\/2026\/08\/bakma-150x84.jpg 150w, https:\/\/antipropaganda.hu\/wp-content\/uploads\/2026\/08\/bakma-696x392.jpg 696w, https:\/\/antipropaganda.hu\/wp-content\/uploads\/2026\/08\/bakma-1068x601.jpg 1068w, https:\/\/antipropaganda.hu\/wp-content\/uploads\/2026\/08\/bakma-600x338.jpg 600w, https:\/\/antipropaganda.hu\/wp-content\/uploads\/2026\/08\/bakma.jpg 1243w\" data-sizes=\"auto\" src=\"data:image\/svg+xml;base64,PHN2ZyB3aWR0aD0iMSIgaGVpZ2h0PSIxIiB4bWxucz0iaHR0cDovL3d3dy53My5vcmcvMjAwMC9zdmciPjwvc3ZnPg==\" style=\"--smush-placeholder-width: 696px; --smush-placeholder-aspect-ratio: 696\/392;\" data-original-sizes=\"(max-width: 696px) 100vw, 696px\" \/><figcaption id=\"caption-attachment-4565\" class=\"wp-caption-text\">K\u00e9t nyomoz\u00f3 pr\u00f3b\u00e1l a v\u00e9g\u00e9re j\u00e1rni egy sorozat sz\u00f6rny\u0171 gyilkoss\u00e1gnak a &#8216;Bakma&#8217;-ban (3SG Group)<\/figcaption><\/figure>\n<p><span dir=\"auto\">A t\u00f6rt\u00e9netnek ezen a rendk\u00edv\u00fcl v\u00e9kony alapfeltev\u00e9sen t\u00fal kev\u00e9s tartalma van. Bouchnak azt \u00e1ll\u00edtja, hogy a film a kort\u00e1rs tun\u00e9ziai t\u00e1rsadalommal szemben t\u00e1pl\u00e1lt haragj\u00e1t \u00e9s frusztr\u00e1ci\u00f3j\u00e1t k\u00f6zvet\u00edti, de a k\u00e9p kidolgozatlan t\u00e9m\u00e1i t\u00fal gyerekesek, felsz\u00ednesek \u00e9s egyhang\u00faak ahhoz, hogy b\u00e1rmi er\u0151teljes politikai komment\u00e1rra hasonl\u00edtsanak.<\/span><\/p>\n<p><span dir=\"auto\">A sz\u00edn\u00e9szi alak\u00edt\u00e1sok a t\u00falz\u00f3t\u00f3l a f\u00e1sultig terjednek; a sorozatgyilkos monol\u00f3gjai akaratlanul is viccesek a maguk komoly, komors\u00e1g\u00e1ban; a nappali f\u00e9nyben bemutatott rendez\u00e9s pedig k\u00ednos a maga zavarba ejt\u0151 amat\u0151rs\u00e9g\u00e9ben.\u00a0<\/span><\/p>\n<p><span dir=\"auto\">A hab a tort\u00e1n egy nevets\u00e9ges, \u00f6nsajn\u00e1l\u00f3, korai Radiohead-dalra eml\u00e9keztet\u0151 k\u00f6vetkeztet\u00e9s, amit egy \u00f6nim\u00e1d\u00f3 tin\u00e9dzser \u00edrt, aki k\u00f6ny\u00f6r\u00f6g, hogy l\u00e1ss\u00e1k.<\/span><\/p>\n<p><span dir=\"auto\">Bouchnak mer\u00e9sz, koszos 2018-as deb\u00fct\u00e1l\u00f3 filmje,\u00a0<\/span><em><span dir=\"auto\">a Dachra<\/span><\/em><span dir=\"auto\">\u00a0, az els\u0151 igazi tun\u00e9ziai horrorfilm, \u00fcde fuvallat volt a szocre\u00e1l \u00e1ltal uralt filmes k\u00f6rnyezetben.\u00a0<\/span><\/p>\n<p><span dir=\"auto\">Leg\u00fajabb alkot\u00e1sa int\u0151 p\u00e9lda arra, hogy mi t\u00f6rt\u00e9nik, ha egy filmesnek nincs egy fegyelmezett producere, aki k\u00e9pes lenne megmondani neki, hogy a forgat\u00f3k\u00f6nyve \u0151szint\u00e9n sz\u00f3lva vacak.<\/span><\/p>\n<h3><span dir=\"auto\">L&#8217;estive<\/span><\/h3>\n<p><span dir=\"auto\">Kev\u00e9sb\u00e9 ambici\u00f3zus, de sokkal meghat\u00f3bb \u00e9s \u00e9rettebb volt\u00a0<\/span><em><span dir=\"auto\">a L&#8217;estive<\/span><\/em><span dir=\"auto\">\u00a0(Ny\u00e1ri r\u00e9tek), Nael Khleifi belga-palesztin rendez\u0151 \u00e9s operat\u0151r \u00e9s Lisa Debauche deb\u00fct\u00e1l\u00f3 narrat\u00edv filmje.\u00a0<\/span><\/p>\n<p><span dir=\"auto\">Manal Issa Han\u00e1t, egy fiatal libanoni-francia p\u00e1sztorl\u00e1nyt alak\u00edt, aki a sz\u00fcl\u0151haz\u00e1j\u00e1t elbor\u00edt\u00f3 k\u00e1osz \u00e9s puszt\u00edt\u00e1s el\u0151l az Alpok nyugalm\u00e1ban keres vigaszt.\u00a0<\/span><\/p>\n<p><span dir=\"auto\">Mag\u00e1ny\u00e1t egy fiatal p\u00e1sztor, Lisa \u00e9rkez\u00e9se t\u00f6ri meg, akit a seg\u00edts\u00e9g\u00e9re k\u00fcldtek, valamint egy m\u00fal\u00f3, de megvil\u00e1gos\u00edt\u00f3 tal\u00e1lkoz\u00e1s egy\u00a0<\/span><span dir=\"auto\">marokk\u00f3i<\/span><span dir=\"auto\">\u00a0illeg\u00e1lis bev\u00e1ndorl\u00f3val.<\/span><\/p>\n<figure id=\"attachment_4567\" aria-describedby=\"caption-attachment-4567\" style=\"width: 696px\" class=\"wp-caption alignnone\"><img decoding=\"async\" class=\"wp-image-4567 size-large lazyload\" data-src=\"https:\/\/antipropaganda.hu\/wp-content\/smush-webp\/2026\/08\/manalissalestive-1024x576.jpg.webp\" alt=\"\" width=\"696\" height=\"392\" title=\"\" data-srcset=\"https:\/\/antipropaganda.hu\/wp-content\/smush-webp\/2026\/08\/manalissalestive-1024x576.jpg.webp 1024w, https:\/\/antipropaganda.hu\/wp-content\/uploads\/2026\/08\/manalissalestive-300x169.jpg 300w, https:\/\/antipropaganda.hu\/wp-content\/smush-webp\/2026\/08\/manalissalestive-768x432.jpg.webp 768w, https:\/\/antipropaganda.hu\/wp-content\/uploads\/2026\/08\/manalissalestive-1536x864.jpg 1536w, https:\/\/antipropaganda.hu\/wp-content\/uploads\/2026\/08\/manalissalestive-18x10.jpg 18w, https:\/\/antipropaganda.hu\/wp-content\/smush-webp\/2026\/08\/manalissalestive-747x420.jpg.webp 747w, https:\/\/antipropaganda.hu\/wp-content\/uploads\/2026\/08\/manalissalestive-150x84.jpg 150w, https:\/\/antipropaganda.hu\/wp-content\/smush-webp\/2026\/08\/manalissalestive-696x391.jpg.webp 696w, https:\/\/antipropaganda.hu\/wp-content\/smush-webp\/2026\/08\/manalissalestive-1068x601.jpg.webp 1068w, https:\/\/antipropaganda.hu\/wp-content\/smush-webp\/2026\/08\/manalissalestive-1320x742.jpg.webp 1320w, https:\/\/antipropaganda.hu\/wp-content\/smush-webp\/2026\/08\/manalissalestive-600x337.jpg.webp 600w, https:\/\/antipropaganda.hu\/wp-content\/smush-webp\/2026\/08\/manalissalestive.jpg.webp 1778w\" data-sizes=\"auto\" src=\"data:image\/svg+xml;base64,PHN2ZyB3aWR0aD0iMSIgaGVpZ2h0PSIxIiB4bWxucz0iaHR0cDovL3d3dy53My5vcmcvMjAwMC9zdmciPjwvc3ZnPg==\" style=\"--smush-placeholder-width: 696px; --smush-placeholder-aspect-ratio: 696\/392;\" data-original-sizes=\"(max-width: 696px) 100vw, 696px\" \/><figcaption id=\"caption-attachment-4567\" class=\"wp-caption-text\">Manal Issa Locarn\u00f3ban a legjobb alak\u00edt\u00e1s d\u00edj\u00e1t nyerte el a \u201eL&#8217;Estive\u201d (Michigan Films) c\u00edm\u0171 filmben ny\u00fajtott alak\u00edt\u00e1s\u00e1\u00e9rt.<\/figcaption><\/figure>\n<p>Khleifi \u00e9s Debauche egy egyszer\u0171 t\u00f6rt\u00e9netet sz\u0151nek a n\u0151i k\u00f6t\u0151d\u00e9sr\u0151l, az \u00e9rtelmetlen \u00e9s zsibbaszt\u00f3 er\u0151szak k\u00f6zepette az \u00e9rtelem megtal\u00e1l\u00e1s\u00e1\u00e9rt folytatott k\u00fczdelemr\u0151l, valamint a szabads\u00e1g \u00e9s a hat\u00e1rok lek\u00fczd\u00e9s\u00e9nek s\u00falyos, m\u00e9gis meg\u00e9r\u0151 \u00e1r\u00e1r\u00f3l.<\/p>\n<p>N\u00e9h\u00e1ny gy\u00f6ny\u00f6r\u0171 l\u00e1tk\u00e9p, amit meg\u00f6r\u00f6k\u00edtenek, jobban j\u00e1rtak volna a stabilabb k\u00e9pkiv\u00e1g\u00e1ssal a tolakod\u00f3, karaktert\u0151l elt\u00e9r\u0151 k\u00e9zi kamerakezel\u00e9s helyett, de ez egy apr\u00f3 apr\u00f3s\u00e1g egy olyan filmn\u00e9l, amely minim\u00e1lis gesztusokkal folyamatosan \u00e9s finoman adagolja az \u00e9rzelmi \u00fct\u00e9seket.<\/p>\n<p>A film legnagyobb \u00e9rdeme Issa alak\u00edt\u00e1sa, amely eddigi karrierj\u00e9nek legjobbja. L\u00e9nyeg\u00e9ben \u00f6nmag\u00e1t j\u00e1tssza el, Issa finoman k\u00f6zvet\u00edti az otthont\u00f3l t\u00e1vol \u00e9l\u0151 kiv\u00e1lts\u00e1gos, biztons\u00e1gos \u00e9let lappang\u00f3 b\u0171ntudat\u00e1t, valamint azt a fortyog\u00f3 tehetetlens\u00e9get, hogy k\u00e9ptelen meg\u00e1ll\u00edtani a n\u00e9p\u00e9t s\u00fajt\u00f3 els\u00f6pr\u0151 hal\u00e1lt \u00e9s elv\u00e1ndorl\u00e1st.<\/p>\n<p>Hana tudat\u00e1ban van kiv\u00e1lts\u00e1gainak, m\u00e9gis k\u00e9ptelen \u00e9lni vel\u00fck. Csak akkor nyeri vissza c\u00e9ltudatoss\u00e1g\u00e1t, amikor seg\u00edti az \u00e9rkez\u0151 migr\u00e1nsokat: visszaadni annak a helynek \u00e9s kult\u00far\u00e1nak, amelyhez a legm\u00e9lyebb rokonszenvet \u00e9rez, de soha nem tud teljesen benne lakni.<\/p>\n<p>Ez egy k\u00f6nnyed, \u00e1rnyalt \u00e9s komoly el\u0151ad\u00e1s \u2013 egy rendk\u00edv\u00fcl tehets\u00e9ges sz\u00edn\u00e9szn\u0151 visszat\u00e9r\u0151 szerepe, aki m\u00e9g mindig keresi a hely\u00e9t a kusza filmes vil\u00e1gban.<\/p>\n<h3><span dir=\"auto\">Betonf\u00f6ld<\/span><\/h3>\n<p>Ugyanilyen megr\u00e1z\u00f3, b\u00e1r kev\u00e9sb\u00e9 form\u00e1lisan megval\u00f3s\u00edtott, a palesztin-jord\u00e1niai dokumentumfilm-rendez\u0151, Asmahan Bkerat deb\u00fct\u00e1l\u00f3 filmje, a Concrete Land .<\/p>\n<p>A nyolc \u00e9ven \u00e1t forgatott film a Najar csal\u00e1dot k\u00f6veti nyomon, akik egyike az utols\u00f3 afro-palesztin beduin kl\u00e1noknak, \u00e9s Amman k\u00fclv\u00e1ros\u00e1ban kopott s\u00e1trakban \u00e9lnek. Mik\u00f6zben a mez\u0151gazdas\u00e1gi ter\u00fcleteket luxusvill\u00e1k veszik \u00e1t, a Najarok h\u00e1rom gener\u00e1ci\u00f3ja gy\u00fcm\u00f6lcstelen k\u00fczdelembe k\u00e9nyszer\u00fcl hagyom\u00e1nyos \u00e9letm\u00f3djuk meg\u0151rz\u00e9s\u00e9\u00e9rt, mik\u00f6zben a rasszizmussal, a dzsentrifik\u00e1ci\u00f3val \u00e9s a modernit\u00e1s l\u00e1tsz\u00f3lag k\u00e9rlelhetetlen er\u0151ivel kell megk\u00fczdeni\u00fck.<\/p>\n<p>A Concrete Land az els\u0151 filmes dokumentumfilm az afro-palesztin beduinokr\u00f3l. A najarok ezen csal\u00e1dok k\u00f6z\u00fcl az utols\u00f3k k\u00f6z\u00e9 tartoznak, akiknek egyedi identit\u00e1sa \u00e9s f\u00e9lig mez\u0151gazdas\u00e1gi \u00e9letm\u00f3dja r\u00e9g\u00f3ta szembe\u00e1ll\u00edtotta \u0151ket egy olyan hellyel, amely soha nem fogadta be \u0151ket teljesen.<\/p>\n<p>\u00c9let\u00fcket sz\u00fcntelen k\u00fczdelmek sorozata hat\u00e1rozta meg: a b\u0151rsz\u00edn\u00fck alapj\u00e1n t\u00f6rt\u00e9n\u0151 diszkrimin\u00e1ci\u00f3 \u00e9s \u00e9letm\u00f3djuk megvet\u00e9se; a 20. sz\u00e1zad k\u00f6zep\u00e9re visszany\u00fal\u00f3 folyamatos gy\u00f6k\u00e9rtelens\u00e9g \u00e1llapota; \u00e9s a fiatalabb gener\u00e1ci\u00f3k heves v\u00e1gya, hogy asszimil\u00e1l\u00f3djanak \u00e9s m\u00e1s \u00e9letet \u00e9ljenek \u2013 csak hogy azt\u00e1n r\u00e1j\u00f6jjenek, hogy ezek a v\u00e1gyak nagyr\u00e9szt el\u00e9rhetetlenek maradnak sz\u00e1mukra.<\/p>\n<p>Bkerat egy \u00f6sszetett t\u00f6rt\u00e9netet sz\u0151 az elidegened\u00e9sr\u0151l \u00e9s az \u00f6sszetartoz\u00e1sr\u00f3l, a rugalmass\u00e1gr\u00f3l \u00e9s az elker\u00fclhetetlen v\u00e1ltoz\u00e1sr\u00f3l, a vesztes\u00e9gr\u0151l \u00e9s az \u00fajrakezd\u00e9sekr\u0151l.<\/p>\n<p>Sajnos a film form\u00e1ja elnyomja az el\u0151tt\u00fcnk kibontakoz\u00f3 dr\u00e1m\u00e1t.<\/p>\n<p>A kiz\u00e1r\u00f3lag megfigyel\u00e9sen alapul\u00f3, megszokott cinema verite-j\u00e9t h\u00e1tr\u00e1ltatja a kezdetleges f\u00e9nyk\u00e9pez\u00e9s, a haszn\u00e1lhat\u00f3 v\u00e1g\u00e1s \u00e9s a sz\u00e1mokra \u00e9p\u00fcl\u0151 narrat\u00edva, amely csak alkalmank\u00e9nt kel \u00e9letre, legeml\u00e9kezetesebben a rasszista gazdag szomsz\u00e9ddal val\u00f3 konfront\u00e1ci\u00f3 sor\u00e1n.<\/p>\n<p>A Concrete Land egy fontos dokumentumfilm egy n\u00e9pr\u0151l \u00e9s egy kihal\u00e1s sz\u00e9l\u00e9n \u00e1ll\u00f3 helyr\u0151l. De a Forradalm\u00e1rok sosem halnak meg c\u00edm\u0171 filmhez hasonl\u00f3an ez is egy olyan film, amelynek \u00e9rt\u00e9kes t\u00e9m\u00e1j\u00e1t al\u00e1\u00e1ssa egy unalmas filmes keret, v\u00e9gs\u0151 soron pedig mind a film intellektu\u00e1lis, mind \u00e9rzelmi hat\u00e1s\u00e1t cs\u00f6kkenti.<\/p>","protected":false},"excerpt":{"rendered":"<p>Az ikonikus fesztiv\u00e1l 79. alkalommal ker\u00fclt megrendez\u00e9sre Sv\u00e1jcban augusztus 5. \u00e9s 15. k\u00f6z\u00f6tt. A filmfesztiv\u00e1lok vil\u00e1g\u00e1ban ez volt az az \u00e9v, amikor G\u00e1za \u00e9s a K\u00f6zel-Kelet h\u00e1tt\u00e9rbe szorult. Okt\u00f3ber 7. \u00f3ta G\u00e1za a legnagyobb filmfesztiv\u00e1lok domin\u00e1ns t\u00e9m\u00e1ja, megrengette Berlint, uralta Velenc\u00e9t, \u00e9s c\u00edmlapokra ker\u00fclt Toront\u00f3ban, Cannes-ban \u00e9s m\u00e1sutt is. A sv\u00e1jci Locarno a palesztin \u00fcgy [&hellip;]<\/p>\n","protected":false},"author":1,"featured_media":4566,"comment_status":"open","ping_status":"closed","sticky":false,"template":"","format":"standard","meta":{"rs_blank_template":"","rs_page_bg_color":"","slide_template_v7":"","_monsterinsights_skip_tracking":false,"wpai_generated_summary":"","tdm_status":"","tdm_grid_status":"","footnotes":""},"categories":[102],"tags":[96,153,155,154,104,156],"class_list":["post-4564","post","type-post","status-publish","format-standard","has-post-thumbnail","category-kulturalis-ellenallas","tag-izrael","tag-kozel-kelet","tag-mediaelemzes","tag-nemzetkozi-kapcsolatok","tag-palesztina","tag-vilagpolitika"],"_links":{"self":[{"href":"https:\/\/antipropaganda.hu\/en\/wp-json\/wp\/v2\/posts\/4564","targetHints":{"allow":["GET"]}}],"collection":[{"href":"https:\/\/antipropaganda.hu\/en\/wp-json\/wp\/v2\/posts"}],"about":[{"href":"https:\/\/antipropaganda.hu\/en\/wp-json\/wp\/v2\/types\/post"}],"author":[{"embeddable":true,"href":"https:\/\/antipropaganda.hu\/en\/wp-json\/wp\/v2\/users\/1"}],"replies":[{"embeddable":true,"href":"https:\/\/antipropaganda.hu\/en\/wp-json\/wp\/v2\/comments?post=4564"}],"version-history":[{"count":0,"href":"https:\/\/antipropaganda.hu\/en\/wp-json\/wp\/v2\/posts\/4564\/revisions"}],"wp:featuredmedia":[{"embeddable":true,"href":"https:\/\/antipropaganda.hu\/en\/wp-json\/wp\/v2\/media\/4566"}],"wp:attachment":[{"href":"https:\/\/antipropaganda.hu\/en\/wp-json\/wp\/v2\/media?parent=4564"}],"wp:term":[{"taxonomy":"category","embeddable":true,"href":"https:\/\/antipropaganda.hu\/en\/wp-json\/wp\/v2\/categories?post=4564"},{"taxonomy":"post_tag","embeddable":true,"href":"https:\/\/antipropaganda.hu\/en\/wp-json\/wp\/v2\/tags?post=4564"}],"curies":[{"name":"wp","href":"https:\/\/api.w.org\/{rel}","templated":true}]}}